{"id":15156,"date":"2023-03-10T09:00:58","date_gmt":"2023-03-10T08:00:58","guid":{"rendered":"https:\/\/serveiseducatius.xtec.cat\/terraalta\/?p=15156"},"modified":"2023-03-10T08:58:40","modified_gmt":"2023-03-10T07:58:40","slug":"carol-el-descobriment-de-la-sexualitat-de-patricia-highsmith","status":"publish","type":"post","link":"https:\/\/serveiseducatius.xtec.cat\/terraalta\/portada\/carol-el-descobriment-de-la-sexualitat-de-patricia-highsmith\/","title":{"rendered":"Carol, el descobriment de la sexualitat de Patricia Highsmith"},"content":{"rendered":"<p class=\"MsoNormal\" style=\"text-align: justify;\"><span style=\"font-size: 12.0pt; line-height: 115%; color: black; background: white;\">Avui us presentem la pel\u00b7l\u00edcula Carol, una pel\u00b7l\u00edcula del director Todd Haynes de 2015, rodada a partir del llibre de la Patricia Highsmith que porta el mateix t\u00edtol, en el qual es narra la relaci\u00f3 amorosa entre dues dones al Nova York dels anys 50, a partir d\u2019una an\u00e8cdota autobiogr\u00e0fica de l\u2019autora americana.<\/span><\/p>\n<p class=\"MsoNormal\" style=\"text-align: justify;\"><span style=\"font-size: 12.0pt; line-height: 115%; color: black; background: white;\">Quan va publicar el llibre l\u2019any 1952, la Patricia Highsmith ho va fer amb el pseud\u00f2nim de Claire Morgan i amb el t\u00edtol <\/span><em><span style=\"font-size: 12.0pt; line-height: 115%; font-family: 'Calibri','sans-serif'; mso-ascii-theme-font: minor-latin; mso-hansi-theme-font: minor-latin; mso-bidi-font-family: 'Times New Roman'; mso-bidi-theme-font: minor-bidi; background: white;\">The Price of Salt, <\/span><\/em><span style=\"font-size: 12.0pt; line-height: 115%; color: black; background: white;\">pels prejudicis que hi havia en aquells anys en una societat puritana, que rebutjava all\u00f2 que sortia dels l\u00edmits socials permesos. I l\u2019homosexualitat n\u2019era una. En aquesta novel\u00b7la, l\u2019autora<span style=\"mso-spacerun: yes;\">\u00a0 <\/span>va descobrir la seva sexualitat i l\u2019atracci\u00f3 cap a les dones. Va mantenir el pseud\u00f2nim de la novel\u00b7la fins l\u2019any 1989, quan en el pr\u00f2leg de la novel\u00b7la publicada al Regne Unit va recon\u00e8ixer que ella n&#8217;era l\u2019autora. <\/span><\/p>\n<p class=\"MsoNormal\" style=\"text-align: justify;\"><span style=\"font-size: 12.0pt; line-height: 115%; color: black; background: white;\">Les actrius Cate Blanchett i Rooney Mara van ser les protagonistes de la pel\u00b7l\u00edcula, la qual segueix molt de prop el llibre de la Highsmith on\u00a0 explica la relaci\u00f3 entre Therese, una jove fot\u00f2grafa que treballa temporalment en uns grans magatzems de Nova York en la campanya de Nadal, i la Carol, una dona m\u00e9s gran, casada amb un home, en un convencional matrimoni sense amor i que tenen una filla. <\/span><\/p>\n<p class=\"MsoNormal\" style=\"text-align: justify;\"><span style=\"font-size: 12.0pt; line-height: 115%; color: black; background: white;\">Us proposem la lectura de dos articles que us poden donar suport per fer un cinef\u00f2rum despr\u00e9s de veure la pel\u00b7l\u00edcula:<\/span><\/p>\n<p class=\"MsoNormal\" style=\"text-align: justify;\"><a href=\"http:\/\/latribu.info\/libros\/precio-la-sal-carol-patricia-highsmith\/\"><span style=\"font-size: 12.0pt; line-height: 115%; background: white;\">El precio de la sal o Carol, de Patricia Highsmith<\/span><\/a><\/p>\n<p class=\"MsoNormal\" style=\"text-align: justify;\"><a href=\"https:\/\/www.mabuse.cl\/critica.php?id=86744\"><span style=\"font-size: 12.0pt; line-height: 115%; background: white;\">El goce puro del cine. Carol<\/span><\/a><\/p>\n<p><a href=\"https:\/\/serveiseducatius.xtec.cat\/terraalta\/wp-content\/uploads\/usu1128\/2023\/03\/Patricia-Highsmith.jpg\"><img loading=\"lazy\" decoding=\"async\" class=\"aligncenter size-full wp-image-15158\" src=\"https:\/\/serveiseducatius.xtec.cat\/terraalta\/wp-content\/uploads\/usu1128\/2023\/03\/Patricia-Highsmith.jpg\" alt=\"\" width=\"299\" height=\"168\" \/><\/a><\/p>\n","protected":false},"excerpt":{"rendered":"<p>Avui us presentem la pel\u00b7l\u00edcula Carol, una pel\u00b7l\u00edcula del director Todd Haynes de 2015, rodada a partir del llibre de [&hellip;]<\/p>\n","protected":false},"author":1,"featured_media":15157,"comment_status":"closed","ping_status":"closed","sticky":false,"template":"","format":"standard","meta":{"_bbp_topic_count":0,"_bbp_reply_count":0,"_bbp_total_topic_count":0,"_bbp_total_reply_count":0,"_bbp_voice_count":0,"_bbp_anonymous_reply_count":0,"_bbp_topic_count_hidden":0,"_bbp_reply_count_hidden":0,"_bbp_forum_subforum_count":0,"site-sidebar-layout":"default","site-content-layout":"","ast-site-content-layout":"","site-content-style":"default","site-sidebar-style":"default","ast-global-header-display":"","ast-banner-title-visibility":"","ast-main-header-display":"","ast-hfb-above-header-display":"","ast-hfb-below-header-display":"","ast-hfb-mobile-header-display":"","site-post-title":"","ast-breadcrumbs-content":"","ast-featured-img":"","footer-sml-layout":"","theme-transparent-header-meta":"","adv-header-id-meta":"","stick-header-meta":"","header-above-stick-meta":"","header-main-stick-meta":"","header-below-stick-meta":"","astra-migrate-meta-layouts":"default","ast-page-background-enabled":"default","ast-page-background-meta":{"desktop":{"background-color":"var(--ast-global-color-4)","background-image":"","background-repeat":"repeat","background-position":"center center","background-size":"auto","background-attachment":"scroll","background-type":"","background-media":"","overlay-type":"","overlay-color":"","overlay-opacity":"","overlay-gradient":""},"tablet":{"background-color":"","background-image":"","background-repeat":"repeat","background-position":"center center","background-size":"auto","background-attachment":"scroll","background-type":"","background-media":"","overlay-type":"","overlay-color":"","overlay-opacity":"","overlay-gradient":""},"mobile":{"background-color":"","background-image":"","background-repeat":"repeat","background-position":"center center","background-size":"auto","background-attachment":"scroll","background-type":"","background-media":"","overlay-type":"","overlay-color":"","overlay-opacity":"","overlay-gradient":""}},"ast-content-background-meta":{"desktop":{"background-color":"var(--ast-global-color-5)","background-image":"","background-repeat":"repeat","background-position":"center center","background-size":"auto","background-attachment":"scroll","background-type":"","background-media":"","overlay-type":"","overlay-color":"","overlay-opacity":"","overlay-gradient":""},"tablet":{"background-color":"var(--ast-global-color-5)","background-image":"","background-repeat":"repeat","background-position":"center center","background-size":"auto","background-attachment":"scroll","background-type":"","background-media":"","overlay-type":"","overlay-color":"","overlay-opacity":"","overlay-gradient":""},"mobile":{"background-color":"var(--ast-global-color-5)","background-image":"","background-repeat":"repeat","background-position":"center center","background-size":"auto","background-attachment":"scroll","background-type":"","background-media":"","overlay-type":"","overlay-color":"","overlay-opacity":"","overlay-gradient":""}},"footnotes":""},"categories":[29],"tags":[1226,1227,374,1228],"class_list":["post-15156","post","type-post","status-publish","format-standard","has-post-thumbnail","hentry","category-portada","tag-divendres-coeducatiu","tag-lesbianisme","tag-literatura","tag-patricia-highsmith"],"post_mailing_queue_ids":[],"_links":{"self":[{"href":"https:\/\/serveiseducatius.xtec.cat\/terraalta\/wp-json\/wp\/v2\/posts\/15156","targetHints":{"allow":["GET"]}}],"collection":[{"href":"https:\/\/serveiseducatius.xtec.cat\/terraalta\/wp-json\/wp\/v2\/posts"}],"about":[{"href":"https:\/\/serveiseducatius.xtec.cat\/terraalta\/wp-json\/wp\/v2\/types\/post"}],"author":[{"embeddable":true,"href":"https:\/\/serveiseducatius.xtec.cat\/terraalta\/wp-json\/wp\/v2\/users\/1"}],"replies":[{"embeddable":true,"href":"https:\/\/serveiseducatius.xtec.cat\/terraalta\/wp-json\/wp\/v2\/comments?post=15156"}],"version-history":[{"count":2,"href":"https:\/\/serveiseducatius.xtec.cat\/terraalta\/wp-json\/wp\/v2\/posts\/15156\/revisions"}],"predecessor-version":[{"id":15160,"href":"https:\/\/serveiseducatius.xtec.cat\/terraalta\/wp-json\/wp\/v2\/posts\/15156\/revisions\/15160"}],"wp:featuredmedia":[{"embeddable":true,"href":"https:\/\/serveiseducatius.xtec.cat\/terraalta\/wp-json\/wp\/v2\/media\/15157"}],"wp:attachment":[{"href":"https:\/\/serveiseducatius.xtec.cat\/terraalta\/wp-json\/wp\/v2\/media?parent=15156"}],"wp:term":[{"taxonomy":"category","embeddable":true,"href":"https:\/\/serveiseducatius.xtec.cat\/terraalta\/wp-json\/wp\/v2\/categories?post=15156"},{"taxonomy":"post_tag","embeddable":true,"href":"https:\/\/serveiseducatius.xtec.cat\/terraalta\/wp-json\/wp\/v2\/tags?post=15156"}],"curies":[{"name":"wp","href":"https:\/\/api.w.org\/{rel}","templated":true}]}}