{"id":15065,"date":"2023-02-07T14:08:34","date_gmt":"2023-02-07T13:08:34","guid":{"rendered":"https:\/\/serveiseducatius.xtec.cat\/terraalta\/?p=15065"},"modified":"2023-02-07T22:19:40","modified_gmt":"2023-02-07T21:19:40","slug":"presentacio-del-conte-ma-amiga","status":"publish","type":"post","link":"https:\/\/serveiseducatius.xtec.cat\/terraalta\/general\/presentacio-del-conte-ma-amiga\/","title":{"rendered":"Presentaci\u00f3 del conte M\u00e0 Amiga"},"content":{"rendered":"<p style=\"text-align: justify;\"><a href=\"https:\/\/serveiseducatius.xtec.cat\/terraalta\/wp-content\/uploads\/usu1128\/2023\/02\/Cartell-Presentacio-Ma-Amiga_Gandesa_11-2-2023.jpeg\"><img loading=\"lazy\" decoding=\"async\" class=\"aligncenter wp-image-15066\" src=\"https:\/\/serveiseducatius.xtec.cat\/terraalta\/wp-content\/uploads\/usu1128\/2023\/02\/Cartell-Presentacio-Ma-Amiga_Gandesa_11-2-2023-724x1024.jpeg\" alt=\"\" width=\"573\" height=\"810\" \/><\/a><em><strong>M\u00e0 Amiga, un conte per una cura<\/strong><\/em> \u00e9s un conte il\u00b7lustrat infantil creat entre tres germans (Dalmaus, Polets i Gemma) per recaptar fons per a un futur tractament de l&#8217;ELA, una malaltia degenerativa que pateixen 4.000 persones a Espanya, entre elles el seu pare. Per\u00f2 m\u00e9s enll\u00e0 d&#8217;aix\u00f2, \u00e9s un conte per explicar als m\u00e9s petits el valor de la solidaritat i la generositat, i per mostrar-los d&#8217;una manera gr\u00e0fica i senzilla tot el que podem arribar a canviar quan donem un cop de m\u00e0. Es tracta d&#8217;un llibre que explica la hist\u00f2ria d&#8217;en Fonso, un senyor molt trempat que un dia rep una not\u00edcia molt dolenta: t\u00e9 ELA. Per\u00f2 quan tot sembla molt fosc, una curiosa m\u00e0 apareix per ajudar-lo.<br \/>\nTot i que \u00e9s una hist\u00f2ria explicada en paper, \u00e9s tamb\u00e9 molt interactiva. En ella, cada lector es converteix en el protagonista principal de la narraci\u00f3.<\/p>\n<p style=\"text-align: justify;\">Si voleu descobrir m\u00e9s coses sobre aquest relat, la <strong>Biblioteca municipal de Gandesa <\/strong>us convida, el proper dissabte <strong>11 de febrer a les 11:30h, <\/strong>a l&#8217;acte de presentaci\u00f3 d&#8217;aquest conte solidari juntament amb un espectacle de titelles que no us podeu perdre, us hi esperem!<\/p>\n","protected":false},"excerpt":{"rendered":"<p>M\u00e0 Amiga, un conte per una cura \u00e9s un conte il\u00b7lustrat infantil creat entre tres germans (Dalmaus, Polets i Gemma) [&hellip;]<\/p>\n","protected":false},"author":1,"featured_media":15066,"comment_status":"open","ping_status":"closed","sticky":false,"template":"","format":"standard","meta":{"_bbp_topic_count":0,"_bbp_reply_count":0,"_bbp_total_topic_count":0,"_bbp_total_reply_count":0,"_bbp_voice_count":0,"_bbp_anonymous_reply_count":0,"_bbp_topic_count_hidden":0,"_bbp_reply_count_hidden":0,"_bbp_forum_subforum_count":0,"site-sidebar-layout":"default","site-content-layout":"","ast-site-content-layout":"","site-content-style":"default","site-sidebar-style":"default","ast-global-header-display":"","ast-banner-title-visibility":"","ast-main-header-display":"","ast-hfb-above-header-display":"","ast-hfb-below-header-display":"","ast-hfb-mobile-header-display":"","site-post-title":"","ast-breadcrumbs-content":"","ast-featured-img":"","footer-sml-layout":"","theme-transparent-header-meta":"","adv-header-id-meta":"","stick-header-meta":"","header-above-stick-meta":"","header-main-stick-meta":"","header-below-stick-meta":"","astra-migrate-meta-layouts":"default","ast-page-background-enabled":"default","ast-page-background-meta":{"desktop":{"background-color":"var(--ast-global-color-4)","background-image":"","background-repeat":"repeat","background-position":"center center","background-size":"auto","background-attachment":"scroll","background-type":"","background-media":"","overlay-type":"","overlay-color":"","overlay-opacity":"","overlay-gradient":""},"tablet":{"background-color":"","background-image":"","background-repeat":"repeat","background-position":"center center","background-size":"auto","background-attachment":"scroll","background-type":"","background-media":"","overlay-type":"","overlay-color":"","overlay-opacity":"","overlay-gradient":""},"mobile":{"background-color":"","background-image":"","background-repeat":"repeat","background-position":"center center","background-size":"auto","background-attachment":"scroll","background-type":"","background-media":"","overlay-type":"","overlay-color":"","overlay-opacity":"","overlay-gradient":""}},"ast-content-background-meta":{"desktop":{"background-color":"var(--ast-global-color-5)","background-image":"","background-repeat":"repeat","background-position":"center center","background-size":"auto","background-attachment":"scroll","background-type":"","background-media":"","overlay-type":"","overlay-color":"","overlay-opacity":"","overlay-gradient":""},"tablet":{"background-color":"var(--ast-global-color-5)","background-image":"","background-repeat":"repeat","background-position":"center center","background-size":"auto","background-attachment":"scroll","background-type":"","background-media":"","overlay-type":"","overlay-color":"","overlay-opacity":"","overlay-gradient":""},"mobile":{"background-color":"var(--ast-global-color-5)","background-image":"","background-repeat":"repeat","background-position":"center center","background-size":"auto","background-attachment":"scroll","background-type":"","background-media":"","overlay-type":"","overlay-color":"","overlay-opacity":"","overlay-gradient":""}},"footnotes":""},"categories":[1,442,29,443],"tags":[1196,1197],"class_list":["post-15065","post","type-post","status-publish","format-standard","has-post-thumbnail","hentry","category-general","category-infantil","category-portada","category-primaria","tag-conte-solidari-ela","tag-investigacio-cura"],"post_mailing_queue_ids":[],"_links":{"self":[{"href":"https:\/\/serveiseducatius.xtec.cat\/terraalta\/wp-json\/wp\/v2\/posts\/15065","targetHints":{"allow":["GET"]}}],"collection":[{"href":"https:\/\/serveiseducatius.xtec.cat\/terraalta\/wp-json\/wp\/v2\/posts"}],"about":[{"href":"https:\/\/serveiseducatius.xtec.cat\/terraalta\/wp-json\/wp\/v2\/types\/post"}],"author":[{"embeddable":true,"href":"https:\/\/serveiseducatius.xtec.cat\/terraalta\/wp-json\/wp\/v2\/users\/1"}],"replies":[{"embeddable":true,"href":"https:\/\/serveiseducatius.xtec.cat\/terraalta\/wp-json\/wp\/v2\/comments?post=15065"}],"version-history":[{"count":2,"href":"https:\/\/serveiseducatius.xtec.cat\/terraalta\/wp-json\/wp\/v2\/posts\/15065\/revisions"}],"predecessor-version":[{"id":15068,"href":"https:\/\/serveiseducatius.xtec.cat\/terraalta\/wp-json\/wp\/v2\/posts\/15065\/revisions\/15068"}],"wp:featuredmedia":[{"embeddable":true,"href":"https:\/\/serveiseducatius.xtec.cat\/terraalta\/wp-json\/wp\/v2\/media\/15066"}],"wp:attachment":[{"href":"https:\/\/serveiseducatius.xtec.cat\/terraalta\/wp-json\/wp\/v2\/media?parent=15065"}],"wp:term":[{"taxonomy":"category","embeddable":true,"href":"https:\/\/serveiseducatius.xtec.cat\/terraalta\/wp-json\/wp\/v2\/categories?post=15065"},{"taxonomy":"post_tag","embeddable":true,"href":"https:\/\/serveiseducatius.xtec.cat\/terraalta\/wp-json\/wp\/v2\/tags?post=15065"}],"curies":[{"name":"wp","href":"https:\/\/api.w.org\/{rel}","templated":true}]}}