{"id":14995,"date":"2023-01-27T09:36:42","date_gmt":"2023-01-27T08:36:42","guid":{"rendered":"https:\/\/serveiseducatius.xtec.cat\/terraalta\/?p=14995"},"modified":"2023-01-27T09:36:42","modified_gmt":"2023-01-27T08:36:42","slug":"las-sinsombrero-les-dones-de-la-generacio-del-27","status":"publish","type":"post","link":"https:\/\/serveiseducatius.xtec.cat\/terraalta\/portada\/las-sinsombrero-les-dones-de-la-generacio-del-27\/","title":{"rendered":"Las Sinsombrero, les dones de la Generaci\u00f3 del 27"},"content":{"rendered":"<p>Avui us presentem \u00a0Las Sinsombrero, dones artistes i escriptores del primer ter\u00e7 del segle XX que van conviure amb la Generaci\u00f3n del 27, un dels grups art\u00edstics i literaris m\u00e9s influents de la cultura espanyola, representada per Federico Garc\u00eda Lorca, Rafael Alberti, Miguel Hern\u00e1ndez, Pedro Salinas, Vicente Aleixandre, Luis Cernuda i altres.<\/p>\n<p>Per\u00f2 en el mateix moment que es coneixien aquests homes, hi havia moltes dones que tamb\u00e9 destacaven pel seu art i el seu pensament. Aquestes dones eren pintores, novel\u00b7listes, escultores, il\u00b7lustradores, poetesses i fil\u00f2sofes, que amb la seva manera de viure van voler canviar les normes socials dels anys trenta del segle XX a Espanya, per\u00f2 el seu art es va veure limitat i amagat sol pel fet de ser dones. Eren dones transgressores, valentes i lluitadores que van reivindicar un paper intel\u00b7lectual en una societat on solament tenien rellev\u00e0ncia els homes.<\/p>\n<p>Amb l\u2019esclat de la guerra civil els seus somnis i la seva esperan\u00e7a es van veure frustrats i poques van poder continuar pel cam\u00ed del comprom\u00eds amb\u00a0 la societat del moment. I les que van poder continuar va ser a l\u2019exili on van mostrar la seva mestria, com Maruja Mallo, Ernestina de Champourc\u00edn o Rosa Chacel.<\/p>\n<p>Aquestes dones van estar a l\u2019ombra durant molts anys, tot i que estudiosos de la literatura a finals de segle XX van parlar de l\u2019important paper que van tenir en la seva \u00e8poca hist\u00f2rica, no va ser fins entrat el segle XXI que se\u2019ls ha fet diferents homenatges. Destaquem <a href=\"https:\/\/www.teatrofernangomez.es\/actividades\/las-sinsombrero\">l\u2019exposici\u00f3 <em>Las Sinsombrero<\/em><\/a>\u00a0a Madrid durant el 2022, comissionada per T\u00e0nia Ball\u00f3, en la qual despr\u00e9s d\u2019una intensa investigaci\u00f3 i recerca van aconseguir reunir obres originals i documents d\u2019artistes i escriptores com Margarita Manso, Ruth Vel\u00e1zquez, Mar\u00eda Teresa Le\u00f3n, \u00c1ngeles Santos, Marga Gil Ro\u00ebsset, entre d\u2019altres.<\/p>\n<p>T\u00e0nia Ball\u00f3 diu:<\/p>\n<p><em>&#8230; perdimos la oportunidad de entender un tiempo en el que ellas fueron y son absolutamente protagonistas. Esta exposici\u00f3n quiere sumarse a la lucha por revertir el relato oficial sobre nuestra historia cultural y social. Sin ellas la historia no est\u00e1 completa.<\/em><\/p>\n<p>Podeu con\u00e8ixer m\u00e9s de prop la hist\u00f2ria d\u2019aquestes dones en aquesta <strong><a href=\"https:\/\/view.genial.ly\/63c036758eb2f70019e1be70\/presentation-proyecto-final-universitario-salud\">presentaci\u00f3<\/a><\/strong><\/p>\n<p>&nbsp;<\/p>\n<div style=\"width: 100%;\">\n<div style=\"position: relative; padding-bottom: 56.25%; padding-top: 0; height: 0;\"><iframe loading=\"lazy\" style=\"position: absolute; top: 0; left: 0; width: 100%; height: 100%;\" title=\"Las Sinsombrero\" src=\"https:\/\/view.genial.ly\/63c036758eb2f70019e1be70\" width=\"1200\" height=\"675\" frameborder=\"0\" scrolling=\"yes\" allowfullscreen=\"allowfullscreen\" data-mce-fragment=\"1\"><\/iframe><\/div>\n<\/div>\n<p>&nbsp;<\/p>\n","protected":false},"excerpt":{"rendered":"<p>Avui us presentem \u00a0Las Sinsombrero, dones artistes i escriptores del primer ter\u00e7 del segle XX que van conviure amb la [&hellip;]<\/p>\n","protected":false},"author":1,"featured_media":15003,"comment_status":"closed","ping_status":"closed","sticky":false,"template":"","format":"standard","meta":{"_bbp_topic_count":0,"_bbp_reply_count":0,"_bbp_total_topic_count":0,"_bbp_total_reply_count":0,"_bbp_voice_count":0,"_bbp_anonymous_reply_count":0,"_bbp_topic_count_hidden":0,"_bbp_reply_count_hidden":0,"_bbp_forum_subforum_count":0,"site-sidebar-layout":"default","site-content-layout":"","ast-site-content-layout":"","site-content-style":"default","site-sidebar-style":"default","ast-global-header-display":"","ast-banner-title-visibility":"","ast-main-header-display":"","ast-hfb-above-header-display":"","ast-hfb-below-header-display":"","ast-hfb-mobile-header-display":"","site-post-title":"","ast-breadcrumbs-content":"","ast-featured-img":"","footer-sml-layout":"","theme-transparent-header-meta":"","adv-header-id-meta":"","stick-header-meta":"","header-above-stick-meta":"","header-main-stick-meta":"","header-below-stick-meta":"","astra-migrate-meta-layouts":"default","ast-page-background-enabled":"default","ast-page-background-meta":{"desktop":{"background-color":"var(--ast-global-color-4)","background-image":"","background-repeat":"repeat","background-position":"center center","background-size":"auto","background-attachment":"scroll","background-type":"","background-media":"","overlay-type":"","overlay-color":"","overlay-opacity":"","overlay-gradient":""},"tablet":{"background-color":"","background-image":"","background-repeat":"repeat","background-position":"center center","background-size":"auto","background-attachment":"scroll","background-type":"","background-media":"","overlay-type":"","overlay-color":"","overlay-opacity":"","overlay-gradient":""},"mobile":{"background-color":"","background-image":"","background-repeat":"repeat","background-position":"center center","background-size":"auto","background-attachment":"scroll","background-type":"","background-media":"","overlay-type":"","overlay-color":"","overlay-opacity":"","overlay-gradient":""}},"ast-content-background-meta":{"desktop":{"background-color":"var(--ast-global-color-5)","background-image":"","background-repeat":"repeat","background-position":"center center","background-size":"auto","background-attachment":"scroll","background-type":"","background-media":"","overlay-type":"","overlay-color":"","overlay-opacity":"","overlay-gradient":""},"tablet":{"background-color":"var(--ast-global-color-5)","background-image":"","background-repeat":"repeat","background-position":"center center","background-size":"auto","background-attachment":"scroll","background-type":"","background-media":"","overlay-type":"","overlay-color":"","overlay-opacity":"","overlay-gradient":""},"mobile":{"background-color":"var(--ast-global-color-5)","background-image":"","background-repeat":"repeat","background-position":"center center","background-size":"auto","background-attachment":"scroll","background-type":"","background-media":"","overlay-type":"","overlay-color":"","overlay-opacity":"","overlay-gradient":""}},"footnotes":""},"categories":[29],"tags":[587,1185,766],"class_list":["post-14995","post","type-post","status-publish","format-standard","has-post-thumbnail","hentry","category-portada","tag-coeducacio","tag-generacion-del-27","tag-perspectiva-de-genere"],"post_mailing_queue_ids":[],"_links":{"self":[{"href":"https:\/\/serveiseducatius.xtec.cat\/terraalta\/wp-json\/wp\/v2\/posts\/14995","targetHints":{"allow":["GET"]}}],"collection":[{"href":"https:\/\/serveiseducatius.xtec.cat\/terraalta\/wp-json\/wp\/v2\/posts"}],"about":[{"href":"https:\/\/serveiseducatius.xtec.cat\/terraalta\/wp-json\/wp\/v2\/types\/post"}],"author":[{"embeddable":true,"href":"https:\/\/serveiseducatius.xtec.cat\/terraalta\/wp-json\/wp\/v2\/users\/1"}],"replies":[{"embeddable":true,"href":"https:\/\/serveiseducatius.xtec.cat\/terraalta\/wp-json\/wp\/v2\/comments?post=14995"}],"version-history":[{"count":3,"href":"https:\/\/serveiseducatius.xtec.cat\/terraalta\/wp-json\/wp\/v2\/posts\/14995\/revisions"}],"predecessor-version":[{"id":15002,"href":"https:\/\/serveiseducatius.xtec.cat\/terraalta\/wp-json\/wp\/v2\/posts\/14995\/revisions\/15002"}],"wp:featuredmedia":[{"embeddable":true,"href":"https:\/\/serveiseducatius.xtec.cat\/terraalta\/wp-json\/wp\/v2\/media\/15003"}],"wp:attachment":[{"href":"https:\/\/serveiseducatius.xtec.cat\/terraalta\/wp-json\/wp\/v2\/media?parent=14995"}],"wp:term":[{"taxonomy":"category","embeddable":true,"href":"https:\/\/serveiseducatius.xtec.cat\/terraalta\/wp-json\/wp\/v2\/categories?post=14995"},{"taxonomy":"post_tag","embeddable":true,"href":"https:\/\/serveiseducatius.xtec.cat\/terraalta\/wp-json\/wp\/v2\/tags?post=14995"}],"curies":[{"name":"wp","href":"https:\/\/api.w.org\/{rel}","templated":true}]}}