{"id":14745,"date":"2022-10-13T09:50:38","date_gmt":"2022-10-13T07:50:38","guid":{"rendered":"https:\/\/serveiseducatius.xtec.cat\/terraalta\/?p=14745"},"modified":"2022-10-13T09:50:38","modified_gmt":"2022-10-13T07:50:38","slug":"concurs-de-relats-i-cartells-per-la-salut-mental","status":"publish","type":"post","link":"https:\/\/serveiseducatius.xtec.cat\/terraalta\/general\/concurs-de-relats-i-cartells-per-la-salut-mental\/","title":{"rendered":"Concurs de relats i cartells per la salut mental"},"content":{"rendered":"<p style=\"text-align: justify;\"><a href=\"https:\/\/serveiseducatius.xtec.cat\/terraalta\/wp-content\/uploads\/usu1128\/2022\/10\/Cartell-guanyador_Ribera-dEbre_page-0001-scaled.jpg\"><img loading=\"lazy\" decoding=\"async\" class=\"aligncenter wp-image-14746\" src=\"https:\/\/serveiseducatius.xtec.cat\/terraalta\/wp-content\/uploads\/usu1128\/2022\/10\/Cartell-guanyador_Ribera-dEbre_page-0001-724x1024.jpg\" alt=\"\" width=\"373\" height=\"528\" \/><\/a>Com cada any, durant el mes d\u2019octubre, i dintre de la setmana de la Salut Mental, tindr\u00e0 lloc la <strong>Jornada de la Salut Mental<\/strong>, organitzada des de la Taula de Salut Mental. El departament d&#8217;Educaci\u00f3, a trav\u00e9s del CRETDIC, col\u00b7labora en aquesta jornada que enguany porta per lema: <strong><em>La salut mental i el benestar emocional \u00e9s la prioritat<\/em><\/strong>.<\/p>\n<p style=\"font-weight: 400; text-align: justify;\">Com ja es fa fer l\u2019octubre del curs passat, s&#8217;organitza un concurs de cartells i un concurs de relats adre\u00e7at a l&#8217;alumnat de 5\u00e8 i 6\u00e8 de prim\u00e0ria i alumnat d&#8217;ESO dels nostr<span style=\"font-family: inherit; font-size: 1em;\">es centres educatius.<\/span><\/p>\n<p style=\"font-weight: 400; text-align: justify;\">Tal com veureu a les bases, els centres haureu de fer arribar al CRP de cada comarca els relats i els cartells, <strong>abans del dissabte 15 d&#8217;octubre de 2022.<\/strong><\/p>\n<p style=\"text-align: justify;\">Cliqueu aqu\u00ed per accedir a les bases: <a href=\"https:\/\/serveiseducatius.xtec.cat\/terraalta\/wp-content\/uploads\/usu1128\/2022\/10\/2022-concurs-de-relat-Salut-Mental.pdf\">concurs de relats<\/a> i <a href=\"https:\/\/serveiseducatius.xtec.cat\/terraalta\/wp-content\/uploads\/usu1128\/2022\/10\/2022-Concurs-Cartell-Setmana-Salut-Mental-.pdf\">concurs de cartells<\/a>.<\/p>\n<p>Us engresquem a tots\/es a participar-hi!<\/p>\n","protected":false},"excerpt":{"rendered":"<p>Com cada any, durant el mes d\u2019octubre, i dintre de la setmana de la Salut Mental, tindr\u00e0 lloc la Jornada [&hellip;]<\/p>\n","protected":false},"author":1,"featured_media":14746,"comment_status":"open","ping_status":"closed","sticky":false,"template":"","format":"standard","meta":{"_bbp_topic_count":0,"_bbp_reply_count":0,"_bbp_total_topic_count":0,"_bbp_total_reply_count":0,"_bbp_voice_count":0,"_bbp_anonymous_reply_count":0,"_bbp_topic_count_hidden":0,"_bbp_reply_count_hidden":0,"_bbp_forum_subforum_count":0,"site-sidebar-layout":"default","site-content-layout":"","ast-site-content-layout":"","site-content-style":"default","site-sidebar-style":"default","ast-global-header-display":"","ast-banner-title-visibility":"","ast-main-header-display":"","ast-hfb-above-header-display":"","ast-hfb-below-header-display":"","ast-hfb-mobile-header-display":"","site-post-title":"","ast-breadcrumbs-content":"","ast-featured-img":"","footer-sml-layout":"","theme-transparent-header-meta":"","adv-header-id-meta":"","stick-header-meta":"","header-above-stick-meta":"","header-main-stick-meta":"","header-below-stick-meta":"","astra-migrate-meta-layouts":"default","ast-page-background-enabled":"default","ast-page-background-meta":{"desktop":{"background-color":"var(--ast-global-color-4)","background-image":"","background-repeat":"repeat","background-position":"center center","background-size":"auto","background-attachment":"scroll","background-type":"","background-media":"","overlay-type":"","overlay-color":"","overlay-opacity":"","overlay-gradient":""},"tablet":{"background-color":"","background-image":"","background-repeat":"repeat","background-position":"center center","background-size":"auto","background-attachment":"scroll","background-type":"","background-media":"","overlay-type":"","overlay-color":"","overlay-opacity":"","overlay-gradient":""},"mobile":{"background-color":"","background-image":"","background-repeat":"repeat","background-position":"center center","background-size":"auto","background-attachment":"scroll","background-type":"","background-media":"","overlay-type":"","overlay-color":"","overlay-opacity":"","overlay-gradient":""}},"ast-content-background-meta":{"desktop":{"background-color":"var(--ast-global-color-5)","background-image":"","background-repeat":"repeat","background-position":"center center","background-size":"auto","background-attachment":"scroll","background-type":"","background-media":"","overlay-type":"","overlay-color":"","overlay-opacity":"","overlay-gradient":""},"tablet":{"background-color":"var(--ast-global-color-5)","background-image":"","background-repeat":"repeat","background-position":"center center","background-size":"auto","background-attachment":"scroll","background-type":"","background-media":"","overlay-type":"","overlay-color":"","overlay-opacity":"","overlay-gradient":""},"mobile":{"background-color":"var(--ast-global-color-5)","background-image":"","background-repeat":"repeat","background-position":"center center","background-size":"auto","background-attachment":"scroll","background-type":"","background-media":"","overlay-type":"","overlay-color":"","overlay-opacity":"","overlay-gradient":""}},"footnotes":""},"categories":[1,29,443,446],"tags":[],"class_list":["post-14745","post","type-post","status-publish","format-standard","has-post-thumbnail","hentry","category-general","category-portada","category-primaria","category-secundaria"],"post_mailing_queue_ids":[],"_links":{"self":[{"href":"https:\/\/serveiseducatius.xtec.cat\/terraalta\/wp-json\/wp\/v2\/posts\/14745","targetHints":{"allow":["GET"]}}],"collection":[{"href":"https:\/\/serveiseducatius.xtec.cat\/terraalta\/wp-json\/wp\/v2\/posts"}],"about":[{"href":"https:\/\/serveiseducatius.xtec.cat\/terraalta\/wp-json\/wp\/v2\/types\/post"}],"author":[{"embeddable":true,"href":"https:\/\/serveiseducatius.xtec.cat\/terraalta\/wp-json\/wp\/v2\/users\/1"}],"replies":[{"embeddable":true,"href":"https:\/\/serveiseducatius.xtec.cat\/terraalta\/wp-json\/wp\/v2\/comments?post=14745"}],"version-history":[{"count":2,"href":"https:\/\/serveiseducatius.xtec.cat\/terraalta\/wp-json\/wp\/v2\/posts\/14745\/revisions"}],"predecessor-version":[{"id":14751,"href":"https:\/\/serveiseducatius.xtec.cat\/terraalta\/wp-json\/wp\/v2\/posts\/14745\/revisions\/14751"}],"wp:featuredmedia":[{"embeddable":true,"href":"https:\/\/serveiseducatius.xtec.cat\/terraalta\/wp-json\/wp\/v2\/media\/14746"}],"wp:attachment":[{"href":"https:\/\/serveiseducatius.xtec.cat\/terraalta\/wp-json\/wp\/v2\/media?parent=14745"}],"wp:term":[{"taxonomy":"category","embeddable":true,"href":"https:\/\/serveiseducatius.xtec.cat\/terraalta\/wp-json\/wp\/v2\/categories?post=14745"},{"taxonomy":"post_tag","embeddable":true,"href":"https:\/\/serveiseducatius.xtec.cat\/terraalta\/wp-json\/wp\/v2\/tags?post=14745"}],"curies":[{"name":"wp","href":"https:\/\/api.w.org\/{rel}","templated":true}]}}