{"id":14735,"date":"2022-10-13T08:51:08","date_gmt":"2022-10-13T06:51:08","guid":{"rendered":"https:\/\/serveiseducatius.xtec.cat\/terraalta\/?p=14735"},"modified":"2022-10-13T08:51:37","modified_gmt":"2022-10-13T06:51:37","slug":"2a-jornada-de-les-superheroines-i-els-superherois","status":"publish","type":"post","link":"https:\/\/serveiseducatius.xtec.cat\/terraalta\/portada\/2a-jornada-de-les-superheroines-i-els-superherois\/","title":{"rendered":"2a jornada de les superhero\u00efnes i els superherois"},"content":{"rendered":"<p style=\"text-align: justify;\"><a href=\"https:\/\/fundaciolaninetadelsulls.org\/\">La Fundaci\u00f3 La Nineta dels Ulls<\/a> us convida a participar en la <strong>2a jornada de les superhero\u00efnes i els superherois<\/strong>.\u00a0 En aquesta jornada se us suggeriran propostes did\u00e0ctiques\u00a0 per treballar el respecte\u00a0i la\u00a0toler\u00e0ncia cap a la difer\u00e8ncia, i\u00a0l&#8217;acceptaci\u00f3\u00a0i\u00a0reconeixement\u00a0de les pr\u00f2pies capacitats personals\u00a0que sumen cap a un b\u00e9 com\u00fa. I aix\u00ed, reivindicar que\u00a0tots els infants i adolescents poden ser una superhero\u00efna o un superheroi.<\/p>\n<p style=\"text-align: justify;\">El lema de la jornada \u00e9s el de l&#8217;any passat:\u00a0<strong>I tu, quin superpoder tens?<\/strong>\u00a0Aprofitant que el dia 20 de novembre se celebra el dia mundial de la inf\u00e0ncia, podeu escollir de\u00a0<strong>novembre<\/strong> per celebrar que totes i tots tenim algun superpoder. Aquest 2022, han preparat una nova proposta, per treballar igualment la inclusi\u00f3 a les aules, fomentant especialment el <strong>treball en equip<\/strong>. Tamb\u00e9 volem continuar fomentant el treball emocional, que tan b\u00e9 encaixa amb els nous curr\u00edculums.<\/p>\n<p style=\"text-align: justify;\">Si us animeu, envieu un correu electr\u00f2nic a:\u00a0<strong><a href=\"mailto:superpoder@fundaciolaninetadelsulls.org\" target=\"_blank\" rel=\"noopener\">superpoder@<wbr \/>fundaciolaninetadelsulls.org<\/a><\/strong>, indicant el\u00a0nom de l&#8217;escola, l&#8217;adre\u00e7a i el tel\u00e8fon. I, si ja ho sabeu, el\u00a0dia\u00a0de novembre\u00a0que ho celebrareu. Us arribaran propostes did\u00e0ctiques\u00a0per treballar la inclusi\u00f3 a les aules per a totes les edats i el\u00a0segell d&#8217;Escola amb Superpoders, per tal que el pengeu a les vostres xarxes i\/o web.<\/p>\n<p style=\"text-align: justify;\">Podreu trobar m\u00e9s informaci\u00f3 a la p\u00e0gina web <strong><a href=\"https:\/\/fundaciolaninetadelsulls.org\/jornada-de-les-superheroines-i-dels-superherois\/\">Fundaci\u00f3 Nineta dels ulls<\/a><\/strong><\/p>\n<p><a href=\"https:\/\/fundaciolaninetadelsulls.org\/jornada-de-les-superheroines-i-dels-superherois\/\"><img loading=\"lazy\" decoding=\"async\" class=\"aligncenter wp-image-14736\" src=\"https:\/\/serveiseducatius.xtec.cat\/terraalta\/wp-content\/uploads\/usu1128\/2022\/10\/cartell_baixa-768x1086-1-724x1024.jpg\" alt=\"\" width=\"307\" height=\"434\" srcset=\"https:\/\/serveiseducatius.xtec.cat\/terraalta\/wp-content\/uploads\/usu1128\/2022\/10\/cartell_baixa-768x1086-1-724x1024.jpg 724w, https:\/\/serveiseducatius.xtec.cat\/terraalta\/wp-content\/uploads\/usu1128\/2022\/10\/cartell_baixa-768x1086-1-212x300.jpg 212w, https:\/\/serveiseducatius.xtec.cat\/terraalta\/wp-content\/uploads\/usu1128\/2022\/10\/cartell_baixa-768x1086-1.jpg 768w\" sizes=\"auto, (max-width: 307px) 100vw, 307px\" \/><\/a><\/p>\n","protected":false},"excerpt":{"rendered":"<p>La Fundaci\u00f3 La Nineta dels Ulls us convida a participar en la 2a jornada de les superhero\u00efnes i els superherois.\u00a0 [&hellip;]<\/p>\n","protected":false},"author":1,"featured_media":14736,"comment_status":"closed","ping_status":"closed","sticky":false,"template":"","format":"standard","meta":{"_bbp_topic_count":0,"_bbp_reply_count":0,"_bbp_total_topic_count":0,"_bbp_total_reply_count":0,"_bbp_voice_count":0,"_bbp_anonymous_reply_count":0,"_bbp_topic_count_hidden":0,"_bbp_reply_count_hidden":0,"_bbp_forum_subforum_count":0,"site-sidebar-layout":"default","site-content-layout":"","ast-site-content-layout":"","site-content-style":"default","site-sidebar-style":"default","ast-global-header-display":"","ast-banner-title-visibility":"","ast-main-header-display":"","ast-hfb-above-header-display":"","ast-hfb-below-header-display":"","ast-hfb-mobile-header-display":"","site-post-title":"","ast-breadcrumbs-content":"","ast-featured-img":"","footer-sml-layout":"","theme-transparent-header-meta":"","adv-header-id-meta":"","stick-header-meta":"","header-above-stick-meta":"","header-main-stick-meta":"","header-below-stick-meta":"","astra-migrate-meta-layouts":"default","ast-page-background-enabled":"default","ast-page-background-meta":{"desktop":{"background-color":"var(--ast-global-color-4)","background-image":"","background-repeat":"repeat","background-position":"center center","background-size":"auto","background-attachment":"scroll","background-type":"","background-media":"","overlay-type":"","overlay-color":"","overlay-opacity":"","overlay-gradient":""},"tablet":{"background-color":"","background-image":"","background-repeat":"repeat","background-position":"center center","background-size":"auto","background-attachment":"scroll","background-type":"","background-media":"","overlay-type":"","overlay-color":"","overlay-opacity":"","overlay-gradient":""},"mobile":{"background-color":"","background-image":"","background-repeat":"repeat","background-position":"center center","background-size":"auto","background-attachment":"scroll","background-type":"","background-media":"","overlay-type":"","overlay-color":"","overlay-opacity":"","overlay-gradient":""}},"ast-content-background-meta":{"desktop":{"background-color":"var(--ast-global-color-5)","background-image":"","background-repeat":"repeat","background-position":"center center","background-size":"auto","background-attachment":"scroll","background-type":"","background-media":"","overlay-type":"","overlay-color":"","overlay-opacity":"","overlay-gradient":""},"tablet":{"background-color":"var(--ast-global-color-5)","background-image":"","background-repeat":"repeat","background-position":"center center","background-size":"auto","background-attachment":"scroll","background-type":"","background-media":"","overlay-type":"","overlay-color":"","overlay-opacity":"","overlay-gradient":""},"mobile":{"background-color":"var(--ast-global-color-5)","background-image":"","background-repeat":"repeat","background-position":"center center","background-size":"auto","background-attachment":"scroll","background-type":"","background-media":"","overlay-type":"","overlay-color":"","overlay-opacity":"","overlay-gradient":""}},"footnotes":""},"categories":[29],"tags":[1136,1137,627,264],"class_list":["post-14735","post","type-post","status-publish","format-standard","has-post-thumbnail","hentry","category-portada","tag-fundacioninetadelsulls","tag-jornadasuperherinesisuperherois","tag-propostes-didactiques","tag-valors"],"post_mailing_queue_ids":[],"_links":{"self":[{"href":"https:\/\/serveiseducatius.xtec.cat\/terraalta\/wp-json\/wp\/v2\/posts\/14735","targetHints":{"allow":["GET"]}}],"collection":[{"href":"https:\/\/serveiseducatius.xtec.cat\/terraalta\/wp-json\/wp\/v2\/posts"}],"about":[{"href":"https:\/\/serveiseducatius.xtec.cat\/terraalta\/wp-json\/wp\/v2\/types\/post"}],"author":[{"embeddable":true,"href":"https:\/\/serveiseducatius.xtec.cat\/terraalta\/wp-json\/wp\/v2\/users\/1"}],"replies":[{"embeddable":true,"href":"https:\/\/serveiseducatius.xtec.cat\/terraalta\/wp-json\/wp\/v2\/comments?post=14735"}],"version-history":[{"count":1,"href":"https:\/\/serveiseducatius.xtec.cat\/terraalta\/wp-json\/wp\/v2\/posts\/14735\/revisions"}],"predecessor-version":[{"id":14737,"href":"https:\/\/serveiseducatius.xtec.cat\/terraalta\/wp-json\/wp\/v2\/posts\/14735\/revisions\/14737"}],"wp:featuredmedia":[{"embeddable":true,"href":"https:\/\/serveiseducatius.xtec.cat\/terraalta\/wp-json\/wp\/v2\/media\/14736"}],"wp:attachment":[{"href":"https:\/\/serveiseducatius.xtec.cat\/terraalta\/wp-json\/wp\/v2\/media?parent=14735"}],"wp:term":[{"taxonomy":"category","embeddable":true,"href":"https:\/\/serveiseducatius.xtec.cat\/terraalta\/wp-json\/wp\/v2\/categories?post=14735"},{"taxonomy":"post_tag","embeddable":true,"href":"https:\/\/serveiseducatius.xtec.cat\/terraalta\/wp-json\/wp\/v2\/tags?post=14735"}],"curies":[{"name":"wp","href":"https:\/\/api.w.org\/{rel}","templated":true}]}}