{"id":14731,"date":"2022-10-10T09:29:00","date_gmt":"2022-10-10T07:29:00","guid":{"rendered":"https:\/\/serveiseducatius.xtec.cat\/terraalta\/?p=14731"},"modified":"2022-10-13T08:59:55","modified_gmt":"2022-10-13T06:59:55","slug":"dia-mundial-de-la-salut-mental","status":"publish","type":"post","link":"https:\/\/serveiseducatius.xtec.cat\/terraalta\/general\/dia-mundial-de-la-salut-mental\/","title":{"rendered":"Dia Mundial de la Salut Mental"},"content":{"rendered":"<p style=\"text-align: justify;\"><a href=\"https:\/\/serveiseducatius.xtec.cat\/terraalta\/wp-content\/uploads\/usu1128\/2022\/10\/Salut_mental-e1665386861372.png\"><img loading=\"lazy\" decoding=\"async\" class=\"aligncenter wp-image-14732\" src=\"https:\/\/serveiseducatius.xtec.cat\/terraalta\/wp-content\/uploads\/usu1128\/2022\/10\/Salut_mental-e1665386861372.png\" alt=\"\" width=\"412\" height=\"411\" srcset=\"https:\/\/serveiseducatius.xtec.cat\/terraalta\/wp-content\/uploads\/usu1128\/2022\/10\/Salut_mental-e1665386861372.png 773w, https:\/\/serveiseducatius.xtec.cat\/terraalta\/wp-content\/uploads\/usu1128\/2022\/10\/Salut_mental-e1665386861372-300x300.png 300w, https:\/\/serveiseducatius.xtec.cat\/terraalta\/wp-content\/uploads\/usu1128\/2022\/10\/Salut_mental-e1665386861372-150x150.png 150w, https:\/\/serveiseducatius.xtec.cat\/terraalta\/wp-content\/uploads\/usu1128\/2022\/10\/Salut_mental-e1665386861372-768x766.png 768w\" sizes=\"auto, (max-width: 412px) 100vw, 412px\" \/><\/a>El Dia Mundial de la Salut Mental, que se celebra el 10 d\u2019octubre, t\u00e9 per objectiu conscienciar sobre els problemes de salut mental a tot el m\u00f3n.<\/p>\n<p style=\"text-align: justify;\">La salut mental i el benestar per a totes les persones s\u00f3n una prioritat global, si b\u00e9, el lema d\u2019aquest any posa el focus en la inf\u00e0ncia i la joventut, dos grups de poblaci\u00f3 als quals no se sol prestar gaire atenci\u00f3 en mat\u00e8ria de salut mental i emocional.<br \/>\nL&#8217;objectiu \u00e9s interpel\u00b7lar i involucrar en la cura i la protecci\u00f3 de la salut mental des de la primera inf\u00e0ncia, no nom\u00e9s a institucions i agents decisors, sin\u00f3 tamb\u00e9 a joves i adolescents, aix\u00ed com a familiars amb nenes i nens petits, i a les comunitats educatives, perqu\u00e8 prestin atenci\u00f3 a la salut mental i li atorguin la import\u00e0ncia que t\u00e9 a la vida de les persones, pr\u00e0cticament des que neixen.<\/p>\n<p style=\"text-align: justify;\">Per aquest motiu l\u2019Equip d&#8217;Atenci\u00f3 Prim\u00e0ria Terra Alta ens convida a \u201cFes un like a la salut mental. Pel dret a cr\u00e9ixer en benestar\u201d al seu compte d&#8217;<a href=\"https:\/\/www.instagram.com\/eapterraalta\/\">Instagram<\/a>, junts fem salut!<\/p>\n<p>&nbsp;<\/p>\n","protected":false},"excerpt":{"rendered":"<p>El Dia Mundial de la Salut Mental, que se celebra el 10 d\u2019octubre, t\u00e9 per objectiu conscienciar sobre els problemes [&hellip;]<\/p>\n","protected":false},"author":1,"featured_media":14732,"comment_status":"open","ping_status":"closed","sticky":false,"template":"","format":"standard","meta":{"_bbp_topic_count":0,"_bbp_reply_count":0,"_bbp_total_topic_count":0,"_bbp_total_reply_count":0,"_bbp_voice_count":0,"_bbp_anonymous_reply_count":0,"_bbp_topic_count_hidden":0,"_bbp_reply_count_hidden":0,"_bbp_forum_subforum_count":0,"site-sidebar-layout":"default","site-content-layout":"","ast-site-content-layout":"","site-content-style":"default","site-sidebar-style":"default","ast-global-header-display":"","ast-banner-title-visibility":"","ast-main-header-display":"","ast-hfb-above-header-display":"","ast-hfb-below-header-display":"","ast-hfb-mobile-header-display":"","site-post-title":"","ast-breadcrumbs-content":"","ast-featured-img":"","footer-sml-layout":"","theme-transparent-header-meta":"","adv-header-id-meta":"","stick-header-meta":"","header-above-stick-meta":"","header-main-stick-meta":"","header-below-stick-meta":"","astra-migrate-meta-layouts":"default","ast-page-background-enabled":"default","ast-page-background-meta":{"desktop":{"background-color":"var(--ast-global-color-4)","background-image":"","background-repeat":"repeat","background-position":"center center","background-size":"auto","background-attachment":"scroll","background-type":"","background-media":"","overlay-type":"","overlay-color":"","overlay-opacity":"","overlay-gradient":""},"tablet":{"background-color":"","background-image":"","background-repeat":"repeat","background-position":"center center","background-size":"auto","background-attachment":"scroll","background-type":"","background-media":"","overlay-type":"","overlay-color":"","overlay-opacity":"","overlay-gradient":""},"mobile":{"background-color":"","background-image":"","background-repeat":"repeat","background-position":"center center","background-size":"auto","background-attachment":"scroll","background-type":"","background-media":"","overlay-type":"","overlay-color":"","overlay-opacity":"","overlay-gradient":""}},"ast-content-background-meta":{"desktop":{"background-color":"var(--ast-global-color-5)","background-image":"","background-repeat":"repeat","background-position":"center center","background-size":"auto","background-attachment":"scroll","background-type":"","background-media":"","overlay-type":"","overlay-color":"","overlay-opacity":"","overlay-gradient":""},"tablet":{"background-color":"var(--ast-global-color-5)","background-image":"","background-repeat":"repeat","background-position":"center center","background-size":"auto","background-attachment":"scroll","background-type":"","background-media":"","overlay-type":"","overlay-color":"","overlay-opacity":"","overlay-gradient":""},"mobile":{"background-color":"var(--ast-global-color-5)","background-image":"","background-repeat":"repeat","background-position":"center center","background-size":"auto","background-attachment":"scroll","background-type":"","background-media":"","overlay-type":"","overlay-color":"","overlay-opacity":"","overlay-gradient":""}},"footnotes":""},"categories":[1,29],"tags":[],"class_list":["post-14731","post","type-post","status-publish","format-standard","has-post-thumbnail","hentry","category-general","category-portada"],"post_mailing_queue_ids":[],"_links":{"self":[{"href":"https:\/\/serveiseducatius.xtec.cat\/terraalta\/wp-json\/wp\/v2\/posts\/14731","targetHints":{"allow":["GET"]}}],"collection":[{"href":"https:\/\/serveiseducatius.xtec.cat\/terraalta\/wp-json\/wp\/v2\/posts"}],"about":[{"href":"https:\/\/serveiseducatius.xtec.cat\/terraalta\/wp-json\/wp\/v2\/types\/post"}],"author":[{"embeddable":true,"href":"https:\/\/serveiseducatius.xtec.cat\/terraalta\/wp-json\/wp\/v2\/users\/1"}],"replies":[{"embeddable":true,"href":"https:\/\/serveiseducatius.xtec.cat\/terraalta\/wp-json\/wp\/v2\/comments?post=14731"}],"version-history":[{"count":2,"href":"https:\/\/serveiseducatius.xtec.cat\/terraalta\/wp-json\/wp\/v2\/posts\/14731\/revisions"}],"predecessor-version":[{"id":14734,"href":"https:\/\/serveiseducatius.xtec.cat\/terraalta\/wp-json\/wp\/v2\/posts\/14731\/revisions\/14734"}],"wp:featuredmedia":[{"embeddable":true,"href":"https:\/\/serveiseducatius.xtec.cat\/terraalta\/wp-json\/wp\/v2\/media\/14732"}],"wp:attachment":[{"href":"https:\/\/serveiseducatius.xtec.cat\/terraalta\/wp-json\/wp\/v2\/media?parent=14731"}],"wp:term":[{"taxonomy":"category","embeddable":true,"href":"https:\/\/serveiseducatius.xtec.cat\/terraalta\/wp-json\/wp\/v2\/categories?post=14731"},{"taxonomy":"post_tag","embeddable":true,"href":"https:\/\/serveiseducatius.xtec.cat\/terraalta\/wp-json\/wp\/v2\/tags?post=14731"}],"curies":[{"name":"wp","href":"https:\/\/api.w.org\/{rel}","templated":true}]}}