{"id":14335,"date":"2022-02-01T10:22:52","date_gmt":"2022-02-01T09:22:52","guid":{"rendered":"https:\/\/serveiseducatius.xtec.cat\/terraalta\/?p=14335"},"modified":"2022-02-01T10:22:52","modified_gmt":"2022-02-01T09:22:52","slug":"presentacio-maleta-pedagogica-patrimoni-immaterial-i-arquitectura-tradicionals-dels-ports","status":"publish","type":"post","link":"https:\/\/serveiseducatius.xtec.cat\/terraalta\/portada\/presentacio-maleta-pedagogica-patrimoni-immaterial-i-arquitectura-tradicionals-dels-ports\/","title":{"rendered":"Presentaci\u00f3 maleta pedag\u00f2gica Patrimoni immaterial i arquitectura tradicionals dels Ports"},"content":{"rendered":"<p style=\"text-align: justify;\">L&#8217;Ajuntament d&#8217;Horta de Sant Joan ha promogut la rehabilitaci\u00f3 del\u00a0<a href=\"https:\/\/www.masdeburot.cat\/el-projecte\/\" target=\"_blank\" rel=\"noopener\" data-saferedirecturl=\"https:\/\/www.google.com\/url?q=https:\/\/www.masdeburot.cat\/el-projecte\/&amp;source=gmail&amp;ust=1643793357960000&amp;usg=AOvVaw0EAQhfSp8GktltuzO1EHgp\">Mas de Burot<\/a>\u00a0amb l&#8217;objectiu de restaurar-lo amb les t\u00e8cniques constructives tradicionals i materials naturals, per aprofundir en el seu coneixement i correcta utilitzaci\u00f3. Aix\u00ed mateix s&#8217;ha creat una\u00a0<b>maleta pedag\u00f2gica per treballar el patrimoni immaterial i l&#8217;arquitectura tradicional dels Ports<\/b>.\u00a0 Per aquest motiu, l&#8217;Ajuntament d&#8217;Horta de Sant Joan, us convida a la presentaci\u00f3 de la maleta pedag\u00f2gica el dia 1<b>2 de febrer al Casal Municipal<\/b>, i despr\u00e9s a la visita al mas i el seu entorn.<\/p>\n<p style=\"text-align: justify;\">Si esteu interessats\u00a0 <b><a href=\"https:\/\/forms.gle\/S6czFMrTLNPKNQUc7\" target=\"_blank\" rel=\"noopener\" data-saferedirecturl=\"https:\/\/www.google.com\/url?q=https:\/\/forms.gle\/S6czFMrTLNPKNQUc7&amp;source=gmail&amp;ust=1643793357960000&amp;usg=AOvVaw26YYYjSSaxNAXLHsdYQm9U\">empleneu el formulari.<\/a><\/b><\/p>\n<p><a href=\"https:\/\/serveiseducatius.xtec.cat\/terraalta\/wp-content\/uploads\/usu1128\/2022\/02\/MAS-DE-BUROT-e1643707147585.png\"><img loading=\"lazy\" decoding=\"async\" class=\"aligncenter  wp-image-14336\" src=\"https:\/\/serveiseducatius.xtec.cat\/terraalta\/wp-content\/uploads\/usu1128\/2022\/02\/MAS-DE-BUROT-725x1024.png\" alt=\"\" width=\"380\" height=\"535\" \/><\/a><\/p>\n","protected":false},"excerpt":{"rendered":"<p>L&#8217;Ajuntament d&#8217;Horta de Sant Joan ha promogut la rehabilitaci\u00f3 del\u00a0Mas de Burot\u00a0amb l&#8217;objectiu de restaurar-lo amb les t\u00e8cniques constructives tradicionals [&hellip;]<\/p>\n","protected":false},"author":1,"featured_media":14337,"comment_status":"closed","ping_status":"closed","sticky":false,"template":"","format":"standard","meta":{"_bbp_topic_count":0,"_bbp_reply_count":0,"_bbp_total_topic_count":0,"_bbp_total_reply_count":0,"_bbp_voice_count":0,"_bbp_anonymous_reply_count":0,"_bbp_topic_count_hidden":0,"_bbp_reply_count_hidden":0,"_bbp_forum_subforum_count":0,"site-sidebar-layout":"default","site-content-layout":"","ast-site-content-layout":"","site-content-style":"default","site-sidebar-style":"default","ast-global-header-display":"","ast-banner-title-visibility":"","ast-main-header-display":"","ast-hfb-above-header-display":"","ast-hfb-below-header-display":"","ast-hfb-mobile-header-display":"","site-post-title":"","ast-breadcrumbs-content":"","ast-featured-img":"","footer-sml-layout":"","theme-transparent-header-meta":"","adv-header-id-meta":"","stick-header-meta":"","header-above-stick-meta":"","header-main-stick-meta":"","header-below-stick-meta":"","astra-migrate-meta-layouts":"default","ast-page-background-enabled":"default","ast-page-background-meta":{"desktop":{"background-color":"var(--ast-global-color-4)","background-image":"","background-repeat":"repeat","background-position":"center center","background-size":"auto","background-attachment":"scroll","background-type":"","background-media":"","overlay-type":"","overlay-color":"","overlay-opacity":"","overlay-gradient":""},"tablet":{"background-color":"","background-image":"","background-repeat":"repeat","background-position":"center center","background-size":"auto","background-attachment":"scroll","background-type":"","background-media":"","overlay-type":"","overlay-color":"","overlay-opacity":"","overlay-gradient":""},"mobile":{"background-color":"","background-image":"","background-repeat":"repeat","background-position":"center center","background-size":"auto","background-attachment":"scroll","background-type":"","background-media":"","overlay-type":"","overlay-color":"","overlay-opacity":"","overlay-gradient":""}},"ast-content-background-meta":{"desktop":{"background-color":"var(--ast-global-color-5)","background-image":"","background-repeat":"repeat","background-position":"center center","background-size":"auto","background-attachment":"scroll","background-type":"","background-media":"","overlay-type":"","overlay-color":"","overlay-opacity":"","overlay-gradient":""},"tablet":{"background-color":"var(--ast-global-color-5)","background-image":"","background-repeat":"repeat","background-position":"center center","background-size":"auto","background-attachment":"scroll","background-type":"","background-media":"","overlay-type":"","overlay-color":"","overlay-opacity":"","overlay-gradient":""},"mobile":{"background-color":"var(--ast-global-color-5)","background-image":"","background-repeat":"repeat","background-position":"center center","background-size":"auto","background-attachment":"scroll","background-type":"","background-media":"","overlay-type":"","overlay-color":"","overlay-opacity":"","overlay-gradient":""}},"footnotes":""},"categories":[29],"tags":[1045,418,407,1046],"class_list":["post-14335","post","type-post","status-publish","format-standard","has-post-thumbnail","hentry","category-portada","tag-arquitectura","tag-maleta-pedagogica","tag-patrimoni","tag-tradicio"],"post_mailing_queue_ids":[],"_links":{"self":[{"href":"https:\/\/serveiseducatius.xtec.cat\/terraalta\/wp-json\/wp\/v2\/posts\/14335","targetHints":{"allow":["GET"]}}],"collection":[{"href":"https:\/\/serveiseducatius.xtec.cat\/terraalta\/wp-json\/wp\/v2\/posts"}],"about":[{"href":"https:\/\/serveiseducatius.xtec.cat\/terraalta\/wp-json\/wp\/v2\/types\/post"}],"author":[{"embeddable":true,"href":"https:\/\/serveiseducatius.xtec.cat\/terraalta\/wp-json\/wp\/v2\/users\/1"}],"replies":[{"embeddable":true,"href":"https:\/\/serveiseducatius.xtec.cat\/terraalta\/wp-json\/wp\/v2\/comments?post=14335"}],"version-history":[{"count":1,"href":"https:\/\/serveiseducatius.xtec.cat\/terraalta\/wp-json\/wp\/v2\/posts\/14335\/revisions"}],"predecessor-version":[{"id":14338,"href":"https:\/\/serveiseducatius.xtec.cat\/terraalta\/wp-json\/wp\/v2\/posts\/14335\/revisions\/14338"}],"wp:featuredmedia":[{"embeddable":true,"href":"https:\/\/serveiseducatius.xtec.cat\/terraalta\/wp-json\/wp\/v2\/media\/14337"}],"wp:attachment":[{"href":"https:\/\/serveiseducatius.xtec.cat\/terraalta\/wp-json\/wp\/v2\/media?parent=14335"}],"wp:term":[{"taxonomy":"category","embeddable":true,"href":"https:\/\/serveiseducatius.xtec.cat\/terraalta\/wp-json\/wp\/v2\/categories?post=14335"},{"taxonomy":"post_tag","embeddable":true,"href":"https:\/\/serveiseducatius.xtec.cat\/terraalta\/wp-json\/wp\/v2\/tags?post=14335"}],"curies":[{"name":"wp","href":"https:\/\/api.w.org\/{rel}","templated":true}]}}