{"id":14179,"date":"2021-11-25T11:32:47","date_gmt":"2021-11-25T10:32:47","guid":{"rendered":"https:\/\/serveiseducatius.xtec.cat\/terraalta\/?p=14179"},"modified":"2021-11-25T11:32:47","modified_gmt":"2021-11-25T10:32:47","slug":"dia-internacional-per-a-leliminacio-de-la-violencia-envers-les-dones-3","status":"publish","type":"post","link":"https:\/\/serveiseducatius.xtec.cat\/terraalta\/general\/dia-internacional-per-a-leliminacio-de-la-violencia-envers-les-dones-3\/","title":{"rendered":"Dia Internacional per a l\u2019Eliminaci\u00f3 de la Viol\u00e8ncia Envers les Dones"},"content":{"rendered":"<p style=\"text-align: justify;\"><a href=\"http:\/\/xtec.gencat.cat\/ca\/centres\/celebracions\/2021\/eliminacio-violencia-dones\/\"><img loading=\"lazy\" decoding=\"async\" class=\"aligncenter size-full wp-image-14180\" src=\"https:\/\/serveiseducatius.xtec.cat\/terraalta\/wp-content\/uploads\/usu1128\/2021\/11\/Screenshot.png\" alt=\"\" width=\"353\" height=\"350\" srcset=\"https:\/\/serveiseducatius.xtec.cat\/terraalta\/wp-content\/uploads\/usu1128\/2021\/11\/Screenshot.png 353w, https:\/\/serveiseducatius.xtec.cat\/terraalta\/wp-content\/uploads\/usu1128\/2021\/11\/Screenshot-300x297.png 300w, https:\/\/serveiseducatius.xtec.cat\/terraalta\/wp-content\/uploads\/usu1128\/2021\/11\/Screenshot-150x150.png 150w\" sizes=\"auto, (max-width: 353px) 100vw, 353px\" \/><\/a>Des del Departament d\u2019Educaci\u00f3, a prop\u00f2sit del\u00a0<a href=\"https:\/\/dones.gencat.cat\/ca\/inici\/\" target=\"_blank\" rel=\"noopener\">Dia internacional per a l\u2019eliminaci\u00f3 de la viol\u00e8ncia envers les dones<\/a>, ens sumem a la\u00a0<a href=\"https:\/\/www.unwomen.org\/en\/what-we-do\/ending-violence-against-women\/take-action\" target=\"_blank\" rel=\"noopener\">Campanya UNEIX-TE d\u2019aqu\u00ed al 2030 per posar fi a la viol\u00e8ncia contra les dones<\/a>,\u00a0d\u2019ONU Dones, a fi de mostrar el rebuig vers la viol\u00e8ncia que colpeja nenes i dones i manifestar la necessitat de donar una resposta a la viol\u00e8ncia estructural que \u00e9s la viol\u00e8ncia masclista.<\/p>\n<p style=\"text-align: justify;\">Per a l\u2019abordatge de la viol\u00e8ncia masclista des de la comunitat educativa, ens cal educar i reeducar lliures d\u2019estereotips sexistes, en relacions sexoafectives sanes, ens cal recon\u00e8ixer una viol\u00e8ncia que sovint s\u2019ha tendit a invisibilitzar i donar-hi resposta.<\/p>\n<p style=\"text-align: justify;\">Des dels centres educatius, us proposem que dugueu a terme actuacions concretes amb la finalitat de promoure un canvi d\u2019actituds, creences i comportaments per part de tota la comunitat educativa.<\/p>\n<p style=\"text-align: justify;\">Difoneu les fotos o v\u00eddeos de les vostres actuacions a les xarxes socials amb l&#8217;etiqueta <strong>#25n #LesEscolesLliuresDeViol\u00e8ncies #ProgramaCoeducat #desemmascarem<\/strong> amb menci\u00f3 <strong>@xtec<\/strong>.<\/p>\n<p><strong>Cliqueu <a href=\"http:\/\/xtec.gencat.cat\/ca\/centres\/celebracions\/2021\/eliminacio-violencia-dones\/\">aqu\u00ed<\/a> per veure les propostes d&#8217;activitats a dur a terme als centres educatius, tant a prop\u00f2sit del 25 de novembre com al llarg del curs.<\/strong><\/p>\n","protected":false},"excerpt":{"rendered":"<p>Des del Departament d\u2019Educaci\u00f3, a prop\u00f2sit del\u00a0Dia internacional per a l\u2019eliminaci\u00f3 de la viol\u00e8ncia envers les dones, ens sumem a [&hellip;]<\/p>\n","protected":false},"author":1,"featured_media":14180,"comment_status":"open","ping_status":"closed","sticky":false,"template":"","format":"standard","meta":{"_bbp_topic_count":0,"_bbp_reply_count":0,"_bbp_total_topic_count":0,"_bbp_total_reply_count":0,"_bbp_voice_count":0,"_bbp_anonymous_reply_count":0,"_bbp_topic_count_hidden":0,"_bbp_reply_count_hidden":0,"_bbp_forum_subforum_count":0,"site-sidebar-layout":"default","site-content-layout":"","ast-site-content-layout":"","site-content-style":"default","site-sidebar-style":"default","ast-global-header-display":"","ast-banner-title-visibility":"","ast-main-header-display":"","ast-hfb-above-header-display":"","ast-hfb-below-header-display":"","ast-hfb-mobile-header-display":"","site-post-title":"","ast-breadcrumbs-content":"","ast-featured-img":"","footer-sml-layout":"","theme-transparent-header-meta":"","adv-header-id-meta":"","stick-header-meta":"","header-above-stick-meta":"","header-main-stick-meta":"","header-below-stick-meta":"","astra-migrate-meta-layouts":"default","ast-page-background-enabled":"default","ast-page-background-meta":{"desktop":{"background-color":"var(--ast-global-color-4)","background-image":"","background-repeat":"repeat","background-position":"center center","background-size":"auto","background-attachment":"scroll","background-type":"","background-media":"","overlay-type":"","overlay-color":"","overlay-opacity":"","overlay-gradient":""},"tablet":{"background-color":"","background-image":"","background-repeat":"repeat","background-position":"center center","background-size":"auto","background-attachment":"scroll","background-type":"","background-media":"","overlay-type":"","overlay-color":"","overlay-opacity":"","overlay-gradient":""},"mobile":{"background-color":"","background-image":"","background-repeat":"repeat","background-position":"center center","background-size":"auto","background-attachment":"scroll","background-type":"","background-media":"","overlay-type":"","overlay-color":"","overlay-opacity":"","overlay-gradient":""}},"ast-content-background-meta":{"desktop":{"background-color":"var(--ast-global-color-5)","background-image":"","background-repeat":"repeat","background-position":"center center","background-size":"auto","background-attachment":"scroll","background-type":"","background-media":"","overlay-type":"","overlay-color":"","overlay-opacity":"","overlay-gradient":""},"tablet":{"background-color":"var(--ast-global-color-5)","background-image":"","background-repeat":"repeat","background-position":"center center","background-size":"auto","background-attachment":"scroll","background-type":"","background-media":"","overlay-type":"","overlay-color":"","overlay-opacity":"","overlay-gradient":""},"mobile":{"background-color":"var(--ast-global-color-5)","background-image":"","background-repeat":"repeat","background-position":"center center","background-size":"auto","background-attachment":"scroll","background-type":"","background-media":"","overlay-type":"","overlay-color":"","overlay-opacity":"","overlay-gradient":""}},"footnotes":""},"categories":[1,29,443,446],"tags":[1017,1018],"class_list":["post-14179","post","type-post","status-publish","format-standard","has-post-thumbnail","hentry","category-general","category-portada","category-primaria","category-secundaria","tag-25n-lesescoleslliuresdeviolencies-programacoeducat-desemmascarem","tag-25n2021"],"post_mailing_queue_ids":[],"_links":{"self":[{"href":"https:\/\/serveiseducatius.xtec.cat\/terraalta\/wp-json\/wp\/v2\/posts\/14179","targetHints":{"allow":["GET"]}}],"collection":[{"href":"https:\/\/serveiseducatius.xtec.cat\/terraalta\/wp-json\/wp\/v2\/posts"}],"about":[{"href":"https:\/\/serveiseducatius.xtec.cat\/terraalta\/wp-json\/wp\/v2\/types\/post"}],"author":[{"embeddable":true,"href":"https:\/\/serveiseducatius.xtec.cat\/terraalta\/wp-json\/wp\/v2\/users\/1"}],"replies":[{"embeddable":true,"href":"https:\/\/serveiseducatius.xtec.cat\/terraalta\/wp-json\/wp\/v2\/comments?post=14179"}],"version-history":[{"count":1,"href":"https:\/\/serveiseducatius.xtec.cat\/terraalta\/wp-json\/wp\/v2\/posts\/14179\/revisions"}],"predecessor-version":[{"id":14181,"href":"https:\/\/serveiseducatius.xtec.cat\/terraalta\/wp-json\/wp\/v2\/posts\/14179\/revisions\/14181"}],"wp:featuredmedia":[{"embeddable":true,"href":"https:\/\/serveiseducatius.xtec.cat\/terraalta\/wp-json\/wp\/v2\/media\/14180"}],"wp:attachment":[{"href":"https:\/\/serveiseducatius.xtec.cat\/terraalta\/wp-json\/wp\/v2\/media?parent=14179"}],"wp:term":[{"taxonomy":"category","embeddable":true,"href":"https:\/\/serveiseducatius.xtec.cat\/terraalta\/wp-json\/wp\/v2\/categories?post=14179"},{"taxonomy":"post_tag","embeddable":true,"href":"https:\/\/serveiseducatius.xtec.cat\/terraalta\/wp-json\/wp\/v2\/tags?post=14179"}],"curies":[{"name":"wp","href":"https:\/\/api.w.org\/{rel}","templated":true}]}}