{"id":13624,"date":"2021-03-24T08:35:18","date_gmt":"2021-03-24T07:35:18","guid":{"rendered":"http:\/\/serveiseducatius.xtec.cat\/terraalta\/?p=13624"},"modified":"2021-03-24T08:35:54","modified_gmt":"2021-03-24T07:35:54","slug":"tercera-sessio-del-congres-nacional-deducacio-ambiental","status":"publish","type":"post","link":"https:\/\/serveiseducatius.xtec.cat\/terraalta\/portada\/tercera-sessio-del-congres-nacional-deducacio-ambiental\/","title":{"rendered":"Congr\u00e9s Nacional d&#8217;Educaci\u00f3 Ambiental"},"content":{"rendered":"<p>El dia<strong> 25 de mar\u00e7, a les 17h<\/strong>, se celebrar\u00e0 la\u00a0<strong>tercera sessi\u00f3 del Congr\u00e9s Nacional d&#8217;Educaci\u00f3 Ambiental: Mirades per a la transformaci\u00f3. &#8220;De la recerca a l\u2019acci\u00f3 transformadora&#8221;.<\/strong><\/p>\n<p style=\"text-align: justify;\">El Congr\u00e9s Nacional d\u2019Educaci\u00f3 Ambiental 2020-21 aspira a generar proactivitat davant dels reptes que ens planteja un m\u00f3n canviant i complex, i a concebre solucions per a una societat m\u00e9s sostenible, corresponsable i justa.<\/p>\n<p style=\"text-align: justify;\">Parteix de l&#8217;objectiu\u00a0de consolidar-se com l\u2019espai de trobada, an\u00e0lisi i reflexi\u00f3 dels actors de l\u2019educaci\u00f3 ambiental, cercar eines que permetin arribar a nous col\u00b7lectius i crear aliances innovadores per transitar del canvi individual a la transformaci\u00f3 col\u00b7lectiva i estructural.<\/p>\n<p style=\"text-align: justify;\">En aquesta tercera sessi\u00f3 es comptar\u00e0 amb una taula rodona d\u2019expertesa per innovar en la cultura de la sostenibilitat i la transformaci\u00f3 col\u00b7lectiva amb la participaci\u00f3 d&#8217;en\u00a0Josep Perell\u00f3 (UB), Gisela Cebri\u00e1n (URV) i Anna Ramon (CREAF-UAB) on es parlar\u00e0 de ci\u00e8ncia ciutadana, recerca en educaci\u00f3 ambiental i divulgaci\u00f3 de la recerca.<\/p>\n<p style=\"text-align: justify;\"><strong>El programa d&#8217;aquesta sessi\u00f3 el trobareu disponible al <a href=\"https:\/\/www.cnea.cat\/\">web.<\/a><\/strong><\/p>\n<p style=\"text-align: justify;\"><strong>Us facilitem el <a href=\"https:\/\/www.activacongresos.com\/forms\/cnea20-4\/\">formulari d&#8217;inscripci\u00f3.<\/a><\/strong><\/p>\n<p style=\"text-align: justify;\">Tamb\u00e9 podeu repiular la informaci\u00f3 del compte <strong>@cnea_cat i hashtag #cneacat<\/strong><\/p>\n","protected":false},"excerpt":{"rendered":"<p>El dia 25 de mar\u00e7, a les 17h, se celebrar\u00e0 la\u00a0tercera sessi\u00f3 del Congr\u00e9s Nacional d&#8217;Educaci\u00f3 Ambiental: Mirades per a [&hellip;]<\/p>\n","protected":false},"author":1,"featured_media":13625,"comment_status":"open","ping_status":"closed","sticky":false,"template":"","format":"standard","meta":{"_bbp_topic_count":0,"_bbp_reply_count":0,"_bbp_total_topic_count":0,"_bbp_total_reply_count":0,"_bbp_voice_count":0,"_bbp_anonymous_reply_count":0,"_bbp_topic_count_hidden":0,"_bbp_reply_count_hidden":0,"_bbp_forum_subforum_count":0,"site-sidebar-layout":"default","site-content-layout":"","ast-site-content-layout":"","site-content-style":"default","site-sidebar-style":"default","ast-global-header-display":"","ast-banner-title-visibility":"","ast-main-header-display":"","ast-hfb-above-header-display":"","ast-hfb-below-header-display":"","ast-hfb-mobile-header-display":"","site-post-title":"","ast-breadcrumbs-content":"","ast-featured-img":"","footer-sml-layout":"","theme-transparent-header-meta":"","adv-header-id-meta":"","stick-header-meta":"","header-above-stick-meta":"","header-main-stick-meta":"","header-below-stick-meta":"","astra-migrate-meta-layouts":"default","ast-page-background-enabled":"default","ast-page-background-meta":{"desktop":{"background-color":"var(--ast-global-color-4)","background-image":"","background-repeat":"repeat","background-position":"center center","background-size":"auto","background-attachment":"scroll","background-type":"","background-media":"","overlay-type":"","overlay-color":"","overlay-opacity":"","overlay-gradient":""},"tablet":{"background-color":"","background-image":"","background-repeat":"repeat","background-position":"center center","background-size":"auto","background-attachment":"scroll","background-type":"","background-media":"","overlay-type":"","overlay-color":"","overlay-opacity":"","overlay-gradient":""},"mobile":{"background-color":"","background-image":"","background-repeat":"repeat","background-position":"center center","background-size":"auto","background-attachment":"scroll","background-type":"","background-media":"","overlay-type":"","overlay-color":"","overlay-opacity":"","overlay-gradient":""}},"ast-content-background-meta":{"desktop":{"background-color":"var(--ast-global-color-5)","background-image":"","background-repeat":"repeat","background-position":"center center","background-size":"auto","background-attachment":"scroll","background-type":"","background-media":"","overlay-type":"","overlay-color":"","overlay-opacity":"","overlay-gradient":""},"tablet":{"background-color":"var(--ast-global-color-5)","background-image":"","background-repeat":"repeat","background-position":"center center","background-size":"auto","background-attachment":"scroll","background-type":"","background-media":"","overlay-type":"","overlay-color":"","overlay-opacity":"","overlay-gradient":""},"mobile":{"background-color":"var(--ast-global-color-5)","background-image":"","background-repeat":"repeat","background-position":"center center","background-size":"auto","background-attachment":"scroll","background-type":"","background-media":"","overlay-type":"","overlay-color":"","overlay-opacity":"","overlay-gradient":""}},"footnotes":""},"categories":[29],"tags":[],"class_list":["post-13624","post","type-post","status-publish","format-standard","has-post-thumbnail","hentry","category-portada"],"post_mailing_queue_ids":[],"_links":{"self":[{"href":"https:\/\/serveiseducatius.xtec.cat\/terraalta\/wp-json\/wp\/v2\/posts\/13624","targetHints":{"allow":["GET"]}}],"collection":[{"href":"https:\/\/serveiseducatius.xtec.cat\/terraalta\/wp-json\/wp\/v2\/posts"}],"about":[{"href":"https:\/\/serveiseducatius.xtec.cat\/terraalta\/wp-json\/wp\/v2\/types\/post"}],"author":[{"embeddable":true,"href":"https:\/\/serveiseducatius.xtec.cat\/terraalta\/wp-json\/wp\/v2\/users\/1"}],"replies":[{"embeddable":true,"href":"https:\/\/serveiseducatius.xtec.cat\/terraalta\/wp-json\/wp\/v2\/comments?post=13624"}],"version-history":[{"count":2,"href":"https:\/\/serveiseducatius.xtec.cat\/terraalta\/wp-json\/wp\/v2\/posts\/13624\/revisions"}],"predecessor-version":[{"id":13628,"href":"https:\/\/serveiseducatius.xtec.cat\/terraalta\/wp-json\/wp\/v2\/posts\/13624\/revisions\/13628"}],"wp:featuredmedia":[{"embeddable":true,"href":"https:\/\/serveiseducatius.xtec.cat\/terraalta\/wp-json\/wp\/v2\/media\/13625"}],"wp:attachment":[{"href":"https:\/\/serveiseducatius.xtec.cat\/terraalta\/wp-json\/wp\/v2\/media?parent=13624"}],"wp:term":[{"taxonomy":"category","embeddable":true,"href":"https:\/\/serveiseducatius.xtec.cat\/terraalta\/wp-json\/wp\/v2\/categories?post=13624"},{"taxonomy":"post_tag","embeddable":true,"href":"https:\/\/serveiseducatius.xtec.cat\/terraalta\/wp-json\/wp\/v2\/tags?post=13624"}],"curies":[{"name":"wp","href":"https:\/\/api.w.org\/{rel}","templated":true}]}}