{"id":12759,"date":"2020-05-25T11:08:03","date_gmt":"2020-05-25T09:08:03","guid":{"rendered":"http:\/\/serveiseducatius.xtec.cat\/terraalta\/?p=12759"},"modified":"2020-05-25T11:08:03","modified_gmt":"2020-05-25T09:08:03","slug":"litterarum-digital-2020-i-fira-del-llibre-ebrenc","status":"publish","type":"post","link":"https:\/\/serveiseducatius.xtec.cat\/terraalta\/general\/litterarum-digital-2020-i-fira-del-llibre-ebrenc\/","title":{"rendered":"Litterarum digital 2020 i Fira del Llibre Ebrenc"},"content":{"rendered":"<p><a href=\"https:\/\/serveiseducatius.xtec.cat\/terraalta\/wp-content\/uploads\/usu1128\/2020\/05\/LitterarumDigital.png\"><img loading=\"lazy\" decoding=\"async\" class=\"aligncenter  wp-image-12760\" src=\"https:\/\/serveiseducatius.xtec.cat\/terraalta\/wp-content\/uploads\/usu1128\/2020\/05\/LitterarumDigital-300x178.png\" alt=\"\" width=\"339\" height=\"201\" srcset=\"https:\/\/serveiseducatius.xtec.cat\/terraalta\/wp-content\/uploads\/usu1128\/2020\/05\/LitterarumDigital-300x178.png 300w, https:\/\/serveiseducatius.xtec.cat\/terraalta\/wp-content\/uploads\/usu1128\/2020\/05\/LitterarumDigital.png 706w\" sizes=\"auto, (max-width: 339px) 100vw, 339px\" \/><\/a><b>Litterarum M\u00f3ra d\u2019Ebre <\/b>es reinventa i la seva 13a edici\u00f3 se celebrar\u00e0 del 28 al 31 de maig sota el nom de <strong>Litterarum digital 2020<\/strong>, on s&#8217;emetr\u00e0 en directe a trav\u00e9s de Watchity, una plataforma catalana professional de reproducci\u00f3 en l\u00ednia.<\/p>\n<p style=\"text-align: justify;\">La fira continuar\u00e0 incloent com a activitats destacades la Fira del llibre ebrenc i Litterarum petits i respectar\u00e0 l\u2019ess\u00e8ncia de la programaci\u00f3 de les \u00faltimes edicions que la va portar a ser\u00a0<b>Premi Nacional de Cultura 2019.<\/b><\/p>\n<p style=\"text-align: justify;\">Des de Litterarum ens ofereixen 3 xerrades virtuals en obert d&#8217;inter\u00e8s per a tots els docents i professionals de les biblioteques:<\/p>\n<ul>\n<li style=\"text-align: justify;\"><strong>Dijous 28 de maig 2020, a les 17h<\/strong>: <a href=\"https:\/\/www.litterarum.cat\/event\/fira-del-llibre-ebrenc-digital-17a-jornada-del-llibre-ebrenc-1a-taula-de-debat-tema-tria-encomana-i-fomenta-la-teva-biblioteca-escolar\" target=\"_blank\" rel=\"noopener noreferrer\"><em><strong>Tria, encomana i fomenta la teva Biblioteca Escolar<\/strong><\/em><\/a>, a c\u00e0rrec de Paula Jarr\u00edn, responsable de la llibreria infantil i juvenil Al\u00b7lots.<\/li>\n<li style=\"text-align: justify;\"><strong>Divendres 29 de maig 2020, a les 10.30h<\/strong>: <a href=\"https:\/\/www.litterarum.cat\/event\/17a-jornada-del-llibre-ebrenc-2a-taula-de-debat-tema-lectura-digital-de-lafecte-pels-llibres-lefecte-de-les-pantalles\" target=\"_blank\" rel=\"noopener noreferrer\"><strong><em>Lectura digital: de l&#8217;afecte pels llibres a l&#8217;efecte de les pantalles<\/em><\/strong><\/a>, a c\u00e0rrec de Joan Carles Navarro, expert en cultura digital liter\u00e0ria.<\/li>\n<li style=\"text-align: justify;\"><strong>Dissabte 30 de maig 2020, a les 12.30h<\/strong>: <a href=\"https:\/\/www.litterarum.cat\/event\/17a-jornada-del-llibre-ebrenc-3a-taula-de-debat-tema-el-fet-illustratiu-en-el-mon-de-la-literatura-infantil-i-juvenil\" target=\"_blank\" rel=\"noopener noreferrer\"><em><strong>El fet il\u00b7lustratiu en el m\u00f3n de la literatura infantil i juvenil<\/strong><\/em><\/a>. Intervindran els il\u00b7lustradors Ignasi Blanch i Roser Gay.<\/li>\n<\/ul>\n<p style=\"text-align: justify;\">Podeu consultar el programa complet i seguir les activitats en directe a trav\u00e9s del web <a href=\"https:\/\/www.litterarum.cat\/\" target=\"_blank\" rel=\"noopener noreferrer\">www.litterarum.cat<\/a><\/p>\n","protected":false},"excerpt":{"rendered":"<p>Litterarum M\u00f3ra d\u2019Ebre es reinventa i la seva 13a edici\u00f3 se celebrar\u00e0 del 28 al 31 de maig sota el [&hellip;]<\/p>\n","protected":false},"author":1,"featured_media":12760,"comment_status":"open","ping_status":"closed","sticky":false,"template":"","format":"standard","meta":{"_bbp_topic_count":0,"_bbp_reply_count":0,"_bbp_total_topic_count":0,"_bbp_total_reply_count":0,"_bbp_voice_count":0,"_bbp_anonymous_reply_count":0,"_bbp_topic_count_hidden":0,"_bbp_reply_count_hidden":0,"_bbp_forum_subforum_count":0,"site-sidebar-layout":"default","site-content-layout":"","ast-site-content-layout":"","site-content-style":"default","site-sidebar-style":"default","ast-global-header-display":"","ast-banner-title-visibility":"","ast-main-header-display":"","ast-hfb-above-header-display":"","ast-hfb-below-header-display":"","ast-hfb-mobile-header-display":"","site-post-title":"","ast-breadcrumbs-content":"","ast-featured-img":"","footer-sml-layout":"","theme-transparent-header-meta":"","adv-header-id-meta":"","stick-header-meta":"","header-above-stick-meta":"","header-main-stick-meta":"","header-below-stick-meta":"","astra-migrate-meta-layouts":"default","ast-page-background-enabled":"default","ast-page-background-meta":{"desktop":{"background-color":"var(--ast-global-color-4)","background-image":"","background-repeat":"repeat","background-position":"center center","background-size":"auto","background-attachment":"scroll","background-type":"","background-media":"","overlay-type":"","overlay-color":"","overlay-opacity":"","overlay-gradient":""},"tablet":{"background-color":"","background-image":"","background-repeat":"repeat","background-position":"center center","background-size":"auto","background-attachment":"scroll","background-type":"","background-media":"","overlay-type":"","overlay-color":"","overlay-opacity":"","overlay-gradient":""},"mobile":{"background-color":"","background-image":"","background-repeat":"repeat","background-position":"center center","background-size":"auto","background-attachment":"scroll","background-type":"","background-media":"","overlay-type":"","overlay-color":"","overlay-opacity":"","overlay-gradient":""}},"ast-content-background-meta":{"desktop":{"background-color":"var(--ast-global-color-5)","background-image":"","background-repeat":"repeat","background-position":"center center","background-size":"auto","background-attachment":"scroll","background-type":"","background-media":"","overlay-type":"","overlay-color":"","overlay-opacity":"","overlay-gradient":""},"tablet":{"background-color":"var(--ast-global-color-5)","background-image":"","background-repeat":"repeat","background-position":"center center","background-size":"auto","background-attachment":"scroll","background-type":"","background-media":"","overlay-type":"","overlay-color":"","overlay-opacity":"","overlay-gradient":""},"mobile":{"background-color":"var(--ast-global-color-5)","background-image":"","background-repeat":"repeat","background-position":"center center","background-size":"auto","background-attachment":"scroll","background-type":"","background-media":"","overlay-type":"","overlay-color":"","overlay-opacity":"","overlay-gradient":""}},"footnotes":""},"categories":[1,442,29,443,446],"tags":[672],"class_list":["post-12759","post","type-post","status-publish","format-standard","has-post-thumbnail","hentry","category-general","category-infantil","category-portada","category-primaria","category-secundaria","tag-litterarum-firadelllibreebrenc"],"post_mailing_queue_ids":[],"_links":{"self":[{"href":"https:\/\/serveiseducatius.xtec.cat\/terraalta\/wp-json\/wp\/v2\/posts\/12759","targetHints":{"allow":["GET"]}}],"collection":[{"href":"https:\/\/serveiseducatius.xtec.cat\/terraalta\/wp-json\/wp\/v2\/posts"}],"about":[{"href":"https:\/\/serveiseducatius.xtec.cat\/terraalta\/wp-json\/wp\/v2\/types\/post"}],"author":[{"embeddable":true,"href":"https:\/\/serveiseducatius.xtec.cat\/terraalta\/wp-json\/wp\/v2\/users\/1"}],"replies":[{"embeddable":true,"href":"https:\/\/serveiseducatius.xtec.cat\/terraalta\/wp-json\/wp\/v2\/comments?post=12759"}],"version-history":[{"count":1,"href":"https:\/\/serveiseducatius.xtec.cat\/terraalta\/wp-json\/wp\/v2\/posts\/12759\/revisions"}],"predecessor-version":[{"id":12761,"href":"https:\/\/serveiseducatius.xtec.cat\/terraalta\/wp-json\/wp\/v2\/posts\/12759\/revisions\/12761"}],"wp:featuredmedia":[{"embeddable":true,"href":"https:\/\/serveiseducatius.xtec.cat\/terraalta\/wp-json\/wp\/v2\/media\/12760"}],"wp:attachment":[{"href":"https:\/\/serveiseducatius.xtec.cat\/terraalta\/wp-json\/wp\/v2\/media?parent=12759"}],"wp:term":[{"taxonomy":"category","embeddable":true,"href":"https:\/\/serveiseducatius.xtec.cat\/terraalta\/wp-json\/wp\/v2\/categories?post=12759"},{"taxonomy":"post_tag","embeddable":true,"href":"https:\/\/serveiseducatius.xtec.cat\/terraalta\/wp-json\/wp\/v2\/tags?post=12759"}],"curies":[{"name":"wp","href":"https:\/\/api.w.org\/{rel}","templated":true}]}}