{"id":12166,"date":"2019-11-05T10:45:53","date_gmt":"2019-11-05T09:45:53","guid":{"rendered":"http:\/\/serveiseducatius.xtec.cat\/terraalta\/?p=12166"},"modified":"2019-11-06T08:30:51","modified_gmt":"2019-11-06T07:30:51","slug":"conferencia-taller-la-natura-una-aliada-en-el-desenvolupament-infantil-i-en-els-processos-daprenentatge","status":"publish","type":"post","link":"https:\/\/serveiseducatius.xtec.cat\/terraalta\/portada\/conferencia-taller-la-natura-una-aliada-en-el-desenvolupament-infantil-i-en-els-processos-daprenentatge\/","title":{"rendered":"Confer\u00e8ncia taller: LA NATURA, UNA ALIADA EN EL DESENVOLUPAMENT INFANTIL I EN ELS PROCESSOS D&#8217;APRENENTATGE\u00a0"},"content":{"rendered":"<p style=\"text-align: justify;\">El proper dissabte dia 9 de novembre dins de la formaci\u00f3 Intercanvi d&#8217;experi\u00e8ncies d&#8217;escola inclusiva, es realitzar\u00e0 la confer\u00e8ncia taller\u00a0<strong>LA NATURA, UNA ALIADA EN EL DESENVOLUPAMENT INFANTIL I EN ELS PROCESSOS D&#8217;APRENENTATGE.<\/strong><\/p>\n<p style=\"text-align: justify;\">Vicky Mateu, de Pas d&#8217;Infant, ser\u00e0 la formadora que ens guiar\u00e0 per espais de la natura de Gandesa i amb ella explorarem la import\u00e0ncia del contacte regular amb la natura i quin paper t\u00e9 en el desenvolupament i en els processos d\u2019aprenentatge dels infants; els espais vius, oberts i naturals com a escola; reflexionarem com les activitats en entorns natural fomenten la motivaci\u00f3, les ganes de descobrir, l\u2019equilibri emocional i les relacions socials; ens oferir\u00e0 idees, coses a tenir en compte i propostes per acompanyar els infants en entorns vius i naturals.<\/p>\n<p style=\"text-align: justify;\"><strong>Quant a objectius:<\/strong><\/p>\n<ul style=\"text-align: justify;\">\n<li>El paper de la natura en el desenvolupament i en els processos d\u2019aprenentatge de l\u2019infant.<\/li>\n<li>La natura com espai favorable per al moviment-joc lliure i espontani.<\/li>\n<li>La natura ambient \u00f2ptim per desenvolupar les estructures cognitives b\u00e0siques.<\/li>\n<li>La natura com entorn idoni per l\u2019exploraci\u00f3, l\u2019experimentaci\u00f3 i la descoberta; aprenentatges aut\u00f2noms, vivencials i significatius.<\/li>\n<li>Habilitats que treballem a la natura.<\/li>\n<li>Entendre qu\u00e8 aporten les sortides i excursions.<\/li>\n<li>Observar, escoltar i respectar altres esp\u00e8cies. La viv\u00e8ncia i la comprensi\u00f3 dels ecosistemes.<\/li>\n<li>Posar de manifest la import\u00e0ncia de l\u2019avaluaci\u00f3 de riscos, la presa de decisions i assumir responsabilitats.<\/li>\n<\/ul>\n<p style=\"text-align: justify;\"><strong>\u00a0I els <\/strong><strong>Continguts: <\/strong><strong>Principis de l\u2019escola de bosc en el marc d\u2019un espai educatiu<\/strong><\/p>\n<ul>\n<li style=\"text-align: justify;\">Autoregulaci\u00f3, autonomia i autoestima a la natura.<\/li>\n<li style=\"text-align: justify;\">Moviment lliure i joc en entorns naturals.<\/li>\n<li style=\"text-align: justify;\">Experi\u00e8ncies sensorials en espais vius, oberts i naturals.<\/li>\n<li style=\"text-align: justify;\">Aprenentatges integrats dins la vida, vivencials, aut\u00f2noms i significatius.<\/li>\n<li style=\"text-align: justify;\">Benestar individual i grupal, cura de l\u2019entorn.<\/li>\n<li style=\"text-align: justify;\">El desenvolupament de les estructures cognitives b\u00e0siques.<\/li>\n<li style=\"text-align: justify;\">L\u2019infant: observar, explorar, q\u00fcestionar i descobrir.<\/li>\n<li style=\"text-align: justify;\">Fer visible all\u00f2 invisible.<\/li>\n<li style=\"text-align: justify;\">Viv\u00e8ncies diverses, enriquidores i que suposen reptes motivadors.<\/li>\n<li style=\"text-align: justify;\">Abund\u00e0ncia de recursos, abs\u00e8ncia de joguines, aportaci\u00f3 m\u00ednima de materials espec\u00edfics.<\/li>\n<li style=\"text-align: justify;\">Rol de l\u2019adult en espais oberts.<\/li>\n<li style=\"text-align: justify;\">Garantir les necessitats b\u00e0siques.<\/li>\n<li style=\"text-align: justify;\">Entendre conviv\u00e8ncia amb altres esp\u00e8cies i comprendre l\u2019impacte que t\u00e9 la nostra estada a la natura i com minimitzar-lo.<\/li>\n<\/ul>\n<p><strong>\u00a0<\/strong><\/p>\n","protected":false},"excerpt":{"rendered":"<p>El proper dissabte dia 9 de novembre dins de la formaci\u00f3 Intercanvi d&#8217;experi\u00e8ncies d&#8217;escola inclusiva, es realitzar\u00e0 la confer\u00e8ncia taller\u00a0LA [&hellip;]<\/p>\n","protected":false},"author":1,"featured_media":12169,"comment_status":"closed","ping_status":"closed","sticky":false,"template":"","format":"standard","meta":{"_bbp_topic_count":0,"_bbp_reply_count":0,"_bbp_total_topic_count":0,"_bbp_total_reply_count":0,"_bbp_voice_count":0,"_bbp_anonymous_reply_count":0,"_bbp_topic_count_hidden":0,"_bbp_reply_count_hidden":0,"_bbp_forum_subforum_count":0,"site-sidebar-layout":"default","site-content-layout":"","ast-site-content-layout":"","site-content-style":"default","site-sidebar-style":"default","ast-global-header-display":"","ast-banner-title-visibility":"","ast-main-header-display":"","ast-hfb-above-header-display":"","ast-hfb-below-header-display":"","ast-hfb-mobile-header-display":"","site-post-title":"","ast-breadcrumbs-content":"","ast-featured-img":"","footer-sml-layout":"","theme-transparent-header-meta":"","adv-header-id-meta":"","stick-header-meta":"","header-above-stick-meta":"","header-main-stick-meta":"","header-below-stick-meta":"","astra-migrate-meta-layouts":"default","ast-page-background-enabled":"default","ast-page-background-meta":{"desktop":{"background-color":"var(--ast-global-color-4)","background-image":"","background-repeat":"repeat","background-position":"center center","background-size":"auto","background-attachment":"scroll","background-type":"","background-media":"","overlay-type":"","overlay-color":"","overlay-opacity":"","overlay-gradient":""},"tablet":{"background-color":"","background-image":"","background-repeat":"repeat","background-position":"center center","background-size":"auto","background-attachment":"scroll","background-type":"","background-media":"","overlay-type":"","overlay-color":"","overlay-opacity":"","overlay-gradient":""},"mobile":{"background-color":"","background-image":"","background-repeat":"repeat","background-position":"center center","background-size":"auto","background-attachment":"scroll","background-type":"","background-media":"","overlay-type":"","overlay-color":"","overlay-opacity":"","overlay-gradient":""}},"ast-content-background-meta":{"desktop":{"background-color":"var(--ast-global-color-5)","background-image":"","background-repeat":"repeat","background-position":"center center","background-size":"auto","background-attachment":"scroll","background-type":"","background-media":"","overlay-type":"","overlay-color":"","overlay-opacity":"","overlay-gradient":""},"tablet":{"background-color":"var(--ast-global-color-5)","background-image":"","background-repeat":"repeat","background-position":"center center","background-size":"auto","background-attachment":"scroll","background-type":"","background-media":"","overlay-type":"","overlay-color":"","overlay-opacity":"","overlay-gradient":""},"mobile":{"background-color":"var(--ast-global-color-5)","background-image":"","background-repeat":"repeat","background-position":"center center","background-size":"auto","background-attachment":"scroll","background-type":"","background-media":"","overlay-type":"","overlay-color":"","overlay-opacity":"","overlay-gradient":""}},"footnotes":""},"categories":[448,29],"tags":[215,547],"class_list":["post-12166","post","type-post","status-publish","format-standard","has-post-thumbnail","hentry","category-formacio-permanent","category-portada","tag-formacio-permanent-del-professorat","tag-medi"],"post_mailing_queue_ids":[],"_links":{"self":[{"href":"https:\/\/serveiseducatius.xtec.cat\/terraalta\/wp-json\/wp\/v2\/posts\/12166","targetHints":{"allow":["GET"]}}],"collection":[{"href":"https:\/\/serveiseducatius.xtec.cat\/terraalta\/wp-json\/wp\/v2\/posts"}],"about":[{"href":"https:\/\/serveiseducatius.xtec.cat\/terraalta\/wp-json\/wp\/v2\/types\/post"}],"author":[{"embeddable":true,"href":"https:\/\/serveiseducatius.xtec.cat\/terraalta\/wp-json\/wp\/v2\/users\/1"}],"replies":[{"embeddable":true,"href":"https:\/\/serveiseducatius.xtec.cat\/terraalta\/wp-json\/wp\/v2\/comments?post=12166"}],"version-history":[{"count":2,"href":"https:\/\/serveiseducatius.xtec.cat\/terraalta\/wp-json\/wp\/v2\/posts\/12166\/revisions"}],"predecessor-version":[{"id":12170,"href":"https:\/\/serveiseducatius.xtec.cat\/terraalta\/wp-json\/wp\/v2\/posts\/12166\/revisions\/12170"}],"wp:featuredmedia":[{"embeddable":true,"href":"https:\/\/serveiseducatius.xtec.cat\/terraalta\/wp-json\/wp\/v2\/media\/12169"}],"wp:attachment":[{"href":"https:\/\/serveiseducatius.xtec.cat\/terraalta\/wp-json\/wp\/v2\/media?parent=12166"}],"wp:term":[{"taxonomy":"category","embeddable":true,"href":"https:\/\/serveiseducatius.xtec.cat\/terraalta\/wp-json\/wp\/v2\/categories?post=12166"},{"taxonomy":"post_tag","embeddable":true,"href":"https:\/\/serveiseducatius.xtec.cat\/terraalta\/wp-json\/wp\/v2\/tags?post=12166"}],"curies":[{"name":"wp","href":"https:\/\/api.w.org\/{rel}","templated":true}]}}