{"id":8705,"date":"2018-02-22T17:39:57","date_gmt":"2018-02-22T16:39:57","guid":{"rendered":"http:\/\/serveiseducatius.xtec.cat\/tarragones\/?p=8705"},"modified":"2019-04-29T11:04:23","modified_gmt":"2019-04-29T09:04:23","slug":"trics12_emagana","status":"publish","type":"post","link":"https:\/\/serveiseducatius.xtec.cat\/tarragones\/dinamitzacio\/trics\/trics12_emagana\/","title":{"rendered":"Comparaci\u00f3 dels models educatius al Camp de Tarragona"},"content":{"rendered":"<p><img loading=\"lazy\" decoding=\"async\" class=\"alignright wp-image-5353\" title=\"Eva Maga\u00f1a Herrero\" src=\"http:\/\/serveiseducatius.xtec.cat\/tarragones\/wp-content\/uploads\/usu549\/2018\/02\/trics12_emagana.jpg\" alt=\"Eva Maga\u00f1a Herrero\" width=\"150\" height=\"200\" \/><strong><span style=\"color: #808080;\"><em>T\u00edtol:\u00a0\u00a0\u00a0\u00a0\u00a0\u00a0\u00a0\u00a0\u00a0\u00a0<\/em><\/span><\/strong><strong>Comparaci\u00f3 dels models educatius al Camp de Tarragona<\/strong><br \/>\n<strong><em><span style=\"color: #808080;\">Autor\/a:\u00a0\u00a0\u00a0\u00a0<\/span><\/em><\/strong><strong> Eva Maga\u00f1a Herrero<\/strong><br \/>\n<strong><em><span style=\"color: #808080;\">Tutor\/a:\u00a0\u00a0\u00a0\u00a0\u00a0\u00a0<\/span><\/em><\/strong>Elisenda Armengol<br \/>\n<strong><em><span style=\"color: #808080;\">Modalitat:\u00a0\u00a0<\/span><\/em><\/strong>Humanitats i Ci\u00e8ncies Socials<br \/>\n<strong><em><span style=\"color: #808080;\">\u00c0rea:\u00a0\u00a0\u00a0\u00a0\u00a0\u00a0\u00a0\u00a0\u00a0\u00a0<\/span><\/em><\/strong>Llengua<br \/>\n<strong><em><span style=\"color: #808080;\">Centre:\u00a0\u00a0\u00a0\u00a0\u00a0\u00a0\u00a0<\/span><\/em><\/strong>Ins Jaume Huguet<br \/>\n<strong><em><span style=\"color: #808080;\">Localitat:\u00a0\u00a0\u00a0<\/span><\/em><\/strong>Valls<\/p>\n<h6><strong>Objectius:<\/strong><\/h6>\n<ol>\n<li>\n<p style=\"text-align: justify;\">Con\u00e8ixer i descriure el sistema educatiu catal\u00e0.<\/p>\n<\/li>\n<li>\n<p style=\"text-align: justify;\">Comparar els diferents tipus d\u2019escoles catalanes.<\/p>\n<\/li>\n<li>\n<p style=\"text-align: justify;\">Analitzar els aspectes de millor qualitat de cada model educatiu.<\/p>\n<\/li>\n<li>\n<p style=\"text-align: justify;\">Concloure quin model educatiu \u00e9s m\u00e9s efica\u00e7.<\/p>\n<\/li>\n<li>\n<p style=\"text-align: justify;\">Aprendre sobre el m\u00f3n de l\u2019educaci\u00f3 ja que m\u2019ajudar\u00e0 a endinsar-me a la meva vocaci\u00f3.<\/p>\n<\/li>\n<\/ol>\n<h6><strong>Hip\u00f2tesi:<\/strong><\/h6>\n<p style=\"text-align: justify;\">Els alumnes de les escoles rurals treballen m\u00e9s en equip.<br \/>\nEls alumnes de les escoles rurals tenen m\u00e9s viv\u00e8ncia amb l\u2019entorn natural.<br \/>\nEls alumnes de les escoles rurals tenen menys deures.<br \/>\nEls alumnes de les escoles privades o concertades no tenen millors rendiments.<br \/>\nEls alumnes de les escoles privades o concertades fan menys activitats a la natura.<br \/>\nLes escoles concertades tenen m\u00e9s tecnologies incorporades a l\u2019aula.<br \/>\nEls pares dels alumnes d\u2019escoles concertades i privades tenen menys relaci\u00f3 amb els mestres dels deus fills\/es.<br \/>\nEls alumnes d\u2019escoles concertades i privades fan m\u00e9s ex\u00e0mens.<br \/>\nEls mestres tenen m\u00e9s llibertat de treball a les escoles p\u00fabliques.<br \/>\nEn general, els mestres creuen convenient els deures.<\/p>\n<h6><strong>El proc\u00e9s:<\/strong><\/h6>\n<p style=\"text-align: justify;\">He volgut desenvolupar les meves hip\u00f2tesis partint d&#8217;idees generals a m\u00e9s concretes. He estudiat com est\u00e0 organitada l&#8217;educaci\u00f3 al Camp de Tarragona a partir d&#8217;una base te\u00f2rica i entrevistes a professionals d&#8217;aquest \u00e0mbit. La meva part pr\u00e0ctica s&#8217;ha basat en entrevistes a nou escoles, en cada una d&#8217;aquestes he entrevistat a:dos alumnes de tercer de prim\u00e0ria, dos alumnes de quart de prim\u00e0ria i dos mestres de qualsevol tipologia. Obtenint aix\u00ed un total de cinquanta-quatre entrevistes.<\/p>\n<h6><strong>Conclusions:<\/strong><\/h6>\n<p style=\"text-align: justify;\">CONLUSIONS ALUMNES:<br \/>\nAls alumnes d\u2019escola concertada els agrada menys anar a l\u2019escola que als alumnes d\u2019escola p\u00fablica.<br \/>\nHi ha m\u00e9s percentatge d\u2019alumnes d\u2019escola p\u00fablica que troben f\u00e0cil el que estudien.<br \/>\nEls alumnes d\u2019escola concertada rebutgen l\u2019assignatura de religi\u00f3 i prefereixen les de modalitat art\u00edstica mentre que els alumnes d\u2019escola p\u00fablica rebutgen la llengua castellana i prefereixen les matem\u00e0tiques.<br \/>\nEls alumnes d\u2019escola concertada tenen una mica m\u00e9s de deures que els alumnes d\u2019escola p\u00fablica.<br \/>\nEls alumnes d\u2019escola p\u00fablica fan m\u00e9s activitats fora de l\u2019aula que els alumnes d\u2019escola concertada.<br \/>\nEls alumnes d\u2019escola concertada treballen m\u00e9s en equip que els alumnes d\u2019escola p\u00fablica.<br \/>\nLes aules d\u2019escoles concertades disposen de m\u00e9s material tecnol\u00f2gic a l\u2019aula que les aules d\u2019escoles p\u00fabliques.<br \/>\nLa relaci\u00f3 dels alumnes amb els mestres no dep\u00e8n del tipus d\u2019escola.<br \/>\nEls alumnes d\u2019escola concertada surten m\u00e9s cansats que els de l\u2019escola p\u00fablica.<br \/>\nCONCLUSIONS MESTRES:<br \/>\nL\u2019acc\u00e9s dels mestres a les escoles privades \u00e9s m\u00e9s redu\u00eft.<br \/>\nEn general, els mestres mostren una actitud renovadora envers l\u2019educaci\u00f3.<br \/>\nLes aules de les escoles concertades estan equipades amb m\u00e9s tecnologies que les aules de les escoles p\u00fabliques.<br \/>\nL\u2019avaluaci\u00f3 ha de ser cont\u00ednua i s\u2019han de tenir en compte molts aspectes a partir de l\u2019observaci\u00f3 directa del dia a dia.<br \/>\nLa majoria de mestres troben convenients els deures en mesura, els mestres d\u2019escola p\u00fablica s\u00f3n m\u00e9s propers a no posar-ne.<br \/>\nTant en escoles p\u00fabliques com concertades, els mestres tenen bona relaci\u00f3 amb els seus alumnes.<br \/>\nEn general, tots els mestres tenen contacte directe amb els pares, encara que aquest contacte \u00e9s m\u00e9s freq\u00fcent en escoles petites.<br \/>\nTotes les escoles, tant p\u00fabliques com concertades, apliquen correctament estrat\u00e8gies als alumnes amb dificultats d\u2019aprenentatge.<br \/>\nEls mestres d\u2019escola concertada reparteixen m\u00e9s el pes de les assignatures que els mestres d\u2019escola p\u00fablica.<br \/>\nEls mestres d\u2019escola p\u00fablica anteposen m\u00e9s els centres on treballen que els mestres d\u2019escola concertada.<\/p>\n<h6><strong>Bibliografia:<\/strong><\/h6>\n<ul>\n<li>Dom\u00e8nech FranceschElogio de la Educaci\u00f3n LentaGra\u00f3<\/li>\n<li>Richard GerverCrear hoy la escuela del ma\u00f1ana: la educaci\u00f3n y el futuro de nuestros hijosEdiciones SM<\/li>\n<li>Emile DurkheimEducaci\u00f3 i sociologiaEumo<\/li>\n<\/ul>\n<h6><strong>Llocs Web:<\/strong><\/h6>\n<h6><strong>V\u00eddeo:<\/strong><\/h6>\n<h6><strong>Presentaci\u00f3:<\/strong><\/h6>\n<p><iframe loading=\"lazy\" style=\"border: 1px solid #CCC; border-width: 1px; margin-bottom: 5px; max-width: 100%;\" src=\"\/\/www.slideshare.net\/slideshow\/embed_code\/key\/ByiGHZh3tHTo0R\" width=\"595\" height=\"485\" frameborder=\"0\" marginwidth=\"0\" marginheight=\"0\" scrolling=\"no\" allowfullscreen=\"allowfullscreen\"> <\/iframe><\/p>\n<h6><strong>Fotos:<\/strong><\/h6>\n<div id=\"2980F\" style=\"width: 600px; height: 400px; display: none;\"><img decoding=\"async\" src=\"https:\/\/lh3.googleusercontent.com\/L7SO3VGWjSMBel3pwkV4d-sj8MS574Mf0z7UZJIG2qAW-CXkqCL0DQ0jsDjuyqTPPCXoZZ5DYvp97UsJb-RzIOfW3_3aKdIafdg75RBscDQiY7tPP_MoTJeIhZ2AzH8sJqsk23Was8ZpEZzmYYQ6csITuxYcxFI6Vv_GwAUcw-22dAMZbdTSxxTiNcrifTegQ2aZOcF9QC2sWQ3CtNAUjfxQR-POKdrKpgkscI7UXbLD6APCSBb84VJ9B2pHmfv-5FeuzFxPv0EXHSRGxJvP0HUdJCU7PJokh8BBgZoS6VzIwSaHiWaPpuacvTHKvocvawtMCZZDWX7tjm5TkhiGgBECabIEElaEZX9KSY0B8IwKWH_4uVN0xIddCTw1LVh0qEzY4otQZa6S3hGKGvqv5rzxFqBeK_Z5SWorNT1soIY7bKYjqhPHLC508z-qdj2vavd6reDh0Mz8H9B4M5pspZN3PFaO_j_mt_ub7LOI-Q1y-HiW2JqwSJfFKX-VXeDG8CheVAwI77d_BRbtUVW_oRCP3PpaUPcaI7ekYOuMC7wySSOFIel0ln8SduddJCJx6EFiQEHfW46xj1_jA_H4ObgVzGwjRhxV9BQJo1QTqajjFFwZZOLmhC1yTisY7Jfl3LKJOYmTJ-oMXGA0fPPm6cjwVV4q7aQE=w243-h110-no\" data-link=\"https:\/\/photos.google.com\/share\/AF1QipNSuBRRMYSMGbS0CbdjR5oHZMJ2P3uhmBtZxcp1Bki25clAyQ-CeEq1zvqr1MctnA\/photo\/AF1QipMo1CGid06ovLjp7OxzBGOmpMjoXzNB-8VV32g2?key=ZnY5RzJwQWd6VjIyWHM1YVJkMXhIejMwN2RoeF9R\" \/><br \/>\n<img decoding=\"async\" src=\"https:\/\/lh3.googleusercontent.com\/IH9l2d--PNdVk1o4OzEXdavr1AGbq-UiAPk0P76ikj3r29aM-BuXpyLqwrLrbDk0s-mZjiZWCSdaZIz15nPIeTmwX4LYIMZ-Z77wngCSmmWpovCP0q8HTLWFql0ILNtywEUmfr4vnxDQ1trunQjxeNqKw_UyGUb52BUoHvQylWVVocaRCH41WHVsOm0qHLi30e2YG7RVwlIYBEsqbBb5BL0xsPhyeQvgUPip6T-DEEHpJ-AJSZ81N2R-ft11CCZiODkOXckFpEy1wldij5kEqJH5Np5gO9mwjDFac5V11Ib2OCpWtC2K4tgZp-jSCz0gULZ-qHedbqg7fdYS99urzQ_EQsfFeqZTI325bSaXsThZ38q5exooNhLIta3bJGaK0gYNw-4a_ROrb5mEfnE2aA2EIxFC2gdTrixkNZOYDptwOCi5o3ujepv6cCNbLqZnNTJQgxBgh3zObGQH8XyIfbrWccVI0ctXBuU6pBgC_m5Z17yl1mackFyt4-BuYHLwgtUmib0TGeAG9XTDJtdbCYSIm26IOJNedj8s2t7y26_cZjM5edoY5uCxTHFVtGSpRMDkcwaHG-dJNYqHxwRPOoF0x292jF4iM4wNRoZvE0LzJbD8NVd2dxYF9Hr7JArmiHEd8dPpa7HD8HaFvma-g4Rp25NmB6KX=w400-h148-no\" data-link=\"https:\/\/photos.google.com\/share\/AF1QipNSuBRRMYSMGbS0CbdjR5oHZMJ2P3uhmBtZxcp1Bki25clAyQ-CeEq1zvqr1MctnA\/photo\/AF1QipP03WHxMxaDJa7K-urXFctbLUD00AnZNsQygmEE?key=ZnY5RzJwQWd6VjIyWHM1YVJkMXhIejMwN2RoeF9R\" \/><br \/>\n<img decoding=\"async\" src=\"https:\/\/lh3.googleusercontent.com\/dCGkQTdSKi5nKg53rQ9Qg60ieGEtfVUlNSbsrNZC0cnVOcR4X_ehRxMoPPevrekaQQ0Tq0W7HrBgH520NVLlo0n8CpnsRsqW7yCoHFuc9FytanROVk6HNNpSWyG4_yOUJoIViMwXOuuuf-mZ3d04q5g_gtO_0Sr7HlQ10AHBzA1qNv5-gSUxGngSg-9mLs7LxnoEqsx0gOYrF9WTpqGBu7AFBQekgu52f5nnZbiYzyehRnlpe58-Y_dYNV_eyOioL3dIck1GM_ih42-DRCCJfbYdKIBeSlUvAhvaxIPFulm4g7keIJR1ZBI4lhSXl_1A09MHYiQfl1Rfkpda6PTZVwbYM89FzavUTADIa2MReJdmq9JpmOgZwZTntJmygRbqiHjWQuhgGVaYiFQziQhOKxbfFfdwzJerphGr971JqOWvSkWQ_AKd_4D76-KecNZ6Z6vRPPyae98n0U7oHVKHF2jYm5k746xjSNS1yZ3trPzcIkX6bg8hb0QakX3MX53XcoZHeQWIocn52NxjgIBNmvRQefWaiFfEboA9jitA_UsQluH84-pRL1gW7_aNQ6GexPbX7aYSht5qZ0tcfklKk1I2wMTYCJkdQA51f59znUX_D_gKigqHa3FQP0WxPTz9Sse2lrYsKcbv7ZyKxO_ZHz9djTvN_dtM=w369-h136-no\" data-link=\"https:\/\/photos.google.com\/share\/AF1QipNSuBRRMYSMGbS0CbdjR5oHZMJ2P3uhmBtZxcp1Bki25clAyQ-CeEq1zvqr1MctnA\/photo\/AF1QipMZ1-1-muxkLgw5iw2wByLKtY6cKGGvuuvIX-rv?key=ZnY5RzJwQWd6VjIyWHM1YVJkMXhIejMwN2RoeF9R\" \/><br \/>\n<img decoding=\"async\" src=\"https:\/\/lh3.googleusercontent.com\/gLLG4TlEqwDY13yEL4hHhCcRfY-pG7GR63A1_aO98R-YSNjkMokZ03f7KmZCm5_kkI5AevuVNcBxhrFeeKiqr0auoNeYe8ExWFNUlLTYwKnDQ1OCFyyv-kznuy6EMGQKYNofq_2Qq9sGH3U2dohGq6-BdRw36VDfGv_bk0wB33HW8RVDZEPf7AzhU7Yl9AYYw-KV990EohiBAj9lm7OcdCOVNTTGlC0d6SlYpiUtHbtjovOCLE0CfTnrTELe5zSYlh8cagevQAmQpaGy99htshYwnzEQX9nvw_sBjbvcc3rgPzBGIWktTjEuovjnOqS5NvZbRoAQfj-PoX8wm5HLVPe_mT8_51g0S0GlXsQJJ6xSvgWSIAb58xfNGBSspCIhFkkoHPiJkJbt92edXhjbbw_Z03UuNm1AY32xSzKro9frqK7lgR9zc1dh5u7DCshYSGAwb1NdEYEyGXOOJ9Qvj7fkq8YmJM9arh_W6iVk3CGliUaPxe1yPueW-9krwYHozul3AtCy02aUl7MCw61vxya6q8yqE5eGZI3L9ZYpZRfm5Rw6ZBo3HIuRAGirvRYshou26ykgAL-lNf9XoZr5crLTIqw20iafMtwHQaHEumzJMGRwpruD9z9HdWVDXDlgUJOxWN5_v4Wc4qQQXmkXyzOHV7-4VYSt=w303-h166-no\" data-link=\"https:\/\/photos.google.com\/share\/AF1QipNSuBRRMYSMGbS0CbdjR5oHZMJ2P3uhmBtZxcp1Bki25clAyQ-CeEq1zvqr1MctnA\/photo\/AF1QipPB85cwapoqHjqTfqx73J_uvokKCJKvopQlCHVS?key=ZnY5RzJwQWd6VjIyWHM1YVJkMXhIejMwN2RoeF9R\" \/><\/div>\n<p><script type=\"text\/javascript\" src=\"https:\/\/cdn.jsdelivr.net\/jquery\/1.12.3\/jquery.min.js\"><\/script><br \/>\n<script>\n (MyGalleries=(typeof MyGalleries === 'undefined' ? [] : MyGalleries)).push({gallId:'#2980F',autoplay:true,lightbox:true,debug:false,popupLinks:true});\n if(typeof GalleryLoaded === 'undefined'){\n  GalleryLoaded = jQuery(function(){\n   jQuery.ajax({url:'https:\/\/cdn.jsdelivr.net\/galleria\/1.4.2\/galleria.min.js',dataType:'script',cache:true}).done(function(){\n    Galleria.loadTheme('https:\/\/cdn.jsdelivr.net\/galleria\/1.4.2\/themes\/classic\/galleria.classic.js');\n    for(var n in MyGalleries){\n     Galleria.run(MyGalleries[n].gallId, MyGalleries[n]);\n     jQuery(MyGalleries[n].gallId).css('display','block');\n    }\n   });\n  });\n }\n<\/script><br \/>\n<sup><em>1.- Escolanova21<\/em><\/sup><br \/>\n<sup><em>2.- Pla educatiu d&#8217;entorn <\/em><\/sup><br \/>\n<sup><em>3.- Projecte educatiu de ciutat<\/em><\/sup><br \/>\n<sup><em>4.- &#8220;The flipped classroom&#8221;<\/em><\/sup><\/p>\n","protected":false},"excerpt":{"rendered":"<p>Eva Maga\u00f1a Herrero<\/p>\n","protected":false},"author":1,"featured_media":8708,"comment_status":"open","ping_status":"closed","sticky":false,"template":"","format":"standard","meta":{"_bbp_topic_count":0,"_bbp_reply_count":0,"_bbp_total_topic_count":0,"_bbp_total_reply_count":0,"_bbp_voice_count":0,"_bbp_anonymous_reply_count":0,"_bbp_topic_count_hidden":0,"_bbp_reply_count_hidden":0,"_bbp_forum_subforum_count":0,"site-sidebar-layout":"default","site-content-layout":"","ast-site-content-layout":"","site-content-style":"default","site-sidebar-style":"default","ast-global-header-display":"","ast-banner-title-visibility":"","ast-main-header-display":"","ast-hfb-above-header-display":"","ast-hfb-below-header-display":"","ast-hfb-mobile-header-display":"","site-post-title":"","ast-breadcrumbs-content":"","ast-featured-img":"","footer-sml-layout":"","theme-transparent-header-meta":"","adv-header-id-meta":"","stick-header-meta":"","header-above-stick-meta":"","header-main-stick-meta":"","header-below-stick-meta":"","astra-migrate-meta-layouts":"default","ast-page-background-enabled":"default","ast-page-background-meta":{"desktop":{"background-color":"var(--ast-global-color-4)","background-image":"","background-repeat":"repeat","background-position":"center center","background-size":"auto","background-attachment":"scroll","background-type":"","background-media":"","overlay-type":"","overlay-color":"","overlay-opacity":"","overlay-gradient":""},"tablet":{"background-color":"","background-image":"","background-repeat":"repeat","background-position":"center center","background-size":"auto","background-attachment":"scroll","background-type":"","background-media":"","overlay-type":"","overlay-color":"","overlay-opacity":"","overlay-gradient":""},"mobile":{"background-color":"","background-image":"","background-repeat":"repeat","background-position":"center center","background-size":"auto","background-attachment":"scroll","background-type":"","background-media":"","overlay-type":"","overlay-color":"","overlay-opacity":"","overlay-gradient":""}},"ast-content-background-meta":{"desktop":{"background-color":"var(--ast-global-color-5)","background-image":"","background-repeat":"repeat","background-position":"center center","background-size":"auto","background-attachment":"scroll","background-type":"","background-media":"","overlay-type":"","overlay-color":"","overlay-opacity":"","overlay-gradient":""},"tablet":{"background-color":"var(--ast-global-color-5)","background-image":"","background-repeat":"repeat","background-position":"center center","background-size":"auto","background-attachment":"scroll","background-type":"","background-media":"","overlay-type":"","overlay-color":"","overlay-opacity":"","overlay-gradient":""},"mobile":{"background-color":"var(--ast-global-color-5)","background-image":"","background-repeat":"repeat","background-position":"center center","background-size":"auto","background-attachment":"scroll","background-type":"","background-media":"","overlay-type":"","overlay-color":"","overlay-opacity":"","overlay-gradient":""}},"footnotes":""},"categories":[70,392],"tags":[346,503],"class_list":["post-8705","post","type-post","status-publish","format-standard","has-post-thumbnail","hentry","category-trics","category-humanitats","tag-llengua","tag-trics_ins-jaume-huguet"],"post_mailing_queue_ids":[],"_links":{"self":[{"href":"https:\/\/serveiseducatius.xtec.cat\/tarragones\/wp-json\/wp\/v2\/posts\/8705","targetHints":{"allow":["GET"]}}],"collection":[{"href":"https:\/\/serveiseducatius.xtec.cat\/tarragones\/wp-json\/wp\/v2\/posts"}],"about":[{"href":"https:\/\/serveiseducatius.xtec.cat\/tarragones\/wp-json\/wp\/v2\/types\/post"}],"author":[{"embeddable":true,"href":"https:\/\/serveiseducatius.xtec.cat\/tarragones\/wp-json\/wp\/v2\/users\/1"}],"replies":[{"embeddable":true,"href":"https:\/\/serveiseducatius.xtec.cat\/tarragones\/wp-json\/wp\/v2\/comments?post=8705"}],"version-history":[{"count":2,"href":"https:\/\/serveiseducatius.xtec.cat\/tarragones\/wp-json\/wp\/v2\/posts\/8705\/revisions"}],"predecessor-version":[{"id":8720,"href":"https:\/\/serveiseducatius.xtec.cat\/tarragones\/wp-json\/wp\/v2\/posts\/8705\/revisions\/8720"}],"wp:featuredmedia":[{"embeddable":true,"href":"https:\/\/serveiseducatius.xtec.cat\/tarragones\/wp-json\/wp\/v2\/media\/8708"}],"wp:attachment":[{"href":"https:\/\/serveiseducatius.xtec.cat\/tarragones\/wp-json\/wp\/v2\/media?parent=8705"}],"wp:term":[{"taxonomy":"category","embeddable":true,"href":"https:\/\/serveiseducatius.xtec.cat\/tarragones\/wp-json\/wp\/v2\/categories?post=8705"},{"taxonomy":"post_tag","embeddable":true,"href":"https:\/\/serveiseducatius.xtec.cat\/tarragones\/wp-json\/wp\/v2\/tags?post=8705"}],"curies":[{"name":"wp","href":"https:\/\/api.w.org\/{rel}","templated":true}]}}