{"id":4333,"date":"2017-03-03T17:46:40","date_gmt":"2017-03-03T16:46:40","guid":{"rendered":"http:\/\/serveiseducatius.xtec.cat\/tarragones\/?p=4333"},"modified":"2019-04-30T10:20:44","modified_gmt":"2019-04-30T08:20:44","slug":"smarine","status":"publish","type":"post","link":"https:\/\/serveiseducatius.xtec.cat\/tarragones\/dinamitzacio\/trics\/smarine\/","title":{"rendered":"Enfilant-me per les branques"},"content":{"rendered":"<p><span style=\"color: #808080;\"><em><strong>T\u00edtol: <\/strong><\/em><\/span><strong>Enfilant-me per les branques<a href=\"http:\/\/serveiseducatius.xtec.cat\/tarragones\/wp-content\/uploads\/usu549\/2017\/03\/IMG_0194-1.jpg\"><img loading=\"lazy\" decoding=\"async\" class=\"wp-image-5344 alignright\" src=\"http:\/\/serveiseducatius.xtec.cat\/tarragones\/wp-content\/uploads\/usu549\/2017\/03\/IMG_0194-1-791x1024.jpg\" alt=\"img_0194-1\" width=\"166\" height=\"215\" srcset=\"https:\/\/serveiseducatius.xtec.cat\/tarragones\/wp-content\/uploads\/usu549\/2017\/03\/IMG_0194-1-791x1024.jpg 791w, https:\/\/serveiseducatius.xtec.cat\/tarragones\/wp-content\/uploads\/usu549\/2017\/03\/IMG_0194-1-232x300.jpg 232w, https:\/\/serveiseducatius.xtec.cat\/tarragones\/wp-content\/uploads\/usu549\/2017\/03\/IMG_0194-1-768x994.jpg 768w\" sizes=\"auto, (max-width: 166px) 100vw, 166px\" \/><\/a><\/strong><br \/>\n<em><strong><span style=\"color: #808080;\">Autor:<\/span> <\/strong><\/em><strong>Sara Marin\u00e9 Vallverd\u00fa<\/strong><br \/>\n<span style=\"color: #808080;\"><em><strong>Tutora: <\/strong><\/em><\/span>Pilar Tod\u00f3 Torres<br \/>\n<span style=\"color: #808080;\"><em><strong>Modalitat: <\/strong><\/em><\/span>Humanitats i Ci\u00e8ncies Socials<br \/>\n<span style=\"color: #808080;\"><em><strong>\u00c0rea curricular: <\/strong><\/em><\/span>Hist\u00f2ria<br \/>\n<span style=\"color: #808080;\"><em><strong>Centre: <\/strong><\/em><\/span>Ins Fontanelles<br \/>\n<em><strong><span style=\"color: #808080;\">Localitat:<\/span>\u00a0<\/strong><\/em>Les Borges del Camp<\/p>\n<h6><strong>Objectius:<\/strong><\/h6>\n<p style=\"text-align: justify;\">Els objectius, quan vaig comen\u00e7ar el treball de recerca eren tres:<\/p>\n<p style=\"text-align: justify;\">El primer era descobrir d\u2019on ve la meva fam\u00edlia, a trav\u00e9s de les diferents branques, i en certa manera veure com \u00e9s que jo estic vivint a l\u2019Aleixar, i no a un altre lloc.<\/p>\n<p style=\"text-align: justify;\">Un altre, va ser deixar const\u00e0ncia escrita i documentada sobre tota la informaci\u00f3 trobada, ja que des del meu punt de vista, \u00e9s una cosa curiosa de tenir i tamb\u00e9 interessant per als meus descendents, germ\u00e0, cosins, entre d\u2019altres.<\/p>\n<p style=\"text-align: justify;\">Per \u00faltim, el prop\u00f2sit de trobar fets i esdeveniments singulars antics de la meva fam\u00edlia.<a href=\"http:\/\/serveiseducatius.xtec.cat\/tarragones\/wp-content\/uploads\/usu549\/2017\/03\/portada.jpg\"><img loading=\"lazy\" decoding=\"async\" class=\"size-full wp-image-5347 aligncenter\" src=\"http:\/\/serveiseducatius.xtec.cat\/tarragones\/wp-content\/uploads\/usu549\/2017\/03\/portada.jpg\" alt=\"portada\" width=\"480\" height=\"360\" srcset=\"https:\/\/serveiseducatius.xtec.cat\/tarragones\/wp-content\/uploads\/usu549\/2017\/03\/portada.jpg 480w, https:\/\/serveiseducatius.xtec.cat\/tarragones\/wp-content\/uploads\/usu549\/2017\/03\/portada-300x225.jpg 300w, https:\/\/serveiseducatius.xtec.cat\/tarragones\/wp-content\/uploads\/usu549\/2017\/03\/portada-200x150.jpg 200w\" sizes=\"auto, (max-width: 480px) 100vw, 480px\" \/><\/a><\/p>\n<h6><strong>Hip\u00f2tesis:<\/strong><\/h6>\n<p style=\"text-align: justify;\">La meva hip\u00f2tesi era demostrar que podia aconseguir la informaci\u00f3 que acredit\u00e9s el parentiu de les persones que formen part del meu arbre geneal\u00f2gic.<a href=\"http:\/\/serveiseducatius.xtec.cat\/tarragones\/wp-content\/uploads\/usu549\/2017\/03\/Josefa-Dolores-Gasull-_-Pau-Anton-Angles.bo_.jpg\"><img loading=\"lazy\" decoding=\"async\" class=\"wp-image-5342 aligncenter\" src=\"http:\/\/serveiseducatius.xtec.cat\/tarragones\/wp-content\/uploads\/usu549\/2017\/03\/Josefa-Dolores-Gasull-_-Pau-Anton-Angles.bo_-1024x635.jpg\" alt=\"josefa-dolores-gasull-_-pau-anton-angles-bo\" width=\"358\" height=\"222\" srcset=\"https:\/\/serveiseducatius.xtec.cat\/tarragones\/wp-content\/uploads\/usu549\/2017\/03\/Josefa-Dolores-Gasull-_-Pau-Anton-Angles.bo_-1024x635.jpg 1024w, https:\/\/serveiseducatius.xtec.cat\/tarragones\/wp-content\/uploads\/usu549\/2017\/03\/Josefa-Dolores-Gasull-_-Pau-Anton-Angles.bo_-300x186.jpg 300w, https:\/\/serveiseducatius.xtec.cat\/tarragones\/wp-content\/uploads\/usu549\/2017\/03\/Josefa-Dolores-Gasull-_-Pau-Anton-Angles.bo_-768x476.jpg 768w, https:\/\/serveiseducatius.xtec.cat\/tarragones\/wp-content\/uploads\/usu549\/2017\/03\/Josefa-Dolores-Gasull-_-Pau-Anton-Angles.bo_.jpg 1650w\" sizes=\"auto, (max-width: 358px) 100vw, 358px\" \/><\/a><\/p>\n<h6><strong>El proc\u00e9s<\/strong><\/h6>\n<p>El meu pla de treball ha consistit en tres parts diferents:<\/p>\n<p>La <strong>primera fase<\/strong> va ser la d\u2019obtenci\u00f3 de dades, per tant, havia de saber quins van ser\u00a0els or\u00edgens per poder aconseguir la informaci\u00f3. Vaig determinar que les fonts havien de ser les seg\u00fcents:\u00a0Ajuntaments, Parr\u00f2quies, Internet per tal d\u2019obtenir documents en l\u00ednia de l&#8217;Arxiu Hist\u00f2ric Arxidioces\u00e0 de Tarragona, l&#8217; Arxiu Hist\u00f2ric Arxidioces\u00e0 de Tarragona, les quals\u00a0m\u2019han perm\u00e8s obtenir els documents escrits sobre les partides de naixements, matrimonis i defuncions de totes les persones. Tamb\u00e9 he extret informaci\u00f3 de fonts orals.<\/p>\n<p style=\"text-align: justify;\">El Registre Civil Espanyol (dels ajuntaments), \u00e9s un registre p\u00fablic que t\u00e9 per objecte fer constar oficialment els fets i actes que es refereixen a l&#8217;estat civil de les persones i altres determinats per la Llei, com el nom i cognoms, el naixement, la defunci\u00f3, la filiaci\u00f3, el sexe o la nacionalitat. El Registre compleix la funci\u00f3 d&#8217;instrument de publicitat dels estats civils de les persones, ja que, en representar aquestes qualitats o situacions que tenen una efic\u00e0cia general, pot sorgir un cert inter\u00e8s dels tercers i de tot el grup social en el seu coneixement, i tamb\u00e9 constataci\u00f3. Aparegut a Espanya l&#8217;any 1870, es caracteritza per ser institucionalment \u00fanic i dep\u00e8n del de la Direcci\u00f3 general dels Registres i del Notariat del Ministeri de Just\u00edcia.<\/p>\n<p style=\"text-align: justify;\">L\u2019Arxiu Hist\u00f2ric Arxidioces\u00e0 de Tarragona (AHAT) \u00e9s una instituci\u00f3 cultural que pertany a l&#8217;arquebisbat de Tarragona. \u00c9s un arxiu eclesi\u00e0stic tot i que cont\u00e9 fons personals tant eclesi\u00e0stics com laics. L&#8217;abast cronol\u00f2gic \u00e9s des del segle IX fins al segle XX.<\/p>\n<p style=\"text-align: justify;\">El motiu d\u2019haver cercat les justificacions d\u2019identitat, de casaments com d\u2019\u00f2bits tant als ajuntaments com a les parr\u00f2quies corresponents de cada poble i a l\u2019Arxiu Hist\u00f2ric Arxidioces\u00e0 de Tarragona \u00e9s perqu\u00e8 les dades que s&#8217;han extret de l&#8217;AHAT s\u00f3n m\u00e9s antigues que les que s&#8217;han trobat als ajuntaments, ja que com s&#8217;ha explicat anteriorment, el Registre Civil a Espanya apareix l&#8217;any 1870 i eren necess\u00e0ries dades anteriors a aquest any.<\/p>\n<p><a href=\"http:\/\/serveiseducatius.xtec.cat\/tarragones\/wp-content\/uploads\/usu549\/2017\/03\/Naixement-Dolores-Sol\u00e0-Vallv\u00e9.jpg\"><img loading=\"lazy\" decoding=\"async\" class=\"alignnone size-full wp-image-5345\" src=\"http:\/\/serveiseducatius.xtec.cat\/tarragones\/wp-content\/uploads\/usu549\/2017\/03\/Naixement-Dolores-Sol\u00e0-Vallv\u00e9.jpg\" alt=\"naixement-dolores-sola-vallve\" width=\"936\" height=\"500\" srcset=\"https:\/\/serveiseducatius.xtec.cat\/tarragones\/wp-content\/uploads\/usu549\/2017\/03\/Naixement-Dolores-Sol\u00e0-Vallv\u00e9.jpg 936w, https:\/\/serveiseducatius.xtec.cat\/tarragones\/wp-content\/uploads\/usu549\/2017\/03\/Naixement-Dolores-Sol\u00e0-Vallv\u00e9-300x160.jpg 300w, https:\/\/serveiseducatius.xtec.cat\/tarragones\/wp-content\/uploads\/usu549\/2017\/03\/Naixement-Dolores-Sol\u00e0-Vallv\u00e9-768x410.jpg 768w\" sizes=\"auto, (max-width: 936px) 100vw, 936px\" \/><\/a><\/p>\n<p style=\"text-align: justify;\">Els antecessors s\u00f3n els m\u00e9s f\u00e0cils de realitzar. A partir d\u2019una persona (en el cas del meu projecte, est\u00e0 realitzat a partir de les meves dades), es confeccionen afegint avantpassats: primer els meus pares, despr\u00e9s els seus pares, (els meus avis), i aix\u00ed successivament, fins a arribar a la generaci\u00f3 que pr\u00e8viament s\u2019ha determinat. En el meu cas, comen\u00e7ant a comptar a partir de la meva generaci\u00f3, he realitzat l\u2019arbre fins sis generacions enrere, amb la justificaci\u00f3 d\u2019identitat, de casament i \u00f2bit corresponents, i la setena sense documents escrits, \u00e9s a dir, nom\u00e9s esmentant el seu nom, extret de les partides de naixement dels seus fills i que consta en aquestes.<\/p>\n<p style=\"text-align: justify;\">A partir de les inscripcions de matrimoni dels ajuntaments i de les parr\u00f2quies es calcula quina era la data aproximada en qu\u00e8 podia haver nascut el seu fill\/a, normalment el primog\u00e8nit naixia al cap de l\u2019any, perqu\u00e8 abans, generalment, per poder tenir fills, primer s\u2019havien de casar (cada generaci\u00f3 era de 20 a 25 anys).<\/p>\n<p style=\"text-align: justify;\">Trobar les inscripcions de defunci\u00f3 \u00e9s el que em va costar m\u00e9s, ja que per trobar-la, sumava una mitjana de 50 anys a partir de la data de naixement, per\u00f2 n\u2019hi va haver que van morir de molt m\u00e9s joves, i d\u2019altres que ho van fer de m\u00e9s vells.<\/p>\n<p>Per l\u2019altra banda, hi ha les fonts orals, de les quals he pogut corroborar una part de la informaci\u00f3 escrita i complementar-la a trav\u00e9s dels seus records, d\u2019an\u00e8cdotes, fotografies i d\u2019altres documents familiars. L\u2019entrevista es va fer a diverses persones de l\u2019Aleixar.<\/p>\n<p>La <strong>segona fase<\/strong> va consistir en la lectura i la interpretaci\u00f3 d\u2019aquestes dades, que va comportar una gran part de temps, ja que molts dels manuscrits, la seva lectura era costosa i dif\u00edcil, per\u00f2 a la vegada bonica i curiosa.<\/p>\n<p style=\"text-align: justify;\">Una manera de fer m\u00e9s entenedor el funcionament d\u2019aquest sistema \u00e9s utilitzar la taula Ahnentafel que permet crear un arbre geneal\u00f2gic.<\/p>\n<p style=\"text-align: justify;\">Com es pot veure, el subjecte de la taula se li atorga el n\u00famero d\u2019identitat 1, el seu pare t\u00e9 el n\u00famero 2 i la seva mare el n\u00famero 3, i aix\u00ed successivament. Per marcar l\u2019efectiu de grau s\u2019utilitza una pot\u00e8ncia amb base 2, i l\u2019exponent corresponent segons el nombre de persones que hi ha a cada generaci\u00f3, per aix\u00f2 al grau 0, hi ha un 2<sup>0<\/sup>=1, perqu\u00e8 en aquesta generaci\u00f3 nom\u00e9s hi ha el subjecte, per\u00f2 al primer grau de parentiu, hi ha un 2<sup>1<\/sup>=2, i en aquesta hi ha el pare i la mare del subjecte, i aix\u00ed en cada generaci\u00f3.<\/p>\n<p style=\"text-align: justify;\"><a href=\"http:\/\/serveiseducatius.xtec.cat\/tarragones\/wp-content\/uploads\/usu549\/2017\/03\/Ahnentafel.jpg\"><img loading=\"lazy\" decoding=\"async\" class=\"alignnone size-large wp-image-4533\" src=\"http:\/\/serveiseducatius.xtec.cat\/tarragones\/wp-content\/uploads\/usu549\/2017\/03\/Ahnentafel-949x1024.jpg\" alt=\"ahnentafel\" width=\"949\" height=\"1024\" srcset=\"https:\/\/serveiseducatius.xtec.cat\/tarragones\/wp-content\/uploads\/usu549\/2017\/03\/Ahnentafel-949x1024.jpg 949w, https:\/\/serveiseducatius.xtec.cat\/tarragones\/wp-content\/uploads\/usu549\/2017\/03\/Ahnentafel-278x300.jpg 278w, https:\/\/serveiseducatius.xtec.cat\/tarragones\/wp-content\/uploads\/usu549\/2017\/03\/Ahnentafel-768x828.jpg 768w, https:\/\/serveiseducatius.xtec.cat\/tarragones\/wp-content\/uploads\/usu549\/2017\/03\/Ahnentafel.jpg 1017w\" sizes=\"auto, (max-width: 949px) 100vw, 949px\" \/><\/a><\/p>\n<p style=\"text-align: justify;\">La <strong>darrera etapa<\/strong> va ser la de presentar gr\u00e0ficament tota la informaci\u00f3 recollida,\u00a0que \u00e9s el que anomenem Arbre Geneal\u00f2gic.<\/p>\n<p><a href=\"http:\/\/serveiseducatius.xtec.cat\/tarragones\/wp-content\/uploads\/usu549\/2017\/03\/arbre.jpg\"><img loading=\"lazy\" decoding=\"async\" class=\"alignnone size-large wp-image-5346\" src=\"http:\/\/serveiseducatius.xtec.cat\/tarragones\/wp-content\/uploads\/usu549\/2017\/03\/arbre-1024x474.jpg\" alt=\"arbre\" width=\"1024\" height=\"474\" srcset=\"https:\/\/serveiseducatius.xtec.cat\/tarragones\/wp-content\/uploads\/usu549\/2017\/03\/arbre-1024x474.jpg 1024w, https:\/\/serveiseducatius.xtec.cat\/tarragones\/wp-content\/uploads\/usu549\/2017\/03\/arbre-300x139.jpg 300w, https:\/\/serveiseducatius.xtec.cat\/tarragones\/wp-content\/uploads\/usu549\/2017\/03\/arbre-768x355.jpg 768w, https:\/\/serveiseducatius.xtec.cat\/tarragones\/wp-content\/uploads\/usu549\/2017\/03\/arbre.jpg 1340w\" sizes=\"auto, (max-width: 1024px) 100vw, 1024px\" \/><\/a><\/p>\n<h6><strong>Conclusions:<\/strong><\/h6>\n<p style=\"text-align: justify;\">De tota la informaci\u00f3 que em vaig proposar trobar en un principi, a la pluja d\u2019idees abans de comen\u00e7ar el treball, l\u2019he pogut trobar pr\u00e0cticament tota, amb molta const\u00e0ncia i dedicaci\u00f3. A m\u00e9s a m\u00e9s, m\u2019ha sigut f\u00e0cil trobar informaci\u00f3 complement\u00e0ria, com fotografies, altres documents antics familiars, com ara testaments, certificats de compres de cases, escrits propis d\u2019alguns dels meus avantpassats, records, an\u00e8cdotes, entre d\u2019altra informaci\u00f3, gr\u00e0cies a l\u2019ajuda que m\u2019han proporcionat les meves fonts orals.<\/p>\n<p style=\"text-align: justify;\">Un cop acabat el treball de recerca del meu arbre geneal\u00f2gic fins a la setena generaci\u00f3, en puc extreure que, pel que fa la meva fam\u00edlia, he descobert els diferents pobles d\u2019origen que hi ha hagut al llarg d\u2019aquests anys, per\u00f2 tot i aix\u00ed, la majoria d\u2019enlla\u00e7os familiars s\u2019han dut a terme a l\u2019Aleixar o a Alfara de Carles, ja que aquesta \u00e9s la separaci\u00f3 per dist\u00e0nciam\u00e9s important del meu arbre i prov\u00e9 dels meus avis materns.<\/p>\n<p style=\"text-align: justify;\">No obstant aix\u00f2, tant en l\u2019Aleixar com a Alfara de Carles he vist que hi ha hagut casaments amb persones d\u2019altres pobles propers a aquests, que han aportat a la fam\u00edlia persones d\u2019aquests altre pobles.<\/p>\n<p style=\"text-align: justify;\">Seguint els objectius plantejats pr\u00e8viament , els he complert els tres, ja que he pogut descobrir la varietat de la proced\u00e8ncia dels meus avantpassats i a m\u00e9s a m\u00e9s he aconseguit la informaci\u00f3 documentada necess\u00e0ria per justificar-ho tot, per tant, en puc deixar una mem\u00f2ria escrita. Tamb\u00e9 he pogut trobar diversos fets i esdeveniments que em van cridar l\u2019atenci\u00f3, com em vaig proposa abans de comen\u00e7ar el treball.<\/p>\n<p style=\"text-align: justify;\">A partir de la llista de tots els cognoms es pot observar que n\u2019hi ha 68 de diferents en quant a ortografia, per\u00f2 tot i aix\u00ed, com es pot veure, alguns s\u00f3n el mateix cognom per\u00f2 escrits diferent segons la persona o l\u2019\u00e8poca en que s\u2019escrivia.<\/p>\n<p><iframe loading=\"lazy\" style=\"border: 1px solid #CCC; border-width: 1px; margin-bottom: 5px; max-width: 100%;\" src=\"\/\/www.slideshare.net\/slideshow\/embed_code\/key\/omsWxsk8w20TLG\" width=\"595\" height=\"485\" frameborder=\"0\" marginwidth=\"0\" marginheight=\"0\" scrolling=\"no\" allowfullscreen=\"allowfullscreen\"> <\/iframe><\/p>\n<h6><strong>Bibliografia:<\/strong><\/h6>\n<ul>\n<li>AJUNTAMENT DE L\u2019ALEIXAR. <em>Fons documental del Registre Civil. <\/em>L\u2019Aleixar<\/li>\n<li>AJUNTAMENT D\u2019ALFARA DE CARLES. <em>Fons documental del Registre Civil. <\/em>Alfara de Carles<\/li>\n<li>PARR\u00d2QUIA DE SANT AGUST\u00cd. <em>Fons documental parroquial. <\/em>Alfara de Carles<\/li>\n<li>ARXIU HIST\u00d2RIC ARXIDIOCES\u00c0 DE TARRAGONA. Arxiu en l\u00ednia. [En l\u00ednia]. Fons documentals parroquials. \u00a0 \u00a0 \u00a0 \u00a0 &lt;<a style=\"font-family: inherit; font-size: 1em;\" href=\"https:\/\/arxiuenlinia.ahat.cat\/FonsDocumentals\">https:\/\/arxiuenlinia.ahat.cat\/FonsDocumentals<\/a><span style=\"font-family: inherit; font-size: 1em;\">&gt; [Consulta: 2016].<\/span><\/li>\n<li style=\"text-align: justify;\">VIQUIP\u00c8DIA. [En l\u00ednia]. Enciclop\u00e8dia de contingut lliure. &lt;<a href=\"https:\/\/ca.wikipedia.org\/wiki\/Ahnentafel\">https:\/\/ca.wikipedia.org\/wiki\/Ahnentafel<\/a>&gt; [Consulta: 4 \u00a0 \u00a0 \u00a0 \u00a0 de desembre 2016].<\/li>\n<li style=\"text-align: justify;\">ENCICLOP\u00c8DIA CATALANA. [En l\u00ednia]. Diccionari de la llengua catalana. \u00a0 \u00a0 \u00a0 \u00a0 \u00a0 \u00a0 \u00a0 \u00a0 \u00a0 \u00a0 \u00a0 \u00a0&lt;<a href=\"http:\/\/www.enciclopedia.cat\/search\/site\/genealogia\">http:\/\/www.enciclopedia.cat\/search\/site\/genealogia<\/a>&gt; [Consulta: 4 de desembre 2016].<\/li>\n<\/ul>\n","protected":false},"excerpt":{"rendered":"<p>Ins Fontanelles<\/p>\n","protected":false},"author":1,"featured_media":6068,"comment_status":"open","ping_status":"closed","sticky":false,"template":"","format":"standard","meta":{"_bbp_topic_count":0,"_bbp_reply_count":0,"_bbp_total_topic_count":0,"_bbp_total_reply_count":0,"_bbp_voice_count":0,"_bbp_anonymous_reply_count":0,"_bbp_topic_count_hidden":0,"_bbp_reply_count_hidden":0,"_bbp_forum_subforum_count":0,"site-sidebar-layout":"default","site-content-layout":"","ast-site-content-layout":"","site-content-style":"default","site-sidebar-style":"default","ast-global-header-display":"","ast-banner-title-visibility":"","ast-main-header-display":"","ast-hfb-above-header-display":"","ast-hfb-below-header-display":"","ast-hfb-mobile-header-display":"","site-post-title":"","ast-breadcrumbs-content":"","ast-featured-img":"","footer-sml-layout":"","theme-transparent-header-meta":"","adv-header-id-meta":"","stick-header-meta":"","header-above-stick-meta":"","header-main-stick-meta":"","header-below-stick-meta":"","astra-migrate-meta-layouts":"default","ast-page-background-enabled":"default","ast-page-background-meta":{"desktop":{"background-color":"var(--ast-global-color-4)","background-image":"","background-repeat":"repeat","background-position":"center center","background-size":"auto","background-attachment":"scroll","background-type":"","background-media":"","overlay-type":"","overlay-color":"","overlay-opacity":"","overlay-gradient":""},"tablet":{"background-color":"","background-image":"","background-repeat":"repeat","background-position":"center center","background-size":"auto","background-attachment":"scroll","background-type":"","background-media":"","overlay-type":"","overlay-color":"","overlay-opacity":"","overlay-gradient":""},"mobile":{"background-color":"","background-image":"","background-repeat":"repeat","background-position":"center center","background-size":"auto","background-attachment":"scroll","background-type":"","background-media":"","overlay-type":"","overlay-color":"","overlay-opacity":"","overlay-gradient":""}},"ast-content-background-meta":{"desktop":{"background-color":"var(--ast-global-color-5)","background-image":"","background-repeat":"repeat","background-position":"center center","background-size":"auto","background-attachment":"scroll","background-type":"","background-media":"","overlay-type":"","overlay-color":"","overlay-opacity":"","overlay-gradient":""},"tablet":{"background-color":"var(--ast-global-color-5)","background-image":"","background-repeat":"repeat","background-position":"center center","background-size":"auto","background-attachment":"scroll","background-type":"","background-media":"","overlay-type":"","overlay-color":"","overlay-opacity":"","overlay-gradient":""},"mobile":{"background-color":"var(--ast-global-color-5)","background-image":"","background-repeat":"repeat","background-position":"center center","background-size":"auto","background-attachment":"scroll","background-type":"","background-media":"","overlay-type":"","overlay-color":"","overlay-opacity":"","overlay-gradient":""}},"footnotes":""},"categories":[70,392],"tags":[350,499],"class_list":["post-4333","post","type-post","status-publish","format-standard","has-post-thumbnail","hentry","category-trics","category-humanitats","tag-historia","tag-trics_ins-fontanelles"],"post_mailing_queue_ids":[],"_links":{"self":[{"href":"https:\/\/serveiseducatius.xtec.cat\/tarragones\/wp-json\/wp\/v2\/posts\/4333","targetHints":{"allow":["GET"]}}],"collection":[{"href":"https:\/\/serveiseducatius.xtec.cat\/tarragones\/wp-json\/wp\/v2\/posts"}],"about":[{"href":"https:\/\/serveiseducatius.xtec.cat\/tarragones\/wp-json\/wp\/v2\/types\/post"}],"author":[{"embeddable":true,"href":"https:\/\/serveiseducatius.xtec.cat\/tarragones\/wp-json\/wp\/v2\/users\/1"}],"replies":[{"embeddable":true,"href":"https:\/\/serveiseducatius.xtec.cat\/tarragones\/wp-json\/wp\/v2\/comments?post=4333"}],"version-history":[{"count":3,"href":"https:\/\/serveiseducatius.xtec.cat\/tarragones\/wp-json\/wp\/v2\/posts\/4333\/revisions"}],"predecessor-version":[{"id":14135,"href":"https:\/\/serveiseducatius.xtec.cat\/tarragones\/wp-json\/wp\/v2\/posts\/4333\/revisions\/14135"}],"wp:featuredmedia":[{"embeddable":true,"href":"https:\/\/serveiseducatius.xtec.cat\/tarragones\/wp-json\/wp\/v2\/media\/6068"}],"wp:attachment":[{"href":"https:\/\/serveiseducatius.xtec.cat\/tarragones\/wp-json\/wp\/v2\/media?parent=4333"}],"wp:term":[{"taxonomy":"category","embeddable":true,"href":"https:\/\/serveiseducatius.xtec.cat\/tarragones\/wp-json\/wp\/v2\/categories?post=4333"},{"taxonomy":"post_tag","embeddable":true,"href":"https:\/\/serveiseducatius.xtec.cat\/tarragones\/wp-json\/wp\/v2\/tags?post=4333"}],"curies":[{"name":"wp","href":"https:\/\/api.w.org\/{rel}","templated":true}]}}