{"id":3912,"date":"2017-02-22T09:33:38","date_gmt":"2017-02-22T08:33:38","guid":{"rendered":"http:\/\/serveiseducatius.xtec.cat\/tarragones\/?p=3912"},"modified":"2018-11-09T08:43:15","modified_gmt":"2018-11-09T07:43:15","slug":"la-feina-dels-arqueolegs","status":"publish","type":"post","link":"https:\/\/serveiseducatius.xtec.cat\/tarragones\/dinamitzacio\/ciencia-primera-persona\/la-feina-dels-arqueolegs\/","title":{"rendered":"La feina dels arque\u00f2legs"},"content":{"rendered":"<h4><img loading=\"lazy\" decoding=\"async\" class=\"alignright size-full wp-image-3916\" src=\"http:\/\/serveiseducatius.xtec.cat\/tarragones\/wp-content\/uploads\/usu549\/2017\/02\/setmana_ciencia.jpg\" alt=\"\" width=\"290\" height=\"119\" \/>La Ci\u00e8ncia en Primera Persona 2016.<\/h4>\n<p>El 16 de novembre de 2016, a les 12:00 h, Maria del Carme Belarte, professora de recerca ICREA \/ ICAC, va dur a terme, a la seu de l&#8217;Institut Sant Pere i Sant Pau, una confer\u00e8ncia destinada a alumnat de 1r curs de Batxillerat.<\/p>\n<p><iframe loading=\"lazy\" src=\"https:\/\/www.youtube.com\/embed\/N0TeXdt8ELI\" width=\"560\" height=\"315\" frameborder=\"0\" allowfullscreen=\"allowfullscreen\"><\/iframe><\/p>\n<h4>La feina dels arque\u00f2legs i la col\u00b7laboraci\u00f3 amb altres cient\u00edfics<\/h4>\n<h5>Conferenciant<\/h5>\n<p>Maria del Carme Belarte Franco. ICREA Professor de Recerca.<\/p>\n<h5>Breu resum de la xerrada<\/h5>\n<p style=\"text-align: justify;\">L\u2019arque\u00f2leg \u00e9s un historiador que estudia al passat a trav\u00e9s de l\u2019estudi de les restes materials deixades pels humans. Lluny de la visi\u00f3 que sovint es t\u00e9 de l\u2019arque\u00f2leg fent nom\u00e9s treball de camp, la recerca arqueol\u00f2gica passa per m\u00faltiples facetes, de les quals l\u2019excavaci\u00f3 arqueol\u00f2gica \u00e9s nom\u00e9s una part. Les restes deixades per les societats humanes del passat s\u00f3n de tipus molt diversos i \u00e9s per aix\u00f2 que, cada cop m\u00e9s, \u00e9s necess\u00e0ria la col\u00b7laboraci\u00f3 amb altres cient\u00edfics. En aquest sentit, podem dir que l\u2019arqueologia \u00e9s una de les disciplines que t\u00e9 un car\u00e0cter m\u00e9s multidisciplinar o interdisciplinar. En aquesta xerrada s\u2019explicar\u00e0, a trav\u00e9s d\u2019exemples, com treballem els arque\u00f2legs en col\u00b7laboraci\u00f3 amb altres cient\u00edfics (bi\u00f2legs, antrop\u00f2legs, f\u00edsics, qu\u00edmics, metges&#8230;) i com ens beneficiem m\u00fatuament d\u2019aquest intercanvi de coneixements.<\/p>\n<h5>Breu resum del curr\u00edculum de la conferenciant<\/h5>\n<p style=\"text-align: justify;\"><img loading=\"lazy\" decoding=\"async\" class=\"alignleft size-full wp-image-10323\" src=\"https:\/\/serveiseducatius.xtec.cat\/tarragones\/wp-content\/uploads\/usu549\/2017\/02\/setmana-ciencia_foto-2016.jpg\" alt=\"\" width=\"112\" height=\"150\" \/>Doctora en Geografia i Hist\u00f2ria per la Universitat de Barcelona el 1995, vaig realitzar una estada postdoctoral a la Unitat Mixta 5140 del CNRS a Lattes (Fran\u00e7a), de 1996 a 1998. He estat investigadora postdoctoral al Departament de Prehist\u00f2ria, Hist\u00f2ria Antiga i Arqueologia de la Universitat de Barcelona de 1999 a 2003 i investigadora de l&#8217;Institut Catal\u00e0 d\u2019Arqueologia Cl\u00e0ssica (ICAC) de 2004 a 2005. El 2006 vaig entrar a la Instituci\u00f3 Catalana per a la Recerca i Estudis Avan\u00e7ats (ICREA) com a investigadora i des de 2010 soc professora d&#8217;investigaci\u00f3 ICREA adscrita a l&#8217;ICAC. La meva recerca se centra en l\u2019estudi de les societats complexes de la protohist\u00f2ria de la Mediterr\u00e0nia occidental; m\u00e9s concretament en l\u2019estudi de l\u2019arquitectura dom\u00e8stica i l\u2019urbanisme protohist\u00f2rics, aix\u00ed com els rituals i pr\u00e0ctiques funer\u00e0ries. He impartit classes d\u2019arqueologia en estudis de llicenciatura, postgrau, doctorat i m\u00e0ster i he dirigit o codirigit diversos treballs de m\u00e0ster i tesis doctorals. He treballat com a responsable en excavacions arqueol\u00f2giques a Catalunya, sud de Fran\u00e7a i Tun\u00edsia. He participat en nombrosos congressos internacionals i soc autora o co-autora d\u2019un centenar de publicacions entre llibres, cap\u00edtols de llibres i articles en revistes especialitzades.<\/p>\n","protected":false},"excerpt":{"rendered":"<p>Maria del Carme Belarte<\/p>\n","protected":false},"author":1,"featured_media":10330,"comment_status":"open","ping_status":"closed","sticky":false,"template":"","format":"standard","meta":{"_bbp_topic_count":0,"_bbp_reply_count":0,"_bbp_total_topic_count":0,"_bbp_total_reply_count":0,"_bbp_voice_count":0,"_bbp_anonymous_reply_count":0,"_bbp_topic_count_hidden":0,"_bbp_reply_count_hidden":0,"_bbp_forum_subforum_count":0,"site-sidebar-layout":"default","site-content-layout":"","ast-site-content-layout":"","site-content-style":"default","site-sidebar-style":"default","ast-global-header-display":"","ast-banner-title-visibility":"","ast-main-header-display":"","ast-hfb-above-header-display":"","ast-hfb-below-header-display":"","ast-hfb-mobile-header-display":"","site-post-title":"","ast-breadcrumbs-content":"","ast-featured-img":"","footer-sml-layout":"","theme-transparent-header-meta":"","adv-header-id-meta":"","stick-header-meta":"","header-above-stick-meta":"","header-main-stick-meta":"","header-below-stick-meta":"","astra-migrate-meta-layouts":"default","ast-page-background-enabled":"default","ast-page-background-meta":{"desktop":{"background-color":"var(--ast-global-color-4)","background-image":"","background-repeat":"repeat","background-position":"center center","background-size":"auto","background-attachment":"scroll","background-type":"","background-media":"","overlay-type":"","overlay-color":"","overlay-opacity":"","overlay-gradient":""},"tablet":{"background-color":"","background-image":"","background-repeat":"repeat","background-position":"center center","background-size":"auto","background-attachment":"scroll","background-type":"","background-media":"","overlay-type":"","overlay-color":"","overlay-opacity":"","overlay-gradient":""},"mobile":{"background-color":"","background-image":"","background-repeat":"repeat","background-position":"center center","background-size":"auto","background-attachment":"scroll","background-type":"","background-media":"","overlay-type":"","overlay-color":"","overlay-opacity":"","overlay-gradient":""}},"ast-content-background-meta":{"desktop":{"background-color":"var(--ast-global-color-5)","background-image":"","background-repeat":"repeat","background-position":"center center","background-size":"auto","background-attachment":"scroll","background-type":"","background-media":"","overlay-type":"","overlay-color":"","overlay-opacity":"","overlay-gradient":""},"tablet":{"background-color":"var(--ast-global-color-5)","background-image":"","background-repeat":"repeat","background-position":"center center","background-size":"auto","background-attachment":"scroll","background-type":"","background-media":"","overlay-type":"","overlay-color":"","overlay-opacity":"","overlay-gradient":""},"mobile":{"background-color":"var(--ast-global-color-5)","background-image":"","background-repeat":"repeat","background-position":"center center","background-size":"auto","background-attachment":"scroll","background-type":"","background-media":"","overlay-type":"","overlay-color":"","overlay-opacity":"","overlay-gradient":""}},"footnotes":""},"categories":[305],"tags":[306],"class_list":["post-3912","post","type-post","status-publish","format-standard","has-post-thumbnail","hentry","category-ciencia-primera-persona","tag-setmana_ciencia"],"post_mailing_queue_ids":[],"_links":{"self":[{"href":"https:\/\/serveiseducatius.xtec.cat\/tarragones\/wp-json\/wp\/v2\/posts\/3912","targetHints":{"allow":["GET"]}}],"collection":[{"href":"https:\/\/serveiseducatius.xtec.cat\/tarragones\/wp-json\/wp\/v2\/posts"}],"about":[{"href":"https:\/\/serveiseducatius.xtec.cat\/tarragones\/wp-json\/wp\/v2\/types\/post"}],"author":[{"embeddable":true,"href":"https:\/\/serveiseducatius.xtec.cat\/tarragones\/wp-json\/wp\/v2\/users\/1"}],"replies":[{"embeddable":true,"href":"https:\/\/serveiseducatius.xtec.cat\/tarragones\/wp-json\/wp\/v2\/comments?post=3912"}],"version-history":[{"count":3,"href":"https:\/\/serveiseducatius.xtec.cat\/tarragones\/wp-json\/wp\/v2\/posts\/3912\/revisions"}],"predecessor-version":[{"id":10331,"href":"https:\/\/serveiseducatius.xtec.cat\/tarragones\/wp-json\/wp\/v2\/posts\/3912\/revisions\/10331"}],"wp:featuredmedia":[{"embeddable":true,"href":"https:\/\/serveiseducatius.xtec.cat\/tarragones\/wp-json\/wp\/v2\/media\/10330"}],"wp:attachment":[{"href":"https:\/\/serveiseducatius.xtec.cat\/tarragones\/wp-json\/wp\/v2\/media?parent=3912"}],"wp:term":[{"taxonomy":"category","embeddable":true,"href":"https:\/\/serveiseducatius.xtec.cat\/tarragones\/wp-json\/wp\/v2\/categories?post=3912"},{"taxonomy":"post_tag","embeddable":true,"href":"https:\/\/serveiseducatius.xtec.cat\/tarragones\/wp-json\/wp\/v2\/tags?post=3912"}],"curies":[{"name":"wp","href":"https:\/\/api.w.org\/{rel}","templated":true}]}}