{"id":23691,"date":"2026-01-23T12:42:36","date_gmt":"2026-01-23T11:42:36","guid":{"rendered":"https:\/\/serveiseducatius.xtec.cat\/tarragones\/?p=23691"},"modified":"2026-01-28T14:05:43","modified_gmt":"2026-01-28T13:05:43","slug":"dia-mundial-de-la-radio","status":"publish","type":"post","link":"https:\/\/serveiseducatius.xtec.cat\/tarragones\/general\/dia-mundial-de-la-radio\/","title":{"rendered":"Dia Mundial de la R\u00e0dio"},"content":{"rendered":"\n<p>Celebrem el Dia Mundial de la R\u00e0dio al centre!<\/p>\n\n\n\n<p class=\"has-medium-font-size\"><strong>Descripci\u00f3<\/strong><\/p>\n\n\n\n<p>El 13 de febrer se celebra arreu del m\u00f3n el Dia Mundial de la R\u00e0dio, una jornada proclamada per la UNESCO per destacar la import\u00e0ncia d\u2019aquest mitj\u00e0 en l\u2019acc\u00e9s a la informaci\u00f3, l\u2019educaci\u00f3 i la participaci\u00f3 ciutadana.<\/p>\n\n\n\n<h2 class=\"wp-block-heading has-medium-font-size\" id=\"a-qui-sadrea\">A qui s\u2019adre\u00e7a?<\/h2>\n\n\n\n<ul class=\"wp-block-list\">\n<li>Centres educatius i alumnat de tots els nivells del centre que vulgui participar en activitats relacionades amb la r\u00e0dio: redacci\u00f3, locuci\u00f3, t\u00e8cnica de so o difusi\u00f3.<a href=\"https:\/\/www.educacionfpydeportes.gob.es\/mc\/sgctie\/comunicacion\/blog\/2024\/febrero2024\/dia-mundial-radio-2024.html\" target=\"_blank\" rel=\"noreferrer noopener\"><\/a><\/li>\n\n\n\n<li>Professorat interessat en treballar la compet\u00e8ncia comunicativa, l\u2019educaci\u00f3 medi\u00e0tica i el pensament cr\u00edtic a trav\u00e9s de projectes radiof\u00f2nics.<a href=\"https:\/\/pontenasondas.org\/dia-mundial-de-la-radio\/?lang=es\" target=\"_blank\" rel=\"noreferrer noopener\"><\/a><\/li>\n\n\n\n<li>Fam\u00edlies i comunitat educativa, que podran escoltar els programes, compartir-los i fer arribar suggeriments de continguts o preguntes per a les entrevistes.<a href=\"https:\/\/www.unesco.org\/en\/days\/world-radio\" target=\"_blank\" rel=\"noreferrer noopener\"><\/a><\/li>\n<\/ul>\n\n\n\n<p>Per a m\u00e9s informaci\u00f3, consulta la\u00a0<a href=\"https:\/\/www.unesco.org\/es\/days\/world-radio\"><strong>web<\/strong>\u00a0<\/a>de la UNESCO del Dia Mundial de la Radio 2026!<\/p>\n\n\n\n<p><\/p>\n","protected":false},"excerpt":{"rendered":"<p>Celebrem el Dia Mundial de la R\u00e0dio al centre! Descripci\u00f3 El 13 de febrer se celebra arreu del m\u00f3n el [&hellip;]<\/p>\n","protected":false},"author":377,"featured_media":23692,"comment_status":"closed","ping_status":"open","sticky":false,"template":"","format":"standard","meta":{"_bbp_topic_count":0,"_bbp_reply_count":0,"_bbp_total_topic_count":0,"_bbp_total_reply_count":0,"_bbp_voice_count":0,"_bbp_anonymous_reply_count":0,"_bbp_topic_count_hidden":0,"_bbp_reply_count_hidden":0,"_bbp_forum_subforum_count":0,"site-sidebar-layout":"default","site-content-layout":"","ast-site-content-layout":"default","site-content-style":"default","site-sidebar-style":"default","ast-global-header-display":"","ast-banner-title-visibility":"","ast-main-header-display":"","ast-hfb-above-header-display":"","ast-hfb-below-header-display":"","ast-hfb-mobile-header-display":"","site-post-title":"","ast-breadcrumbs-content":"","ast-featured-img":"","footer-sml-layout":"","theme-transparent-header-meta":"","adv-header-id-meta":"","stick-header-meta":"","header-above-stick-meta":"","header-main-stick-meta":"","header-below-stick-meta":"","astra-migrate-meta-layouts":"set","ast-page-background-enabled":"default","ast-page-background-meta":{"desktop":{"background-color":"var(--ast-global-color-4)","background-image":"","background-repeat":"repeat","background-position":"center center","background-size":"auto","background-attachment":"scroll","background-type":"","background-media":"","overlay-type":"","overlay-color":"","overlay-opacity":"","overlay-gradient":""},"tablet":{"background-color":"","background-image":"","background-repeat":"repeat","background-position":"center center","background-size":"auto","background-attachment":"scroll","background-type":"","background-media":"","overlay-type":"","overlay-color":"","overlay-opacity":"","overlay-gradient":""},"mobile":{"background-color":"","background-image":"","background-repeat":"repeat","background-position":"center center","background-size":"auto","background-attachment":"scroll","background-type":"","background-media":"","overlay-type":"","overlay-color":"","overlay-opacity":"","overlay-gradient":""}},"ast-content-background-meta":{"desktop":{"background-color":"var(--ast-global-color-5)","background-image":"","background-repeat":"repeat","background-position":"center center","background-size":"auto","background-attachment":"scroll","background-type":"","background-media":"","overlay-type":"","overlay-color":"","overlay-opacity":"","overlay-gradient":""},"tablet":{"background-color":"var(--ast-global-color-5)","background-image":"","background-repeat":"repeat","background-position":"center center","background-size":"auto","background-attachment":"scroll","background-type":"","background-media":"","overlay-type":"","overlay-color":"","overlay-opacity":"","overlay-gradient":""},"mobile":{"background-color":"var(--ast-global-color-5)","background-image":"","background-repeat":"repeat","background-position":"center center","background-size":"auto","background-attachment":"scroll","background-type":"","background-media":"","overlay-type":"","overlay-color":"","overlay-opacity":"","overlay-gradient":""}},"footnotes":""},"categories":[607,1,29],"tags":[702,598,602],"class_list":["post-23691","post","type-post","status-publish","format-standard","has-post-thumbnail","hentry","category-culdig","category-general","category-portada","tag-cultura-digital","tag-eti-portada","tag-eti-rec-menu"],"post_mailing_queue_ids":[],"_links":{"self":[{"href":"https:\/\/serveiseducatius.xtec.cat\/tarragones\/wp-json\/wp\/v2\/posts\/23691","targetHints":{"allow":["GET"]}}],"collection":[{"href":"https:\/\/serveiseducatius.xtec.cat\/tarragones\/wp-json\/wp\/v2\/posts"}],"about":[{"href":"https:\/\/serveiseducatius.xtec.cat\/tarragones\/wp-json\/wp\/v2\/types\/post"}],"author":[{"embeddable":true,"href":"https:\/\/serveiseducatius.xtec.cat\/tarragones\/wp-json\/wp\/v2\/users\/377"}],"replies":[{"embeddable":true,"href":"https:\/\/serveiseducatius.xtec.cat\/tarragones\/wp-json\/wp\/v2\/comments?post=23691"}],"version-history":[{"count":1,"href":"https:\/\/serveiseducatius.xtec.cat\/tarragones\/wp-json\/wp\/v2\/posts\/23691\/revisions"}],"predecessor-version":[{"id":23693,"href":"https:\/\/serveiseducatius.xtec.cat\/tarragones\/wp-json\/wp\/v2\/posts\/23691\/revisions\/23693"}],"wp:featuredmedia":[{"embeddable":true,"href":"https:\/\/serveiseducatius.xtec.cat\/tarragones\/wp-json\/wp\/v2\/media\/23692"}],"wp:attachment":[{"href":"https:\/\/serveiseducatius.xtec.cat\/tarragones\/wp-json\/wp\/v2\/media?parent=23691"}],"wp:term":[{"taxonomy":"category","embeddable":true,"href":"https:\/\/serveiseducatius.xtec.cat\/tarragones\/wp-json\/wp\/v2\/categories?post=23691"},{"taxonomy":"post_tag","embeddable":true,"href":"https:\/\/serveiseducatius.xtec.cat\/tarragones\/wp-json\/wp\/v2\/tags?post=23691"}],"curies":[{"name":"wp","href":"https:\/\/api.w.org\/{rel}","templated":true}]}}