{"id":23416,"date":"2025-11-10T17:25:38","date_gmt":"2025-11-10T16:25:38","guid":{"rendered":"https:\/\/serveiseducatius.xtec.cat\/tarragones\/?p=23416"},"modified":"2025-11-10T17:25:39","modified_gmt":"2025-11-10T16:25:39","slug":"setmana-mundial-de-lalfabetitzacio-mediatica","status":"publish","type":"post","link":"https:\/\/serveiseducatius.xtec.cat\/tarragones\/general\/setmana-mundial-de-lalfabetitzacio-mediatica\/","title":{"rendered":"Setmana mundial de l&#8217;alfabetitzaci\u00f3 medi\u00e0tica"},"content":{"rendered":"\n<figure class=\"wp-block-image size-full\"><a href=\"https:\/\/serveiseducatius.xtec.cat\/tarragones\/wp-content\/uploads\/usu549\/2025\/11\/image-1.png\"><img loading=\"lazy\" decoding=\"async\" width=\"240\" height=\"237\" src=\"https:\/\/serveiseducatius.xtec.cat\/tarragones\/wp-content\/uploads\/usu549\/2025\/11\/image-1.png\" alt=\"\" class=\"wp-image-23417\"\/><\/a><\/figure>\n\n\n\n<p>L\u2019eix tem\u00e0tic de la Setmana Mundial de l\u2019Alfabetitzaci\u00f3 Medi\u00e0tica i Informacional ha girat al voltant en el periodisme escolar i la seva contribuci\u00f3 en la lluita contra la desinformaci\u00f3.<\/p>\n\n\n\n<p>Sota el lema&nbsp;<strong>\u201cEl periodisme escolar contra la desinformaci\u00f3\u201d<\/strong>&nbsp;hem reflexionat i treballat per convertir-nos en \u201c<strong>voluntaris contra la desinformaci\u00f3<\/strong>\u201d.&nbsp; El dossier de propostes ens ha perm\u00e8s treballar un seguit d\u2019activitats i preparar de forma col\u00b7laborativa l\u2019entrevista amb la<strong>&nbsp;Maria Bouabdellah<\/strong>&nbsp;durant la setmana de la Setmana de l\u2019AMI.<\/p>\n\n\n\n<iframe loading=\"lazy\" width=\"560\" height=\"315\" src=\"https:\/\/www.youtube.com\/embed\/gtFrpyV3aS4?si=cC3YZNWdp7TKl1KJ\" title=\"YouTube video player\" frameborder=\"0\" allow=\"accelerometer; autoplay; clipboard-write; encrypted-media; gyroscope; picture-in-picture; web-share\" referrerpolicy=\"strict-origin-when-cross-origin\" allowfullscreen><\/iframe>\n\n\n\n<p>La periodista i presentadora ha contestat les preguntes que li hem fet arribar des dels diferents centres educatius que han participat en la Setmana AMI 2025:<\/p>\n\n\n\n<p>Escola Sant Jordi de Sant Vicen\u00e7 dels Horts.<br>Escola Sant Mart\u00ed de Cerdanyola del Vall\u00e8s.<br>Escola Frigolet de Porqueres.<br>Escola Font-r\u00fabia de Font-rub\u00ed.<br>Institut Antoni Torroja de Cervera.<br>Escola Roser Capdevila de Terrassa.<\/p>\n\n\n\n<h6 class=\"wp-block-heading\">Podeu consultar totes les preguntes de l\u2019entrevista escrita i completar-la amb les preguntes de l\u2019entrevista audiovisual que us oferim des del Canal de Reporters i la\u00a0<a href=\"https:\/\/projectes.xtec.cat\/bescat\/\">Xarxa de Biblioteques Escolars (BESCAT)<\/a><\/h6>\n\n\n\n<p>Maria Bouabdellah \u00e9s periodista, presentadora de televisi\u00f3 i creadora de contingut en catal\u00e0. Actualment, \u00e9s presentadora del programa R\u00e0ndom de Televisi\u00f3 de Catalunya.<\/p>\n","protected":false},"excerpt":{"rendered":"<p>L\u2019eix tem\u00e0tic de la Setmana Mundial de l\u2019Alfabetitzaci\u00f3 Medi\u00e0tica i Informacional ha girat al voltant en el periodisme escolar i [&hellip;]<\/p>\n","protected":false},"author":1,"featured_media":23417,"comment_status":"closed","ping_status":"open","sticky":false,"template":"","format":"standard","meta":{"_bbp_topic_count":0,"_bbp_reply_count":0,"_bbp_total_topic_count":0,"_bbp_total_reply_count":0,"_bbp_voice_count":0,"_bbp_anonymous_reply_count":0,"_bbp_topic_count_hidden":0,"_bbp_reply_count_hidden":0,"_bbp_forum_subforum_count":0,"site-sidebar-layout":"default","site-content-layout":"","ast-site-content-layout":"default","site-content-style":"default","site-sidebar-style":"default","ast-global-header-display":"","ast-banner-title-visibility":"","ast-main-header-display":"","ast-hfb-above-header-display":"","ast-hfb-below-header-display":"","ast-hfb-mobile-header-display":"","site-post-title":"","ast-breadcrumbs-content":"","ast-featured-img":"","footer-sml-layout":"","theme-transparent-header-meta":"","adv-header-id-meta":"","stick-header-meta":"","header-above-stick-meta":"","header-main-stick-meta":"","header-below-stick-meta":"","astra-migrate-meta-layouts":"set","ast-page-background-enabled":"default","ast-page-background-meta":{"desktop":{"background-color":"var(--ast-global-color-4)","background-image":"","background-repeat":"repeat","background-position":"center center","background-size":"auto","background-attachment":"scroll","background-type":"","background-media":"","overlay-type":"","overlay-color":"","overlay-opacity":"","overlay-gradient":""},"tablet":{"background-color":"","background-image":"","background-repeat":"repeat","background-position":"center center","background-size":"auto","background-attachment":"scroll","background-type":"","background-media":"","overlay-type":"","overlay-color":"","overlay-opacity":"","overlay-gradient":""},"mobile":{"background-color":"","background-image":"","background-repeat":"repeat","background-position":"center center","background-size":"auto","background-attachment":"scroll","background-type":"","background-media":"","overlay-type":"","overlay-color":"","overlay-opacity":"","overlay-gradient":""}},"ast-content-background-meta":{"desktop":{"background-color":"var(--ast-global-color-5)","background-image":"","background-repeat":"repeat","background-position":"center center","background-size":"auto","background-attachment":"scroll","background-type":"","background-media":"","overlay-type":"","overlay-color":"","overlay-opacity":"","overlay-gradient":""},"tablet":{"background-color":"var(--ast-global-color-5)","background-image":"","background-repeat":"repeat","background-position":"center center","background-size":"auto","background-attachment":"scroll","background-type":"","background-media":"","overlay-type":"","overlay-color":"","overlay-opacity":"","overlay-gradient":""},"mobile":{"background-color":"var(--ast-global-color-5)","background-image":"","background-repeat":"repeat","background-position":"center center","background-size":"auto","background-attachment":"scroll","background-type":"","background-media":"","overlay-type":"","overlay-color":"","overlay-opacity":"","overlay-gradient":""}},"footnotes":""},"categories":[1,29,682],"tags":[],"class_list":["post-23416","post","type-post","status-publish","format-standard","has-post-thumbnail","hentry","category-general","category-portada","category-xtcd-2"],"post_mailing_queue_ids":[],"_links":{"self":[{"href":"https:\/\/serveiseducatius.xtec.cat\/tarragones\/wp-json\/wp\/v2\/posts\/23416","targetHints":{"allow":["GET"]}}],"collection":[{"href":"https:\/\/serveiseducatius.xtec.cat\/tarragones\/wp-json\/wp\/v2\/posts"}],"about":[{"href":"https:\/\/serveiseducatius.xtec.cat\/tarragones\/wp-json\/wp\/v2\/types\/post"}],"author":[{"embeddable":true,"href":"https:\/\/serveiseducatius.xtec.cat\/tarragones\/wp-json\/wp\/v2\/users\/1"}],"replies":[{"embeddable":true,"href":"https:\/\/serveiseducatius.xtec.cat\/tarragones\/wp-json\/wp\/v2\/comments?post=23416"}],"version-history":[{"count":1,"href":"https:\/\/serveiseducatius.xtec.cat\/tarragones\/wp-json\/wp\/v2\/posts\/23416\/revisions"}],"predecessor-version":[{"id":23418,"href":"https:\/\/serveiseducatius.xtec.cat\/tarragones\/wp-json\/wp\/v2\/posts\/23416\/revisions\/23418"}],"wp:featuredmedia":[{"embeddable":true,"href":"https:\/\/serveiseducatius.xtec.cat\/tarragones\/wp-json\/wp\/v2\/media\/23417"}],"wp:attachment":[{"href":"https:\/\/serveiseducatius.xtec.cat\/tarragones\/wp-json\/wp\/v2\/media?parent=23416"}],"wp:term":[{"taxonomy":"category","embeddable":true,"href":"https:\/\/serveiseducatius.xtec.cat\/tarragones\/wp-json\/wp\/v2\/categories?post=23416"},{"taxonomy":"post_tag","embeddable":true,"href":"https:\/\/serveiseducatius.xtec.cat\/tarragones\/wp-json\/wp\/v2\/tags?post=23416"}],"curies":[{"name":"wp","href":"https:\/\/api.w.org\/{rel}","templated":true}]}}