{"id":22859,"date":"2025-07-01T08:51:05","date_gmt":"2025-07-01T06:51:05","guid":{"rendered":"https:\/\/serveiseducatius.xtec.cat\/tarragones\/?p=22859"},"modified":"2025-07-01T13:52:20","modified_gmt":"2025-07-01T11:52:20","slug":"jujol-larquitecte-dels-somnis-una-cantata-per-acomiadar-amb-art-i-emocio-lescola-arquitecte-jujol","status":"publish","type":"post","link":"https:\/\/serveiseducatius.xtec.cat\/tarragones\/general\/jujol-larquitecte-dels-somnis-una-cantata-per-acomiadar-amb-art-i-emocio-lescola-arquitecte-jujol\/","title":{"rendered":"&#8220;Jujol, l\u2019arquitecte dels somnis&#8221;: una cantata per acomiadar amb art i emoci\u00f3 l\u2019Escola Arquitecte Jujol"},"content":{"rendered":"\n<p>Aquest curs 2024-2025 marca la cloenda d\u2019una etapa: l\u2019Escola Arquitecte Jujol dels Pallaresos tanca les seves portes. Per\u00f2 ho fa amb una expressi\u00f3 viva de creativitat, estima pel territori i implicaci\u00f3 educativa.<\/p>\n\n\n\n<p>El passat Nadal, tots els alumnes del centre \u2014des d\u2019educaci\u00f3 infantil fins a cicle superior de prim\u00e0ria\u2014 van protagonitzar una cantata molt especial: <strong>&#8220;Jujol, l\u2019arquitecte dels somnis&#8221;<\/strong>, una obra original composta pel mestre de m\u00fasica de l\u2019escola, <strong>Artur Gest\u00ed Andreu<\/strong>.<\/p>\n\n\n\n<h3 class=\"wp-block-heading\">Una cantata feta a mida i amb molta \u00e0nima<\/h3>\n\n\n\n<p>L\u2019obra inclou <strong>7 can\u00e7ons i un text teatral<\/strong> basats en la vida i obra de l\u2019arquitecte tarragon\u00ed modernista <strong>Josep Maria Jujol<\/strong>, estret col\u00b7laborador d\u2019Antoni Gaud\u00ed i figura cabdal del patrimoni cultural de la zona. Cada can\u00e7\u00f3 est\u00e0 <strong>adaptada als diferents nivells de prim\u00e0ria<\/strong>, mentre que el text teatral est\u00e0 pensat per a l\u2019escenificaci\u00f3 de l\u2019alumnat de cicle superior.<\/p>\n\n\n\n<p>Tot plegat va donar forma a una proposta pedag\u00f2gica interdisciplin\u00e0ria on s\u2019hi barregen la m\u00fasica, el teatre, la hist\u00f2ria de l\u2019art i l\u2019expressi\u00f3 oral. Un homenatge art\u00edstic a Jujol, per\u00f2 tamb\u00e9 un <strong>comiat simb\u00f2lic i emotiu d\u2019una comunitat educativa que tanca una etapa amb orgull i comprom\u00eds<\/strong>.<\/p>\n\n\n\n<h3 class=\"wp-block-heading\">Recursos disponibles per a tothom<\/h3>\n\n\n\n<p>Tot aquest projecte ha estat recollit i explicat pel mateix Artur Gest\u00ed a la web seg\u00fcent, on s\u2019hi poden trobar les partitures, l\u2019\u00e0udio, el gui\u00f3 teatral i les orientacions did\u00e0ctiques:<\/p>\n\n\n\n<p>\ud83d\udd17 <a class=\"\" href=\"https:\/\/blocs.xtec.cat\/ictus\/jujol-larquitecte-dels-somnis\/\">https:\/\/blocs.xtec.cat\/ictus\/jujol-larquitecte-dels-somnis\/<\/a><\/p>\n\n\n\n<p>Una proposta que pot inspirar altres escoles i mestres interessats a treballar l\u2019art, el patrimoni i la creaci\u00f3 musical amb una mirada pedag\u00f2gica transversal i significativa.<\/p>\n\n\n\n<h3 class=\"wp-block-heading\">Gr\u00e0cies, Escola Jujol<\/h3>\n\n\n\n<p>Amb iniciatives com aquesta, queda palesa la gran tasca educativa feta per l\u2019Escola Arquitecte Jujol al llarg dels anys. Volem donar les <strong>gr\u00e0cies a tot el seu equip directiu, equip docent, alumnat i fam\u00edlies<\/strong> per la seva dedicaci\u00f3 i creativitat.<\/p>\n\n\n\n<p>Acomiadem l\u2019escola, per\u00f2 la seva empremta queda viva a trav\u00e9s dels projectes, les emocions i les persones que l\u2019han feta possible.<\/p>\n\n\n\n<figure class=\"wp-block-image size-large\"><a href=\"https:\/\/serveiseducatius.xtec.cat\/tarragones\/wp-content\/uploads\/usu549\/2025\/06\/image-2.png\"><img loading=\"lazy\" decoding=\"async\" width=\"1018\" height=\"1024\" src=\"https:\/\/serveiseducatius.xtec.cat\/tarragones\/wp-content\/uploads\/usu549\/2025\/06\/image-2-1018x1024.png\" alt=\"\" class=\"wp-image-22866\" srcset=\"https:\/\/serveiseducatius.xtec.cat\/tarragones\/wp-content\/uploads\/usu549\/2025\/06\/image-2-1018x1024.png 1018w, https:\/\/serveiseducatius.xtec.cat\/tarragones\/wp-content\/uploads\/usu549\/2025\/06\/image-2-298x300.png 298w, https:\/\/serveiseducatius.xtec.cat\/tarragones\/wp-content\/uploads\/usu549\/2025\/06\/image-2-150x150.png 150w, https:\/\/serveiseducatius.xtec.cat\/tarragones\/wp-content\/uploads\/usu549\/2025\/06\/image-2-768x773.png 768w, https:\/\/serveiseducatius.xtec.cat\/tarragones\/wp-content\/uploads\/usu549\/2025\/06\/image-2.png 1280w\" sizes=\"auto, (max-width: 1018px) 100vw, 1018px\" \/><\/a><\/figure>\n","protected":false},"excerpt":{"rendered":"<p>Aquest curs 2024-2025 marca la cloenda d\u2019una etapa: l\u2019Escola Arquitecte Jujol dels Pallaresos tanca les seves portes. Per\u00f2 ho fa [&hellip;]<\/p>\n","protected":false},"author":1,"featured_media":22866,"comment_status":"closed","ping_status":"open","sticky":false,"template":"","format":"standard","meta":{"_bbp_topic_count":0,"_bbp_reply_count":0,"_bbp_total_topic_count":0,"_bbp_total_reply_count":0,"_bbp_voice_count":0,"_bbp_anonymous_reply_count":0,"_bbp_topic_count_hidden":0,"_bbp_reply_count_hidden":0,"_bbp_forum_subforum_count":0,"site-sidebar-layout":"default","site-content-layout":"","ast-site-content-layout":"default","site-content-style":"default","site-sidebar-style":"default","ast-global-header-display":"","ast-banner-title-visibility":"","ast-main-header-display":"","ast-hfb-above-header-display":"","ast-hfb-below-header-display":"","ast-hfb-mobile-header-display":"","site-post-title":"","ast-breadcrumbs-content":"","ast-featured-img":"","footer-sml-layout":"","theme-transparent-header-meta":"","adv-header-id-meta":"","stick-header-meta":"","header-above-stick-meta":"","header-main-stick-meta":"","header-below-stick-meta":"","astra-migrate-meta-layouts":"set","ast-page-background-enabled":"default","ast-page-background-meta":{"desktop":{"background-color":"var(--ast-global-color-4)","background-image":"","background-repeat":"repeat","background-position":"center center","background-size":"auto","background-attachment":"scroll","background-type":"","background-media":"","overlay-type":"","overlay-color":"","overlay-opacity":"","overlay-gradient":""},"tablet":{"background-color":"","background-image":"","background-repeat":"repeat","background-position":"center center","background-size":"auto","background-attachment":"scroll","background-type":"","background-media":"","overlay-type":"","overlay-color":"","overlay-opacity":"","overlay-gradient":""},"mobile":{"background-color":"","background-image":"","background-repeat":"repeat","background-position":"center center","background-size":"auto","background-attachment":"scroll","background-type":"","background-media":"","overlay-type":"","overlay-color":"","overlay-opacity":"","overlay-gradient":""}},"ast-content-background-meta":{"desktop":{"background-color":"var(--ast-global-color-5)","background-image":"","background-repeat":"repeat","background-position":"center center","background-size":"auto","background-attachment":"scroll","background-type":"","background-media":"","overlay-type":"","overlay-color":"","overlay-opacity":"","overlay-gradient":""},"tablet":{"background-color":"var(--ast-global-color-5)","background-image":"","background-repeat":"repeat","background-position":"center center","background-size":"auto","background-attachment":"scroll","background-type":"","background-media":"","overlay-type":"","overlay-color":"","overlay-opacity":"","overlay-gradient":""},"mobile":{"background-color":"var(--ast-global-color-5)","background-image":"","background-repeat":"repeat","background-position":"center center","background-size":"auto","background-attachment":"scroll","background-type":"","background-media":"","overlay-type":"","overlay-color":"","overlay-opacity":"","overlay-gradient":""}},"footnotes":""},"categories":[464,1,29],"tags":[],"class_list":["post-22859","post","type-post","status-publish","format-standard","has-post-thumbnail","hentry","category-activitats","category-general","category-portada"],"post_mailing_queue_ids":[],"_links":{"self":[{"href":"https:\/\/serveiseducatius.xtec.cat\/tarragones\/wp-json\/wp\/v2\/posts\/22859","targetHints":{"allow":["GET"]}}],"collection":[{"href":"https:\/\/serveiseducatius.xtec.cat\/tarragones\/wp-json\/wp\/v2\/posts"}],"about":[{"href":"https:\/\/serveiseducatius.xtec.cat\/tarragones\/wp-json\/wp\/v2\/types\/post"}],"author":[{"embeddable":true,"href":"https:\/\/serveiseducatius.xtec.cat\/tarragones\/wp-json\/wp\/v2\/users\/1"}],"replies":[{"embeddable":true,"href":"https:\/\/serveiseducatius.xtec.cat\/tarragones\/wp-json\/wp\/v2\/comments?post=22859"}],"version-history":[{"count":3,"href":"https:\/\/serveiseducatius.xtec.cat\/tarragones\/wp-json\/wp\/v2\/posts\/22859\/revisions"}],"predecessor-version":[{"id":22867,"href":"https:\/\/serveiseducatius.xtec.cat\/tarragones\/wp-json\/wp\/v2\/posts\/22859\/revisions\/22867"}],"wp:featuredmedia":[{"embeddable":true,"href":"https:\/\/serveiseducatius.xtec.cat\/tarragones\/wp-json\/wp\/v2\/media\/22866"}],"wp:attachment":[{"href":"https:\/\/serveiseducatius.xtec.cat\/tarragones\/wp-json\/wp\/v2\/media?parent=22859"}],"wp:term":[{"taxonomy":"category","embeddable":true,"href":"https:\/\/serveiseducatius.xtec.cat\/tarragones\/wp-json\/wp\/v2\/categories?post=22859"},{"taxonomy":"post_tag","embeddable":true,"href":"https:\/\/serveiseducatius.xtec.cat\/tarragones\/wp-json\/wp\/v2\/tags?post=22859"}],"curies":[{"name":"wp","href":"https:\/\/api.w.org\/{rel}","templated":true}]}}