{"id":22612,"date":"2025-02-12T16:33:35","date_gmt":"2025-02-12T15:33:35","guid":{"rendered":"https:\/\/serveiseducatius.xtec.cat\/tarragones\/?p=22612"},"modified":"2025-02-12T16:34:44","modified_gmt":"2025-02-12T15:34:44","slug":"el-xviii-forum-trics-torna-al-campus-educatiu-de-tarragona-els-dies-13-i-14-de-marc","status":"publish","type":"post","link":"https:\/\/serveiseducatius.xtec.cat\/tarragones\/general\/portada\/el-xviii-forum-trics-torna-al-campus-educatiu-de-tarragona-els-dies-13-i-14-de-marc\/","title":{"rendered":"El XVIII F\u00f2rum TRiCS torna al Campus Educatiu de Tarragona els dies 13 i 14\u00a0de mar\u00e7"},"content":{"rendered":"\n<figure class=\"wp-block-image size-large is-resized\"><a href=\"https:\/\/serveiseducatius.xtec.cat\/tarragones\/wp-content\/uploads\/usu549\/2025\/02\/image-1.png\"><img loading=\"lazy\" decoding=\"async\" width=\"1024\" height=\"245\" src=\"https:\/\/serveiseducatius.xtec.cat\/tarragones\/wp-content\/uploads\/usu549\/2025\/02\/image-1-1024x245.png\" alt=\"\" class=\"wp-image-22613\" style=\"width:554px;height:auto\" srcset=\"https:\/\/serveiseducatius.xtec.cat\/tarragones\/wp-content\/uploads\/usu549\/2025\/02\/image-1-1024x245.png 1024w, https:\/\/serveiseducatius.xtec.cat\/tarragones\/wp-content\/uploads\/usu549\/2025\/02\/image-1-300x72.png 300w, https:\/\/serveiseducatius.xtec.cat\/tarragones\/wp-content\/uploads\/usu549\/2025\/02\/image-1-768x183.png 768w, https:\/\/serveiseducatius.xtec.cat\/tarragones\/wp-content\/uploads\/usu549\/2025\/02\/image-1.png 1126w\" sizes=\"auto, (max-width: 1024px) 100vw, 1024px\" \/><\/a><\/figure>\n\n\n\n<p>El\u00a0<strong>XVIII F\u00f2rum TRiCS<\/strong>\u00a0se celebrar\u00e0 els dies\u00a0\u00a013 i 14 de mar\u00e7\u00a0\u00a0de 2025\u00a0 al\u00a0<strong>Campus Educatiu de Tarragona<\/strong>, consolidant-se com un espai de refer\u00e8ncia per a l\u2019intercanvi d\u2019experi\u00e8ncies acad\u00e8miques entre l\u2019alumnat de\u00a0<strong>batxillerat i cicles formatius de grau superior<\/strong>\u00a0de la demarcaci\u00f3 de Tarragona.<\/p>\n\n\n\n<p>Aquest esdeveniment, organitzat pel&nbsp;<strong>Departament d&#8217;Educaci\u00f3 i l\u2019Associaci\u00f3 Empresarial Qu\u00edmica de Tarragona (AEQT)<\/strong>, t\u00e9 com a objectiu fomentar la investigaci\u00f3 i la difusi\u00f3 del coneixement entre els estudiants. Durant dos dies, els participants tindran l\u2019oportunitat de presentar els seus&nbsp;<strong>Treballs de Recerca i Cr\u00e8dits de S\u00edntesi<\/strong>, servint com a font d\u2019inspiraci\u00f3 per als seus companys de primer curs.<\/p>\n\n\n\n<h3 class=\"wp-block-heading\"><strong>Un programa intens i enriquidor<\/strong><\/h3>\n\n\n\n<p>El F\u00f2rum s\u2019iniciar\u00e0 cada dia a les&nbsp;<strong>09:30 h a les Pistes Bessones<\/strong>, amb l\u2019acte d\u2019inauguraci\u00f3. A partir de les&nbsp;<strong>10:00 h<\/strong>&nbsp;comen\u00e7aran les exposicions, amb un total de&nbsp;<strong>9 presentacions per aula<\/strong>&nbsp;dividides en tres franges hor\u00e0ries de&nbsp;<strong>15 minuts cadascuna<\/strong>. A m\u00e9s, es realitzaran&nbsp;<strong>tallers pr\u00e0ctics<\/strong>&nbsp;impartits per professorat de diferents centres educatius i facultats de la&nbsp;<strong>Universitat Rovira i Virgili (URV)<\/strong>.<\/p>\n\n\n\n<p>El&nbsp;<strong>13 de mar\u00e7<\/strong>&nbsp;estar\u00e0 dedicat a les&nbsp;&nbsp;<strong>Humanitats, Ci\u00e8ncies Socials i Arts<\/strong>, mentre que el&nbsp;<strong>14&nbsp;de mar\u00e7<\/strong>&nbsp;ser\u00e0 el torn de les&nbsp;<strong>Ci\u00e8ncies i la Tecnologia<\/strong>.<\/p>\n\n\n\n<p>Amb aquesta nova edici\u00f3, el&nbsp;<strong>F\u00f2rum TRiCS reafirma el seu comprom\u00eds amb la innovaci\u00f3 i l&#8217;excel\u00b7l\u00e8ncia educativa<\/strong>, oferint als estudiants un escenari per exposar les seves investigacions i compartir coneixements amb la comunitat acad\u00e8mica.<\/p>\n\n\n\n<p>Podreu trobar m\u00e9s informaci\u00f3 sobre l&#8217;esdeveniment en aquesta&nbsp;<a href=\"https:\/\/sites.google.com\/xtec.cat\/forum-trics\" target=\"_blank\" rel=\"noreferrer noopener\">p\u00e0gina web.<\/a><\/p>\n","protected":false},"excerpt":{"rendered":"<p>El\u00a0XVIII F\u00f2rum TRiCS\u00a0se celebrar\u00e0 els dies\u00a0\u00a013 i 14 de mar\u00e7\u00a0\u00a0de 2025\u00a0 al\u00a0Campus Educatiu de Tarragona, consolidant-se com un espai de [&hellip;]<\/p>\n","protected":false},"author":1,"featured_media":22613,"comment_status":"closed","ping_status":"open","sticky":false,"template":"","format":"standard","meta":{"_bbp_topic_count":0,"_bbp_reply_count":0,"_bbp_total_topic_count":0,"_bbp_total_reply_count":0,"_bbp_voice_count":0,"_bbp_anonymous_reply_count":0,"_bbp_topic_count_hidden":0,"_bbp_reply_count_hidden":0,"_bbp_forum_subforum_count":0,"site-sidebar-layout":"default","site-content-layout":"","ast-site-content-layout":"default","site-content-style":"default","site-sidebar-style":"default","ast-global-header-display":"","ast-banner-title-visibility":"","ast-main-header-display":"","ast-hfb-above-header-display":"","ast-hfb-below-header-display":"","ast-hfb-mobile-header-display":"","site-post-title":"","ast-breadcrumbs-content":"","ast-featured-img":"","footer-sml-layout":"","theme-transparent-header-meta":"","adv-header-id-meta":"","stick-header-meta":"","header-above-stick-meta":"","header-main-stick-meta":"","header-below-stick-meta":"","astra-migrate-meta-layouts":"set","ast-page-background-enabled":"default","ast-page-background-meta":{"desktop":{"background-color":"var(--ast-global-color-4)","background-image":"","background-repeat":"repeat","background-position":"center center","background-size":"auto","background-attachment":"scroll","background-type":"","background-media":"","overlay-type":"","overlay-color":"","overlay-opacity":"","overlay-gradient":""},"tablet":{"background-color":"","background-image":"","background-repeat":"repeat","background-position":"center center","background-size":"auto","background-attachment":"scroll","background-type":"","background-media":"","overlay-type":"","overlay-color":"","overlay-opacity":"","overlay-gradient":""},"mobile":{"background-color":"","background-image":"","background-repeat":"repeat","background-position":"center center","background-size":"auto","background-attachment":"scroll","background-type":"","background-media":"","overlay-type":"","overlay-color":"","overlay-opacity":"","overlay-gradient":""}},"ast-content-background-meta":{"desktop":{"background-color":"var(--ast-global-color-5)","background-image":"","background-repeat":"repeat","background-position":"center center","background-size":"auto","background-attachment":"scroll","background-type":"","background-media":"","overlay-type":"","overlay-color":"","overlay-opacity":"","overlay-gradient":""},"tablet":{"background-color":"var(--ast-global-color-5)","background-image":"","background-repeat":"repeat","background-position":"center center","background-size":"auto","background-attachment":"scroll","background-type":"","background-media":"","overlay-type":"","overlay-color":"","overlay-opacity":"","overlay-gradient":""},"mobile":{"background-color":"var(--ast-global-color-5)","background-image":"","background-repeat":"repeat","background-position":"center center","background-size":"auto","background-attachment":"scroll","background-type":"","background-media":"","overlay-type":"","overlay-color":"","overlay-opacity":"","overlay-gradient":""}},"footnotes":""},"categories":[29],"tags":[],"class_list":["post-22612","post","type-post","status-publish","format-standard","has-post-thumbnail","hentry","category-portada"],"post_mailing_queue_ids":[],"_links":{"self":[{"href":"https:\/\/serveiseducatius.xtec.cat\/tarragones\/wp-json\/wp\/v2\/posts\/22612","targetHints":{"allow":["GET"]}}],"collection":[{"href":"https:\/\/serveiseducatius.xtec.cat\/tarragones\/wp-json\/wp\/v2\/posts"}],"about":[{"href":"https:\/\/serveiseducatius.xtec.cat\/tarragones\/wp-json\/wp\/v2\/types\/post"}],"author":[{"embeddable":true,"href":"https:\/\/serveiseducatius.xtec.cat\/tarragones\/wp-json\/wp\/v2\/users\/1"}],"replies":[{"embeddable":true,"href":"https:\/\/serveiseducatius.xtec.cat\/tarragones\/wp-json\/wp\/v2\/comments?post=22612"}],"version-history":[{"count":1,"href":"https:\/\/serveiseducatius.xtec.cat\/tarragones\/wp-json\/wp\/v2\/posts\/22612\/revisions"}],"predecessor-version":[{"id":22614,"href":"https:\/\/serveiseducatius.xtec.cat\/tarragones\/wp-json\/wp\/v2\/posts\/22612\/revisions\/22614"}],"wp:featuredmedia":[{"embeddable":true,"href":"https:\/\/serveiseducatius.xtec.cat\/tarragones\/wp-json\/wp\/v2\/media\/22613"}],"wp:attachment":[{"href":"https:\/\/serveiseducatius.xtec.cat\/tarragones\/wp-json\/wp\/v2\/media?parent=22612"}],"wp:term":[{"taxonomy":"category","embeddable":true,"href":"https:\/\/serveiseducatius.xtec.cat\/tarragones\/wp-json\/wp\/v2\/categories?post=22612"},{"taxonomy":"post_tag","embeddable":true,"href":"https:\/\/serveiseducatius.xtec.cat\/tarragones\/wp-json\/wp\/v2\/tags?post=22612"}],"curies":[{"name":"wp","href":"https:\/\/api.w.org\/{rel}","templated":true}]}}