{"id":19944,"date":"2022-11-16T12:27:47","date_gmt":"2022-11-16T11:27:47","guid":{"rendered":"https:\/\/serveiseducatius.xtec.cat\/tarragones\/?p=19944"},"modified":"2022-11-18T10:41:51","modified_gmt":"2022-11-18T09:41:51","slug":"xxviii-concurs-el-gust-per-la-lectura","status":"publish","type":"post","link":"https:\/\/serveiseducatius.xtec.cat\/tarragones\/general\/xxviii-concurs-el-gust-per-la-lectura\/","title":{"rendered":"XXVIII Concurs El Gust per la Lectura"},"content":{"rendered":"<h3>XXVIII Concurs El Gust per la Lectura<br \/>\n<img loading=\"lazy\" decoding=\"async\" class=\"alignleft\" src=\"https:\/\/projectes.xtec.cat\/bescat\/wp-content\/uploads\/usu793\/2022\/11\/XXVIII-Concurs-El-Gust-per-la-Lectura--300x194.png\" width=\"360\" height=\"233\" \/><br \/>\nEl Departament d\u2019Educaci\u00f3 convoca el <strong>XXVIII Concurs El Gust per la Lectura<\/strong>, basat en una s\u00e8rie de propostes d\u2019obres a les quals s\u2019associen materials did\u00e0ctics.<\/h3>\n<p>Per participar en el concurs, els docents hauran de formalitzar la <strong>inscripci\u00f3<\/strong> accedint al formulari mitjan\u00e7ant el portal de centres del Departament, on tamb\u00e9 trobaran un tutorial per guiar el proc\u00e9s.<\/p>\n<p>El per\u00edode \u00e9s del <strong>14 de novembre de 2022 al 18 de gener de 2023<\/strong>.<\/p>\n<p>Es far\u00e0 una inscripci\u00f3 per a cada grup classe que hi participi, amb independ\u00e8ncia de la modalitat del treball (de grup o individual). Cal fer constar el nombre d\u2019alumnes del grup classe.<\/p>\n<p>La formalitzaci\u00f3 de la inscripci\u00f3 i el lliurament dels treballs es duu a terme mitjan\u00e7ant el formulari en l\u00ednia del concurs, que trobareu a <a href=\"https:\/\/inici.espai.educacio.gencat.cat\/\">Portals de centres del Departament d\u2019Educaci\u00f3<\/a>.<\/p>\n<p><a href=\"https:\/\/xtec.gencat.cat\/ca\/centres\/premis-i-concursos\/concurs-el-gust-per-la-lectura\/\">Convocat\u00f2ria i bases<\/a><\/p>\n","protected":false},"excerpt":{"rendered":"<p>XXVIII Concurs El Gust per la Lectura El Departament d\u2019Educaci\u00f3 convoca el XXVIII Concurs El Gust per la Lectura, basat [&hellip;]<\/p>\n","protected":false},"author":1,"featured_media":19945,"comment_status":"closed","ping_status":"closed","sticky":false,"template":"","format":"standard","meta":{"_bbp_topic_count":0,"_bbp_reply_count":0,"_bbp_total_topic_count":0,"_bbp_total_reply_count":0,"_bbp_voice_count":0,"_bbp_anonymous_reply_count":0,"_bbp_topic_count_hidden":0,"_bbp_reply_count_hidden":0,"_bbp_forum_subforum_count":0,"site-sidebar-layout":"default","site-content-layout":"","ast-site-content-layout":"","site-content-style":"default","site-sidebar-style":"default","ast-global-header-display":"","ast-banner-title-visibility":"","ast-main-header-display":"","ast-hfb-above-header-display":"","ast-hfb-below-header-display":"","ast-hfb-mobile-header-display":"","site-post-title":"","ast-breadcrumbs-content":"","ast-featured-img":"","footer-sml-layout":"","theme-transparent-header-meta":"","adv-header-id-meta":"","stick-header-meta":"","header-above-stick-meta":"","header-main-stick-meta":"","header-below-stick-meta":"","astra-migrate-meta-layouts":"default","ast-page-background-enabled":"default","ast-page-background-meta":{"desktop":{"background-color":"var(--ast-global-color-4)","background-image":"","background-repeat":"repeat","background-position":"center center","background-size":"auto","background-attachment":"scroll","background-type":"","background-media":"","overlay-type":"","overlay-color":"","overlay-opacity":"","overlay-gradient":""},"tablet":{"background-color":"","background-image":"","background-repeat":"repeat","background-position":"center center","background-size":"auto","background-attachment":"scroll","background-type":"","background-media":"","overlay-type":"","overlay-color":"","overlay-opacity":"","overlay-gradient":""},"mobile":{"background-color":"","background-image":"","background-repeat":"repeat","background-position":"center center","background-size":"auto","background-attachment":"scroll","background-type":"","background-media":"","overlay-type":"","overlay-color":"","overlay-opacity":"","overlay-gradient":""}},"ast-content-background-meta":{"desktop":{"background-color":"var(--ast-global-color-5)","background-image":"","background-repeat":"repeat","background-position":"center center","background-size":"auto","background-attachment":"scroll","background-type":"","background-media":"","overlay-type":"","overlay-color":"","overlay-opacity":"","overlay-gradient":""},"tablet":{"background-color":"var(--ast-global-color-5)","background-image":"","background-repeat":"repeat","background-position":"center center","background-size":"auto","background-attachment":"scroll","background-type":"","background-media":"","overlay-type":"","overlay-color":"","overlay-opacity":"","overlay-gradient":""},"mobile":{"background-color":"var(--ast-global-color-5)","background-image":"","background-repeat":"repeat","background-position":"center center","background-size":"auto","background-attachment":"scroll","background-type":"","background-media":"","overlay-type":"","overlay-color":"","overlay-opacity":"","overlay-gradient":""}},"footnotes":""},"categories":[1,29],"tags":[598],"class_list":["post-19944","post","type-post","status-publish","format-standard","has-post-thumbnail","hentry","category-general","category-portada","tag-eti-portada"],"post_mailing_queue_ids":[],"_links":{"self":[{"href":"https:\/\/serveiseducatius.xtec.cat\/tarragones\/wp-json\/wp\/v2\/posts\/19944","targetHints":{"allow":["GET"]}}],"collection":[{"href":"https:\/\/serveiseducatius.xtec.cat\/tarragones\/wp-json\/wp\/v2\/posts"}],"about":[{"href":"https:\/\/serveiseducatius.xtec.cat\/tarragones\/wp-json\/wp\/v2\/types\/post"}],"author":[{"embeddable":true,"href":"https:\/\/serveiseducatius.xtec.cat\/tarragones\/wp-json\/wp\/v2\/users\/1"}],"replies":[{"embeddable":true,"href":"https:\/\/serveiseducatius.xtec.cat\/tarragones\/wp-json\/wp\/v2\/comments?post=19944"}],"version-history":[{"count":1,"href":"https:\/\/serveiseducatius.xtec.cat\/tarragones\/wp-json\/wp\/v2\/posts\/19944\/revisions"}],"predecessor-version":[{"id":19946,"href":"https:\/\/serveiseducatius.xtec.cat\/tarragones\/wp-json\/wp\/v2\/posts\/19944\/revisions\/19946"}],"wp:featuredmedia":[{"embeddable":true,"href":"https:\/\/serveiseducatius.xtec.cat\/tarragones\/wp-json\/wp\/v2\/media\/19945"}],"wp:attachment":[{"href":"https:\/\/serveiseducatius.xtec.cat\/tarragones\/wp-json\/wp\/v2\/media?parent=19944"}],"wp:term":[{"taxonomy":"category","embeddable":true,"href":"https:\/\/serveiseducatius.xtec.cat\/tarragones\/wp-json\/wp\/v2\/categories?post=19944"},{"taxonomy":"post_tag","embeddable":true,"href":"https:\/\/serveiseducatius.xtec.cat\/tarragones\/wp-json\/wp\/v2\/tags?post=19944"}],"curies":[{"name":"wp","href":"https:\/\/api.w.org\/{rel}","templated":true}]}}