{"id":19802,"date":"2022-07-04T08:30:42","date_gmt":"2022-07-04T06:30:42","guid":{"rendered":"https:\/\/serveiseducatius.xtec.cat\/tarragones\/?p=19802"},"modified":"2025-12-03T13:28:49","modified_gmt":"2025-12-03T12:28:49","slug":"r402-maleta-dones-cientifiques","status":"publish","type":"post","link":"https:\/\/serveiseducatius.xtec.cat\/tarragones\/recursos\/r402-maleta-dones-cientifiques\/","title":{"rendered":"R402 &#8211; Maleta dones cient\u00edfiques"},"content":{"rendered":"\n<p><\/p>\n\n\n<p style=\"text-align: justify;\"><img loading=\"lazy\" decoding=\"async\" class=\"wp-image-17521 aligncenter\" src=\"https:\/\/serveiseducatius.xtec.cat\/tarragones\/wp-content\/uploads\/usu549\/2021\/02\/1612779747676.jpg\" alt=\"\" width=\"476\" height=\"357\" srcset=\"https:\/\/serveiseducatius.xtec.cat\/tarragones\/wp-content\/uploads\/usu549\/2021\/02\/1612779747676.jpg 1200w, https:\/\/serveiseducatius.xtec.cat\/tarragones\/wp-content\/uploads\/usu549\/2021\/02\/1612779747676-300x225.jpg 300w, https:\/\/serveiseducatius.xtec.cat\/tarragones\/wp-content\/uploads\/usu549\/2021\/02\/1612779747676-768x576.jpg 768w, https:\/\/serveiseducatius.xtec.cat\/tarragones\/wp-content\/uploads\/usu549\/2021\/02\/1612779747676-1024x768.jpg 1024w, https:\/\/serveiseducatius.xtec.cat\/tarragones\/wp-content\/uploads\/usu549\/2021\/02\/1612779747676-200x150.jpg 200w\" sizes=\"auto, (max-width: 476px) 100vw, 476px\" \/><\/p>\n<table style=\"height: 8px; width: 100%; border-color: #ffffff;\">\n<tbody>\n<tr>\n<td style=\"background-color: #5e3a73; width: 1133px;\">\n<h3 style=\"text-align: center;\"><strong><span style=\"color: #ffffff;\">Llibres de biografies inspiradores<\/span><\/strong><\/h3>\n<\/td>\n<\/tr>\n<\/tbody>\n<\/table>\n<p><img loading=\"lazy\" decoding=\"async\" class=\" wp-image-17526 alignright\" src=\"https:\/\/serveiseducatius.xtec.cat\/tarragones\/wp-content\/uploads\/usu549\/2021\/02\/1612779995749.jpg\" alt=\"\" width=\"259\" height=\"325\" srcset=\"https:\/\/serveiseducatius.xtec.cat\/tarragones\/wp-content\/uploads\/usu549\/2021\/02\/1612779995749.jpg 900w, https:\/\/serveiseducatius.xtec.cat\/tarragones\/wp-content\/uploads\/usu549\/2021\/02\/1612779995749-239x300.jpg 239w, https:\/\/serveiseducatius.xtec.cat\/tarragones\/wp-content\/uploads\/usu549\/2021\/02\/1612779995749-768x964.jpg 768w, https:\/\/serveiseducatius.xtec.cat\/tarragones\/wp-content\/uploads\/usu549\/2021\/02\/1612779995749-816x1024.jpg 816w\" sizes=\"auto, (max-width: 259px) 100vw, 259px\" \/><\/p>\n<p>Aquests llibres permeten a l&#8217;alumnat con\u00e8ixer la biografia de les cient\u00edfiques m\u00e9s rellevants de la hist\u00f2ria.<\/p>\n<ul>\n<li><a href=\"https:\/\/www.veguetaediciones.com\/catalogo\/hipatia-la-gran-mestra-dalexandria\/\" target=\"_blank\" rel=\"noopener noreferrer\">Hipatia, la gran mestra d&#8217;Alexandria.<\/a> Edicions Vegueta<\/li>\n<li><a href=\"https:\/\/www.veguetaediciones.com\/catalogo\/ada-lovelace-la-primera-programadora-de-la-historia-cat\/\" target=\"_blank\" rel=\"noopener noreferrer\">Ada Lovelace, la primera programadora de la hist\u00f2ria.<\/a> Edicions Vegueta<\/li>\n<li><a href=\"https:\/\/www.veguetaediciones.com\/catalogo\/lise-meitner-la-fisica-que-va-iniciar-lera-atomica\/\" target=\"_blank\" rel=\"noopener noreferrer\">Lise Meitner, la f\u00edsica que va iniciar l&#8217;era at\u00f2mica.<\/a> Edicions Vegueta<\/li>\n<li><a href=\"https:\/\/www.veguetaediciones.com\/catalogo\/marie-curie-el-coratge-duna-cientifica\/\" target=\"_blank\" rel=\"noopener noreferrer\">Marie Curie, el coratge d&#8217;una cient\u00edfica.<\/a> Edicions Vegueta<\/li>\n<li><a href=\"https:\/\/www.veguetaediciones.com\/catalogo\/jane-goodall-la-millor-amiga-dels-ximpanzes\/\" target=\"_blank\" rel=\"noopener noreferrer\">Jane Goodall, la millor amiga dels ximpanz\u00e9s.<\/a> Edicions Vegueta<\/li>\n<li><a href=\"https:\/\/www.grup62.cat\/llibre-dones-de-ciencia\/274737\" target=\"_blank\" rel=\"noopener noreferrer\">Dones de ci\u00e8ncia. 50 pioneres valentes que van canviar el m\u00f3n.<\/a> Edicions Estrella Polar<\/li>\n<li><a href=\"https:\/\/www.editorialflamboyant.com\/ca\/libro\/inventores-i-els-seus-invents\/\" target=\"_blank\" rel=\"noopener noreferrer\">Inventores i els seus invents.<\/a> Edicions Flamboyant<\/li>\n<li><a href=\"http:\/\/obradoredendum.cat\/catalog\/pierre-curie-estimat-pierre-a-qui-mai-mes-no-tornare-a-veure-diari-1906-1907-estudi-dels-quaderns-de-laboratori\/\" target=\"_blank\" rel=\"noopener noreferrer\">Marie Curie &#8211; Pierre Curie.<\/a> Obrador ed\u00e8ndum<\/li>\n<\/ul>\n<table style=\"height: 10px; width: 100%; border-color: #ffffff;\">\n<tbody>\n<tr>\n<td style=\"background-color: #5e3a7d;\">\n<h3 style=\"text-align: center;\"><span style=\"color: #ffffff;\"><strong>Pel\u00b7l\u00edcules sobre cient\u00edfiques<\/strong><\/span><\/h3>\n<\/td>\n<\/tr>\n<\/tbody>\n<\/table>\n<p><img loading=\"lazy\" decoding=\"async\" class=\"wp-image-17529 alignright\" src=\"https:\/\/serveiseducatius.xtec.cat\/tarragones\/wp-content\/uploads\/usu549\/2021\/02\/1612779995771.jpg\" alt=\"\" width=\"259\" height=\"309\" srcset=\"https:\/\/serveiseducatius.xtec.cat\/tarragones\/wp-content\/uploads\/usu549\/2021\/02\/1612779995771.jpg 754w, https:\/\/serveiseducatius.xtec.cat\/tarragones\/wp-content\/uploads\/usu549\/2021\/02\/1612779995771-251x300.jpg 251w\" sizes=\"auto, (max-width: 259px) 100vw, 259px\" \/><\/p>\n<p>Pel\u00b7l\u00edcules basades en fets reals de dones cient\u00edfiques:<\/p>\n<ul>\n<li><a href=\"https:\/\/www.filmaffinity.com\/es\/film947523.html\" target=\"_blank\" rel=\"noopener noreferrer\">Figuras ocultas<\/a> 2016 (Recomanada a partir de 1r prim\u00e0ria)<\/li>\n<li><a href=\"https:\/\/www.filmaffinity.com\/es\/film566095.html\" target=\"_blank\" rel=\"noopener noreferrer\">\u00c1gora<\/a> 2009 (Recomanada a partir de 3r ESO)<\/li>\n<li><a href=\"https:\/\/www.filmaffinity.com\/es\/film649415.html\" target=\"_blank\" rel=\"noopener noreferrer\">Marie Curie<\/a> 2016 (Recomanada a partir de 3r ESO)<\/li>\n<\/ul>\n<table style=\"height: 10px; width: 100%; border-color: #ffffff;\">\n<tbody>\n<tr>\n<td style=\"background-color: #5e3a87;\">\n<h3 style=\"text-align: center;\"><span style=\"color: #ffffff;\"><strong>Llibres d&#8217;experiments: tu tamb\u00e9 pots fer ci\u00e8ncia<\/strong><\/span><\/h3>\n<\/td>\n<\/tr>\n<\/tbody>\n<\/table>\n<p><img loading=\"lazy\" decoding=\"async\" class=\"wp-image-17531 alignright\" src=\"https:\/\/serveiseducatius.xtec.cat\/tarragones\/wp-content\/uploads\/usu549\/2021\/02\/1612779747712.jpg\" alt=\"\" width=\"288\" height=\"216\" srcset=\"https:\/\/serveiseducatius.xtec.cat\/tarragones\/wp-content\/uploads\/usu549\/2021\/02\/1612779747712.jpg 1200w, https:\/\/serveiseducatius.xtec.cat\/tarragones\/wp-content\/uploads\/usu549\/2021\/02\/1612779747712-300x225.jpg 300w, https:\/\/serveiseducatius.xtec.cat\/tarragones\/wp-content\/uploads\/usu549\/2021\/02\/1612779747712-768x576.jpg 768w, https:\/\/serveiseducatius.xtec.cat\/tarragones\/wp-content\/uploads\/usu549\/2021\/02\/1612779747712-1024x768.jpg 1024w, https:\/\/serveiseducatius.xtec.cat\/tarragones\/wp-content\/uploads\/usu549\/2021\/02\/1612779747712-200x150.jpg 200w\" sizes=\"auto, (max-width: 288px) 100vw, 288px\" \/><span style=\"font-family: inherit;\"><span style=\"font-size: 1em;\">Aquests llibres expliquen pas a pas com realitzar experiments divertits <\/span><\/span><span style=\"font-family: inherit;\"><span style=\"font-size: 1em;\">a l&#8217;aula i a l&#8217;exterior.\u00a0\u00a0<\/span><\/span><\/p>\n<ul>\n<li><a href=\"https:\/\/www.editorialsusaeta.com\/es\/llibre-infantils\/3936-el-meu-gran-llibre-d-experiments-9788467734171.html\" target=\"_blank\" rel=\"noopener noreferrer\">El meu gran llibre d&#8217;experiments.<\/a> Edicions Susaeta<\/li>\n<li><a href=\"https:\/\/www.grup62.cat\/llibre-dinamiks\/265678\" target=\"_blank\" rel=\"noopener noreferrer\">Din\u00e0miks. Club Super 3.<\/a> Edicions Estrella Polar<\/li>\n<li><a href=\"https:\/\/www.larousse.es\/libro\/infantil-juvenil\/simplissim-els-experiments-cientifics-mes-facils-del-mon-larousse-editorial-9788416984916\/\" target=\"_blank\" rel=\"noopener noreferrer\">Simpl\u00edssim. Els experiments cient\u00edfics m\u00e9s f\u00e0cils del m\u00f3n.<\/a> Edicions Larousse<\/li>\n<li><a href=\"http:\/\/www.parramon.com\/ficha.aspx?cod=P02792\" target=\"_blank\" rel=\"noopener noreferrer\">Ci\u00e8ncia per a nens. 52 experiments casolans aptes per a tota la fam\u00edlia.<\/a> Edicions Parramon<\/li>\n<li><a href=\"http:\/\/www.parramon.com\/ficha.aspx?cod=P02832\" target=\"_blank\" rel=\"noopener noreferrer\">Ci\u00e8ncia a l&#8217;exterior per a nens.<\/a> Edicions Parramon<\/li>\n<li><a href=\"https:\/\/www.cossetania.com\/un-submar-daoaire-i-altres-experiments-1667\" target=\"_blank\" rel=\"noopener noreferrer\">Experimenta 1. Un submar\u00ed d&#8217;aire i altres experiments.<\/a> Edicions Cosset\u00e0nia<\/li>\n<li><a href=\"https:\/\/www.cossetania.com\/un-cotxe-a-reacci-i-altres-experiments-1824\" target=\"_blank\" rel=\"noopener noreferrer\">Experimenta 2. Un cotxe a reacci\u00f3 i altres experiments.<\/a> Edicions Cosset\u00e0nia<\/li>\n<\/ul>\n<table style=\"height: 10px; width: 100%; border-color: #ffffff;\">\n<tbody>\n<tr>\n<td style=\"background-color: #723a9b;\">\n<h3 style=\"text-align: center;\"><span style=\"color: #ffffff;\"><strong>Material de l&#8217;Observatori de la Igualtat i de la URV-ICIQ<\/strong><\/span><\/h3>\n<\/td>\n<\/tr>\n<\/tbody>\n<\/table>\n<p><img loading=\"lazy\" decoding=\"async\" class=\" wp-image-17532 alignright\" src=\"https:\/\/serveiseducatius.xtec.cat\/tarragones\/wp-content\/uploads\/usu549\/2021\/02\/1612779747697.jpg\" alt=\"\" width=\"235\" height=\"282\" srcset=\"https:\/\/serveiseducatius.xtec.cat\/tarragones\/wp-content\/uploads\/usu549\/2021\/02\/1612779747697.jpg 900w, https:\/\/serveiseducatius.xtec.cat\/tarragones\/wp-content\/uploads\/usu549\/2021\/02\/1612779747697-251x300.jpg 251w, https:\/\/serveiseducatius.xtec.cat\/tarragones\/wp-content\/uploads\/usu549\/2021\/02\/1612779747697-768x919.jpg 768w, https:\/\/serveiseducatius.xtec.cat\/tarragones\/wp-content\/uploads\/usu549\/2021\/02\/1612779747697-856x1024.jpg 856w\" sizes=\"auto, (max-width: 235px) 100vw, 235px\" \/>Els calendaris de la URV mostren cada mes la biografia d&#8217;una cient\u00edfica:<\/p>\n<ul>\n<li><a href=\"https:\/\/www.urv.cat\/media\/upload\/\/arxius\/igualtat\/calendari2013.pdf\" target=\"_blank\" rel=\"noopener noreferrer\">Calendari 2013 &#8211; Dones i medicina<\/a><\/li>\n<li><a href=\"https:\/\/www.urv.cat\/media\/upload\/\/arxius\/igualtat\/Donesiciencia\/Calendaris\/Calendari2014.pdf\" target=\"_blank\" rel=\"noopener noreferrer\">Calendari 2014 &#8211; Dones arquitectes<\/a><\/li>\n<li><a href=\"https:\/\/www.urv.cat\/media\/upload\/\/arxius\/igualtat\/Donesiciencia\/Calendaris\/Calendari2015.pdf\" target=\"_blank\" rel=\"noopener noreferrer\">Calendari 2015 &#8211; Dones i psicologia<\/a><\/li>\n<li><a href=\"https:\/\/www.urv.cat\/media\/upload\/arxius\/igualtat\/Calendari\/Calendari2019\" target=\"_blank\" rel=\"noopener noreferrer\">Calendari 2019 &#8211; Dones i infermeria<\/a><\/li>\n<li>Desplegable &#8211; Dones cient\u00edfiques<\/li>\n<\/ul>\n<p><a href=\"https:\/\/www.urv.cat\/ca\/vida-campus\/universitat-responsable\/observatori-igualtat\/\" target=\"_blank\" rel=\"noopener noreferrer\"><img loading=\"lazy\" decoding=\"async\" class=\"wp-image-17468 alignnone\" src=\"https:\/\/serveiseducatius.xtec.cat\/tarragones\/wp-content\/uploads\/usu549\/2021\/02\/observatori-igualtat.png\" alt=\"\" width=\"336\" height=\"194\" srcset=\"https:\/\/serveiseducatius.xtec.cat\/tarragones\/wp-content\/uploads\/usu549\/2021\/02\/observatori-igualtat.png 558w, https:\/\/serveiseducatius.xtec.cat\/tarragones\/wp-content\/uploads\/usu549\/2021\/02\/observatori-igualtat-300x173.png 300w\" sizes=\"auto, (max-width: 336px) 100vw, 336px\" \/><\/a><\/p>\n<p>Des de la URV i ICIQ han creat unes fitxes explicatives sobre cada \u00e0mbit de recerca junt amb la pr\u00e0ctica o experiments associats:<\/p>\n<ul>\n<li><a href=\"http:\/\/cientifiques-stem.cat\/\" target=\"_blank\" rel=\"noopener noreferrer\">Fitxes &#8211; Cient\u00edfiques: Passat i present<\/a><\/li>\n<\/ul>\n<p><a href=\"http:\/\/cientifiques-stem.cat\/\" target=\"_blank\" rel=\"noopener noreferrer\"><img loading=\"lazy\" decoding=\"async\" class=\"alignleft wp-image-17540\" src=\"https:\/\/serveiseducatius.xtec.cat\/tarragones\/wp-content\/uploads\/usu549\/2021\/02\/cientifiques.png\" alt=\"\" width=\"381\" height=\"129\" srcset=\"https:\/\/serveiseducatius.xtec.cat\/tarragones\/wp-content\/uploads\/usu549\/2021\/02\/cientifiques.png 440w, https:\/\/serveiseducatius.xtec.cat\/tarragones\/wp-content\/uploads\/usu549\/2021\/02\/cientifiques-300x102.png 300w\" sizes=\"auto, (max-width: 381px) 100vw, 381px\" \/><\/a><\/p>\n<table style=\"height: 10px; width: 100%; border-color: #ffffff;\">\n<tbody>\n<tr>\n<td style=\"background-color: #723aaf;\">\n<h3 style=\"text-align: center;\"><span style=\"color: #ffffff;\"><strong>Interpretaci\u00f3 de personatges<\/strong><\/span><\/h3>\n<\/td>\n<\/tr>\n<\/tbody>\n<\/table>\n<p><img loading=\"lazy\" decoding=\"async\" class=\" wp-image-17533 alignright\" src=\"https:\/\/serveiseducatius.xtec.cat\/tarragones\/wp-content\/uploads\/usu549\/2021\/02\/1612779747687.jpg\" alt=\"\" width=\"218\" height=\"291\" srcset=\"https:\/\/serveiseducatius.xtec.cat\/tarragones\/wp-content\/uploads\/usu549\/2021\/02\/1612779747687.jpg 900w, https:\/\/serveiseducatius.xtec.cat\/tarragones\/wp-content\/uploads\/usu549\/2021\/02\/1612779747687-225x300.jpg 225w, https:\/\/serveiseducatius.xtec.cat\/tarragones\/wp-content\/uploads\/usu549\/2021\/02\/1612779747687-768x1024.jpg 768w\" sizes=\"auto, (max-width: 218px) 100vw, 218px\" \/><span style=\"font-family: inherit;\"><span style=\"font-size: 1em;\">Aquest material pret\u00e9n ajudar els i les alumnes a posar-se a la pell de les cient\u00edfiques. <\/span><\/span><\/p>\n<ul>\n<li>15 Collarets identificatius de cient\u00edfiques<\/li>\n<li>15 Bates<\/li>\n<\/ul>\n<p><span style=\"font-family: inherit;\"><span style=\"font-size: 1em;\">Algunes propostes a realitzar s\u00f3n:<\/span><\/span><\/p>\n<ul>\n<li style=\"list-style-type: none;\">\n<ul style=\"list-style-type: circle;\">\n<li>Interpretaci\u00f3 d&#8217;una cient\u00edfica i explicaci\u00f3 de la seva biografia a la resta de la classe.<\/li>\n<li>Sabies que les cient\u00edfiques fan confer\u00e8ncies? Explica un dels descobriments de la teva cient\u00edfica.<\/li>\n<li>Creaci\u00f3 de debats a l&#8217;aula.<\/li>\n<li>Vols fer un coet, vacuna, central el\u00e8ctrica, antena, etc&#8230; A quines cient\u00edfiques demanaries ajuda i per qu\u00e8?<\/li>\n<\/ul>\n<\/li>\n<\/ul>\n<table style=\"height: 10px; width: 100%; border-color: #ffffff;\">\n<tbody>\n<tr>\n<td style=\"background-color: #723ac3;\">\n<h3 style=\"text-align: center;\"><strong><span style=\"color: #ffffff;\">Jocs<\/span><\/strong><\/h3>\n<\/td>\n<\/tr>\n<\/tbody>\n<\/table>\n<p><img loading=\"lazy\" decoding=\"async\" class=\"wp-image-17534 alignright\" src=\"https:\/\/serveiseducatius.xtec.cat\/tarragones\/wp-content\/uploads\/usu549\/2021\/02\/1612779995760.jpg\" alt=\"\" width=\"229\" height=\"282\" srcset=\"https:\/\/serveiseducatius.xtec.cat\/tarragones\/wp-content\/uploads\/usu549\/2021\/02\/1612779995760.jpg 900w, https:\/\/serveiseducatius.xtec.cat\/tarragones\/wp-content\/uploads\/usu549\/2021\/02\/1612779995760-244x300.jpg 244w, https:\/\/serveiseducatius.xtec.cat\/tarragones\/wp-content\/uploads\/usu549\/2021\/02\/1612779995760-768x944.jpg 768w, https:\/\/serveiseducatius.xtec.cat\/tarragones\/wp-content\/uploads\/usu549\/2021\/02\/1612779995760-833x1024.jpg 833w\" sizes=\"auto, (max-width: 229px) 100vw, 229px\" \/><\/p>\n<p>L&#8217;objectiu del joc \u00e9s crear laboratoris segons \u00e0mbits d&#8217;expertesa. Els jugadors i jugadores es divertiran creant laboratoris cient\u00edfics i coneixeran alhora cient\u00edfiques destacades.<\/p>\n<ul>\n<li>2 jocs de cartes &#8220;Mujeres en ciencia&#8221; de Luana Games (<a href=\"https:\/\/www.luanagames.com\/es.pdf\" target=\"_blank\" rel=\"noopener noreferrer\"><span style=\"text-decoration: underline;\">Instruccions i versi\u00f3 imprimible des de la web<\/span><\/a>)<\/li>\n<\/ul>\n<h3><img loading=\"lazy\" decoding=\"async\" class=\"size-full wp-image-16929 alignleft\" src=\"https:\/\/serveiseducatius.xtec.cat\/tarragones\/wp-content\/uploads\/usu549\/2020\/08\/YouTube.png\" alt=\"\" width=\"35\" height=\"34\" \/>Recursos digitals:<\/h3>\n<table style=\"height: 10px; width: 100%; border-color: #ffffff;\">\n<tbody>\n<tr>\n<td style=\"background-color: #afd7fa;\">\n<h3 style=\"text-align: center;\"><span style=\"color: #5e3a73;\"><strong style=\"color: #fffff;\">STEAMcat del Departament d&#8217;Educaci\u00f3<\/strong><\/span><\/h3>\n<\/td>\n<\/tr>\n<\/tbody>\n<\/table>\n<p>A la web <a href=\"https:\/\/projectes.xtec.cat\/steamcat\/\" target=\"_blank\" rel=\"noopener noreferrer\">STEAMcat<\/a> del Departament d&#8217;Educaci\u00f3 hi ha informaci\u00f3 sobre:<\/p>\n<ul>\n<li><a href=\"https:\/\/projectes.xtec.cat\/steamcat\/general\/programa-dinnovacio-steamcat\/\" target=\"_blank\" rel=\"noopener noreferrer\">Programa d&#8217;innovaci\u00f3 STEAMcat<\/a><\/li>\n<li><a href=\"https:\/\/stemarium.cat\/\" target=\"_blank\" rel=\"noopener noreferrer\">STEMarium<\/a> &#8211; Comunitat d&#8217;intercanvi d&#8217;idees, experi\u00e8ncies i recursos per a l&#8217;educaci\u00f3 STEM<\/li>\n<li><a href=\"https:\/\/projectes.xtec.cat\/steamcat\/categoria\/recursos\/\" target=\"_blank\" rel=\"noopener noreferrer\">Recursos<\/a><\/li>\n<li><a href=\"https:\/\/projectes.xtec.cat\/steamcat\/categoria\/recursos\/proposteam\/\" target=\"_blank\" rel=\"noopener noreferrer\">propoSTEAM<\/a><\/li>\n<li><a href=\"https:\/\/projectes.xtec.cat\/steamcat\/categoria\/erasmus-steam\/\" target=\"_blank\" rel=\"noopener noreferrer\">ERASMUS+ KA101 STEAMcat+<\/a><\/li>\n<\/ul>\n<p><a href=\"https:\/\/projectes.xtec.cat\/steamcat\/\" target=\"_blank\" rel=\"noopener noreferrer\"><img loading=\"lazy\" decoding=\"async\" class=\"aligncenter wp-image-17497\" src=\"https:\/\/serveiseducatius.xtec.cat\/tarragones\/wp-content\/uploads\/usu549\/2021\/02\/steam.png\" alt=\"\" width=\"165\" height=\"134\" \/><\/a><\/p>\n<table style=\"height: 10px; width: 100%; border-color: #ffffff;\">\n<tbody>\n<tr>\n<td style=\"background-color: #afd7fa;\">\n<h3 style=\"text-align: center;\"><span style=\"color: #5e3a73;\"><strong>#100t\u00edfiques &#8211; 11 febrer Dia Internacional de les Dones i les Nenes en la Ci\u00e8ncia<\/strong><\/span><\/h3>\n<\/td>\n<\/tr>\n<\/tbody>\n<\/table>\n<p><a href=\"https:\/\/100tifiques.cat\/\" target=\"_blank\" rel=\"noopener noreferrer\"><strong>#100t\u00edfiques<\/strong><\/a>\u00a0\u00e9s una iniciativa de la\u00a0<a href=\"https:\/\/www.fundaciorecerca.cat\/ca\/\" target=\"_blank\" rel=\"noopener noreferrer\"><strong>Fundaci\u00f3 Catalana per a la Recerca i la Innovaci\u00f3<\/strong><\/a>\u00a0(FCRI) i el<strong>\u00a0<a href=\"https:\/\/bist.eu\/\" target=\"_blank\" rel=\"noopener noreferrer\">Barcelona Institute of Science and Technology<\/a>\u00a0<\/strong>(BIST), amb la col\u00b7laboraci\u00f3 del\u00a0<a href=\"http:\/\/educacio.gencat.cat\/ca\/inici\" target=\"_blank\" rel=\"noopener noreferrer\"><strong>Departament d\u2019Educaci\u00f3 de la Generalitat de Catalunya<\/strong><\/a>.<\/p>\n<p>El projecte inclou dos grans esdeveniments o activitats:<\/p>\n<ul>\n<li>El dia 11 febrer es realitzen xerrades simult\u00e0nies de #100t\u00edfiques a centres escolars de tot Catalunya (alumnes de 6\u00e8 de prim\u00e0ria i 1r d\u2019ESO)<\/li>\n<li>Trobada de formaci\u00f3 i networking de les #100t\u00edfiques del sistema p\u00fablic i el privat.<\/li>\n<\/ul>\n<p><a href=\"https:\/\/100tifiques.cat\/\" target=\"_blank\" rel=\"noopener noreferrer\"><img loading=\"lazy\" decoding=\"async\" class=\"aligncenter wp-image-17461 size-full\" src=\"https:\/\/serveiseducatius.xtec.cat\/tarragones\/wp-content\/uploads\/usu549\/2021\/02\/100tifiques.png\" alt=\"\" width=\"638\" height=\"197\" srcset=\"https:\/\/serveiseducatius.xtec.cat\/tarragones\/wp-content\/uploads\/usu549\/2021\/02\/100tifiques.png 638w, https:\/\/serveiseducatius.xtec.cat\/tarragones\/wp-content\/uploads\/usu549\/2021\/02\/100tifiques-300x93.png 300w\" sizes=\"auto, (max-width: 638px) 100vw, 638px\" \/><\/a><\/p>\n<table style=\"height: 10px; width: 100%; border-color: #ffffff;\">\n<tbody>\n<tr>\n<td style=\"background-color: #afd7fa;\">\n<h3 style=\"text-align: center;\"><span style=\"color: #5e3a73;\"><strong>TEDx Reus 2017 &#8211; Dones, ci\u00e8ncia i tecnologia&#8230; una carrera de fons<\/strong><\/span><\/h3>\n<\/td>\n<\/tr>\n<\/tbody>\n<\/table>\n<p><iframe loading=\"lazy\" src=\"https:\/\/www.youtube.com\/embed\/9okrkfIUkxI\" width=\"800\" height=\"500\" frameborder=\"0\"><span data-mce-type=\"bookmark\" style=\"display: inline-block; width: 0px; overflow: hidden; line-height: 0;\" class=\"mce_SELRES_start\">\ufeff<\/span><\/iframe><\/p>\n<table style=\"height: 10px; width: 100%; border-color: #ffffff;\">\n<tbody>\n<tr>\n<td style=\"background-color: #afd7fa;\">\n<h3 style=\"text-align: center;\"><span style=\"color: #5e3a73;\"><strong>Obra de teatre &#8211; Cient\u00edficas: Pasado, presente y futuro<\/strong><\/span><\/h3>\n<\/td>\n<\/tr>\n<\/tbody>\n<\/table>\n<p><a href=\"https:\/\/institucional.us.es\/cientificas\/\" target=\"_blank\" rel=\"noopener noreferrer\">\u201cCient\u00edficas: pasado, presente y futuro\u201d<\/a> \u00e9s una activitat de teatre cient\u00edfic dirigida a alumnes d&#8217;entre 8 i 14 anys creada a la Universidad de Sevilla l&#8217;any 2016.<\/p>\n<p>En aquest <a href=\"https:\/\/youtu.be\/EqoLkNqKBGQ\" target=\"_blank\" rel=\"noopener noreferrer\">enlla\u00e7<\/a> es pot visualitzar l&#8217;obra sencera. A la web hi ha <a href=\"https:\/\/institucional.us.es\/cientificas\/material-para-centros-educativos\/\" target=\"_blank\" rel=\"noopener noreferrer\">activitats proposades per realitzar a l&#8217;aula abans de veure l&#8217;obra.\u00a0<\/a><\/p>\n<p><iframe loading=\"lazy\" src=\"https:\/\/www.youtube.com\/embed\/EqoLkNqKBGQ\" width=\"800\" height=\"500\" frameborder=\"0\"><span data-mce-type=\"bookmark\" style=\"display: inline-block; width: 0px; overflow: hidden; line-height: 0;\" class=\"mce_SELRES_start\">\ufeff<\/span><\/iframe><\/p>\n<p>L&#8217;obra tamb\u00e9 est\u00e0 disponible en versi\u00f3<strong> <span style=\"text-decoration: underline;\"><a href=\"http:\/\/institucional.us.es\/cientificas\/wp-content\/uploads\/2020\/01\/comic_cienti%CC%81ficas_small.pdf\" target=\"_blank\" rel=\"noopener noreferrer\">c\u00f3mic.<\/a><\/span><\/strong><\/p>\n<table style=\"height: 10px; width: 100%; border-color: #ffffff;\">\n<tbody>\n<tr>\n<td style=\"background-color: #afd7fa;\">\n<h3 style=\"text-align: center;\"><span style=\"color: #5e3a73;\"><strong>Altres recursos\u00a0<\/strong><\/span><\/h3>\n<\/td>\n<\/tr>\n<\/tbody>\n<\/table>\n<ul>\n<li><a href=\"https:\/\/msteam.mschools.com\/?lang=ca\" target=\"_blank\" rel=\"noopener noreferrer\">mSchools &#8211; mSTEAM<\/a> &#8211; Recursos<\/li>\n<li><a href=\"http:\/\/cientifiques-stem.cat\/\" target=\"_blank\" rel=\"noopener noreferrer\">Cient\u00edfiques: Passat i present<\/a> &#8211; Recursos (URV i ICIQ)<\/li>\n<li><a href=\"https:\/\/inspirasteam.net\/\" target=\"_blank\" rel=\"noopener noreferrer\">Inspira STEAM<\/a> &#8211; Mentor\/a STEAM per a centres educatius (URV)<\/li>\n<li><a href=\"https:\/\/www.urv.cat\/ca\/vida-campus\/universitat-responsable\/observatori-igualtat\/girlsday\/\" target=\"_blank\" rel=\"noopener noreferrer\">Girls&#8217; Day<\/a> &#8211; Jornada per alumnes d&#8217;ESO &#8211; ETSE i ETSEQ (URV)<\/li>\n<li><a href=\"http:\/\/www.amit-cat.org\/projectes\/stemambtu\/\" target=\"_blank\" rel=\"noopener noreferrer\">Associaci\u00f3 de Dones investigadores i tecn\u00f2logues a Catalunya (AMIT-Cat)<\/a> &#8211; Mentora STEAM per a centres educatius<\/li>\n<li><a href=\"http:\/\/www.amit-cat.org\/doc\/dipticpremiamitcat_2021_FINAL.pdf\" target=\"_blank\" rel=\"noopener noreferrer\">Associaci\u00f3 de Dones investigadores i tecn\u00f2logues a Catalunya (AMIT-Cat)<\/a> &#8211; Premi Treball de recerca de batxillerat<\/li>\n<li><a href=\"https:\/\/aquisteam.upc.edu\/ca\/\" target=\"_blank\" rel=\"noopener noreferrer\">Programa Aqu\u00ed STEAM<\/a> &#8211; Activitats, projectes i referents per a centres educatius (UPC)<\/li>\n<li><a href=\"https:\/\/www.steamconf.com\/\" target=\"_blank\" rel=\"noopener noreferrer\">STEAMConference<\/a> &#8211; Confer\u00e8ncia internacional d&#8217;Educaci\u00f3 STEAM<\/li>\n<li><a href=\"https:\/\/technovationchallenge.org\/\" target=\"_blank\" rel=\"noopener noreferrer\">Technovation Girls<\/a> &#8211; Creaci\u00f3 d&#8217;una App per resoldre un problema social<\/li>\n<li><a href=\"https:\/\/www.upf.edu\/web\/wisibilizalas\" target=\"_blank\" rel=\"noopener noreferrer\">Wisibil\u00edzalas<\/a> &#8211; Mentor\/a STEAM per a centres educatius + Concurs per alumnes sobre la creaci\u00f3 d&#8217;una web (UPF)<\/li>\n<li><a href=\"https:\/\/digital.csic.es\/handle\/10261\/225586\" target=\"_blank\" rel=\"noopener noreferrer\">Calendari cient\u00edfic escolar<\/a><\/li>\n<li><a href=\"https:\/\/www.cientificascasio.com\/recursos\" target=\"_blank\" rel=\"noopener noreferrer\">Recursos STEAM Casio &#8211; Dones cient\u00edfiques<\/a><\/li>\n<li><a href=\"http:\/\/youngitgirls.org\/index.php\/ca\/inici\/\" target=\"_blank\" rel=\"noopener noreferrer\">Young IT Girls<\/a> &#8211; Activitats<\/li>\n<li><a href=\"https:\/\/www.raicesybrotes.org\/\" target=\"_blank\" rel=\"noopener noreferrer\">Ra\u00edces &amp; Brotes<\/a> &#8211; Programa educativo del Instituto Jane Goodall<\/li>\n<\/ul>\n\n\n<figure class=\"wp-block-image aligncenter\"><a href=\"https:\/\/serveiseducatius.xtec.cat\/tarragones\/general\/formulari-demanda-de-recurs\/\"><img loading=\"lazy\" decoding=\"async\" width=\"346\" height=\"164\" src=\"https:\/\/serveiseducatius.xtec.cat\/tarragones\/wp-content\/uploads\/usu549\/2022\/07\/boto-prestec.png\" alt=\"\" class=\"wp-image-21494\" srcset=\"https:\/\/serveiseducatius.xtec.cat\/tarragones\/wp-content\/uploads\/usu549\/2022\/07\/boto-prestec.png 346w, https:\/\/serveiseducatius.xtec.cat\/tarragones\/wp-content\/uploads\/usu549\/2022\/07\/boto-prestec-300x142.png 300w\" sizes=\"auto, (max-width: 346px) 100vw, 346px\" \/><\/a><\/figure>\n\n\n\n<ul class=\"wp-block-list\"><\/ul>\n\n\n\n<div class=\"mceTemp\"><iframe loading=\"lazy\" <iframe loading=\"lazy\" src=\"https:\/\/docs.google.com\/presentation\/d\/1ELP8xvrF9Ze1vrl8qXIA0bcMhD6VksFafIRUvjTaXFA\/embed?start=false&#038;loop=false&#038;delayms=3000\" frameborder=\"0\" width=\"960\" height=\"569\" allowfullscreen=\"true\" mozallowfullscreen=\"true\" webkitallowfullscreen=\"true\"><\/iframe>\n<h3><strong><span style=\"color: #808080;\">Com fer la sol\u00b7licitud<\/span><\/strong><\/h3>\n<ul>\n<li>Consulta el calendari de reserves de sota per veure si est\u00e0 disponible en les dates que t\u2019interessa.<\/li>\n<li>Omple el <span style=\"text-decoration: underline;\"><a href=\"https:\/\/serveiseducatius.xtec.cat\/tarragones\/general\/formulari-demanda-de-recurs\/\">FORMULARI<\/a><\/span> de demanda.<\/li>\n<\/ul>\n<table style=\"border-collapse: collapse; width: 100%;\">\n<tbody>\n<tr>\n<td style=\"width: 40.73%;\"><iframe loading=\"lazy\" src=\"https:\/\/calendar.google.com\/calendar\/embed?src=c_5f42150b1c09cdc5879c91473d230db8c057b58adf154aa002f1a7c5ef520add%40group.calendar.google.com&#038;ctz=Europe%2FMadrid\" style=\"border: 0\" width=\"800\" height=\"600\" frameborder=\"0\" scrolling=\"no\"><\/iframe><\/td>\n<td style=\"width: 25.9366%;\">\u00a0<\/td>\n<td style=\"width: 33.3333%;\"><strong>Durada:<\/strong> 1 mes m\u00e0xim aproximadament.Per altres per\u00edodes de pr\u00e9stec, consulteu a <a href=\"mailto:e3900034@xtec.cat\">e3900034@xtec.cat<\/a><strong>Recollida i retorn del pr\u00e9stec:<\/strong>\u00a0Cal acordar-la amb el CRP<\/td>\n<\/tr>\n<\/tbody>\n<\/table>\n<\/div>\n","protected":false},"excerpt":{"rendered":"<p>Llibres de biografies inspiradores Aquests llibres permeten a l&#8217;alumnat con\u00e8ixer la biografia de les cient\u00edfiques m\u00e9s rellevants de la hist\u00f2ria. [&hellip;]<\/p>\n","protected":false},"author":1,"featured_media":20084,"comment_status":"closed","ping_status":"closed","sticky":false,"template":"","format":"standard","meta":{"_bbp_topic_count":0,"_bbp_reply_count":0,"_bbp_total_topic_count":0,"_bbp_total_reply_count":0,"_bbp_voice_count":0,"_bbp_anonymous_reply_count":0,"_bbp_topic_count_hidden":0,"_bbp_reply_count_hidden":0,"_bbp_forum_subforum_count":0,"site-sidebar-layout":"default","site-content-layout":"","ast-site-content-layout":"default","site-content-style":"default","site-sidebar-style":"default","ast-global-header-display":"","ast-banner-title-visibility":"","ast-main-header-display":"","ast-hfb-above-header-display":"","ast-hfb-below-header-display":"","ast-hfb-mobile-header-display":"","site-post-title":"","ast-breadcrumbs-content":"","ast-featured-img":"","footer-sml-layout":"","theme-transparent-header-meta":"","adv-header-id-meta":"","stick-header-meta":"","header-above-stick-meta":"","header-main-stick-meta":"","header-below-stick-meta":"","astra-migrate-meta-layouts":"set","ast-page-background-enabled":"default","ast-page-background-meta":{"desktop":{"background-color":"var(--ast-global-color-4)","background-image":"","background-repeat":"repeat","background-position":"center center","background-size":"auto","background-attachment":"scroll","background-type":"","background-media":"","overlay-type":"","overlay-color":"","overlay-opacity":"","overlay-gradient":""},"tablet":{"background-color":"","background-image":"","background-repeat":"repeat","background-position":"center center","background-size":"auto","background-attachment":"scroll","background-type":"","background-media":"","overlay-type":"","overlay-color":"","overlay-opacity":"","overlay-gradient":""},"mobile":{"background-color":"","background-image":"","background-repeat":"repeat","background-position":"center center","background-size":"auto","background-attachment":"scroll","background-type":"","background-media":"","overlay-type":"","overlay-color":"","overlay-opacity":"","overlay-gradient":""}},"ast-content-background-meta":{"desktop":{"background-color":"var(--ast-global-color-5)","background-image":"","background-repeat":"repeat","background-position":"center center","background-size":"auto","background-attachment":"scroll","background-type":"","background-media":"","overlay-type":"","overlay-color":"","overlay-opacity":"","overlay-gradient":""},"tablet":{"background-color":"var(--ast-global-color-5)","background-image":"","background-repeat":"repeat","background-position":"center center","background-size":"auto","background-attachment":"scroll","background-type":"","background-media":"","overlay-type":"","overlay-color":"","overlay-opacity":"","overlay-gradient":""},"mobile":{"background-color":"var(--ast-global-color-5)","background-image":"","background-repeat":"repeat","background-position":"center center","background-size":"auto","background-attachment":"scroll","background-type":"","background-media":"","overlay-type":"","overlay-color":"","overlay-opacity":"","overlay-gradient":""}},"footnotes":""},"categories":[657,659,600],"tags":[602],"class_list":["post-19802","post","type-post","status-publish","format-standard","has-post-thumbnail","hentry","category-cientific","category-coeducacio","category-recursos","tag-eti-rec-menu"],"post_mailing_queue_ids":[],"_links":{"self":[{"href":"https:\/\/serveiseducatius.xtec.cat\/tarragones\/wp-json\/wp\/v2\/posts\/19802","targetHints":{"allow":["GET"]}}],"collection":[{"href":"https:\/\/serveiseducatius.xtec.cat\/tarragones\/wp-json\/wp\/v2\/posts"}],"about":[{"href":"https:\/\/serveiseducatius.xtec.cat\/tarragones\/wp-json\/wp\/v2\/types\/post"}],"author":[{"embeddable":true,"href":"https:\/\/serveiseducatius.xtec.cat\/tarragones\/wp-json\/wp\/v2\/users\/1"}],"replies":[{"embeddable":true,"href":"https:\/\/serveiseducatius.xtec.cat\/tarragones\/wp-json\/wp\/v2\/comments?post=19802"}],"version-history":[{"count":6,"href":"https:\/\/serveiseducatius.xtec.cat\/tarragones\/wp-json\/wp\/v2\/posts\/19802\/revisions"}],"predecessor-version":[{"id":23629,"href":"https:\/\/serveiseducatius.xtec.cat\/tarragones\/wp-json\/wp\/v2\/posts\/19802\/revisions\/23629"}],"wp:featuredmedia":[{"embeddable":true,"href":"https:\/\/serveiseducatius.xtec.cat\/tarragones\/wp-json\/wp\/v2\/media\/20084"}],"wp:attachment":[{"href":"https:\/\/serveiseducatius.xtec.cat\/tarragones\/wp-json\/wp\/v2\/media?parent=19802"}],"wp:term":[{"taxonomy":"category","embeddable":true,"href":"https:\/\/serveiseducatius.xtec.cat\/tarragones\/wp-json\/wp\/v2\/categories?post=19802"},{"taxonomy":"post_tag","embeddable":true,"href":"https:\/\/serveiseducatius.xtec.cat\/tarragones\/wp-json\/wp\/v2\/tags?post=19802"}],"curies":[{"name":"wp","href":"https:\/\/api.w.org\/{rel}","templated":true}]}}