{"id":19038,"date":"2021-11-15T11:41:43","date_gmt":"2021-11-15T10:41:43","guid":{"rendered":"https:\/\/serveiseducatius.xtec.cat\/tarragones\/?p=19038"},"modified":"2021-11-15T14:07:00","modified_gmt":"2021-11-15T13:07:00","slug":"conferencia-la-comunicacio-al-centre","status":"publish","type":"post","link":"https:\/\/serveiseducatius.xtec.cat\/tarragones\/general\/conferencia-la-comunicacio-al-centre\/","title":{"rendered":"Confer\u00e8ncia La Comunicaci\u00f3 al Centre"},"content":{"rendered":"<p>La setmana passada els<strong> equips directius de Prim\u00e0ria i Secund\u00e0ria<\/strong> van poder escoltar la confer\u00e8ncia a c\u00e0rrec de <strong>Josep M. Mora<\/strong>, director del CRP de l&#8217;Alt Empord\u00e0, que portava per t\u00edtol La Comunicaci\u00f3 al Centre.<\/p>\n<p>Ha estat la primera del cicle de confer\u00e8ncies \u00a0organitzada pel Centre de Recursos Pedag\u00f2gics del Tarragon\u00e8s.<\/p>\n<p>La confer\u00e8ncia pretenia posar sobre la taula tots aquells aspectes relacionats amb la comunicaci\u00f3 que s&#8217;han de tenir en compte en centre educatiu.<\/p>\n<p>El Josep M. va partir de <span style=\"text-decoration: underline;\">3 objectius<\/span>:<\/p>\n<ul>\n<li>Guanyar temps al temps.<\/li>\n<li>Desenvolupar el concepte de marca.<\/li>\n<li>Apropar-nos a les fam\u00edlies.<\/li>\n<\/ul>\n<p>Alguns dels aspectes m\u00e9s remarcats de la confer\u00e8ncia van ser:<\/p>\n<p>La necessitat de sacsejar els claustres perqu\u00e8 en ells tenim molts talents, que poden ajudar al lideratge distribu\u00eft en l&#8217;aspecte de la comunicaci\u00f3.<\/p>\n<p>La import\u00e0ncia de tenir tota la documentaci\u00f3 de centre a l&#8217;abast de <em>2 clics<\/em> per facilitar-ne l&#8217;acc\u00e9s.<\/p>\n<p>Disposar per part de tot el claustre d&#8217;una signatura de correu electr\u00f2nic unificada amb el logo del centre, nom i funci\u00f3 de la persona que envia el correu. Aquest fet refor\u00e7a el concepte de marca de cara a la comunicaci\u00f3 externa del centre.<\/p>\n<p>L&#8217;equip directiu ha de reflexionar tots aquests aspectes amb el professorat, l&#8217;administraci\u00f3 les fam\u00edlies i tamb\u00e9 amb l&#8217;alumnat.<\/p>\n<p><strong>No us perdeu la seg\u00fcent confer\u00e8ncia del cicle, Fem Cr\u00e9ixer l&#8217;Educaci\u00f3 el proper 27 de gener a les 17:30 h.<\/strong><\/p>\n<table style=\"border-collapse: collapse; width: 100%;\">\n<tbody>\n<tr>\n<td style=\"width: 50%;\"><img loading=\"lazy\" decoding=\"async\" class=\"wp-image-19046 alignright\" src=\"https:\/\/serveiseducatius.xtec.cat\/tarragones\/wp-content\/uploads\/usu549\/2021\/11\/La-Comunicacio-al-Centre-3-300x212.jpg\" alt=\"\" width=\"664\" height=\"469\" srcset=\"https:\/\/serveiseducatius.xtec.cat\/tarragones\/wp-content\/uploads\/usu549\/2021\/11\/La-Comunicacio-al-Centre-3-300x212.jpg 300w, https:\/\/serveiseducatius.xtec.cat\/tarragones\/wp-content\/uploads\/usu549\/2021\/11\/La-Comunicacio-al-Centre-3-1024x724.jpg 1024w, https:\/\/serveiseducatius.xtec.cat\/tarragones\/wp-content\/uploads\/usu549\/2021\/11\/La-Comunicacio-al-Centre-3-768x543.jpg 768w, https:\/\/serveiseducatius.xtec.cat\/tarragones\/wp-content\/uploads\/usu549\/2021\/11\/La-Comunicacio-al-Centre-3-1536x1086.jpg 1536w, https:\/\/serveiseducatius.xtec.cat\/tarragones\/wp-content\/uploads\/usu549\/2021\/11\/La-Comunicacio-al-Centre-3-2048x1448.jpg 2048w\" sizes=\"auto, (max-width: 664px) 100vw, 664px\" \/><\/td>\n<td style=\"width: 50%;\"><a href=\"https:\/\/serveiseducatius.xtec.cat\/tarragones\/wp-content\/uploads\/usu549\/2021\/11\/Fem-Creixer-lEducacio-Cicle-de-conferenices-2-1.jpg\"><img loading=\"lazy\" decoding=\"async\" class=\"alignnone wp-image-19048\" src=\"https:\/\/serveiseducatius.xtec.cat\/tarragones\/wp-content\/uploads\/usu549\/2021\/11\/Fem-Creixer-lEducacio-Cicle-de-conferenices-2-1-300x212.jpg\" alt=\"\" width=\"667\" height=\"471\" srcset=\"https:\/\/serveiseducatius.xtec.cat\/tarragones\/wp-content\/uploads\/usu549\/2021\/11\/Fem-Creixer-lEducacio-Cicle-de-conferenices-2-1-300x212.jpg 300w, https:\/\/serveiseducatius.xtec.cat\/tarragones\/wp-content\/uploads\/usu549\/2021\/11\/Fem-Creixer-lEducacio-Cicle-de-conferenices-2-1-1024x724.jpg 1024w, https:\/\/serveiseducatius.xtec.cat\/tarragones\/wp-content\/uploads\/usu549\/2021\/11\/Fem-Creixer-lEducacio-Cicle-de-conferenices-2-1-768x543.jpg 768w, https:\/\/serveiseducatius.xtec.cat\/tarragones\/wp-content\/uploads\/usu549\/2021\/11\/Fem-Creixer-lEducacio-Cicle-de-conferenices-2-1-1536x1086.jpg 1536w, https:\/\/serveiseducatius.xtec.cat\/tarragones\/wp-content\/uploads\/usu549\/2021\/11\/Fem-Creixer-lEducacio-Cicle-de-conferenices-2-1-2048x1448.jpg 2048w\" sizes=\"auto, (max-width: 667px) 100vw, 667px\" \/><\/a><\/td>\n<\/tr>\n<\/tbody>\n<\/table>\n<p>&nbsp;<\/p>\n","protected":false},"excerpt":{"rendered":"<p>La setmana passada els equips directius de Prim\u00e0ria i Secund\u00e0ria van poder escoltar la confer\u00e8ncia a c\u00e0rrec de Josep M. [&hellip;]<\/p>\n","protected":false},"author":358,"featured_media":19056,"comment_status":"open","ping_status":"closed","sticky":false,"template":"","format":"standard","meta":{"_bbp_topic_count":0,"_bbp_reply_count":0,"_bbp_total_topic_count":0,"_bbp_total_reply_count":0,"_bbp_voice_count":0,"_bbp_anonymous_reply_count":0,"_bbp_topic_count_hidden":0,"_bbp_reply_count_hidden":0,"_bbp_forum_subforum_count":0,"site-sidebar-layout":"default","site-content-layout":"","ast-site-content-layout":"","site-content-style":"default","site-sidebar-style":"default","ast-global-header-display":"","ast-banner-title-visibility":"","ast-main-header-display":"","ast-hfb-above-header-display":"","ast-hfb-below-header-display":"","ast-hfb-mobile-header-display":"","site-post-title":"","ast-breadcrumbs-content":"","ast-featured-img":"","footer-sml-layout":"","theme-transparent-header-meta":"","adv-header-id-meta":"","stick-header-meta":"","header-above-stick-meta":"","header-main-stick-meta":"","header-below-stick-meta":"","astra-migrate-meta-layouts":"default","ast-page-background-enabled":"default","ast-page-background-meta":{"desktop":{"background-color":"var(--ast-global-color-4)","background-image":"","background-repeat":"repeat","background-position":"center center","background-size":"auto","background-attachment":"scroll","background-type":"","background-media":"","overlay-type":"","overlay-color":"","overlay-opacity":"","overlay-gradient":""},"tablet":{"background-color":"","background-image":"","background-repeat":"repeat","background-position":"center center","background-size":"auto","background-attachment":"scroll","background-type":"","background-media":"","overlay-type":"","overlay-color":"","overlay-opacity":"","overlay-gradient":""},"mobile":{"background-color":"","background-image":"","background-repeat":"repeat","background-position":"center center","background-size":"auto","background-attachment":"scroll","background-type":"","background-media":"","overlay-type":"","overlay-color":"","overlay-opacity":"","overlay-gradient":""}},"ast-content-background-meta":{"desktop":{"background-color":"var(--ast-global-color-5)","background-image":"","background-repeat":"repeat","background-position":"center center","background-size":"auto","background-attachment":"scroll","background-type":"","background-media":"","overlay-type":"","overlay-color":"","overlay-opacity":"","overlay-gradient":""},"tablet":{"background-color":"var(--ast-global-color-5)","background-image":"","background-repeat":"repeat","background-position":"center center","background-size":"auto","background-attachment":"scroll","background-type":"","background-media":"","overlay-type":"","overlay-color":"","overlay-opacity":"","overlay-gradient":""},"mobile":{"background-color":"var(--ast-global-color-5)","background-image":"","background-repeat":"repeat","background-position":"center center","background-size":"auto","background-attachment":"scroll","background-type":"","background-media":"","overlay-type":"","overlay-color":"","overlay-opacity":"","overlay-gradient":""}},"footnotes":""},"categories":[1,29],"tags":[598],"class_list":["post-19038","post","type-post","status-publish","format-standard","has-post-thumbnail","hentry","category-general","category-portada","tag-eti-portada"],"post_mailing_queue_ids":[],"_links":{"self":[{"href":"https:\/\/serveiseducatius.xtec.cat\/tarragones\/wp-json\/wp\/v2\/posts\/19038","targetHints":{"allow":["GET"]}}],"collection":[{"href":"https:\/\/serveiseducatius.xtec.cat\/tarragones\/wp-json\/wp\/v2\/posts"}],"about":[{"href":"https:\/\/serveiseducatius.xtec.cat\/tarragones\/wp-json\/wp\/v2\/types\/post"}],"author":[{"embeddable":true,"href":"https:\/\/serveiseducatius.xtec.cat\/tarragones\/wp-json\/wp\/v2\/users\/358"}],"replies":[{"embeddable":true,"href":"https:\/\/serveiseducatius.xtec.cat\/tarragones\/wp-json\/wp\/v2\/comments?post=19038"}],"version-history":[{"count":3,"href":"https:\/\/serveiseducatius.xtec.cat\/tarragones\/wp-json\/wp\/v2\/posts\/19038\/revisions"}],"predecessor-version":[{"id":19051,"href":"https:\/\/serveiseducatius.xtec.cat\/tarragones\/wp-json\/wp\/v2\/posts\/19038\/revisions\/19051"}],"wp:featuredmedia":[{"embeddable":true,"href":"https:\/\/serveiseducatius.xtec.cat\/tarragones\/wp-json\/wp\/v2\/media\/19056"}],"wp:attachment":[{"href":"https:\/\/serveiseducatius.xtec.cat\/tarragones\/wp-json\/wp\/v2\/media?parent=19038"}],"wp:term":[{"taxonomy":"category","embeddable":true,"href":"https:\/\/serveiseducatius.xtec.cat\/tarragones\/wp-json\/wp\/v2\/categories?post=19038"},{"taxonomy":"post_tag","embeddable":true,"href":"https:\/\/serveiseducatius.xtec.cat\/tarragones\/wp-json\/wp\/v2\/tags?post=19038"}],"curies":[{"name":"wp","href":"https:\/\/api.w.org\/{rel}","templated":true}]}}