{"id":18939,"date":"2021-10-31T18:56:41","date_gmt":"2021-10-31T17:56:41","guid":{"rendered":"https:\/\/serveiseducatius.xtec.cat\/tarragones\/?p=18939"},"modified":"2021-10-31T18:56:41","modified_gmt":"2021-10-31T17:56:41","slug":"subxarxes-xtcd-primeres-sessions","status":"publish","type":"post","link":"https:\/\/serveiseducatius.xtec.cat\/tarragones\/general\/subxarxes-xtcd-primeres-sessions\/","title":{"rendered":"SUBXARXES XTCD- Primeres sessions"},"content":{"rendered":"<p><img loading=\"lazy\" decoding=\"async\" class=\" wp-image-18940 aligncenter\" src=\"https:\/\/serveiseducatius.xtec.cat\/tarragones\/wp-content\/uploads\/usu549\/2021\/10\/986-XTCD_noulogo.jpg\" alt=\"\" width=\"349\" height=\"199\" \/><\/p>\n<p>El passat dijous 21 d\u2019octubre es va iniciar la primera sessi\u00f3 de formaci\u00f3 de les 3 Subxarxes de la <a href=\"https:\/\/projectes.xtec.cat\/xtcd\/\" target=\"_blank\" rel=\"noopener\"><strong>XTCD<\/strong><\/a>. Va haver una part com\u00fa a les tres i despr\u00e9s cada subxarxa va tenir el seu webinar. Us enllacem totes les sessions i us destaquem la informaci\u00f3 m\u00e9s rellevant de totes tres.<\/p>\n<p><strong>PART COM\u00da A LES 3 SUBXARXES\u00a0<\/strong><em>(17.30h-18h)<\/em><strong>:<\/strong>\u00a0Una primera part on en\u00a0Francesc Rambla, del Servei d\u2019Inclusi\u00f3 i Capacitaci\u00f3 Digital de la Secretaria de Pol\u00edtiques Digitals, en la que ens va par de la compet\u00e8ncia digital de la ciutadania i ens va informar de la nova certificaci\u00f3 ACTIC, que inclou la compet\u00e8ncia digital.<\/p>\n<ul>\n<li>Accediu a l\u2019enlla\u00e7 de la sessi\u00f3\u2026<a href=\"https:\/\/youtu.be\/NJyp0IzM5j8\" target=\"_blank\" rel=\"noopener\">aqu\u00ed\u00a0<\/a><\/li>\n<\/ul>\n<p><strong><a href=\"https:\/\/serveiseducatius.xtec.cat\/riberadebre\/wp-content\/uploads\/usu1126\/2021\/09\/marc-cdd.png\"><img loading=\"lazy\" decoding=\"async\" class=\"alignnone wp-image-14484\" src=\"https:\/\/serveiseducatius.xtec.cat\/riberadebre\/wp-content\/uploads\/usu1126\/2021\/09\/marc-cdd.png\" sizes=\"auto, (max-width: 63px) 100vw, 63px\" srcset=\"https:\/\/serveiseducatius.xtec.cat\/riberadebre\/wp-content\/uploads\/usu1126\/2021\/09\/marc-cdd.png 755w, https:\/\/serveiseducatius.xtec.cat\/riberadebre\/wp-content\/uploads\/usu1126\/2021\/09\/marc-cdd-300x283.png 300w\" alt=\"\" width=\"63\" height=\"60\" \/><\/a>SUBXARXA\u00a0<a href=\"https:\/\/projectes.xtec.cat\/xtcd\/competencia-digital-docent\/\" target=\"_blank\" rel=\"noopener\">COMPET\u00c8NCIA DIGITAL DOCENT<\/a>\u00a0(CDD)<\/strong>. Es va treballar la definici\u00f3 de compet\u00e8ncia digital docent, el marc normatiu, les \u00e0rees de la CDD i es va aprofundir en l\u2019\u00c0rea 6 de la CDD, la compet\u00e8ncia digital de l\u2019alumnat. Per finalitzar, vam comptar amb l\u2019exposici\u00f3 de tres bones pr\u00e0ctiques de centres. Un d\u2019ells va ser de l\u2019Escola Enric Grau i Fontser\u00e9, amb el seu projecte\u00a0<a href=\"https:\/\/agora.xtec.cat\/ceipflix\/categoria\/projectes\/infonodes\/\" target=\"_blank\" rel=\"noopener\">Periodistes Digitals<\/a>\u00a0relacionat amb el programa M\u00f2bils.Edu.<\/p>\n<ul>\n<li>Accediu a l\u2019enlla\u00e7 de la sessi\u00f3\u2026<a href=\"https:\/\/projectes.xtec.cat\/xtcd\/competencia-digital-docent\/sessions-2021-22\/sessio-1-area6-desenvolupament-cda\/\" target=\"_blank\" rel=\"noopener\">aqu\u00ed\u00a0<\/a><\/li>\n<\/ul>\n<p><strong><a href=\"https:\/\/serveiseducatius.xtec.cat\/riberadebre\/wp-content\/uploads\/usu1126\/2021\/09\/edc.png\"><img loading=\"lazy\" decoding=\"async\" class=\"alignnone wp-image-14483\" src=\"https:\/\/serveiseducatius.xtec.cat\/riberadebre\/wp-content\/uploads\/usu1126\/2021\/09\/edc.png\" sizes=\"auto, (max-width: 104px) 100vw, 104px\" srcset=\"https:\/\/serveiseducatius.xtec.cat\/riberadebre\/wp-content\/uploads\/usu1126\/2021\/09\/edc.png 626w, https:\/\/serveiseducatius.xtec.cat\/riberadebre\/wp-content\/uploads\/usu1126\/2021\/09\/edc-300x183.png 300w\" alt=\"\" width=\"104\" height=\"63\" \/><\/a>SUBXARXA<a href=\"https:\/\/projectes.xtec.cat\/xtcd\/estrategia-digital-de-centre\/\" target=\"_blank\" rel=\"noopener\">\u00a0ESTRAT\u00c8GIA DIGITAL DE CENTRE<\/a>\u00a0(EDC)<\/strong>. Es va treballar al voltant de la diagnosi com a primera part per iniciar l\u2019EDC, recursos per a l\u2019EDC i la cultura digital.<\/p>\n<ul>\n<li>Accediu a l\u2019enlla\u00e7 de la sessi\u00f3\u2026<a href=\"https:\/\/projectes.xtec.cat\/xtcd\/estrategia-digital-de-centre\/sessions-2021-22\/sessio-1-diagnosi-cultura-digital\/\" target=\"_blank\" rel=\"noopener\">aqu\u00ed\u00a0<\/a><\/li>\n<\/ul>\n<p><strong><a href=\"https:\/\/serveiseducatius.xtec.cat\/riberadebre\/wp-content\/uploads\/usu1126\/2021\/09\/coordinador.jpg\"><img loading=\"lazy\" decoding=\"async\" class=\"alignnone wp-image-14486\" src=\"https:\/\/serveiseducatius.xtec.cat\/riberadebre\/wp-content\/uploads\/usu1126\/2021\/09\/coordinador.jpg\" alt=\"\" width=\"46\" height=\"59\" \/><\/a>SUBXARXA\u00a0<a href=\"https:\/\/projectes.xtec.cat\/xtcd\/coordinacio-digital-de-centre\/\" target=\"_blank\" rel=\"noopener\">COORDINACI\u00d3 DIGITAL DE CENTRE<\/a>\u00a0(CDC)<\/strong>. Es van treballar q\u00fcestions t\u00e8cniques referents al desplegament d\u2019equips, les funcions de la Coordinador\/a digital a les diferents comissions i subxarxes, les funcions del metor o mentora digital, el sistema de gesti\u00f3 d\u2019incid\u00e8ncies digitals, l\u2019inventari digital i la interacci\u00f3 amb el SAU.<\/p>\n<ul>\n<li>Accediu a l\u2019enlla\u00e7 de la sessi\u00f3\u2026<a href=\"https:\/\/projectes.xtec.cat\/xtcd\/coordinacio-digital-de-centre\/sessions-2021-22\/sessio-1\/\" target=\"_blank\" rel=\"noopener\">aqu\u00ed\u00a0<\/a><\/li>\n<li>Presentaci\u00f3 de la sessi\u00f3\u2026<a href=\"https:\/\/docs.google.com\/presentation\/d\/135WbjCFQSC2RTwDvw_Bl6_B2UoAMJhHkX3BMsg54Ro0\/edit?usp=sharing\" target=\"_blank\" rel=\"noopener\">aqu\u00ed\u00a0<\/a><\/li>\n<li>Nodes de suport de la CDC\u2026<a href=\"https:\/\/projectes.xtec.cat\/coordinaciodigital\/\" target=\"_blank\" rel=\"noopener\">aqu\u00ed<\/a><\/li>\n<li>Si voleu certificar l\u2019activitat, empleneu el formulari que hi ha al webinar i participeu al NUS<\/li>\n<\/ul>\n<p>Despr\u00e9s d\u2019aquestes tres sessions webinars tindran lloc les sessions territorials del Tarragon\u00e8s. Tots els inscrits i inscrites rebreu un correu informatiu amb la data exacta i l\u2019enlla\u00e7 meet a la sessi\u00f3. Us avancem la previsi\u00f3:<\/p>\n<ul>\n<li>Subxarxa territorial de COORDINACI\u00d3 DIGITAL: dimarts 8 de novembre a les 17.30h.<\/li>\n<li>Subxarxa territorial de COMPET\u00c8NCIA DIGITAL DOCENT: dimecres 3 de novembre a les 17.00h.<\/li>\n<li>Subxarxa territorial de D&#8217;ESTRAT\u00c8GIA DIGITAL DE CENTRE: dijous 4 de novembre a les 17.30h.<\/li>\n<\/ul>\n<p>&nbsp;<\/p>\n<p>#XTCD #XarxaTerritorialCulturaDigital<\/p>\n<p><span class=\"hashtag\">#sub-cdd-sessi\u00f31<\/span><br \/>\n<span class=\"hashtag\">#sub-edc-sessi\u00f31<\/span><br \/>\n<span class=\"hashtag\">#sub-cdc-sessi\u00f31<\/span><\/p>\n<p><img loading=\"lazy\" decoding=\"async\" class=\"alignnone wp-image-14789\" src=\"https:\/\/serveiseducatius.xtec.cat\/baixpenedes\/wp-content\/uploads\/usu764\/2021\/10\/MEFP.Gob_.Web_-1024x248.jpg\" sizes=\"auto, (max-width: 305px) 100vw, 305px\" srcset=\"https:\/\/serveiseducatius.xtec.cat\/baixpenedes\/wp-content\/uploads\/usu764\/2021\/10\/MEFP.Gob_.Web_-1024x248.jpg 1024w, https:\/\/serveiseducatius.xtec.cat\/baixpenedes\/wp-content\/uploads\/usu764\/2021\/10\/MEFP.Gob_.Web_-300x73.jpg 300w, https:\/\/serveiseducatius.xtec.cat\/baixpenedes\/wp-content\/uploads\/usu764\/2021\/10\/MEFP.Gob_.Web_-768x186.jpg 768w, https:\/\/serveiseducatius.xtec.cat\/baixpenedes\/wp-content\/uploads\/usu764\/2021\/10\/MEFP.Gob_.Web_-1536x372.jpg 1536w, https:\/\/serveiseducatius.xtec.cat\/baixpenedes\/wp-content\/uploads\/usu764\/2021\/10\/MEFP.Gob_.Web_-2048x496.jpg 2048w\" alt=\"\" width=\"305\" height=\"74\" \/>\u00a0<img loading=\"lazy\" decoding=\"async\" class=\"alignnone wp-image-14790\" src=\"https:\/\/serveiseducatius.xtec.cat\/baixpenedes\/wp-content\/uploads\/usu764\/2021\/10\/Logo.PRTR_.jpg\" sizes=\"auto, (max-width: 218px) 100vw, 218px\" srcset=\"https:\/\/serveiseducatius.xtec.cat\/baixpenedes\/wp-content\/uploads\/usu764\/2021\/10\/Logo.PRTR_.jpg 570w, https:\/\/serveiseducatius.xtec.cat\/baixpenedes\/wp-content\/uploads\/usu764\/2021\/10\/Logo.PRTR_-300x93.jpg 300w\" alt=\"\" width=\"218\" height=\"67\" \/>\u00a0<img loading=\"lazy\" decoding=\"async\" class=\"alignnone wp-image-14791\" src=\"https:\/\/serveiseducatius.xtec.cat\/baixpenedes\/wp-content\/uploads\/usu764\/2021\/10\/Logo.Fondos.NextGenerationUE.jpg\" sizes=\"auto, (max-width: 409px) 100vw, 409px\" srcset=\"https:\/\/serveiseducatius.xtec.cat\/baixpenedes\/wp-content\/uploads\/usu764\/2021\/10\/Logo.Fondos.NextGenerationUE.jpg 570w, https:\/\/serveiseducatius.xtec.cat\/baixpenedes\/wp-content\/uploads\/usu764\/2021\/10\/Logo.Fondos.NextGenerationUE-300x56.jpg 300w\" alt=\"\" width=\"409\" height=\"76\" \/><\/p>\n","protected":false},"excerpt":{"rendered":"<p>El passat dijous 21 d\u2019octubre es va iniciar la primera sessi\u00f3 de formaci\u00f3 de les 3 Subxarxes de la XTCD. [&hellip;]<\/p>\n","protected":false},"author":1,"featured_media":18940,"comment_status":"open","ping_status":"closed","sticky":false,"template":"","format":"standard","meta":{"_bbp_topic_count":0,"_bbp_reply_count":0,"_bbp_total_topic_count":0,"_bbp_total_reply_count":0,"_bbp_voice_count":0,"_bbp_anonymous_reply_count":0,"_bbp_topic_count_hidden":0,"_bbp_reply_count_hidden":0,"_bbp_forum_subforum_count":0,"site-sidebar-layout":"default","site-content-layout":"","ast-site-content-layout":"","site-content-style":"default","site-sidebar-style":"default","ast-global-header-display":"","ast-banner-title-visibility":"","ast-main-header-display":"","ast-hfb-above-header-display":"","ast-hfb-below-header-display":"","ast-hfb-mobile-header-display":"","site-post-title":"","ast-breadcrumbs-content":"","ast-featured-img":"","footer-sml-layout":"","theme-transparent-header-meta":"","adv-header-id-meta":"","stick-header-meta":"","header-above-stick-meta":"","header-main-stick-meta":"","header-below-stick-meta":"","astra-migrate-meta-layouts":"default","ast-page-background-enabled":"default","ast-page-background-meta":{"desktop":{"background-color":"var(--ast-global-color-4)","background-image":"","background-repeat":"repeat","background-position":"center center","background-size":"auto","background-attachment":"scroll","background-type":"","background-media":"","overlay-type":"","overlay-color":"","overlay-opacity":"","overlay-gradient":""},"tablet":{"background-color":"","background-image":"","background-repeat":"repeat","background-position":"center center","background-size":"auto","background-attachment":"scroll","background-type":"","background-media":"","overlay-type":"","overlay-color":"","overlay-opacity":"","overlay-gradient":""},"mobile":{"background-color":"","background-image":"","background-repeat":"repeat","background-position":"center center","background-size":"auto","background-attachment":"scroll","background-type":"","background-media":"","overlay-type":"","overlay-color":"","overlay-opacity":"","overlay-gradient":""}},"ast-content-background-meta":{"desktop":{"background-color":"var(--ast-global-color-5)","background-image":"","background-repeat":"repeat","background-position":"center center","background-size":"auto","background-attachment":"scroll","background-type":"","background-media":"","overlay-type":"","overlay-color":"","overlay-opacity":"","overlay-gradient":""},"tablet":{"background-color":"var(--ast-global-color-5)","background-image":"","background-repeat":"repeat","background-position":"center center","background-size":"auto","background-attachment":"scroll","background-type":"","background-media":"","overlay-type":"","overlay-color":"","overlay-opacity":"","overlay-gradient":""},"mobile":{"background-color":"var(--ast-global-color-5)","background-image":"","background-repeat":"repeat","background-position":"center center","background-size":"auto","background-attachment":"scroll","background-type":"","background-media":"","overlay-type":"","overlay-color":"","overlay-opacity":"","overlay-gradient":""}},"footnotes":""},"categories":[607,1,29,653],"tags":[598],"class_list":["post-18939","post","type-post","status-publish","format-standard","has-post-thumbnail","hentry","category-culdig","category-general","category-portada","category-xtcd","tag-eti-portada"],"post_mailing_queue_ids":[],"_links":{"self":[{"href":"https:\/\/serveiseducatius.xtec.cat\/tarragones\/wp-json\/wp\/v2\/posts\/18939","targetHints":{"allow":["GET"]}}],"collection":[{"href":"https:\/\/serveiseducatius.xtec.cat\/tarragones\/wp-json\/wp\/v2\/posts"}],"about":[{"href":"https:\/\/serveiseducatius.xtec.cat\/tarragones\/wp-json\/wp\/v2\/types\/post"}],"author":[{"embeddable":true,"href":"https:\/\/serveiseducatius.xtec.cat\/tarragones\/wp-json\/wp\/v2\/users\/1"}],"replies":[{"embeddable":true,"href":"https:\/\/serveiseducatius.xtec.cat\/tarragones\/wp-json\/wp\/v2\/comments?post=18939"}],"version-history":[{"count":3,"href":"https:\/\/serveiseducatius.xtec.cat\/tarragones\/wp-json\/wp\/v2\/posts\/18939\/revisions"}],"predecessor-version":[{"id":18943,"href":"https:\/\/serveiseducatius.xtec.cat\/tarragones\/wp-json\/wp\/v2\/posts\/18939\/revisions\/18943"}],"wp:featuredmedia":[{"embeddable":true,"href":"https:\/\/serveiseducatius.xtec.cat\/tarragones\/wp-json\/wp\/v2\/media\/18940"}],"wp:attachment":[{"href":"https:\/\/serveiseducatius.xtec.cat\/tarragones\/wp-json\/wp\/v2\/media?parent=18939"}],"wp:term":[{"taxonomy":"category","embeddable":true,"href":"https:\/\/serveiseducatius.xtec.cat\/tarragones\/wp-json\/wp\/v2\/categories?post=18939"},{"taxonomy":"post_tag","embeddable":true,"href":"https:\/\/serveiseducatius.xtec.cat\/tarragones\/wp-json\/wp\/v2\/tags?post=18939"}],"curies":[{"name":"wp","href":"https:\/\/api.w.org\/{rel}","templated":true}]}}