{"id":18219,"date":"2021-05-11T10:10:55","date_gmt":"2021-05-11T08:10:55","guid":{"rendered":"http:\/\/serveiseducatius.xtec.cat\/tarragones\/?p=18219"},"modified":"2021-06-04T21:43:30","modified_gmt":"2021-06-04T19:43:30","slug":"conferencia-2021-any-joan-triadu-i-font-la-formacio-al-servei-de-la-reconstruccio-dun-pais","status":"publish","type":"post","link":"https:\/\/serveiseducatius.xtec.cat\/tarragones\/general\/conferencia-2021-any-joan-triadu-i-font-la-formacio-al-servei-de-la-reconstruccio-dun-pais\/","title":{"rendered":"Confer\u00e8ncia: &#8220;2021, Any Joan Triad\u00fa i Font&#8221;"},"content":{"rendered":"<p>El passat dimarts, 4 de maig vam commemorar amb motiu de l\u2019Any Triad\u00fa la confer\u00e8ncia\u00a0<b><i>\u201cJoan Triad\u00fa i Font, la formaci\u00f3 al servei de la (re)construcci\u00f3 d\u2019un pa\u00eds\u201d<\/i><\/b>\u00a0amb un dels objectius d\u2019aquest curs, potenciar durant aquest 2021 l\u2019efem\u00e8ride dels 100 anys del naixement de Joan Triad\u00fa i Font que fou, escriptor, cr\u00edtic literari i pedagog catal\u00e0 amb el prop\u00f2sit de posar en relleu, recuperar i divulgar la mem\u00f2ria d\u2019esdeveniments i la personalitat d\u2019en Joan Triad\u00fa aix\u00ed com saber transmetre la figura d\u2019en Joan Triad\u00fa als alumnes.<\/p>\n<p>El <a href=\"https:\/\/serveiseducatius.xtec.cat\/tarragones\/general\/conferencia-2021-any-joan-triadu-i-font-la-formacio-al-servei-de-la-reconstruccio-dun-pais\/\">Centre de Recursos del Tarragon\u00e8s<\/a> en col\u00b7laboraci\u00f3 amb la Direcci\u00f3 General d\u2019Innovaci\u00f3, Recerca i Cultura Digital va organitzar la confer\u00e8ncia.<\/p>\n<p>Volem agrair molt sincerament la pres\u00e8ncia en directe d\u2019en <a href=\"https:\/\/ca.wikipedia.org\/wiki\/Joan_Mart%C3%AD_i_Castell\">Joan Mart\u00ed i Castell<\/a>, Catedr\u00e0tic em\u00e8rit de la Universitat Rovira i Virgili de Tarragona, Membre em\u00e8rit de l\u2019Institut d\u2019Estudis Catalans i Membre numerari de la Reial Acad\u00e8mia de Bones Lletres de Barcelona que des de la seva expertesa i tamb\u00e9 des de la seva amistat amb Joan Triad\u00fa ens conduir\u00e0 i endinsar\u00e0 amb enginy en la figura d\u2019en Joan Triad\u00fa i Font.\u00a0El nostre agra\u00efment tamb\u00e9 a la gran tasca realitzada pel comissari de l\u2019Any,\u00a0<a href=\"https:\/\/ca.wikipedia.org\/wiki\/Joan_Josep_Isern\">Joan Josep Isern<\/a>.<\/p>\n<p>Us compartim l\u2019enlla\u00e7 de la confer\u00e8ncia:\u00a0<span style=\"text-decoration: underline;\"><a href=\"https:\/\/youtu.be\/keiZZJRvBVI\" data-saferedirecturl=\"https:\/\/www.google.com\/url?q=https:\/\/youtu.be\/keiZZJRvBVI&amp;source=gmail&amp;ust=1620370194248000&amp;usg=AFQjCNFOJpJ-YifqimRdAimxaYkuKo7R7g\">https:\/\/youtu.be\/keiZZJRvBVI<\/a><\/span><\/p>\n<p><a href=\"https:\/\/youtu.be\/keiZZJRvBVI\"><img loading=\"lazy\" decoding=\"async\" class=\"aligncenter wp-image-18446 size-full\" src=\"https:\/\/serveiseducatius.xtec.cat\/tarragones\/wp-content\/uploads\/usu549\/2021\/04\/Confere\u0300ncia-Any-Triadu\u0301-2.jpeg\" alt=\"\" width=\"960\" height=\"540\" \/><\/a><\/p>\n","protected":false},"excerpt":{"rendered":"<p>El passat dimarts, 4 de maig vam commemorar amb motiu de l\u2019Any Triad\u00fa la confer\u00e8ncia\u00a0\u201cJoan Triad\u00fa i Font, la formaci\u00f3 [&hellip;]<\/p>\n","protected":false},"author":1,"featured_media":18446,"comment_status":"open","ping_status":"closed","sticky":false,"template":"","format":"standard","meta":{"_bbp_topic_count":0,"_bbp_reply_count":0,"_bbp_total_topic_count":0,"_bbp_total_reply_count":0,"_bbp_voice_count":0,"_bbp_anonymous_reply_count":0,"_bbp_topic_count_hidden":0,"_bbp_reply_count_hidden":0,"_bbp_forum_subforum_count":0,"site-sidebar-layout":"default","site-content-layout":"","ast-site-content-layout":"","site-content-style":"default","site-sidebar-style":"default","ast-global-header-display":"","ast-banner-title-visibility":"","ast-main-header-display":"","ast-hfb-above-header-display":"","ast-hfb-below-header-display":"","ast-hfb-mobile-header-display":"","site-post-title":"","ast-breadcrumbs-content":"","ast-featured-img":"","footer-sml-layout":"","theme-transparent-header-meta":"","adv-header-id-meta":"","stick-header-meta":"","header-above-stick-meta":"","header-main-stick-meta":"","header-below-stick-meta":"","astra-migrate-meta-layouts":"default","ast-page-background-enabled":"default","ast-page-background-meta":{"desktop":{"background-color":"var(--ast-global-color-4)","background-image":"","background-repeat":"repeat","background-position":"center center","background-size":"auto","background-attachment":"scroll","background-type":"","background-media":"","overlay-type":"","overlay-color":"","overlay-opacity":"","overlay-gradient":""},"tablet":{"background-color":"","background-image":"","background-repeat":"repeat","background-position":"center center","background-size":"auto","background-attachment":"scroll","background-type":"","background-media":"","overlay-type":"","overlay-color":"","overlay-opacity":"","overlay-gradient":""},"mobile":{"background-color":"","background-image":"","background-repeat":"repeat","background-position":"center center","background-size":"auto","background-attachment":"scroll","background-type":"","background-media":"","overlay-type":"","overlay-color":"","overlay-opacity":"","overlay-gradient":""}},"ast-content-background-meta":{"desktop":{"background-color":"var(--ast-global-color-5)","background-image":"","background-repeat":"repeat","background-position":"center center","background-size":"auto","background-attachment":"scroll","background-type":"","background-media":"","overlay-type":"","overlay-color":"","overlay-opacity":"","overlay-gradient":""},"tablet":{"background-color":"var(--ast-global-color-5)","background-image":"","background-repeat":"repeat","background-position":"center center","background-size":"auto","background-attachment":"scroll","background-type":"","background-media":"","overlay-type":"","overlay-color":"","overlay-opacity":"","overlay-gradient":""},"mobile":{"background-color":"var(--ast-global-color-5)","background-image":"","background-repeat":"repeat","background-position":"center center","background-size":"auto","background-attachment":"scroll","background-type":"","background-media":"","overlay-type":"","overlay-color":"","overlay-opacity":"","overlay-gradient":""}},"footnotes":""},"categories":[1,29],"tags":[598],"class_list":["post-18219","post","type-post","status-publish","format-standard","has-post-thumbnail","hentry","category-general","category-portada","tag-eti-portada"],"post_mailing_queue_ids":[],"_links":{"self":[{"href":"https:\/\/serveiseducatius.xtec.cat\/tarragones\/wp-json\/wp\/v2\/posts\/18219","targetHints":{"allow":["GET"]}}],"collection":[{"href":"https:\/\/serveiseducatius.xtec.cat\/tarragones\/wp-json\/wp\/v2\/posts"}],"about":[{"href":"https:\/\/serveiseducatius.xtec.cat\/tarragones\/wp-json\/wp\/v2\/types\/post"}],"author":[{"embeddable":true,"href":"https:\/\/serveiseducatius.xtec.cat\/tarragones\/wp-json\/wp\/v2\/users\/1"}],"replies":[{"embeddable":true,"href":"https:\/\/serveiseducatius.xtec.cat\/tarragones\/wp-json\/wp\/v2\/comments?post=18219"}],"version-history":[{"count":3,"href":"https:\/\/serveiseducatius.xtec.cat\/tarragones\/wp-json\/wp\/v2\/posts\/18219\/revisions"}],"predecessor-version":[{"id":18448,"href":"https:\/\/serveiseducatius.xtec.cat\/tarragones\/wp-json\/wp\/v2\/posts\/18219\/revisions\/18448"}],"wp:featuredmedia":[{"embeddable":true,"href":"https:\/\/serveiseducatius.xtec.cat\/tarragones\/wp-json\/wp\/v2\/media\/18446"}],"wp:attachment":[{"href":"https:\/\/serveiseducatius.xtec.cat\/tarragones\/wp-json\/wp\/v2\/media?parent=18219"}],"wp:term":[{"taxonomy":"category","embeddable":true,"href":"https:\/\/serveiseducatius.xtec.cat\/tarragones\/wp-json\/wp\/v2\/categories?post=18219"},{"taxonomy":"post_tag","embeddable":true,"href":"https:\/\/serveiseducatius.xtec.cat\/tarragones\/wp-json\/wp\/v2\/tags?post=18219"}],"curies":[{"name":"wp","href":"https:\/\/api.w.org\/{rel}","templated":true}]}}