{"id":17298,"date":"2021-01-18T16:34:33","date_gmt":"2021-01-18T15:34:33","guid":{"rendered":"http:\/\/serveiseducatius.xtec.cat\/tarragones\/?p=17298"},"modified":"2021-01-18T16:38:22","modified_gmt":"2021-01-18T15:38:22","slug":"amb-la-mirada-posada-al-futur","status":"publish","type":"post","link":"https:\/\/serveiseducatius.xtec.cat\/tarragones\/general\/amb-la-mirada-posada-al-futur\/","title":{"rendered":"Amb la Mirada Posada al Futur"},"content":{"rendered":"<div>Des del CRP del Tarragon\u00e8s hem organitzat 3 jornades dirigides als <strong>equips directius dels centres educatius<\/strong> en format webinar: <b><span style=\"font-size: large;\">Amb la Mirada Posada al Futur.\u00a0<\/span><\/b><\/div>\n<div><\/div>\n<div>Clicant sobre l&#8217;enlla\u00e7 de cada una trobareu informaci\u00f3 i podreu realitzar la inscripci\u00f3 de les formacions. En el proc\u00e9s d&#8217;adjudicaci\u00f3 tindran prefer\u00e8ncia membres d&#8217;equips directius de la comarca del Tarragon\u00e8s.<\/div>\n<div><\/div>\n<div>Esperem que el Seminari us ajudi a millorar la qualitat educativa del vostre centre i que us serveixi per poder comen\u00e7ar o seguir fent cam\u00ed cap a la innovaci\u00f3.<\/div>\n<div><\/div>\n<div><\/div>\n<table border=\"0\" width=\"100%\" cellspacing=\"0\" cellpadding=\"0\">\n<tbody>\n<tr>\n<td><span style=\"font-family: arial, helvetica, geneva;\"><b><span style=\"font-size: large;\">7090711709\u00a0 \u00a0<a href=\"https:\/\/aplicacions.gestioeducativa.gencat.cat\/pls\/soloas\/pk_for_mod_ins.p_for_detall_activitat?p_codi=7090711709&amp;p_curs=2020-2021&amp;p_es_inscr=S\" target=\"_blank\" rel=\"noopener noreferrer\" data-saferedirecturl=\"https:\/\/www.google.com\/url?q=https:\/\/aplicacions.gestioeducativa.gencat.cat\/pls\/soloas\/pk_for_mod_ins.p_for_detall_activitat?p_codi%3D7090711709%26p_curs%3D2020-2021%26p_es_inscr%3DS&amp;source=gmail&amp;ust=1611069641243000&amp;usg=AFQjCNHG-wR3NEjGIFmqZ8rLGP0l0OlnWg\">&#8220;L&#8217;avaluaci\u00f3 en el marc del curr\u00edculum competencial&#8221;<\/a><\/span><\/b><br \/>\n<\/span><b>11\/2\/2021 <\/b>a les<b> 17:30 h<\/b>\u00a0\u00a0<span style=\"font-family: arial, helvetica, geneva; font-size: small;\"><br \/>\nPonent:<u><b> Montserrat Planella.<\/b><\/u>\u00a0<\/span>\u00a0\u00c9s professora d&#8217;Educaci\u00f3 Visual i Pl\u00e0stica i ha treballat durant\u00a0molts anys\u00a0a l&#8217;Institut Castell d&#8217;Estela d&#8217;Amer (Girona). Des de fa tres cursos s&#8217;ha dedicat a dissenyar i impartir formaci\u00f3 i assessorament en curr\u00edculum i avaluaci\u00f3 competencial per al Servei de curr\u00edculum d&#8217;ESO i Batxillerat del Departament d&#8217;Educaci\u00f3, mentre treballava a l&#8217;Institut Mois\u00e8s\u00a0Broggi\u00a0de Barcelona. Tamb\u00e9 ha\u00a0dut a terme\u00a0altres activitats de formaci\u00f3, principalment relacionades amb l&#8217;\u00e0mbit audiovisual i de l&#8217;educaci\u00f3 art\u00edstica. Aquest curs treballa al Servei de Recerca del Departament d&#8217;Educaci\u00f3 i realitza assessoraments a centres.<b><span style=\"font-size: large;\">7090721709\u00a0 \u00a0<a href=\"https:\/\/aplicacions.gestioeducativa.gencat.cat\/pls\/soloas\/pk_for_mod_ins.p_for_detall_activitat?p_codi=7090721709&amp;p_curs=2020-2021&amp;p_es_inscr=S\" target=\"_blank\" rel=\"noopener noreferrer\" data-saferedirecturl=\"https:\/\/www.google.com\/url?q=https:\/\/aplicacions.gestioeducativa.gencat.cat\/pls\/soloas\/pk_for_mod_ins.p_for_detall_activitat?p_codi%3D7090721709%26p_curs%3D2020-2021%26p_es_inscr%3DS&amp;source=gmail&amp;ust=1611069641243000&amp;usg=AFQjCNHZ_LQWomSSagkCZrU4d4rKNnySZw\">&#8220;Educar per projectes al s. XXI&#8221;<\/a><\/span><br \/>\n<\/b><b>11\/3\/2021 <\/b>a les<b> 17:30 h<\/b>\u00a0\u00a0<b><br \/>\n<\/b>Ponent: <b><u>Josep M\u00aa Esteve.<\/u><\/b>\u00a0\u00c9s\u00a0mestre, llicenciat en hist\u00f2ria per la UB i\u00a0exdirector\u00a0de l&#8217;IE\u00a0Jacint Verdaguer de Sant Sadurn\u00ed d&#8217;Anoia\u00a0des del 1992\u00a0fins al\u00a02019: centre molt implicat en la innovaci\u00f3 educativa, obtenint el Segell de qualitat Europeu 2013-14 &#8220;Jobs\u00a0in\u00a0the\u00a0past, present\u00a0and\u00a0the\u00a0future&#8221; i sent centre referent de l&#8217;OCDE \u2013 Projecte\u00a0ILE-\u00a0,\u00a0entre d&#8217;altres. T\u00e9 una llarga experi\u00e8ncia com a formador en el camp de les tecnologies digitals, les compet\u00e8ncies b\u00e0siques, les metodologies actives, el lideratge i la transformaci\u00f3 educativa. Ha col\u00b7laborat amb la Fundaci\u00f3 Jaume Bofill,\u00a0l&#8217; ICE\u00a0de\u00a0l&#8217;UAB\u00a0i la Xarxa Escola Nova 21. Tamb\u00e9 ha publicat articles diversos sobre educaci\u00f3 i actualment \u00e9s facilitador de centre del Laboratori de transformaci\u00f3, programa d&#8217;innovaci\u00f3 del Departament d&#8217;Educaci\u00f3.<b><span style=\"font-size: large;\">7090731709\u00a0 \u00a0<a href=\"https:\/\/aplicacions.gestioeducativa.gencat.cat\/pls\/soloas\/pk_for_mod_ins.p_for_detall_activitat?p_codi=7090731709&amp;p_curs=2020-2021&amp;p_es_inscr=S\" target=\"_blank\" rel=\"noopener noreferrer\" data-saferedirecturl=\"https:\/\/www.google.com\/url?q=https:\/\/aplicacions.gestioeducativa.gencat.cat\/pls\/soloas\/pk_for_mod_ins.p_for_detall_activitat?p_codi%3D7090731709%26p_curs%3D2020-2021%26p_es_inscr%3DS&amp;source=gmail&amp;ust=1611069641243000&amp;usg=AFQjCNEJf9M14VRa6swGwgrxv-64A94Etw\">&#8220;Lideratge per la transformaci\u00f3 educativa&#8221;<\/a><\/span><\/b><br \/>\n<b>15\/4\/2021 <\/b>a les<b> 17:30 h<\/b><br \/>\nPonent: <u><b>Albert Bayot.\u00a0<\/b><\/u>\u00a0\u00c9s<span style=\"color: #000000;\">\u00a0professor de Llengua i literatura catalana,\u00a0 exdirector de l&#8217;institut Brugulat de Banyoles, obtenint el\u00a0certificat de qualitat i millora cont\u00ednua i\u00a0actual director de l&#8217;Institut Sarri\u00e0 de Ter (centre de nova creaci\u00f3). Director dels Serveis Territorials d&#8217;Ensenyament a les comarques gironines entre el 2011 i 2016. Tamb\u00e9 ha estat diversos cursos professor a<\/span>ssociat a la Facultat de Psicologia i Educaci\u00f3 de la UdG.<\/td>\n<\/tr>\n<\/tbody>\n<\/table>\n","protected":false},"excerpt":{"rendered":"<p>Des del CRP del Tarragon\u00e8s hem organitzat 3 jornades dirigides als equips directius dels centres educatius en format webinar: Amb [&hellip;]<\/p>\n","protected":false},"author":358,"featured_media":17299,"comment_status":"open","ping_status":"closed","sticky":false,"template":"","format":"standard","meta":{"_bbp_topic_count":0,"_bbp_reply_count":0,"_bbp_total_topic_count":0,"_bbp_total_reply_count":0,"_bbp_voice_count":0,"_bbp_anonymous_reply_count":0,"_bbp_topic_count_hidden":0,"_bbp_reply_count_hidden":0,"_bbp_forum_subforum_count":0,"site-sidebar-layout":"default","site-content-layout":"","ast-site-content-layout":"","site-content-style":"default","site-sidebar-style":"default","ast-global-header-display":"","ast-banner-title-visibility":"","ast-main-header-display":"","ast-hfb-above-header-display":"","ast-hfb-below-header-display":"","ast-hfb-mobile-header-display":"","site-post-title":"","ast-breadcrumbs-content":"","ast-featured-img":"","footer-sml-layout":"","theme-transparent-header-meta":"","adv-header-id-meta":"","stick-header-meta":"","header-above-stick-meta":"","header-main-stick-meta":"","header-below-stick-meta":"","astra-migrate-meta-layouts":"default","ast-page-background-enabled":"default","ast-page-background-meta":{"desktop":{"background-color":"var(--ast-global-color-4)","background-image":"","background-repeat":"repeat","background-position":"center center","background-size":"auto","background-attachment":"scroll","background-type":"","background-media":"","overlay-type":"","overlay-color":"","overlay-opacity":"","overlay-gradient":""},"tablet":{"background-color":"","background-image":"","background-repeat":"repeat","background-position":"center center","background-size":"auto","background-attachment":"scroll","background-type":"","background-media":"","overlay-type":"","overlay-color":"","overlay-opacity":"","overlay-gradient":""},"mobile":{"background-color":"","background-image":"","background-repeat":"repeat","background-position":"center center","background-size":"auto","background-attachment":"scroll","background-type":"","background-media":"","overlay-type":"","overlay-color":"","overlay-opacity":"","overlay-gradient":""}},"ast-content-background-meta":{"desktop":{"background-color":"var(--ast-global-color-5)","background-image":"","background-repeat":"repeat","background-position":"center center","background-size":"auto","background-attachment":"scroll","background-type":"","background-media":"","overlay-type":"","overlay-color":"","overlay-opacity":"","overlay-gradient":""},"tablet":{"background-color":"var(--ast-global-color-5)","background-image":"","background-repeat":"repeat","background-position":"center center","background-size":"auto","background-attachment":"scroll","background-type":"","background-media":"","overlay-type":"","overlay-color":"","overlay-opacity":"","overlay-gradient":""},"mobile":{"background-color":"var(--ast-global-color-5)","background-image":"","background-repeat":"repeat","background-position":"center center","background-size":"auto","background-attachment":"scroll","background-type":"","background-media":"","overlay-type":"","overlay-color":"","overlay-opacity":"","overlay-gradient":""}},"footnotes":""},"categories":[1,29],"tags":[],"class_list":["post-17298","post","type-post","status-publish","format-standard","has-post-thumbnail","hentry","category-general","category-portada"],"post_mailing_queue_ids":[],"_links":{"self":[{"href":"https:\/\/serveiseducatius.xtec.cat\/tarragones\/wp-json\/wp\/v2\/posts\/17298","targetHints":{"allow":["GET"]}}],"collection":[{"href":"https:\/\/serveiseducatius.xtec.cat\/tarragones\/wp-json\/wp\/v2\/posts"}],"about":[{"href":"https:\/\/serveiseducatius.xtec.cat\/tarragones\/wp-json\/wp\/v2\/types\/post"}],"author":[{"embeddable":true,"href":"https:\/\/serveiseducatius.xtec.cat\/tarragones\/wp-json\/wp\/v2\/users\/358"}],"replies":[{"embeddable":true,"href":"https:\/\/serveiseducatius.xtec.cat\/tarragones\/wp-json\/wp\/v2\/comments?post=17298"}],"version-history":[{"count":4,"href":"https:\/\/serveiseducatius.xtec.cat\/tarragones\/wp-json\/wp\/v2\/posts\/17298\/revisions"}],"predecessor-version":[{"id":17305,"href":"https:\/\/serveiseducatius.xtec.cat\/tarragones\/wp-json\/wp\/v2\/posts\/17298\/revisions\/17305"}],"wp:featuredmedia":[{"embeddable":true,"href":"https:\/\/serveiseducatius.xtec.cat\/tarragones\/wp-json\/wp\/v2\/media\/17299"}],"wp:attachment":[{"href":"https:\/\/serveiseducatius.xtec.cat\/tarragones\/wp-json\/wp\/v2\/media?parent=17298"}],"wp:term":[{"taxonomy":"category","embeddable":true,"href":"https:\/\/serveiseducatius.xtec.cat\/tarragones\/wp-json\/wp\/v2\/categories?post=17298"},{"taxonomy":"post_tag","embeddable":true,"href":"https:\/\/serveiseducatius.xtec.cat\/tarragones\/wp-json\/wp\/v2\/tags?post=17298"}],"curies":[{"name":"wp","href":"https:\/\/api.w.org\/{rel}","templated":true}]}}