{"id":17284,"date":"2020-11-17T17:34:42","date_gmt":"2020-11-17T16:34:42","guid":{"rendered":"http:\/\/serveiseducatius.xtec.cat\/tarragones\/?p=17284"},"modified":"2020-11-17T17:42:13","modified_gmt":"2020-11-17T16:42:13","slug":"congres-catala-deducaccio-matematica-2020","status":"publish","type":"post","link":"https:\/\/serveiseducatius.xtec.cat\/tarragones\/general\/congres-catala-deducaccio-matematica-2020\/","title":{"rendered":"Congr\u00e9s Catal\u00e0 d&#8217;Educacci\u00f3 Matem\u00e0tica 2020"},"content":{"rendered":"<p>El\u00a0<strong>Congr\u00e9s Catal\u00e0 d&#8217;Educaci\u00f3 Matem\u00e0tica<\/strong>\u00a0(C<sup>2<\/sup>EM 2020) que estava previst desenvolupar-se aquest estiu passat a Reus i Tarragona es va haver d&#8217;ajornar i es va realitzar el passat cap de setmana, del 13 al 15 de novembre de manera virtual.<\/p>\n<p><span style=\"color: #000000; font-family: Arial;\">Aquest congr\u00e9s que es realitza una vegada cada 4 anys, i en aquesta ocasi\u00f3 ha estat gestat i preparat des del Camp de Tarragona.<\/span><\/p>\n<p>Organitzat per la FEEMCAT i el DEIM de la URV, el Congr\u00e9s adre\u00e7at a <strong>tots els nivells i etapes de l\u2019educaci\u00f3<\/strong>: l\u2019educaci\u00f3 infantil i prim\u00e0ria, la secund\u00e0ria, el batxillerat i fins a la universitat, la d\u2019adults i l\u2019educaci\u00f3 en ambients especials.<\/p>\n<p>A l&#8217;espai del C<sup>2<\/sup>EM es van poder compartir opinions i experi\u00e8ncies entorn de l&#8217;educaci\u00f3 matem\u00e0tica dins i fora de l&#8217;aula.<\/p>\n<p>Va comptar amb <b>uns 750 assistents<\/b>\u00a0i la presentaci\u00f3 de<b>\u00a0m\u00e9s de <a href=\"https:\/\/edumet.cat\/areatac\/presentacions\/index.php?ID=1IFvMyrvVMJ2eu6RbfuLh0J8LO2t8EweDiu0DrucxxA&amp;config=Config_1\">100\u00a0<\/a><\/b>comunicacions, presentacions de propostes d&#8217;aula, presentacions\u00a020 20 i taules virtuals.<\/p>\n<p>En aquest enlla\u00e7 podreu visualitzar cada una de les c\u00e0psules <a href=\"https:\/\/edumet.cat\/areatac\/presentacions\/index.php?ID=1IF-vMyrvVMJ2eu6RbfuLh0J8LO2t8EweDiu0DrucxxA&amp;config=Config_1\" target=\"_blank\" rel=\"noopener noreferrer\" data-saferedirecturl=\"https:\/\/www.google.com\/url?q=https:\/\/c2em.feemcat.org\/&amp;source=gmail&amp;ust=1605711075452000&amp;usg=AFQjCNEwbertI8Rgso0XTjICRy9FH8Yjgw\">https:\/\/c2em.feemcat.org\/<\/a><\/p>\n<p>Els passejos matem\u00e0tics de <a href=\"https:\/\/youtu.be\/7vYo9Bj86x4\">Reus<\/a> i <a href=\"https:\/\/youtu.be\/z3dmk3vgAFc\">Tarragona<\/a> van donar l&#8217;empremta territorial de les dues ciutats. <span style=\"color: #000000; font-family: Arial;\">Dues propostes molt interessants que quedaran de llegat al territori perqu\u00e8 puguin ser utilitzades en el futur per tots aquells que visitin les dues ciutats amb ulls matem\u00e0tics.<\/span><\/p>\n<p>A Reus, el passeig ha estat preparat en format de geocaching i coordinat per la exdirectora i professora de matem\u00e0tiques de l&#8217;Institut Salvador Vilaseca de Reus, Miseric\u00f2rdia Nomen.<\/p>\n<div class=\"ast-oembed-container \" style=\"height: 100%;\"><iframe loading=\"lazy\" title=\"C2EM Reus final\" width=\"500\" height=\"281\" src=\"https:\/\/www.youtube.com\/embed\/7vYo9Bj86x4?feature=oembed\" frameborder=\"0\" allow=\"accelerometer; autoplay; clipboard-write; encrypted-media; gyroscope; picture-in-picture; web-share\" referrerpolicy=\"strict-origin-when-cross-origin\" allowfullscreen><\/iframe><\/div>\n<p>A Tarragona, el passeig matem\u00e0tic ha estat coordinat per tres professors de l&#8217;Institut Pons d&#8217;Icart de Tarragona, Ramon Nolla, Ramon Masip i Ximo Arnau.<\/p>\n<div class=\"ast-oembed-container \" style=\"height: 100%;\"><iframe loading=\"lazy\" title=\"Passeig matem\u00e0tic per Tarragona\" width=\"500\" height=\"281\" src=\"https:\/\/www.youtube.com\/embed\/z3dmk3vgAFc?feature=oembed\" frameborder=\"0\" allow=\"accelerometer; autoplay; clipboard-write; encrypted-media; gyroscope; picture-in-picture; web-share\" referrerpolicy=\"strict-origin-when-cross-origin\" allowfullscreen><\/iframe><\/div>\n<p>Aqu\u00ed teniu el Dec\u00e0leg del bon portador de problemes a classe que van presentar la Laura Morera i en Jordi Font <span style=\"font-family: inherit; font-size: 1em;\">a la confer\u00e8ncia de clausura.<\/span><\/p>\n<p><span style=\"font-family: inherit; font-size: 1em;\"><a href=\"https:\/\/serveiseducatius.xtec.cat\/tarragones\/wp-content\/uploads\/usu549\/2020\/11\/Em4SdK5XMAADCT1-1.jpg\"><img loading=\"lazy\" decoding=\"async\" class=\"size-full wp-image-17286 aligncenter\" src=\"https:\/\/serveiseducatius.xtec.cat\/tarragones\/wp-content\/uploads\/usu549\/2020\/11\/Em4SdK5XMAADCT1-1.jpg\" alt=\"\" width=\"679\" height=\"383\" srcset=\"https:\/\/serveiseducatius.xtec.cat\/tarragones\/wp-content\/uploads\/usu549\/2020\/11\/Em4SdK5XMAADCT1-1.jpg 679w, https:\/\/serveiseducatius.xtec.cat\/tarragones\/wp-content\/uploads\/usu549\/2020\/11\/Em4SdK5XMAADCT1-1-300x169.jpg 300w\" sizes=\"auto, (max-width: 679px) 100vw, 679px\" \/><\/a><\/span><\/p>\n<p>Per acabar podeu trobar enlla\u00e7at tots els v\u00eddeos de les confer\u00e8ncies a la seg\u00fcent adre\u00e7a:\u00a0 <a href=\"https:\/\/edumet.cat\/areatac\/presentacions\/index.php?ID=1IF-vMyrvVMJ2eu6RbfuLh0J8LO2t8EweDiu0DrucxxA&amp;config=Config_1\">https:\/\/edumet.cat\/areatac\/presentacions\/index.php?ID=1IF-vMyrvVMJ2eu6RbfuLh0J8LO2t8EweDiu0DrucxxA&amp;config=Config_1<\/a><\/p>\n<p>Felicitats per la feina feta!<\/p>\n","protected":false},"excerpt":{"rendered":"<p>\u00c8xit de convocat\u00f2ria i organitzaci\u00f3 aquest cap de setmana en la celebraci\u00f3 del CONGR\u00c9S CATAL\u00c0 D&#8217;EDUCACI\u00d3 MATEM\u00c0TICA 2020.<br \/>\nOrganitzat per la FEEMCAT i el DEIM de la URV, des del Camp de Tarragona.<br \/>\nTots els enlla\u00e7os!<\/p>\n","protected":false},"author":358,"featured_media":17288,"comment_status":"open","ping_status":"closed","sticky":false,"template":"","format":"standard","meta":{"_bbp_topic_count":0,"_bbp_reply_count":0,"_bbp_total_topic_count":0,"_bbp_total_reply_count":0,"_bbp_voice_count":0,"_bbp_anonymous_reply_count":0,"_bbp_topic_count_hidden":0,"_bbp_reply_count_hidden":0,"_bbp_forum_subforum_count":0,"site-sidebar-layout":"default","site-content-layout":"","ast-site-content-layout":"","site-content-style":"default","site-sidebar-style":"default","ast-global-header-display":"","ast-banner-title-visibility":"","ast-main-header-display":"","ast-hfb-above-header-display":"","ast-hfb-below-header-display":"","ast-hfb-mobile-header-display":"","site-post-title":"","ast-breadcrumbs-content":"","ast-featured-img":"","footer-sml-layout":"","theme-transparent-header-meta":"","adv-header-id-meta":"","stick-header-meta":"","header-above-stick-meta":"","header-main-stick-meta":"","header-below-stick-meta":"","astra-migrate-meta-layouts":"default","ast-page-background-enabled":"default","ast-page-background-meta":{"desktop":{"background-color":"var(--ast-global-color-4)","background-image":"","background-repeat":"repeat","background-position":"center center","background-size":"auto","background-attachment":"scroll","background-type":"","background-media":"","overlay-type":"","overlay-color":"","overlay-opacity":"","overlay-gradient":""},"tablet":{"background-color":"","background-image":"","background-repeat":"repeat","background-position":"center center","background-size":"auto","background-attachment":"scroll","background-type":"","background-media":"","overlay-type":"","overlay-color":"","overlay-opacity":"","overlay-gradient":""},"mobile":{"background-color":"","background-image":"","background-repeat":"repeat","background-position":"center center","background-size":"auto","background-attachment":"scroll","background-type":"","background-media":"","overlay-type":"","overlay-color":"","overlay-opacity":"","overlay-gradient":""}},"ast-content-background-meta":{"desktop":{"background-color":"var(--ast-global-color-5)","background-image":"","background-repeat":"repeat","background-position":"center center","background-size":"auto","background-attachment":"scroll","background-type":"","background-media":"","overlay-type":"","overlay-color":"","overlay-opacity":"","overlay-gradient":""},"tablet":{"background-color":"var(--ast-global-color-5)","background-image":"","background-repeat":"repeat","background-position":"center center","background-size":"auto","background-attachment":"scroll","background-type":"","background-media":"","overlay-type":"","overlay-color":"","overlay-opacity":"","overlay-gradient":""},"mobile":{"background-color":"var(--ast-global-color-5)","background-image":"","background-repeat":"repeat","background-position":"center center","background-size":"auto","background-attachment":"scroll","background-type":"","background-media":"","overlay-type":"","overlay-color":"","overlay-opacity":"","overlay-gradient":""}},"footnotes":""},"categories":[1,29],"tags":[594,593,592],"class_list":["post-17284","post","type-post","status-publish","format-standard","has-post-thumbnail","hentry","category-general","category-portada","tag-c2em","tag-c2em-2020","tag-congres-catala-deducacio-matematicacongres-catala-deducacio-matematica"],"post_mailing_queue_ids":[],"_links":{"self":[{"href":"https:\/\/serveiseducatius.xtec.cat\/tarragones\/wp-json\/wp\/v2\/posts\/17284","targetHints":{"allow":["GET"]}}],"collection":[{"href":"https:\/\/serveiseducatius.xtec.cat\/tarragones\/wp-json\/wp\/v2\/posts"}],"about":[{"href":"https:\/\/serveiseducatius.xtec.cat\/tarragones\/wp-json\/wp\/v2\/types\/post"}],"author":[{"embeddable":true,"href":"https:\/\/serveiseducatius.xtec.cat\/tarragones\/wp-json\/wp\/v2\/users\/358"}],"replies":[{"embeddable":true,"href":"https:\/\/serveiseducatius.xtec.cat\/tarragones\/wp-json\/wp\/v2\/comments?post=17284"}],"version-history":[{"count":3,"href":"https:\/\/serveiseducatius.xtec.cat\/tarragones\/wp-json\/wp\/v2\/posts\/17284\/revisions"}],"predecessor-version":[{"id":17292,"href":"https:\/\/serveiseducatius.xtec.cat\/tarragones\/wp-json\/wp\/v2\/posts\/17284\/revisions\/17292"}],"wp:featuredmedia":[{"embeddable":true,"href":"https:\/\/serveiseducatius.xtec.cat\/tarragones\/wp-json\/wp\/v2\/media\/17288"}],"wp:attachment":[{"href":"https:\/\/serveiseducatius.xtec.cat\/tarragones\/wp-json\/wp\/v2\/media?parent=17284"}],"wp:term":[{"taxonomy":"category","embeddable":true,"href":"https:\/\/serveiseducatius.xtec.cat\/tarragones\/wp-json\/wp\/v2\/categories?post=17284"},{"taxonomy":"post_tag","embeddable":true,"href":"https:\/\/serveiseducatius.xtec.cat\/tarragones\/wp-json\/wp\/v2\/tags?post=17284"}],"curies":[{"name":"wp","href":"https:\/\/api.w.org\/{rel}","templated":true}]}}