{"id":16785,"date":"2020-08-03T13:47:50","date_gmt":"2020-08-03T11:47:50","guid":{"rendered":"http:\/\/serveiseducatius.xtec.cat\/tarragones\/?p=16785"},"modified":"2020-08-03T13:47:50","modified_gmt":"2020-08-03T11:47:50","slug":"uma-un-museu-a-laula-un-projecte-del-mrv-i-lins-el-morell","status":"publish","type":"post","link":"https:\/\/serveiseducatius.xtec.cat\/tarragones\/general\/uma-un-museu-a-laula-un-projecte-del-mrv-i-lins-el-morell\/","title":{"rendered":"UMA. Un museu a l&#8217;aula. Un projecte del MRV i l&#8217;INS El Morell"},"content":{"rendered":"<p>Des del curs 2017-18 i a l&#8217;empara de les complicitats teixides a les<a href=\"http:\/\/www.jornadesapropat.cat\/#projectes\"><strong> Jornades aproP&#8217;at Museus i Escoles, aprenem junts,<\/strong> <\/a>al CRP del Tarragon\u00e8s vam comen\u00e7ar a treballar en el <a href=\"https:\/\/museuvidarural.cat\/uma\/\"><strong>Projecte UMA<\/strong><\/a>\u00a0del <strong><a href=\"https:\/\/museuvidarural.cat\/whats-on\/\">Museu de la Vida Rural de l&#8217;Espluga de Francol\u00ed<\/a> <\/strong>amb l&#8217;objectiu de posar en contacte centres i Museu per tal de pensar, dissenyar i produir una exposici\u00f3 amb criteris expositius propis de la museografia, per\u00f2 tamb\u00e9 pensant en un model pedag\u00f2gic competencial que tingui presents\u00a0 els<strong><a href=\"https:\/\/www.diba.cat\/es\/web\/ods\/que-son-els-ods\"> Objectius de Desenvolupament Sostenible, <\/a><\/strong>que necess\u00e0riament hauran d&#8217;anar lligats a qualsevol acci\u00f3 educativa amb projecci\u00f3 de futur.<\/p>\n<p>L&#8217;Institut del Morell ha treballat els dos \u00faltims cursos en aquest projecte des de l&#8217;\u00c0rea de Teconologia i concretament aquest \u00faltim any, en el Projecte <strong><a href=\"https:\/\/museuvidarural.cat\/the-green-house-expo\/\" target=\"_blank\" rel=\"noopener noreferrer\">The green house. Som el canvi<\/a>\u00a0<\/strong>que ha portat els nois i noies\u00a0 a pensar\u00a0la casa sostenible del futur a partir de diverses propostes que han dissenyat els alumnes de 1r\u00a0 a 4t d&#8217;ESO i tamb\u00e9 els alumnes de Batxillerat.<\/p>\n<p>Amb l&#8217;arribada de la COVID-19, semblava que el projecte no es podria dur a terme per\u00f2 es va plantejar als alumnes 3r d&#8217;ESO, que desenvolupaven la tasca de comisariar\u00a0 l&#8217;exposici\u00f3, el repte real de dur-la a terme\u00a0 en un entorn digital i van acceptar-ho.\u00a0 El MRV hi va posar tot el treball dels seus t\u00e8cnics i, finalment, podem presentar l&#8217;exposici\u00f3 que representa un important aven\u00e7 pel que fa al treball en cultura digital dels centres i al mateix temps una\u00a0 reflexi\u00f3 sobre el m\u00f3n on viuran els nostres joves.<\/p>\n<figure id=\"attachment_16786\" aria-describedby=\"caption-attachment-16786\" style=\"width: 584px\" class=\"wp-caption aligncenter\"><a href=\"https:\/\/museuvidarural.cat\/the-green-house-expo\/\"><img loading=\"lazy\" decoding=\"async\" class=\"wp-image-16786 size-full\" src=\"https:\/\/serveiseducatius.xtec.cat\/tarragones\/wp-content\/uploads\/usu549\/2020\/07\/Captura.png\" alt=\"\" width=\"584\" height=\"446\" srcset=\"https:\/\/serveiseducatius.xtec.cat\/tarragones\/wp-content\/uploads\/usu549\/2020\/07\/Captura.png 584w, https:\/\/serveiseducatius.xtec.cat\/tarragones\/wp-content\/uploads\/usu549\/2020\/07\/Captura-300x229.png 300w\" sizes=\"auto, (max-width: 584px) 100vw, 584px\" \/><\/a><figcaption id=\"caption-attachment-16786\" class=\"wp-caption-text\"><a href=\"https:\/\/museuvidarural.cat\/the-green-house-expo\/\">UMA. Una exposici\u00f3 virtual<\/a><\/figcaption><\/figure>\n<p>Durant el confinament els professors i alumnes de l&#8217;INS El Morell ens van explicar el seu projecte al seminari web de <a href=\"https:\/\/www.youtube.com\/channel\/UCLsDWVSYhjFYweT-LFbIbwA\">Centres educatius en l\u00ednia.<\/a><\/p>\n<p style=\"text-align: center;\"><iframe loading=\"lazy\" src=\"\/\/www.youtube.com\/embed\/hfKPZstUcmo\" width=\"560\" height=\"314\"><\/iframe><\/p>\n<p>&nbsp;<\/p>\n","protected":false},"excerpt":{"rendered":"<p>El Projecte UMA del Museu de la Vida Rural de l&#8217;Espluga de Francol\u00ed, l&#8217;INS El Morell  i el CRP del Tarragon\u00e8s treballen conjuntament  amb l&#8217;objectiu de pensar, dissenyar i produir una exposici\u00f3 en format virtual<\/p>\n","protected":false},"author":1,"featured_media":16787,"comment_status":"open","ping_status":"closed","sticky":false,"template":"","format":"standard","meta":{"_bbp_topic_count":0,"_bbp_reply_count":0,"_bbp_total_topic_count":0,"_bbp_total_reply_count":0,"_bbp_voice_count":0,"_bbp_anonymous_reply_count":0,"_bbp_topic_count_hidden":0,"_bbp_reply_count_hidden":0,"_bbp_forum_subforum_count":0,"site-sidebar-layout":"default","site-content-layout":"","ast-site-content-layout":"","site-content-style":"default","site-sidebar-style":"default","ast-global-header-display":"","ast-banner-title-visibility":"","ast-main-header-display":"","ast-hfb-above-header-display":"","ast-hfb-below-header-display":"","ast-hfb-mobile-header-display":"","site-post-title":"","ast-breadcrumbs-content":"","ast-featured-img":"","footer-sml-layout":"","theme-transparent-header-meta":"","adv-header-id-meta":"","stick-header-meta":"","header-above-stick-meta":"","header-main-stick-meta":"","header-below-stick-meta":"","astra-migrate-meta-layouts":"default","ast-page-background-enabled":"default","ast-page-background-meta":{"desktop":{"background-color":"var(--ast-global-color-4)","background-image":"","background-repeat":"repeat","background-position":"center center","background-size":"auto","background-attachment":"scroll","background-type":"","background-media":"","overlay-type":"","overlay-color":"","overlay-opacity":"","overlay-gradient":""},"tablet":{"background-color":"","background-image":"","background-repeat":"repeat","background-position":"center center","background-size":"auto","background-attachment":"scroll","background-type":"","background-media":"","overlay-type":"","overlay-color":"","overlay-opacity":"","overlay-gradient":""},"mobile":{"background-color":"","background-image":"","background-repeat":"repeat","background-position":"center center","background-size":"auto","background-attachment":"scroll","background-type":"","background-media":"","overlay-type":"","overlay-color":"","overlay-opacity":"","overlay-gradient":""}},"ast-content-background-meta":{"desktop":{"background-color":"var(--ast-global-color-5)","background-image":"","background-repeat":"repeat","background-position":"center center","background-size":"auto","background-attachment":"scroll","background-type":"","background-media":"","overlay-type":"","overlay-color":"","overlay-opacity":"","overlay-gradient":""},"tablet":{"background-color":"var(--ast-global-color-5)","background-image":"","background-repeat":"repeat","background-position":"center center","background-size":"auto","background-attachment":"scroll","background-type":"","background-media":"","overlay-type":"","overlay-color":"","overlay-opacity":"","overlay-gradient":""},"mobile":{"background-color":"var(--ast-global-color-5)","background-image":"","background-repeat":"repeat","background-position":"center center","background-size":"auto","background-attachment":"scroll","background-type":"","background-media":"","overlay-type":"","overlay-color":"","overlay-opacity":"","overlay-gradient":""}},"footnotes":""},"categories":[537,464,1,29],"tags":[551,344],"class_list":["post-16785","post","type-post","status-publish","format-standard","has-post-thumbnail","hentry","category-joemquedoacasa","category-activitats","category-general","category-portada","tag-aprenentatge-competencial","tag-tecnologia"],"post_mailing_queue_ids":[],"_links":{"self":[{"href":"https:\/\/serveiseducatius.xtec.cat\/tarragones\/wp-json\/wp\/v2\/posts\/16785","targetHints":{"allow":["GET"]}}],"collection":[{"href":"https:\/\/serveiseducatius.xtec.cat\/tarragones\/wp-json\/wp\/v2\/posts"}],"about":[{"href":"https:\/\/serveiseducatius.xtec.cat\/tarragones\/wp-json\/wp\/v2\/types\/post"}],"author":[{"embeddable":true,"href":"https:\/\/serveiseducatius.xtec.cat\/tarragones\/wp-json\/wp\/v2\/users\/1"}],"replies":[{"embeddable":true,"href":"https:\/\/serveiseducatius.xtec.cat\/tarragones\/wp-json\/wp\/v2\/comments?post=16785"}],"version-history":[{"count":3,"href":"https:\/\/serveiseducatius.xtec.cat\/tarragones\/wp-json\/wp\/v2\/posts\/16785\/revisions"}],"predecessor-version":[{"id":16802,"href":"https:\/\/serveiseducatius.xtec.cat\/tarragones\/wp-json\/wp\/v2\/posts\/16785\/revisions\/16802"}],"wp:featuredmedia":[{"embeddable":true,"href":"https:\/\/serveiseducatius.xtec.cat\/tarragones\/wp-json\/wp\/v2\/media\/16787"}],"wp:attachment":[{"href":"https:\/\/serveiseducatius.xtec.cat\/tarragones\/wp-json\/wp\/v2\/media?parent=16785"}],"wp:term":[{"taxonomy":"category","embeddable":true,"href":"https:\/\/serveiseducatius.xtec.cat\/tarragones\/wp-json\/wp\/v2\/categories?post=16785"},{"taxonomy":"post_tag","embeddable":true,"href":"https:\/\/serveiseducatius.xtec.cat\/tarragones\/wp-json\/wp\/v2\/tags?post=16785"}],"curies":[{"name":"wp","href":"https:\/\/api.w.org\/{rel}","templated":true}]}}