{"id":16382,"date":"2020-05-14T16:35:22","date_gmt":"2020-05-14T14:35:22","guid":{"rendered":"http:\/\/serveiseducatius.xtec.cat\/tarragones\/?p=16382"},"modified":"2021-08-17T13:34:06","modified_gmt":"2021-08-17T11:34:06","slug":"comunicats-informatius","status":"publish","type":"post","link":"https:\/\/serveiseducatius.xtec.cat\/tarragones\/joemquedoacasa\/comunicats-informatius\/","title":{"rendered":"Comunicats informatius"},"content":{"rendered":"<p style=\"text-align: justify;\">L&#8217;espai <strong>COMUNICATS INFORMATIUS<\/strong> s&#8217;adre\u00e7a a les direccions i professorat dels centres del Tarragon\u00e8s amb l&#8217;objectiu que aquests estiguin informats de les novetats sobre informacions, recursos, formaci\u00f3 extraordin\u00e0ria, not\u00edcies d&#8217;inter\u00e8s de la zona i d&#8217;arreu.<\/p>\n<table style=\"height: 984px; width: 100%; border-color: #ffffff; background-color: #ffffff;\">\n<tbody>\n<tr style=\"height: 143px;\">\n<td style=\"width: 25.2062%; border-color: #f7f7f7; background-color: #f7f7f7; height: 143px;\">\n<h6 tabindex=\"-1\" data-thread-perm-id=\"thread-a:r-7032012198760040288\" data-legacy-thread-id=\"172131adca5164e9\"><a href=\"https:\/\/drive.google.com\/file\/d\/1ib2HfiTRw7f0iQ8Uj_phTlggJzFtFMxi\/view?usp=sharing\"><img loading=\"lazy\" decoding=\"async\" class=\"wp-image-16383 aligncenter\" src=\"https:\/\/serveiseducatius.xtec.cat\/tarragones\/wp-content\/uploads\/usu549\/2020\/05\/comunicats-informatius-2-e1589468362651.png\" alt=\"\" width=\"141\" height=\"38\" \/><\/a><\/h6>\n<\/td>\n<td style=\"width: 38.8138%; border-color: #f7f7f7; background-color: #f7f7f7; height: 143px;\">\n<h4 id=\":17j\" class=\"hP\" style=\"text-align: center;\" tabindex=\"-1\" data-thread-perm-id=\"thread-a:r-7032012198760040288\" data-legacy-thread-id=\"172131adca5164e9\"><a href=\"https:\/\/drive.google.com\/file\/d\/1ib2HfiTRw7f0iQ8Uj_phTlggJzFtFMxi\/view?usp=sharing\">Nova planificaci\u00f3 PFZ 2020-21 &#8211; Detecci\u00f3 de necessitats<\/a><\/h4>\n<\/td>\n<td style=\"width: 61.4062%; border-color: #f7f7f7; background-color: #f7f7f7; height: 143px;\">\n<div>\n<ul>\n<li>La situaci\u00f3 d&#8217;excepcionalitat i la formaci\u00f3<\/li>\n<li>Orientacions formatives<\/li>\n<li>\u00c0mbits tem\u00e0tics prioritzats<\/li>\n<li>Primera detecci\u00f3 juny 2020<\/li>\n<li>Nova detecci\u00f3 de necessitats 1r trimestre 2020<\/li>\n<li>Formaci\u00f3 d&#8217;estiu!<\/li>\n<\/ul>\n<\/div>\n<\/td>\n<\/tr>\n<tr style=\"height: 117px;\">\n<td style=\"width: 25.2062%; height: 117px; border-color: #f7f7f7; background-color: #f7f7f7;\">\n<h6 tabindex=\"-1\" data-thread-perm-id=\"thread-a:r-7032012198760040288\" data-legacy-thread-id=\"172131adca5164e9\"><a href=\"https:\/\/drive.google.com\/file\/d\/1QbN4RbU4cL2aWA2K_8N5w8WLhugnMYlN\/view?usp=sharing\"><img loading=\"lazy\" decoding=\"async\" class=\"wp-image-16383 aligncenter\" src=\"https:\/\/serveiseducatius.xtec.cat\/tarragones\/wp-content\/uploads\/usu549\/2020\/05\/comunicats-informatius-2-e1589468362651.png\" alt=\"\" width=\"141\" height=\"38\" \/><\/a><\/h6>\n<\/td>\n<td style=\"width: 38.8138%; height: 117px; border-color: #f7f7f7; background-color: #f7f7f7;\">\n<h4 id=\":17j\" class=\"hP\" style=\"text-align: center;\" tabindex=\"-1\" data-thread-perm-id=\"thread-a:r-7032012198760040288\" data-legacy-thread-id=\"172131adca5164e9\"><a href=\"https:\/\/drive.google.com\/file\/d\/1QbN4RbU4cL2aWA2K_8N5w8WLhugnMYlN\/view?usp=sharing\">Acompanyament de les emocions<\/a><\/h4>\n<p style=\"text-align: center;\"><strong>Setmana de l&#8217;1 al 5 de juny<\/strong><\/p>\n<h4 id=\":17p\" class=\"hP\" style=\"text-align: center;\" tabindex=\"-1\" data-thread-perm-id=\"thread-a:r-8340146823713992531\" data-legacy-thread-id=\"17237a1d533f67a9\"><span style=\"color: #3366ff;\">\u00a0<\/span><\/h4>\n<\/td>\n<td style=\"width: 61.4062%; height: 117px; border-color: #f7f7f7; background-color: #f7f7f7;\">\n<div>\n<ul>\n<li class=\"gmail_default\">Acompanyament de les emocions: orientacions, eines per a equips directius i docents, i llista de v\u00eddeos.<\/li>\n<li class=\"gmail_default\">Accions formatives territorials<\/li>\n<li>Ampliaci\u00f3 termini Projecte conviv\u00e8ncia<\/li>\n<\/ul>\n<\/div>\n<\/td>\n<\/tr>\n<tr style=\"height: 169px;\">\n<td style=\"width: 25.2062%; border-color: #ffffff; background-color: #ffffff; height: 169px;\">\n<h6 id=\":17p\" class=\"hP\" style=\"text-align: center;\" tabindex=\"-1\" data-thread-perm-id=\"thread-a:r-8340146823713992531\" data-legacy-thread-id=\"17237a1d533f67a9\"><\/h6>\n<h6 tabindex=\"-1\" data-thread-perm-id=\"thread-a:r-7032012198760040288\" data-legacy-thread-id=\"172131adca5164e9\"><a href=\"https:\/\/drive.google.com\/file\/d\/1WyEiGsTKTIafxQEXk7VhB_W0A6f9tZgs\/view?usp=sharing\"><img loading=\"lazy\" decoding=\"async\" class=\"wp-image-16383 aligncenter\" src=\"https:\/\/serveiseducatius.xtec.cat\/tarragones\/wp-content\/uploads\/usu549\/2020\/05\/comunicats-informatius-2-e1589468362651.png\" alt=\"\" width=\"141\" height=\"38\" \/><\/a><\/h6>\n<h6 id=\":17p\" class=\"hP\" style=\"text-align: center;\" tabindex=\"-1\" data-thread-perm-id=\"thread-a:r-8340146823713992531\" data-legacy-thread-id=\"17237a1d533f67a9\"><\/h6>\n<\/td>\n<td style=\"width: 38.8138%; border-color: #ffffff; background-color: #ffffff; height: 169px;\">\n<h4 id=\":17p\" class=\"hP\" style=\"text-align: center;\" tabindex=\"-1\" data-thread-perm-id=\"thread-a:r-8340146823713992531\" data-legacy-thread-id=\"17237a1d533f67a9\"><a href=\"https:\/\/drive.google.com\/file\/d\/1WyEiGsTKTIafxQEXk7VhB_W0A6f9tZgs\/view\"><span style=\"color: #3366ff;\">Accions formatives del territori i d&#8217;arreu<\/span><\/a><\/h4>\n<p class=\"hP\" style=\"text-align: center;\" tabindex=\"-1\" data-thread-perm-id=\"thread-a:r-8340146823713992531\" data-legacy-thread-id=\"17237a1d533f67a9\"><strong>Setmana del 18 al 22 de maig<\/strong><\/p>\n<\/td>\n<td style=\"width: 61.4062%; border-color: #ffffff; background-color: #ffffff; height: 169px;\">\n<div class=\"gmail_default\">\n<ul>\n<li>Accions formatives territorials<\/li>\n<li>Recursos formatius sobre avaluaci\u00f3<\/li>\n<li>Moodle autoformatiu sobre gesti\u00f3 emocional<\/li>\n<li>Altres espais formatius<\/li>\n<li>Espai premis Batxillerat<\/li>\n<\/ul>\n<\/div>\n<\/td>\n<\/tr>\n<tr style=\"height: 134px;\">\n<td style=\"width: 25.2062%; border-color: #f7f7f7; background-color: #f7f7f7; height: 156px;\">\n<h6 id=\":17j\" class=\"hP\" style=\"text-align: center;\" tabindex=\"-1\" data-thread-perm-id=\"thread-a:r-7032012198760040288\" data-legacy-thread-id=\"172131adca5164e9\"><\/h6>\n<h6 tabindex=\"-1\" data-thread-perm-id=\"thread-a:r-7032012198760040288\" data-legacy-thread-id=\"172131adca5164e9\"><a href=\"https:\/\/drive.google.com\/file\/d\/1_JBjcyC7vtx-8cPVUxA1QC8kLZP-vbXK\/view?usp=sharing\"><img loading=\"lazy\" decoding=\"async\" class=\"wp-image-16383 aligncenter\" src=\"https:\/\/serveiseducatius.xtec.cat\/tarragones\/wp-content\/uploads\/usu549\/2020\/05\/comunicats-informatius-2-e1589468362651.png\" alt=\"\" width=\"141\" height=\"38\" \/><\/a><\/h6>\n<h6 id=\":17j\" class=\"hP\" style=\"text-align: center;\" tabindex=\"-1\" data-thread-perm-id=\"thread-a:r-7032012198760040288\" data-legacy-thread-id=\"172131adca5164e9\"><\/h6>\n<\/td>\n<td style=\"width: 38.8138%; height: 156px; border-color: #f7f7f7; background-color: #f7f7f7;\">\n<h4 id=\":17j\" class=\"hP\" style=\"text-align: center;\" tabindex=\"-1\" data-thread-perm-id=\"thread-a:r-7032012198760040288\" data-legacy-thread-id=\"172131adca5164e9\"><span style=\"color: #3366ff;\"><a style=\"color: #3366ff;\" href=\"https:\/\/drive.google.com\/file\/d\/1_JBjcyC7vtx-8cPVUxA1QC8kLZP-vbXK\/view?usp=sharing\">M\u00e9s formaci\u00f3: 2n per\u00edode extraordinari i webinars, recursos i suport Pla CEL<\/a><\/span><\/h4>\n<p style=\"text-align: center;\"><strong><span style=\"color: #000000;\">Setmana de l&#8217;11 al 17 de maig<\/span><\/strong><\/p>\n<\/td>\n<td style=\"width: 61.4062%; height: 156px; border-color: #f7f7f7; background-color: #f7f7f7;\">\n<div class=\"gmail_default\">\n<ul>\n<li><span style=\"color: #000000;\">Formaci\u00f3: 2n per\u00edode d&#8217;inscripci\u00f3 i nou \u00e0mbit formatiu + webinars<\/span><\/li>\n<li><span style=\"color: #000000;\">Recursos en l\u00ednia<\/span><\/li>\n<li><span style=\"color: #000000;\">Centres Educatius en L\u00ednia<\/span><\/li>\n<li><span style=\"color: #000000;\">Padlet i altres<\/span><\/li>\n<\/ul>\n<\/div>\n<\/td>\n<\/tr>\n<tr style=\"height: 134px;\">\n<td style=\"width: 25.2062%; border-color: #ffffff; background-color: #ffffff; height: 156px;\">\n<h6 id=\":ou\" class=\"hP\" style=\"text-align: center;\" tabindex=\"-1\" data-thread-perm-id=\"thread-a:r-1851067707065130545\" data-legacy-thread-id=\"171e8aecaa497d13\"><\/h6>\n<h6 tabindex=\"-1\" data-thread-perm-id=\"thread-a:r-7032012198760040288\" data-legacy-thread-id=\"172131adca5164e9\"><a href=\"https:\/\/drive.google.com\/file\/d\/1yd9fe6s7Kr0P72_BOW3fnBFTd1zbDSc6\/view?usp=sharing\"><img loading=\"lazy\" decoding=\"async\" class=\"wp-image-16383 aligncenter\" src=\"https:\/\/serveiseducatius.xtec.cat\/tarragones\/wp-content\/uploads\/usu549\/2020\/05\/comunicats-informatius-2-e1589468362651.png\" alt=\"\" width=\"141\" height=\"38\" \/><\/a><\/h6>\n<h6 id=\":ou\" class=\"hP\" style=\"text-align: center;\" tabindex=\"-1\" data-thread-perm-id=\"thread-a:r-1851067707065130545\" data-legacy-thread-id=\"171e8aecaa497d13\"><\/h6>\n<\/td>\n<td style=\"width: 38.8138%; height: 156px; border-color: #ffffff; background-color: #ffffff;\">\n<h4 id=\":ou\" class=\"hP\" style=\"text-align: center;\" tabindex=\"-1\" data-thread-perm-id=\"thread-a:r-1851067707065130545\" data-legacy-thread-id=\"171e8aecaa497d13\"><span style=\"color: #000000;\"><a style=\"color: #000000;\" href=\"https:\/\/drive.google.com\/file\/d\/1yd9fe6s7Kr0P72_BOW3fnBFTd1zbDSc6\/view?usp=sharing\"><span style=\"color: #3366ff;\"><span class=\"il\">Canals<\/span><\/span><\/a><\/span><span style=\"color: #000000;\"><a style=\"color: #000000;\" href=\"https:\/\/drive.google.com\/file\/d\/1yd9fe6s7Kr0P72_BOW3fnBFTd1zbDSc6\/view?usp=sharing\"><span style=\"color: #3366ff;\"> de comunicaci\u00f3 i padlet &#8220;Pr\u00e0ctiques de Refer\u00e8ncia del Tarragon\u00e8s<\/span><\/a><\/span><\/h4>\n<p style=\"text-align: center;\"><strong><span style=\"color: #000000;\">Setmana del 4 al 10 de maig<\/span><\/strong><\/p>\n<\/td>\n<td style=\"width: 61.4062%; height: 156px; border-color: #ffffff; background-color: #ffffff;\">\n<ul>\n<li><span style=\"color: #000000;\">Canals de comunicaci\u00f3 CRP- Centres<\/span><\/li>\n<li><span style=\"color: #000000;\">Padlet Pr\u00e0ctiques de Refer\u00e8ncia del SE del Tarragon\u00e8s<\/span><\/li>\n<\/ul>\n<\/td>\n<\/tr>\n<tr style=\"height: 243px;\">\n<td style=\"width: 25.2062%; border-color: #f7f7f7; background-color: #f7f7f7; height: 243px;\">\n<h6 id=\":1qr\" class=\"hP\" style=\"text-align: center;\" tabindex=\"-1\" data-thread-perm-id=\"thread-a:r5584152689155151126\" data-legacy-thread-id=\"171cc7c4804c3d77\"><\/h6>\n<h6 tabindex=\"-1\" data-thread-perm-id=\"thread-a:r-7032012198760040288\" data-legacy-thread-id=\"172131adca5164e9\"><a href=\"https:\/\/drive.google.com\/file\/d\/1HNiNOYb-XhsHw6ePCaS2bDaiQBnbL18J\/view?usp=sharing\"><img loading=\"lazy\" decoding=\"async\" class=\"wp-image-16383 aligncenter\" src=\"https:\/\/serveiseducatius.xtec.cat\/tarragones\/wp-content\/uploads\/usu549\/2020\/05\/comunicats-informatius-2-e1589468362651.png\" alt=\"\" width=\"141\" height=\"38\" \/><\/a><\/h6>\n<h6 id=\":1qr\" class=\"hP\" style=\"text-align: center;\" tabindex=\"-1\" data-thread-perm-id=\"thread-a:r5584152689155151126\" data-legacy-thread-id=\"171cc7c4804c3d77\"><\/h6>\n<\/td>\n<td style=\"width: 38.8138%; border-color: #f7f7f7; background-color: #f7f7f7; height: 243px;\">\n<h4 id=\":1qr\" class=\"hP\" style=\"text-align: center;\" tabindex=\"-1\" data-thread-perm-id=\"thread-a:r5584152689155151126\" data-legacy-thread-id=\"171cc7c4804c3d77\"><span style=\"color: #3366ff;\"><a style=\"color: #3366ff;\" href=\"https:\/\/drive.google.com\/file\/d\/1HNiNOYb-XhsHw6ePCaS2bDaiQBnbL18J\/view?usp=sharing\">Suport i acompanyament centres i professorat<\/a><\/span><\/h4>\n<p style=\"text-align: center;\"><strong><span style=\"color: #000000;\">Setmana del 27 abril al 3 de maig<\/span><\/strong><\/p>\n<\/td>\n<td style=\"width: 61.4062%; border-color: #f7f7f7; background-color: #f7f7f7; height: 243px;\">\n<ul>\n<li><span style=\"color: #000000;\">Formaci\u00f3 extraordin\u00e0ria maig i juny oberta<span style=\"font-size: large;\">!<\/span><\/span><\/li>\n<li><span style=\"color: #000000;\">Necessitats formatives en temps de confinament<\/span><\/li>\n<li><span style=\"color: #000000;\">Centres educatius en l\u00ednia<\/span><\/li>\n<li><span style=\"color: #000000;\">Recursos i acompanyament i suport Pla CEL<\/span><\/li>\n<li><span style=\"color: #000000;\">Recursos en temps de confinament<\/span><\/li>\n<li><span style=\"color: #000000;\">Modificacions<\/span><\/li>\n<\/ul>\n<\/td>\n<\/tr>\n<\/tbody>\n<\/table>\n<p>&nbsp;<\/p>\n","protected":false},"excerpt":{"rendered":"<p>Comunicats setmanals amb novetats sobre informacions, recursos, formaci\u00f3 extraordin\u00e0ria, not\u00edcies d&#8217;inter\u00e8s, etc de la zona i d&#8217;arreu.<br \/>\n-Adre\u00e7at a centres i professorat del Tarragon\u00e8s<\/p>\n","protected":false},"author":1,"featured_media":16383,"comment_status":"open","ping_status":"closed","sticky":false,"template":"","format":"standard","meta":{"_bbp_topic_count":0,"_bbp_reply_count":0,"_bbp_total_topic_count":0,"_bbp_total_reply_count":0,"_bbp_voice_count":0,"_bbp_anonymous_reply_count":0,"_bbp_topic_count_hidden":0,"_bbp_reply_count_hidden":0,"_bbp_forum_subforum_count":0,"site-sidebar-layout":"default","site-content-layout":"","ast-site-content-layout":"","site-content-style":"default","site-sidebar-style":"default","ast-global-header-display":"","ast-banner-title-visibility":"","ast-main-header-display":"","ast-hfb-above-header-display":"","ast-hfb-below-header-display":"","ast-hfb-mobile-header-display":"","site-post-title":"","ast-breadcrumbs-content":"","ast-featured-img":"","footer-sml-layout":"","theme-transparent-header-meta":"","adv-header-id-meta":"","stick-header-meta":"","header-above-stick-meta":"","header-main-stick-meta":"","header-below-stick-meta":"","astra-migrate-meta-layouts":"default","ast-page-background-enabled":"default","ast-page-background-meta":{"desktop":{"background-color":"var(--ast-global-color-4)","background-image":"","background-repeat":"repeat","background-position":"center center","background-size":"auto","background-attachment":"scroll","background-type":"","background-media":"","overlay-type":"","overlay-color":"","overlay-opacity":"","overlay-gradient":""},"tablet":{"background-color":"","background-image":"","background-repeat":"repeat","background-position":"center center","background-size":"auto","background-attachment":"scroll","background-type":"","background-media":"","overlay-type":"","overlay-color":"","overlay-opacity":"","overlay-gradient":""},"mobile":{"background-color":"","background-image":"","background-repeat":"repeat","background-position":"center center","background-size":"auto","background-attachment":"scroll","background-type":"","background-media":"","overlay-type":"","overlay-color":"","overlay-opacity":"","overlay-gradient":""}},"ast-content-background-meta":{"desktop":{"background-color":"var(--ast-global-color-5)","background-image":"","background-repeat":"repeat","background-position":"center center","background-size":"auto","background-attachment":"scroll","background-type":"","background-media":"","overlay-type":"","overlay-color":"","overlay-opacity":"","overlay-gradient":""},"tablet":{"background-color":"var(--ast-global-color-5)","background-image":"","background-repeat":"repeat","background-position":"center center","background-size":"auto","background-attachment":"scroll","background-type":"","background-media":"","overlay-type":"","overlay-color":"","overlay-opacity":"","overlay-gradient":""},"mobile":{"background-color":"var(--ast-global-color-5)","background-image":"","background-repeat":"repeat","background-position":"center center","background-size":"auto","background-attachment":"scroll","background-type":"","background-media":"","overlay-type":"","overlay-color":"","overlay-opacity":"","overlay-gradient":""}},"footnotes":""},"categories":[537],"tags":[533],"class_list":["post-16382","post","type-post","status-publish","format-standard","has-post-thumbnail","hentry","category-joemquedoacasa","tag-joemquedoacasa"],"post_mailing_queue_ids":[],"_links":{"self":[{"href":"https:\/\/serveiseducatius.xtec.cat\/tarragones\/wp-json\/wp\/v2\/posts\/16382","targetHints":{"allow":["GET"]}}],"collection":[{"href":"https:\/\/serveiseducatius.xtec.cat\/tarragones\/wp-json\/wp\/v2\/posts"}],"about":[{"href":"https:\/\/serveiseducatius.xtec.cat\/tarragones\/wp-json\/wp\/v2\/types\/post"}],"author":[{"embeddable":true,"href":"https:\/\/serveiseducatius.xtec.cat\/tarragones\/wp-json\/wp\/v2\/users\/1"}],"replies":[{"embeddable":true,"href":"https:\/\/serveiseducatius.xtec.cat\/tarragones\/wp-json\/wp\/v2\/comments?post=16382"}],"version-history":[{"count":3,"href":"https:\/\/serveiseducatius.xtec.cat\/tarragones\/wp-json\/wp\/v2\/posts\/16382\/revisions"}],"predecessor-version":[{"id":16695,"href":"https:\/\/serveiseducatius.xtec.cat\/tarragones\/wp-json\/wp\/v2\/posts\/16382\/revisions\/16695"}],"wp:featuredmedia":[{"embeddable":true,"href":"https:\/\/serveiseducatius.xtec.cat\/tarragones\/wp-json\/wp\/v2\/media\/16383"}],"wp:attachment":[{"href":"https:\/\/serveiseducatius.xtec.cat\/tarragones\/wp-json\/wp\/v2\/media?parent=16382"}],"wp:term":[{"taxonomy":"category","embeddable":true,"href":"https:\/\/serveiseducatius.xtec.cat\/tarragones\/wp-json\/wp\/v2\/categories?post=16382"},{"taxonomy":"post_tag","embeddable":true,"href":"https:\/\/serveiseducatius.xtec.cat\/tarragones\/wp-json\/wp\/v2\/tags?post=16382"}],"curies":[{"name":"wp","href":"https:\/\/api.w.org\/{rel}","templated":true}]}}