{"id":16339,"date":"2020-05-08T08:37:59","date_gmt":"2020-05-08T06:37:59","guid":{"rendered":"http:\/\/serveiseducatius.xtec.cat\/tarragones\/?p=16339"},"modified":"2020-05-08T09:31:46","modified_gmt":"2020-05-08T07:31:46","slug":"fira-del-coneixement","status":"publish","type":"post","link":"https:\/\/serveiseducatius.xtec.cat\/tarragones\/general\/portada\/fira-del-coneixement\/","title":{"rendered":"Fira del Coneixement &#8211; format virtual"},"content":{"rendered":"<h5><strong><img loading=\"lazy\" decoding=\"async\" class=\"size-full wp-image-16341 alignright\" src=\"https:\/\/serveiseducatius.xtec.cat\/tarragones\/wp-content\/uploads\/usu549\/2020\/05\/Firaconeixement-UPC-2.png\" alt=\"\" width=\"197\" height=\"95\" \/><\/strong><\/h5>\n<p>La Universitat Polit\u00e8cnica de Catalunya i l&#8217;Ajuntament de Berga, en col\u00b7laboraci\u00f3 amb el Departament d&#8217;Educaci\u00f3, organitzat la <strong>Fira del Coneixement &#8211; Exploratori dels recursos de la Natura.<\/strong><\/p>\n<h5><strong>Quan i qu\u00e8?<\/strong><\/h5>\n<p>La Fira es fa en format virtual els matins del <strong>20 i 21 de maig<\/strong>.<br \/>\nHi haur\u00e0 torns de presentacions Meet:<\/p>\n<ul>\n<li>Torn de 9.00h a 12.30h<\/li>\n<li>Torn de 10.00h a 13.30h<\/li>\n<\/ul>\n<p>Cliqueu <a href=\"https:\/\/www.exploratori.org\/images\/PDFs\/FiraConeixement\/TRIPTIC_Fira_Coneixement_2020rev.pdf\"><strong>aqu\u00ed<\/strong> <\/a>per descarregar-vos el <strong>tr\u00edptic<\/strong> informatiu.<\/p>\n<p><strong>Web<\/strong> <a href=\"https:\/\/www.exploratori.org\/index.php\/component\/sppagebuilder\/135-fira-del-coneixement-2020\"><strong>La Fira del Coneixement<\/strong><\/a><\/p>\n<h5><strong>Inscripcions<\/strong><\/h5>\n<ul>\n<li>Pels que ja us hav\u00edeu inscrit a la Fira nom\u00e9s cal que confirmeu el nombre d\u2019estudiants que es connectaran responent aquest mateix correu (alguns ja ho heu fet) abans de dimarts 5 de maig, i ja us indicarem quin torn us correspon.<\/li>\n<li>Pels que no us hav\u00edeu inscrit, ara teniu l\u2019oportunitat de que els vostres estudiants puguin gaudir d\u2019una connexi\u00f3 en directe amb investigadors de diferents Grups de Recerca de la Universitat Polit\u00e8cnica de Catalunya. Nom\u00e9s es tracta de que feu la inscripci\u00f3 al seg\u00fcent enlla\u00e7 abans del dijous 7 de maig: <a href=\"https:\/\/exploratori.org\/index.php\/component\/sppagebuilder\/122-formulari-inscripcio-fira-del-coneixement\">formulari<\/a><\/li>\n<\/ul>\n<h5><strong>Visita virtual als estands<\/strong><\/h5>\n<p>Aix\u00ed mateix, disposarem de 2 gravacions i una Exposici\u00f3, que complementaran la visita virtual als estands:<\/p>\n<p><strong>Confer\u00e8ncia &#8211; <\/strong><em><strong>Aprenent de la natura: interaccions multitr\u00f2fiques per a la protecci\u00f3 de cultius i boscos<\/strong><\/em><strong>,<\/strong><br \/>\nA c\u00e0rrec de Francesc Xavier Sorribas, Professor titular de Producci\u00f3 Vegetal de la UPC, at\u00e8s que el 2020 \u00e9s l\u2019Any Internacional de la sanitat vegetal.<br \/>\nEstar\u00e0 disponible durant la setmana de la Fira (a partir del 18 de maig a la web: <a href=\"http:\/\/www.exploratori.org\/fira\" data-saferedirecturl=\"https:\/\/www.google.com\/url?q=http:\/\/www.exploratori.org\/fira&amp;source=gmail&amp;ust=1589003221888000&amp;usg=AFQjCNHIfvV3Jfho7Qp78qzmoCN75P2HWw\">www.exploratori.org\/fira<\/a>)<\/p>\n<p><strong>Visita virtual &#8211; <em>l\u2019Espai Natural Protegit de la Serra de Queralt<\/em><\/strong>.<br \/>\nEstar\u00e0 disponible durant la setmana de la Fira (a partir del 18 de maig a la web: <a href=\"http:\/\/www.exploratori.org\/fira\" data-saferedirecturl=\"https:\/\/www.google.com\/url?q=http:\/\/www.exploratori.org\/fira&amp;source=gmail&amp;ust=1589003221888000&amp;usg=AFQjCNHIfvV3Jfho7Qp78qzmoCN75P2HWw\">www.exploratori.org\/fira<\/a>)<\/p>\n<p><strong>Exposici\u00f3 virtual &#8211; <em>BOSC i sostenibilitat<\/em><\/strong><br \/>\nAmb diversos p\u00f2sters i v\u00eddeos, aix\u00ed com q\u00fcestionaris online relacionats amb els Objectius de Desenvolupament Sostenible (ODS).<\/p>\n","protected":false},"excerpt":{"rendered":"<p>Fira del Coneixement on Grups de recerca de la UPC es connecten en directe exposant investigacions sobre ci\u00e8ncia, tecnologia i sostenibilitat.<br \/>\n&#8211; Adre\u00e7at a alumnat i professorat<\/p>\n","protected":false},"author":1,"featured_media":16341,"comment_status":"open","ping_status":"closed","sticky":false,"template":"","format":"standard","meta":{"_bbp_topic_count":0,"_bbp_reply_count":0,"_bbp_total_topic_count":0,"_bbp_total_reply_count":0,"_bbp_voice_count":0,"_bbp_anonymous_reply_count":0,"_bbp_topic_count_hidden":0,"_bbp_reply_count_hidden":0,"_bbp_forum_subforum_count":0,"site-sidebar-layout":"default","site-content-layout":"","ast-site-content-layout":"","site-content-style":"default","site-sidebar-style":"default","ast-global-header-display":"","ast-banner-title-visibility":"","ast-main-header-display":"","ast-hfb-above-header-display":"","ast-hfb-below-header-display":"","ast-hfb-mobile-header-display":"","site-post-title":"","ast-breadcrumbs-content":"","ast-featured-img":"","footer-sml-layout":"","theme-transparent-header-meta":"","adv-header-id-meta":"","stick-header-meta":"","header-above-stick-meta":"","header-main-stick-meta":"","header-below-stick-meta":"","astra-migrate-meta-layouts":"default","ast-page-background-enabled":"default","ast-page-background-meta":{"desktop":{"background-color":"var(--ast-global-color-4)","background-image":"","background-repeat":"repeat","background-position":"center center","background-size":"auto","background-attachment":"scroll","background-type":"","background-media":"","overlay-type":"","overlay-color":"","overlay-opacity":"","overlay-gradient":""},"tablet":{"background-color":"","background-image":"","background-repeat":"repeat","background-position":"center center","background-size":"auto","background-attachment":"scroll","background-type":"","background-media":"","overlay-type":"","overlay-color":"","overlay-opacity":"","overlay-gradient":""},"mobile":{"background-color":"","background-image":"","background-repeat":"repeat","background-position":"center center","background-size":"auto","background-attachment":"scroll","background-type":"","background-media":"","overlay-type":"","overlay-color":"","overlay-opacity":"","overlay-gradient":""}},"ast-content-background-meta":{"desktop":{"background-color":"var(--ast-global-color-5)","background-image":"","background-repeat":"repeat","background-position":"center center","background-size":"auto","background-attachment":"scroll","background-type":"","background-media":"","overlay-type":"","overlay-color":"","overlay-opacity":"","overlay-gradient":""},"tablet":{"background-color":"var(--ast-global-color-5)","background-image":"","background-repeat":"repeat","background-position":"center center","background-size":"auto","background-attachment":"scroll","background-type":"","background-media":"","overlay-type":"","overlay-color":"","overlay-opacity":"","overlay-gradient":""},"mobile":{"background-color":"var(--ast-global-color-5)","background-image":"","background-repeat":"repeat","background-position":"center center","background-size":"auto","background-attachment":"scroll","background-type":"","background-media":"","overlay-type":"","overlay-color":"","overlay-opacity":"","overlay-gradient":""}},"footnotes":""},"categories":[537,29],"tags":[533,575,578,576,577],"class_list":["post-16339","post","type-post","status-publish","format-standard","has-post-thumbnail","hentry","category-joemquedoacasa","category-portada","tag-joemquedoacasa","tag-aprenentatge-virtual","tag-recerca","tag-sostenibilitat","tag-steam"],"post_mailing_queue_ids":[],"_links":{"self":[{"href":"https:\/\/serveiseducatius.xtec.cat\/tarragones\/wp-json\/wp\/v2\/posts\/16339","targetHints":{"allow":["GET"]}}],"collection":[{"href":"https:\/\/serveiseducatius.xtec.cat\/tarragones\/wp-json\/wp\/v2\/posts"}],"about":[{"href":"https:\/\/serveiseducatius.xtec.cat\/tarragones\/wp-json\/wp\/v2\/types\/post"}],"author":[{"embeddable":true,"href":"https:\/\/serveiseducatius.xtec.cat\/tarragones\/wp-json\/wp\/v2\/users\/1"}],"replies":[{"embeddable":true,"href":"https:\/\/serveiseducatius.xtec.cat\/tarragones\/wp-json\/wp\/v2\/comments?post=16339"}],"version-history":[{"count":3,"href":"https:\/\/serveiseducatius.xtec.cat\/tarragones\/wp-json\/wp\/v2\/posts\/16339\/revisions"}],"predecessor-version":[{"id":16348,"href":"https:\/\/serveiseducatius.xtec.cat\/tarragones\/wp-json\/wp\/v2\/posts\/16339\/revisions\/16348"}],"wp:featuredmedia":[{"embeddable":true,"href":"https:\/\/serveiseducatius.xtec.cat\/tarragones\/wp-json\/wp\/v2\/media\/16341"}],"wp:attachment":[{"href":"https:\/\/serveiseducatius.xtec.cat\/tarragones\/wp-json\/wp\/v2\/media?parent=16339"}],"wp:term":[{"taxonomy":"category","embeddable":true,"href":"https:\/\/serveiseducatius.xtec.cat\/tarragones\/wp-json\/wp\/v2\/categories?post=16339"},{"taxonomy":"post_tag","embeddable":true,"href":"https:\/\/serveiseducatius.xtec.cat\/tarragones\/wp-json\/wp\/v2\/tags?post=16339"}],"curies":[{"name":"wp","href":"https:\/\/api.w.org\/{rel}","templated":true}]}}