{"id":15541,"date":"2020-04-06T12:57:58","date_gmt":"2020-04-06T10:57:58","guid":{"rendered":"http:\/\/serveiseducatius.xtec.cat\/tarragones\/?p=15541"},"modified":"2020-05-03T18:26:37","modified_gmt":"2020-05-03T16:26:37","slug":"l1-eva-entorn-virtual-aprenentatge-eix-i-altres","status":"publish","type":"post","link":"https:\/\/serveiseducatius.xtec.cat\/tarragones\/general\/portada\/l1-eva-entorn-virtual-aprenentatge-eix-i-altres\/","title":{"rendered":"L1. EVA (entorn virtual aprenentatge): EIX i altres"},"content":{"rendered":"<h6><img loading=\"lazy\" decoding=\"async\" class=\"wp-image-15503 alignright\" src=\"https:\/\/serveiseducatius.xtec.cat\/tarragones\/wp-content\/uploads\/usu549\/2020\/04\/canal-centres-educatius-en-linia.-e1585737411438.jpg\" alt=\"\" width=\"85\" height=\"85\" \/><\/h6>\n<table style=\"border-color: #fFFFFF;\">\n<tbody>\n<tr>\n<td style=\"background-color: #dadee6; border-color: #fFFFFF;\">\n<h4 style=\"text-align: justify;\"><strong>Garantir l\u2019aprenentatge en l\u00ednia a l\u2019alumnat i acompanyar el professorat en l\u2019\u00fas educatiu de les tecnologies digitals.<\/strong><\/h4>\n<\/td>\n<\/tr>\n<\/tbody>\n<\/table>\n<h6 style=\"text-align: justify;\"><strong>Recursos virtuals d&#8217;ensenyament i aprenentatge en l\u00ednia<\/strong><\/h6>\n<p style=\"text-align: justify;\">El Departament d\u2019Educaci\u00f3, en el marc d\u2019aquest context extraordinari, posa a disposici\u00f3 de les escoles i instituts de Catalunya que encara no en tinguin i de manera esglaonada, l\u2019entorn virtual d\u2019aprenentatge <strong>EIX<\/strong><\/p>\n<h6 style=\"text-align: justify;\"><strong>Caracter\u00edstiques entorn EIX<\/strong><\/h6>\n<p style=\"text-align: justify;\">Basat en tecnologia Moodle.<br \/>\nPermet el seu acc\u00e9s des de qualsevol dispositiu m\u00f2bil.<br \/>\nAl professorat el permet la creaci\u00f3 d&#8217;aules virtuals amb usuari i contrasenya corporatius (xtec):<\/p>\n<ul style=\"text-align: justify;\">\n<li>Compartici\u00f3 de recursos<\/li>\n<li>Seguiment del progr\u00e9s de l&#8217;alumnat<\/li>\n<li>Fomenta el treball col\u00b7laboratiu<\/li>\n<li>Es poden fer videoconferencies<\/li>\n<\/ul>\n<p style=\"text-align: justify;\">A l&#8217;alumnat el permet accessibilitat sense comptes de correus electr\u00f2nics:<\/p>\n<ul style=\"text-align: justify;\">\n<li>Les seves dades s\u00f3n accessibles pel centre i es troben allotjades als servidors del Departament d&#8217;Educaci\u00f3.<\/li>\n<\/ul>\n<h6 style=\"text-align: justify;\"><strong>Altres espais virtuals<\/strong><\/h6>\n<p style=\"text-align: justify;\">Els centres que ja fa n un \u00fas d\u2019altres plataformes virtuals podran seguir utilitzant-les, vetllant pel seguiment de les Orientacions sobre l&#8217;adopci\u00f3 d&#8217;entorns de treball col\u00b7laboratiu al n\u00favol per a l&#8217;\u00e0mbit escolar i en compliment de la llei en mat\u00e8ria de protecci\u00f3 de dades i propietat intel\u00b7lectual vigent.<\/p>\n<table style=\"width: 819px; border-color: #ffffff;\">\n<tbody>\n<tr>\n<td style=\"width: 100%; background-color: #48a7b8; border-color: #ffffff;\">\n<h5 style=\"text-align: justify;\"><span style=\"color: #ffffff;\"><strong>Formaci\u00f3 i acompanyament<\/strong><\/span><\/h5>\n<\/td>\n<\/tr>\n<\/tbody>\n<\/table>\n<p style=\"text-align: justify;\">Es realitza amb informacions diverses, v\u00eddeo-tutorials,webinars i exemples de bones pr\u00e0ctiques i recomanacions:<\/p>\n<ul>\n<li><a href=\"https:\/\/www.youtube.com\/channel\/UCLsDWVSYhjFYweT-LFbIbwA\/\"><strong>Canal de Youtube Centres en l\u00ednia<\/strong><\/a> (adre\u00e7at a docents, administradors, alumnat i fam\u00edlies):<\/li>\n<\/ul>\n<table style=\"border-color: #ffffff; background-color: #ffffff; height: 131px; width: 489px;\">\n<tbody>\n<tr style=\"height: 131px;\">\n<td style=\"border-color: #ffffff; background-color: #ffffff; height: 131px; width: 130.267px;\"><a href=\"https:\/\/www.youtube.com\/channel\/UCLsDWVSYhjFYweT-LFbIbwA\/\"><img loading=\"lazy\" decoding=\"async\" class=\"size-full wp-image-15503 alignleft\" src=\"https:\/\/serveiseducatius.xtec.cat\/tarragones\/wp-content\/uploads\/usu549\/2020\/04\/canal-centres-educatius-en-linia.-e1585737411438.jpg\" alt=\"\" width=\"100\" height=\"100\" \/><\/a><\/td>\n<td style=\"border-color: #ffffff; background-color: #ffffff; height: 131px; width: 350.733px;\">\n<ul>\n<li>Llista <a href=\"https:\/\/www.youtube.com\/watch?v=nZ_TdYrxXAU&amp;list=PLojIWF2RflCrzOmB69fdkj0o6SWNopon2\">EIX &#8211; Moodle<\/a><\/li>\n<li>Llista<a href=\"https:\/\/www.youtube.com\/playlist?list=PLojIWF2RflCqoS7PZtokzcVB0FjtVWbyb\"> Classroom<\/a><\/li>\n<li>Webinars <a href=\"https:\/\/www.youtube.com\/watch?v=zh2eRk02YLc&amp;list=PLojIWF2RflCoBlr4-2ai3hqUl4OQ9Jhov\">Claustre Obert<\/a><\/li>\n<li><a href=\"https:\/\/www.youtube.com\/watch?v=aLYyff3H5Qc&amp;feature=youtu.be\" target=\"_blank\" rel=\"noopener noreferrer\">Webinar Moodle EIX<\/a>. Serveis Territorials Tarragona<\/li>\n<\/ul>\n<table style=\"width: 129px; border-color: #ffffff; background-color: #ffffff;\">\n<tbody>\n<tr>\n<td style=\"width: 123px;\">\n<h5><a href=\"https:\/\/www.youtube.com\/channel\/UCLsDWVSYhjFYweT-LFbIbwA\/featured\"><span style=\"color: #ff0000;\"><strong>SUBSCRIU-T&#8217;HI<\/strong><\/span><\/a><\/h5>\n<\/td>\n<\/tr>\n<\/tbody>\n<\/table>\n<\/td>\n<\/tr>\n<\/tbody>\n<\/table>\n<ul>\n<li>Espai <a href=\"https:\/\/agora.xtec.cat\/moodle\/moodle\/\"><strong>\u00c0gora<\/strong><\/a> \u00e9s un sistema d&#8217;allotjament m\u00faltiple que proporciona als centres educatius els serveis seg\u00fcents:<\/li>\n<\/ul>\n<p style=\"padding-left: 40px;\"><img loading=\"lazy\" decoding=\"async\" class=\"wp-image-15772 alignleft\" src=\"https:\/\/serveiseducatius.xtec.cat\/tarragones\/wp-content\/uploads\/usu549\/2020\/04\/moodle-logo.png\" alt=\"\" width=\"177\" height=\"53\" srcset=\"https:\/\/serveiseducatius.xtec.cat\/tarragones\/wp-content\/uploads\/usu549\/2020\/04\/moodle-logo.png 204w, https:\/\/serveiseducatius.xtec.cat\/tarragones\/wp-content\/uploads\/usu549\/2020\/04\/moodle-logo-200x61.png 200w\" sizes=\"auto, (max-width: 177px) 100vw, 177px\" \/><\/p>\n<ul>\n<li style=\"list-style-type: none;\">\n<ul id=\"features\" class=\"list-unstyled\">\n<li><a href=\"https:\/\/ja.cat\/eix-agora-moodle\" target=\"_blank\" rel=\"noopener noreferrer\">Activa el servei<\/a><\/li>\n<li><a href=\"http:\/\/agora.xtec.cat\/moodle\/moodle\/mod\/page\/view.php?id=621\">Tutorials<\/a> \u00b7 <a href=\"http:\/\/agora.xtec.cat\/moodle\/moodle\/mod\/page\/view.php?id=581\">Preguntes freq\u00fcents<\/a><\/li>\n<li><a href=\"https:\/\/agora.xtec.cat\/formacio\/moodle\/moodle\/\" target=\"_blank\" rel=\"noopener noreferrer\">Demo<\/a><\/li>\n<li><a href=\"http:\/\/agora.xtec.cat\/moodle\/moodle\/mod\/forum\/view.php?id=181\"><img loading=\"lazy\" decoding=\"async\" src=\"http:\/\/agora.xtec.cat\/moodle\/moodle\/mod\/forum\/pix\/icon.svg\" width=\"17\" height=\"17\" \/>\u00a0<\/a><a href=\"http:\/\/agora.xtec.cat\/moodle\/moodle\/mod\/forum\/view.php?id=181\">F\u00f2rum \u00c0gora-Moodle<\/a><\/li>\n<li><a href=\"http:\/\/agora.xtec.cat\/moodle\/moodle\/mod\/forum\/view.php?id=181\"><img loading=\"lazy\" decoding=\"async\" src=\"http:\/\/agora.xtec.cat\/moodle\/moodle\/mod\/forum\/pix\/icon.svg\" width=\"17\" height=\"17\" \/>\u00a0<\/a><a href=\"https:\/\/agora.xtec.cat\/moodle\/moodle\/mod\/forum\/view.php?id=2281\">F\u00f2rum \u00c0gora-EIX<\/a><\/li>\n<\/ul>\n<\/li>\n<\/ul>\n<ul>\n<li><strong>Ateneu<\/strong><\/li>\n<\/ul>\n<table style=\"border-color: #ffffff; background-color: #ffffff;\">\n<tbody>\n<tr>\n<td style=\"border-color: #ffffff; background-color: #ffffff; width: 245px;\"><img loading=\"lazy\" decoding=\"async\" class=\"alignleft wp-image-15767\" src=\"https:\/\/serveiseducatius.xtec.cat\/tarragones\/wp-content\/uploads\/usu549\/2020\/04\/ateneu.jpg\" alt=\"\" width=\"210\" height=\"58\" srcset=\"https:\/\/serveiseducatius.xtec.cat\/tarragones\/wp-content\/uploads\/usu549\/2020\/04\/ateneu.jpg 566w, https:\/\/serveiseducatius.xtec.cat\/tarragones\/wp-content\/uploads\/usu549\/2020\/04\/ateneu-300x83.jpg 300w\" sizes=\"auto, (max-width: 210px) 100vw, 210px\" \/><a href=\"http:\/\/ateneu.xtec.cat\/wikiform\/wikiexport\/cmd\/tac\/moodle2\/index?_ga=2.111896327.2029586264.1586179433-1965994103.1584361447\" target=\"_blank\" rel=\"noopener noreferrer\"><img loading=\"lazy\" decoding=\"async\" class=\"wp-image-15565 alignleft\" src=\"https:\/\/serveiseducatius.xtec.cat\/tarragones\/wp-content\/uploads\/usu549\/2020\/04\/mapa1.png\" alt=\"\" width=\"212\" height=\"166\" srcset=\"https:\/\/serveiseducatius.xtec.cat\/tarragones\/wp-content\/uploads\/usu549\/2020\/04\/mapa1.png 584w, https:\/\/serveiseducatius.xtec.cat\/tarragones\/wp-content\/uploads\/usu549\/2020\/04\/mapa1-300x235.png 300w\" sizes=\"auto, (max-width: 212px) 100vw, 212px\" \/><\/a><\/td>\n<td style=\"border-color: #ffffff; background-color: #ffffff; width: 572px;\"><a href=\"http:\/\/ateneu.xtec.cat\/wikiform\/wikiexport\/cmd\/tac\/moodle2\/index?_ga=2.111896327.2029586264.1586179433-1965994103.1584361447\" target=\"_blank\" rel=\"noopener noreferrer\"><strong>Materials de formaci\u00f3 sobre Moodle 2<\/strong><\/a><\/p>\n<p>Materials de <strong>suport als cursos telem\u00e0tics<\/strong> oferts pel Departament d&#8217;Ensenyament a l&#8217;entorn Odissea.<\/p>\n<p>Utilitzaci\u00f3 com a <strong>materials autoformatius<\/strong> sense seguiment per persones tutores.<\/td>\n<\/tr>\n<\/tbody>\n<\/table>\n<ul>\n<li><strong>Odissea<\/strong><\/li>\n<\/ul>\n<table style=\"border-color: #ffffff; background-color: #ffffff; height: 142px;\">\n<tbody>\n<tr style=\"height: 142px;\">\n<td style=\"border-color: #ffffff; background-color: #ffffff; height: 142px; width: 254.167px;\"><img loading=\"lazy\" decoding=\"async\" class=\"alignleft size-full wp-image-15768\" src=\"https:\/\/serveiseducatius.xtec.cat\/tarragones\/wp-content\/uploads\/usu549\/2020\/04\/logo-odissea.png\" alt=\"\" width=\"490\" height=\"129\" srcset=\"https:\/\/serveiseducatius.xtec.cat\/tarragones\/wp-content\/uploads\/usu549\/2020\/04\/logo-odissea.png 490w, https:\/\/serveiseducatius.xtec.cat\/tarragones\/wp-content\/uploads\/usu549\/2020\/04\/logo-odissea-300x79.png 300w\" sizes=\"auto, (max-width: 490px) 100vw, 490px\" \/><\/td>\n<td style=\"border-color: #ffffff; background-color: #ffffff; height: 142px; width: 562.833px;\">Taller obert <a href=\"https:\/\/odissea.xtec.cat\/course\/view.php?id=61788&amp;_ga=2.48999077.2029586264.1586179433-1965994103.1584361447\"><strong>Iniciaci\u00f3 al Moodle<\/strong><\/a><\/p>\n<p>La finalitat d&#8217;aquest curs d&#8217;iniciaci\u00f3 \u00e9s que les persones participants desenvolupin les habilitats b\u00e0siques que els permetin construir una unitat did\u00e0ctica funcional en el Moodle.<\/td>\n<\/tr>\n<\/tbody>\n<\/table>\n<ul>\n<li><strong>Moodle <\/strong><a href=\"https:\/\/educaciodigital.cat\/esc-llevant\/moodle\/\">amb exemples i orientacions de plantilles Moodle <\/a><\/li>\n<\/ul>\n<table style=\"border-color: #ffffff; background-color: #ffffff;\">\n<tbody>\n<tr>\n<td style=\"border-color: #ffffff; background-color: #ffffff;\"><a href=\"https:\/\/educaciodigital.cat\/esc-llevant\/moodle\/\"><img loading=\"lazy\" decoding=\"async\" class=\"alignleft wp-image-15769\" src=\"https:\/\/serveiseducatius.xtec.cat\/tarragones\/wp-content\/uploads\/usu549\/2020\/04\/Moodle-amb-exemples.png\" alt=\"\" width=\"415\" height=\"71\" srcset=\"https:\/\/serveiseducatius.xtec.cat\/tarragones\/wp-content\/uploads\/usu549\/2020\/04\/Moodle-amb-exemples.png 725w, https:\/\/serveiseducatius.xtec.cat\/tarragones\/wp-content\/uploads\/usu549\/2020\/04\/Moodle-amb-exemples-300x51.png 300w\" sizes=\"auto, (max-width: 415px) 100vw, 415px\" \/><\/a><\/td>\n<td style=\"border-color: #ffffff; background-color: #ffffff;\">Espai on hi ha diferents cursos del Moodle que podeu tenir com a exemples en el moment de crear els vostres propis cursos.<\/p>\n<p>Els cursos es presenten en alguns dels diferents formats en els que podeu tenir un curs de Moodle i tamb\u00e9 algunes activitats d&#8217;exemple.<\/p>\n<p>Dintre de cada curs trobareu l&#8217;enlla\u00e7 al fitxer que us permet afegir el curs en el Moodle de la vostra escola.<\/td>\n<\/tr>\n<\/tbody>\n<\/table>\n<ul>\n<li><strong>Alexandria<\/strong><\/li>\n<\/ul>\n<table style=\"border-color: #ffffff; background-color: #ffffff;\">\n<tbody>\n<tr>\n<td style=\"width: 269px; border-color: #ffffff; background-color: #ffffff;\"><img loading=\"lazy\" decoding=\"async\" class=\"alignleft wp-image-15771\" src=\"https:\/\/serveiseducatius.xtec.cat\/tarragones\/wp-content\/uploads\/usu549\/2020\/04\/Alexandria-biblioteca.png\" alt=\"\" width=\"245\" height=\"123\" srcset=\"https:\/\/serveiseducatius.xtec.cat\/tarragones\/wp-content\/uploads\/usu549\/2020\/04\/Alexandria-biblioteca.png 453w, https:\/\/serveiseducatius.xtec.cat\/tarragones\/wp-content\/uploads\/usu549\/2020\/04\/Alexandria-biblioteca-300x151.png 300w\" sizes=\"auto, (max-width: 245px) 100vw, 245px\" \/><\/td>\n<td style=\"text-align: justify; width: 548px; border-color: #ffffff; background-color: #ffffff;\">Com <a href=\"http:\/\/alexandria.xtec.cat\/\"><strong>compartir o incorporar cursos Moodle<\/strong><\/a> &#8211; repositori cursos moodle <a href=\"http:\/\/alexandria.xtec.cat\/\"><strong>Alexandria<\/strong><\/a><\/p>\n<ul>\n<li>Categories cursos <a href=\"http:\/\/alexandria.xtec.cat\/course\/index.php\">Moodle Alexandria<\/a><\/li>\n<li dir=\"ltr\">Cursos <a href=\"https:\/\/educaciodigital.cat\/ioc-batx\/moodle\/\">Moodle IOC<\/a> &#8211; Institut Obert de Catalunya<\/li>\n<li dir=\"ltr\">Cursos <a href=\"http:\/\/alexandria.xtec.cat\/mod\/forum\/discuss.php?d=294\">Moodle MSchools<\/a><\/li>\n<\/ul>\n<\/td>\n<\/tr>\n<\/tbody>\n<\/table>\n<ul>\n<li dir=\"ltr\">XTEC &#8211; Formaci\u00f3 \/ Cultura Digital \/\u00a0<a href=\"http:\/\/xtec.gencat.cat\/ca\/formacio\/formaciogeneralprofessorat\/cultura-digital\/cursostelematics\/\"><strong>Cursos telem\u00e0tics <\/strong><\/a><\/li>\n<li dir=\"ltr\"><strong><a href=\"https:\/\/play.google.com\/store\/apps\/details?id=com.moodle.moodlemobile&amp;hl=ca\">App Moodle<\/a><\/strong> per a m\u00f2bil &#8211; recomanat per a l&#8217;alumnat i les fam\u00edlies! Per qui no t\u00e9 ordinador. Podr\u00e0 seguir el curs per\u00f2 no podr\u00e0 adjuntar fitxers.<\/li>\n<\/ul>\n<p style=\"text-align: right;\"><strong>Font<\/strong>: Informaci\u00f3 extreta del <a href=\"http:\/\/xtec.gencat.cat\/web\/.content\/centres\/Pla-centres-educatius-en-linia.pdf\">Pla d&#8217;Acci\u00f3: Centres educatius en l\u00ednia<\/a><\/p>\n<table style=\"width: 802px; border-color: #ffffff;\">\n<tbody>\n<tr>\n<td style=\"width: 100%; background-color: #48a7b8; border-color: #ffffff;\">\n<h5><span style=\"color: #ffffff;\"><strong>Recursos compartits per la comunitat educativa<\/strong><\/span><\/h5>\n<\/td>\n<\/tr>\n<\/tbody>\n<\/table>\n<p><strong>Per millorar les videoconfer\u00e8ncies Hangouts Meet de Google &#8211; Extensions per instal\u00b7lar al navegador Chrome <\/strong>&#8211; Gemma Borr\u00e0s Mart\u00ednez ens comparteix:<\/p>\n<ul>\n<li class=\"e-f-w\"><a href=\"https:\/\/chrome.google.com\/webstore\/detail\/nod-reactions-for-google\/oikgofeboedgfkaacpfepbfmgdalabej\/related\">Nod &#8211; Reactions<\/a> Google Meet &#8211; Emoticones per als participants quan aquests estan en silenci. Extensi\u00f3 \u00fatil per &#8220;aixecar la m\u00e0 i interactuar&#8221; per si volem demanar torn de paraula, molt \u00fatil per a videoconfer\u00e8ncies amb molta gent i per als claustres.<\/li>\n<li class=\"e-f-w\"><a href=\"https:\/\/chrome.google.com\/webstore\/detail\/google-meet-grid-view\/bjkegbgpfgpikgkfidhcihhiflbjgfic\">Grid View<\/a> Google Meet &#8211; serveix per veure&#8217;ns tots en quadr\u00edcula.<\/li>\n<li class=\"e-f-w\"><a href=\"https:\/\/chrome.google.com\/webstore\/detail\/meet-attendance\/nenibigflkdikhamlnekfppbganmojlg\">Meet Assist\u00e8ncia<\/a> &#8211; Recull l\u2019assist\u00e8ncia a un Full de C\u00e0lcul de Google d\u2019una reuni\u00f3 amb Meet.<\/li>\n<\/ul>\n<p><iframe loading=\"lazy\" src=\"https:\/\/www.youtube.com\/embed\/WrEvmx-BaoU\" width=\"280\" height=\"157\" frameborder=\"0\"><span style=\"display: inline-block; width: 0px; overflow: hidden; line-height: 0;\" data-mce-type=\"bookmark\" class=\"mce_SELRES_start\">\ufeff<\/span><\/iframe><\/p>\n<p style=\"text-align: center;\"><img loading=\"lazy\" decoding=\"async\" class=\"size-full wp-image-15622 aligncenter\" src=\"https:\/\/serveiseducatius.xtec.cat\/tarragones\/wp-content\/uploads\/usu549\/2020\/04\/message_emoji-e1586277676475.png\" alt=\"\" width=\"25\" height=\"25\" \/><\/p>\n<h6 style=\"text-align: center;\"><strong>Deixa el teu comentari i comparteix<\/strong><strong> els teus aprenentatges sobre els EVAs que uses.<\/strong><\/h6>\n<h6 style=\"text-align: center;\"><strong>L\u2019aprenentatge entre iguals en ajudar\u00e0<\/strong><strong> a acompanyar-nos en les nostres pr\u00e0ctiques <\/strong><strong>en temps de confinament!<\/strong><\/h6>\n","protected":false},"excerpt":{"rendered":"<p>PLA D&#8217;ACCI\u00d3 DE CENTRES EN L\u00cdNIA.<br \/>\nL1 Impuls a l\u2019aprenentatge en l\u00ednia mitjan\u00e7ant l\u2019\u00fas d\u2019\u200bentorns virtuals d\u2019aprenentatge\u200b per part dels centres educatius PORTAL EIX.<\/p>\n","protected":false},"author":1,"featured_media":15503,"comment_status":"open","ping_status":"closed","sticky":false,"template":"","format":"standard","meta":{"_bbp_topic_count":0,"_bbp_reply_count":0,"_bbp_total_topic_count":0,"_bbp_total_reply_count":0,"_bbp_voice_count":0,"_bbp_anonymous_reply_count":0,"_bbp_topic_count_hidden":0,"_bbp_reply_count_hidden":0,"_bbp_forum_subforum_count":0,"site-sidebar-layout":"default","site-content-layout":"","ast-site-content-layout":"","site-content-style":"default","site-sidebar-style":"default","ast-global-header-display":"","ast-banner-title-visibility":"","ast-main-header-display":"","ast-hfb-above-header-display":"","ast-hfb-below-header-display":"","ast-hfb-mobile-header-display":"","site-post-title":"","ast-breadcrumbs-content":"","ast-featured-img":"","footer-sml-layout":"","theme-transparent-header-meta":"","adv-header-id-meta":"","stick-header-meta":"","header-above-stick-meta":"","header-main-stick-meta":"","header-below-stick-meta":"","astra-migrate-meta-layouts":"default","ast-page-background-enabled":"default","ast-page-background-meta":{"desktop":{"background-color":"var(--ast-global-color-4)","background-image":"","background-repeat":"repeat","background-position":"center center","background-size":"auto","background-attachment":"scroll","background-type":"","background-media":"","overlay-type":"","overlay-color":"","overlay-opacity":"","overlay-gradient":""},"tablet":{"background-color":"","background-image":"","background-repeat":"repeat","background-position":"center center","background-size":"auto","background-attachment":"scroll","background-type":"","background-media":"","overlay-type":"","overlay-color":"","overlay-opacity":"","overlay-gradient":""},"mobile":{"background-color":"","background-image":"","background-repeat":"repeat","background-position":"center center","background-size":"auto","background-attachment":"scroll","background-type":"","background-media":"","overlay-type":"","overlay-color":"","overlay-opacity":"","overlay-gradient":""}},"ast-content-background-meta":{"desktop":{"background-color":"var(--ast-global-color-5)","background-image":"","background-repeat":"repeat","background-position":"center center","background-size":"auto","background-attachment":"scroll","background-type":"","background-media":"","overlay-type":"","overlay-color":"","overlay-opacity":"","overlay-gradient":""},"tablet":{"background-color":"var(--ast-global-color-5)","background-image":"","background-repeat":"repeat","background-position":"center center","background-size":"auto","background-attachment":"scroll","background-type":"","background-media":"","overlay-type":"","overlay-color":"","overlay-opacity":"","overlay-gradient":""},"mobile":{"background-color":"var(--ast-global-color-5)","background-image":"","background-repeat":"repeat","background-position":"center center","background-size":"auto","background-attachment":"scroll","background-type":"","background-media":"","overlay-type":"","overlay-color":"","overlay-opacity":"","overlay-gradient":""}},"footnotes":""},"categories":[537,29],"tags":[533,543,545,544],"class_list":["post-15541","post","type-post","status-publish","format-standard","has-post-thumbnail","hentry","category-joemquedoacasa","category-portada","tag-joemquedoacasa","tag-eix","tag-eva","tag-moodle"],"post_mailing_queue_ids":[],"_links":{"self":[{"href":"https:\/\/serveiseducatius.xtec.cat\/tarragones\/wp-json\/wp\/v2\/posts\/15541","targetHints":{"allow":["GET"]}}],"collection":[{"href":"https:\/\/serveiseducatius.xtec.cat\/tarragones\/wp-json\/wp\/v2\/posts"}],"about":[{"href":"https:\/\/serveiseducatius.xtec.cat\/tarragones\/wp-json\/wp\/v2\/types\/post"}],"author":[{"embeddable":true,"href":"https:\/\/serveiseducatius.xtec.cat\/tarragones\/wp-json\/wp\/v2\/users\/1"}],"replies":[{"embeddable":true,"href":"https:\/\/serveiseducatius.xtec.cat\/tarragones\/wp-json\/wp\/v2\/comments?post=15541"}],"version-history":[{"count":4,"href":"https:\/\/serveiseducatius.xtec.cat\/tarragones\/wp-json\/wp\/v2\/posts\/15541\/revisions"}],"predecessor-version":[{"id":16275,"href":"https:\/\/serveiseducatius.xtec.cat\/tarragones\/wp-json\/wp\/v2\/posts\/15541\/revisions\/16275"}],"wp:featuredmedia":[{"embeddable":true,"href":"https:\/\/serveiseducatius.xtec.cat\/tarragones\/wp-json\/wp\/v2\/media\/15503"}],"wp:attachment":[{"href":"https:\/\/serveiseducatius.xtec.cat\/tarragones\/wp-json\/wp\/v2\/media?parent=15541"}],"wp:term":[{"taxonomy":"category","embeddable":true,"href":"https:\/\/serveiseducatius.xtec.cat\/tarragones\/wp-json\/wp\/v2\/categories?post=15541"},{"taxonomy":"post_tag","embeddable":true,"href":"https:\/\/serveiseducatius.xtec.cat\/tarragones\/wp-json\/wp\/v2\/tags?post=15541"}],"curies":[{"name":"wp","href":"https:\/\/api.w.org\/{rel}","templated":true}]}}