{"id":13850,"date":"2019-04-09T11:20:39","date_gmt":"2019-04-09T09:20:39","guid":{"rendered":"http:\/\/serveiseducatius.xtec.cat\/tarragones\/?p=13850"},"modified":"2021-03-09T11:00:07","modified_gmt":"2021-03-09T10:00:07","slug":"trics13-publicacio","status":"publish","type":"post","link":"https:\/\/serveiseducatius.xtec.cat\/tarragones\/dinamitzacio\/trics\/tricspublicacions\/trics13-publicacio\/","title":{"rendered":"XIII F\u00f2rum &#8211; Publicaci\u00f3"},"content":{"rendered":"<h3>C Aura <em>(La Canonja)<\/em><\/h3>\n<p><a href=\"https:\/\/serveiseducatius.xtec.cat\/tarragones\/dinamitzacio\/trics\/trics13_gdomingo\" target=\"_blank\" rel=\"noopener noreferrer\"><img loading=\"lazy\" decoding=\"async\" class=\"alignleft\" style=\"display: block; vertical-align: top; margin-right: 8px; float: left;\" src=\"https:\/\/serveiseducatius.xtec.cat\/tarragones\/wp-content\/uploads\/usu549\/2019\/03\/trics13_nofoto.jpg\" width=\"75\" height=\"100\" \/><\/a><span style=\"display: block; overflow: auto; height: 110px; text-align: justify;\"><strong><span style=\"color: #808080;\"><em>T\u00edtol: <\/em><\/span><\/strong><a href=\"https:\/\/serveiseducatius.xtec.cat\/tarragones\/dinamitzacio\/trics\/trics13_gdomingo\" target=\"_blank\" rel=\"noopener noreferrer\"><strong>\u00c9s mesurable la bellesa?<\/strong><\/a><br \/>\n<strong><em><span style=\"color: #808080;\">Autor\/a: <\/span><\/em><\/strong><strong> Gemma Domingo Ferr\u00e9<\/strong><br \/>\n<strong><em><span style=\"color: #808080;\">Modalitat: <\/span><\/em><\/strong>Ci\u00e8ncies i tecnologia: Cientificot\u00e8cnic<br \/>\n<strong><em><span style=\"color: #808080;\">\u00c0rea: <\/span><\/em><\/strong>Matem\u00e0tiques<br \/>\n<\/span><\/p>\n<p><a href=\"https:\/\/serveiseducatius.xtec.cat\/tarragones\/dinamitzacio\/trics\/trics13_lmasip\" target=\"_blank\" rel=\"noopener noreferrer\"><img loading=\"lazy\" decoding=\"async\" class=\"alignleft\" style=\"display: block; vertical-align: top; margin-right: 8px; float: left;\" src=\"https:\/\/serveiseducatius.xtec.cat\/tarragones\/wp-content\/uploads\/usu549\/2019\/03\/trics13_lmasip.jpg\" width=\"75\" height=\"100\" \/><\/a><span style=\"display: block; overflow: auto; height: 110px; text-align: justify;\"><strong><span style=\"color: #808080;\"><em>T\u00edtol: <\/em><\/span><\/strong><a href=\"https:\/\/serveiseducatius.xtec.cat\/tarragones\/dinamitzacio\/trics\/trics13_lmasip\" target=\"_blank\" rel=\"noopener noreferrer\"><strong>L&#8217;Alzheimer, la p\u00e8dua del jo, l&#8217;ajuda dels que m&#8217;estimen<\/strong><\/a><br \/>\n<strong><em><span style=\"color: #808080;\">Autor\/a: <\/span><\/em><\/strong><strong> Laia Masip Gibert<\/strong><br \/>\n<strong><em><span style=\"color: #808080;\">Modalitat: <\/span><\/em><\/strong>Ci\u00e8ncies i tecnologia: Cientificot\u00e8cnic<br \/>\n<strong><em><span style=\"color: #808080;\">\u00c0rea: <\/span><\/em><\/strong>Tecnologia<br \/>\n<\/span><\/p>\n<p><a href=\"https:\/\/serveiseducatius.xtec.cat\/tarragones\/dinamitzacio\/trics\/trics13_lguedes\" target=\"_blank\" rel=\"noopener noreferrer\"><img loading=\"lazy\" decoding=\"async\" class=\"alignleft\" style=\"display: block; vertical-align: top; margin-right: 8px; float: left;\" src=\"https:\/\/serveiseducatius.xtec.cat\/tarragones\/wp-content\/uploads\/usu549\/2019\/03\/trics13_lguedes.jpg\" width=\"75\" height=\"100\" \/><\/a><span style=\"display: block; overflow: auto; height: 110px; text-align: justify;\"><strong><span style=\"color: #808080;\"><em>T\u00edtol: <\/em><\/span><\/strong><a href=\"https:\/\/serveiseducatius.xtec.cat\/tarragones\/dinamitzacio\/trics\/trics13_lguedes\" target=\"_blank\" rel=\"noopener noreferrer\"><strong>Caf\u00e9 vs. T\u00e9: mente y coraz\u00f3n<\/strong><\/a><br \/>\n<strong><em><span style=\"color: #808080;\">Autor\/a: <\/span><\/em><\/strong><strong> Laura Guedes Pi\u00f1ana<\/strong><br \/>\n<strong><em><span style=\"color: #808080;\">Modalitat: <\/span><\/em><\/strong>Ci\u00e8ncies i tecnologia: Ci\u00e8ncies de la Salut<br \/>\n<strong><em><span style=\"color: #808080;\">\u00c0rea: <\/span><\/em><\/strong>Biosanitari<br \/>\n<\/span><\/p>\n<p><a href=\"https:\/\/serveiseducatius.xtec.cat\/tarragones\/dinamitzacio\/trics\/trics13_msole\" target=\"_blank\" rel=\"noopener noreferrer\"><img loading=\"lazy\" decoding=\"async\" class=\"alignleft\" style=\"display: block; vertical-align: top; margin-right: 8px; float: left;\" src=\"https:\/\/serveiseducatius.xtec.cat\/tarragones\/wp-content\/uploads\/usu549\/2019\/03\/trics13_msole.jpg\" width=\"75\" height=\"100\" \/><\/a><span style=\"display: block; overflow: auto; height: 110px; text-align: justify;\"><strong><span style=\"color: #808080;\"><em>T\u00edtol: <\/em><\/span><\/strong><a href=\"https:\/\/serveiseducatius.xtec.cat\/tarragones\/dinamitzacio\/trics\/trics13_msole\" target=\"_blank\" rel=\"noopener noreferrer\"><strong>El potenciament de la Masia Mir\u00f3 a trav\u00e9s de l&#8217;elaboraci\u00f3 d&#8217;unes activitats tur\u00edstiques<\/strong><\/a><br \/>\n<strong><em><span style=\"color: #808080;\">Autor\/a: <\/span><\/em><\/strong><strong> Maria Sol\u00e9 Tarrida<\/strong><br \/>\n<strong><em><span style=\"color: #808080;\">Modalitat: <\/span><\/em><\/strong>Humanitats i Ci\u00e8ncies Socials<br \/>\n<strong><em><span style=\"color: #808080;\">\u00c0rea: <\/span><\/em><\/strong>Turisme<br \/>\n<\/span><\/p>\n<p><a href=\"https:\/\/serveiseducatius.xtec.cat\/tarragones\/dinamitzacio\/trics\/trics13_midoate\" target=\"_blank\" rel=\"noopener noreferrer\"><img loading=\"lazy\" decoding=\"async\" class=\"alignleft\" style=\"display: block; vertical-align: top; margin-right: 8px; float: left;\" src=\"https:\/\/serveiseducatius.xtec.cat\/tarragones\/wp-content\/uploads\/usu549\/2019\/03\/trics13_midoate.jpg\" width=\"75\" height=\"100\" \/><\/a><span style=\"display: block; overflow: auto; height: 110px; text-align: justify;\"><strong><span style=\"color: #808080;\"><em>T\u00edtol: <\/em><\/span><\/strong><a href=\"https:\/\/serveiseducatius.xtec.cat\/tarragones\/dinamitzacio\/trics\/trics13_midoate\" target=\"_blank\" rel=\"noopener noreferrer\"><strong>La estimulaci\u00f3n cognitiva en el Alzheimer<\/strong><\/a><br \/>\n<strong><em><span style=\"color: #808080;\">Autor\/a: <\/span><\/em><\/strong><strong> Marta Idoate Zapata<\/strong><br \/>\n<strong><em><span style=\"color: #808080;\">Modalitat: <\/span><\/em><\/strong>Humanitats i Ci\u00e8ncies Socials<br \/>\n<strong><em><span style=\"color: #808080;\">\u00c0rea: <\/span><\/em><\/strong>Periodisme<br \/>\n<\/span><\/p>\n<h3>C Joan XXIII <em>(Tarragona)<\/em><\/h3>\n<p><a href=\"https:\/\/serveiseducatius.xtec.cat\/tarragones\/dinamitzacio\/trics\/trics13_aberzosa\" target=\"_blank\" rel=\"noopener noreferrer\"><img loading=\"lazy\" decoding=\"async\" class=\"alignleft\" style=\"display: block; vertical-align: top; margin-right: 8px; float: left;\" src=\"https:\/\/serveiseducatius.xtec.cat\/tarragones\/wp-content\/uploads\/usu549\/2019\/03\/trics13_aberzosa.jpg\" width=\"75\" height=\"100\" \/><\/a><span style=\"display: block; overflow: auto; height: 110px; text-align: justify;\"><strong><span style=\"color: #808080;\"><em>T\u00edtol: <\/em><\/span><\/strong><a href=\"https:\/\/serveiseducatius.xtec.cat\/tarragones\/dinamitzacio\/trics\/trics13_aberzosa\" target=\"_blank\" rel=\"noopener noreferrer\"><strong>Influ\u00e8ncia de la pol\u00edtica als mitjans de comunicaci\u00f3<\/strong><\/a><br \/>\n<strong><em><span style=\"color: #808080;\">Autor\/a: <\/span><\/em><\/strong><strong> Alejandro Berzosa Carballo<\/strong><br \/>\n<strong><em><span style=\"color: #808080;\">Modalitat: <\/span><\/em><\/strong>Humanitats i Ci\u00e8ncies Socials<br \/>\n<strong><em><span style=\"color: #808080;\">\u00c0rea: <\/span><\/em><\/strong>Periodisme<br \/>\n<\/span><\/p>\n<p><a href=\"https:\/\/serveiseducatius.xtec.cat\/tarragones\/dinamitzacio\/trics\/trics13_ghervas\" target=\"_blank\" rel=\"noopener noreferrer\"><img loading=\"lazy\" decoding=\"async\" class=\"alignleft\" style=\"display: block; vertical-align: top; margin-right: 8px; float: left;\" src=\"https:\/\/serveiseducatius.xtec.cat\/tarragones\/wp-content\/uploads\/usu549\/2019\/03\/trics13_ghervas.jpg\" width=\"75\" height=\"100\" \/><\/a><span style=\"display: block; overflow: auto; height: 110px; text-align: justify;\"><strong><span style=\"color: #808080;\"><em>T\u00edtol: <\/em><\/span><\/strong><a href=\"https:\/\/serveiseducatius.xtec.cat\/tarragones\/dinamitzacio\/trics\/trics13_ghervas\" target=\"_blank\" rel=\"noopener noreferrer\"><strong>Una malatia darrere d&#8217;un somriure<\/strong><\/a><br \/>\n<strong><em><span style=\"color: #808080;\">Autor\/a: <\/span><\/em><\/strong><strong> Gerard Hervas Juarez<\/strong><br \/>\n<strong><em><span style=\"color: #808080;\">Modalitat: <\/span><\/em><\/strong>Ci\u00e8ncies i tecnologia: Ci\u00e8ncies de la Salut<br \/>\n<strong><em><span style=\"color: #808080;\">\u00c0rea: <\/span><\/em><\/strong>Medicina<br \/>\n<\/span><\/p>\n<p><a href=\"https:\/\/serveiseducatius.xtec.cat\/tarragones\/dinamitzacio\/trics\/trics13_mgomez\" target=\"_blank\" rel=\"noopener noreferrer\"><img loading=\"lazy\" decoding=\"async\" class=\"alignleft\" style=\"display: block; vertical-align: top; margin-right: 8px; float: left;\" src=\"https:\/\/serveiseducatius.xtec.cat\/tarragones\/wp-content\/uploads\/usu549\/2019\/03\/trics13_mgomez.jpg\" width=\"75\" height=\"100\" \/><\/a><span style=\"display: block; overflow: auto; height: 110px; text-align: justify;\"><strong><span style=\"color: #808080;\"><em>T\u00edtol: <\/em><\/span><\/strong><a href=\"https:\/\/serveiseducatius.xtec.cat\/tarragones\/dinamitzacio\/trics\/trics13_mgomez\" target=\"_blank\" rel=\"noopener noreferrer\"><strong>Por a temer: una realitat?<\/strong><\/a><br \/>\n<strong><em><span style=\"color: #808080;\">Autor\/a: <\/span><\/em><\/strong><strong> Maria Gomez Martinez<\/strong><br \/>\n<strong><em><span style=\"color: #808080;\">Modalitat: <\/span><\/em><\/strong>Ci\u00e8ncies i tecnologia: Ci\u00e8ncies de la Salut<br \/>\n<strong><em><span style=\"color: #808080;\">\u00c0rea: <\/span><\/em><\/strong>Medicina<br \/>\n<\/span><\/p>\n<p><a href=\"https:\/\/serveiseducatius.xtec.cat\/tarragones\/dinamitzacio\/trics\/trics13_vgallego\" target=\"_blank\" rel=\"noopener noreferrer\"><img loading=\"lazy\" decoding=\"async\" class=\"alignleft\" style=\"display: block; vertical-align: top; margin-right: 8px; float: left;\" src=\"https:\/\/serveiseducatius.xtec.cat\/tarragones\/wp-content\/uploads\/usu549\/2019\/03\/trics13_vgallego.jpg\" width=\"75\" height=\"100\" \/><\/a><span style=\"display: block; overflow: auto; height: 110px; text-align: justify;\"><strong><span style=\"color: #808080;\"><em>T\u00edtol: <\/em><\/span><\/strong><a href=\"https:\/\/serveiseducatius.xtec.cat\/tarragones\/dinamitzacio\/trics\/trics13_vgallego\" target=\"_blank\" rel=\"noopener noreferrer\"><strong>Exposici\u00f3 en la fotografia qu\u00edmica<\/strong><\/a><br \/>\n<strong><em><span style=\"color: #808080;\">Autor\/a: <\/span><\/em><\/strong><strong> V\u00edctor Gallego Carmona<\/strong><br \/>\n<strong><em><span style=\"color: #808080;\">Modalitat: <\/span><\/em><\/strong>Ci\u00e8ncies i tecnologia: Ci\u00e8ncies de la Salut<br \/>\n<strong><em><span style=\"color: #808080;\">\u00c0rea: <\/span><\/em><\/strong>Qu\u00edmica<br \/>\n<\/span><\/p>\n<h3>C La Salle <em>(Tarragona)<\/em><\/h3>\n<p><a href=\"https:\/\/serveiseducatius.xtec.cat\/tarragones\/dinamitzacio\/trics\/trics13_alazcano\" target=\"_blank\" rel=\"noopener noreferrer\"><img loading=\"lazy\" decoding=\"async\" class=\"alignleft\" style=\"display: block; vertical-align: top; margin-right: 8px; float: left;\" src=\"https:\/\/serveiseducatius.xtec.cat\/tarragones\/wp-content\/uploads\/usu549\/2019\/03\/trics13_alazcano.jpg\" width=\"75\" height=\"100\" \/><\/a><span style=\"display: block; overflow: auto; height: 110px; text-align: justify;\"><strong><span style=\"color: #808080;\"><em>T\u00edtol: <\/em><\/span><\/strong><a href=\"https:\/\/serveiseducatius.xtec.cat\/tarragones\/dinamitzacio\/trics\/trics13_alazcano\" target=\"_blank\" rel=\"noopener noreferrer\"><strong>Estudio y dise\u00f1o de un robot de rescate<\/strong><\/a><br \/>\n<strong><em><span style=\"color: #808080;\">Autor\/a: <\/span><\/em><\/strong><strong> Adrian Lazcano Marteau<\/strong><br \/>\n<strong><em><span style=\"color: #808080;\">Modalitat: <\/span><\/em><\/strong>Ci\u00e8ncies i tecnologia: Cientificot\u00e8cnic<br \/>\n<strong><em><span style=\"color: #808080;\">\u00c0rea: <\/span><\/em><\/strong>Tecnologia industrial<br \/>\n<\/span><\/p>\n<p><a href=\"https:\/\/serveiseducatius.xtec.cat\/tarragones\/dinamitzacio\/trics\/trics13_rfolgado\" target=\"_blank\" rel=\"noopener noreferrer\"><img loading=\"lazy\" decoding=\"async\" class=\"alignleft\" style=\"display: block; vertical-align: top; margin-right: 8px; float: left;\" src=\"https:\/\/serveiseducatius.xtec.cat\/tarragones\/wp-content\/uploads\/usu549\/2019\/03\/trics13_rfolgado.jpg\" width=\"75\" height=\"100\" \/><\/a><span style=\"display: block; overflow: auto; height: 110px; text-align: justify;\"><strong><span style=\"color: #808080;\"><em>T\u00edtol: <\/em><\/span><\/strong><a href=\"https:\/\/serveiseducatius.xtec.cat\/tarragones\/dinamitzacio\/trics\/trics13_rfolgado\" target=\"_blank\" rel=\"noopener noreferrer\"><strong>Disseny i construcci\u00f3 de trencaclosques tridimensionals<\/strong><\/a><br \/>\n<strong><em><span style=\"color: #808080;\">Autor\/a: <\/span><\/em><\/strong><strong> Rub\u00e8n Folgado Ferr\u00e9<\/strong><br \/>\n<strong><em><span style=\"color: #808080;\">Modalitat: <\/span><\/em><\/strong>Ci\u00e8ncies i tecnologia: Cientificot\u00e8cnic<br \/>\n<strong><em><span style=\"color: #808080;\">\u00c0rea: <\/span><\/em><\/strong>Dibuix T\u00e8cnic<br \/>\n<\/span><\/p>\n<h3>C Lestonnac-l&#8217;Ensenyan\u00e7a <em>(Tarragona)<\/em><\/h3>\n<p><a href=\"https:\/\/serveiseducatius.xtec.cat\/tarragones\/dinamitzacio\/trics\/trics13_arion\" target=\"_blank\" rel=\"noopener noreferrer\"><img loading=\"lazy\" decoding=\"async\" class=\"alignleft\" style=\"display: block; vertical-align: top; margin-right: 8px; float: left;\" src=\"https:\/\/serveiseducatius.xtec.cat\/tarragones\/wp-content\/uploads\/usu549\/2019\/03\/trics13_arion.jpg\" width=\"75\" height=\"100\" \/><\/a><span style=\"display: block; overflow: auto; height: 110px; text-align: justify;\"><strong><span style=\"color: #808080;\"><em>T\u00edtol: <\/em><\/span><\/strong><a href=\"https:\/\/serveiseducatius.xtec.cat\/tarragones\/dinamitzacio\/trics\/trics13_arion\" target=\"_blank\" rel=\"noopener noreferrer\"><strong>L&#8217;agonia d&#8217;una arquitectura nascuda per curar. El Preventori de la Savinosa de Tarragona<\/strong><\/a><br \/>\n<strong><em><span style=\"color: #808080;\">Autor\/a: <\/span><\/em><\/strong><strong> Alexandra Rion Marqu\u00e9s<\/strong><br \/>\n<strong><em><span style=\"color: #808080;\">Modalitat: <\/span><\/em><\/strong>Ci\u00e8ncies i tecnologia: Ci\u00e8ncies de la Salut<br \/>\n<strong><em><span style=\"color: #808080;\">\u00c0rea: <\/span><\/em><\/strong>Medicina<br \/>\n<\/span><\/p>\n<p><a href=\"https:\/\/serveiseducatius.xtec.cat\/tarragones\/dinamitzacio\/trics\/trics13_cpinol\" target=\"_blank\" rel=\"noopener noreferrer\"><img loading=\"lazy\" decoding=\"async\" class=\"alignleft\" style=\"display: block; vertical-align: top; margin-right: 8px; float: left;\" src=\"https:\/\/serveiseducatius.xtec.cat\/tarragones\/wp-content\/uploads\/usu549\/2019\/03\/trics13_cpinol.jpg\" width=\"75\" height=\"100\" \/><\/a><span style=\"display: block; overflow: auto; height: 110px; text-align: justify;\"><strong><span style=\"color: #808080;\"><em>T\u00edtol: <\/em><\/span><\/strong><a href=\"https:\/\/serveiseducatius.xtec.cat\/tarragones\/dinamitzacio\/trics\/trics13_cpinol\" target=\"_blank\" rel=\"noopener noreferrer\"><strong>Tarragona en la ficci\u00f3n narrativa de Jordi Ti\u00f1ena<\/strong><\/a><br \/>\n<strong><em><span style=\"color: #808080;\">Autor\/a: <\/span><\/em><\/strong><strong> Carla Pi\u00f1ol Matas<\/strong><br \/>\n<strong><em><span style=\"color: #808080;\">Modalitat: <\/span><\/em><\/strong>Humanitats i Ci\u00e8ncies Socials<br \/>\n<strong><em><span style=\"color: #808080;\">\u00c0rea: <\/span><\/em><\/strong>Literatura<br \/>\n<\/span><\/p>\n<p><a href=\"https:\/\/serveiseducatius.xtec.cat\/tarragones\/dinamitzacio\/trics\/trics13_driol\" target=\"_blank\" rel=\"noopener noreferrer\"><img loading=\"lazy\" decoding=\"async\" class=\"alignleft\" style=\"display: block; vertical-align: top; margin-right: 8px; float: left;\" src=\"https:\/\/serveiseducatius.xtec.cat\/tarragones\/wp-content\/uploads\/usu549\/2019\/03\/trics13_driol.jpg\" width=\"75\" height=\"100\" \/><\/a><span style=\"display: block; overflow: auto; height: 110px; text-align: justify;\"><strong><span style=\"color: #808080;\"><em>T\u00edtol: <\/em><\/span><\/strong><a href=\"https:\/\/serveiseducatius.xtec.cat\/tarragones\/dinamitzacio\/trics\/trics13_driol\" target=\"_blank\" rel=\"noopener noreferrer\"><strong>R.E.M.: Els somnis i els trastorns del Son<\/strong><\/a><br \/>\n<strong><em><span style=\"color: #808080;\">Autor\/a: <\/span><\/em><\/strong><strong> David Riol Garc\u00eda<\/strong><br \/>\n<strong><em><span style=\"color: #808080;\">Modalitat: <\/span><\/em><\/strong>Ci\u00e8ncies i tecnologia: Cientificot\u00e8cnic<br \/>\n<strong><em><span style=\"color: #808080;\">\u00c0rea: <\/span><\/em><\/strong>Biologia<br \/>\n<\/span><\/p>\n<p><a href=\"https:\/\/serveiseducatius.xtec.cat\/tarragones\/dinamitzacio\/trics\/trics13_lgarcia\" target=\"_blank\" rel=\"noopener noreferrer\"><img loading=\"lazy\" decoding=\"async\" class=\"alignleft\" style=\"display: block; vertical-align: top; margin-right: 8px; float: left;\" src=\"https:\/\/serveiseducatius.xtec.cat\/tarragones\/wp-content\/uploads\/usu549\/2019\/03\/trics13_lgarcia.jpg\" width=\"75\" height=\"100\" \/><\/a><span style=\"display: block; overflow: auto; height: 110px; text-align: justify;\"><strong><span style=\"color: #808080;\"><em>T\u00edtol: <\/em><\/span><\/strong><a href=\"https:\/\/serveiseducatius.xtec.cat\/tarragones\/dinamitzacio\/trics\/trics13_lgarcia\" target=\"_blank\" rel=\"noopener noreferrer\"><strong>Funcionen els remeis de l&#8217;\u00e0via? Estudi sobre l&#8217;efectivitat d&#8217;antibacterians naturals<\/strong><\/a><br \/>\n<strong><em><span style=\"color: #808080;\">Autor\/a: <\/span><\/em><\/strong><strong> Laia Garcia Ferran<\/strong><br \/>\n<strong><em><span style=\"color: #808080;\">Modalitat: <\/span><\/em><\/strong>Ci\u00e8ncies i tecnologia: Ci\u00e8ncies de la Salut<br \/>\n<strong><em><span style=\"color: #808080;\">\u00c0rea: <\/span><\/em><\/strong>Biologia<br \/>\n<\/span><\/p>\n<p><a href=\"https:\/\/serveiseducatius.xtec.cat\/tarragones\/dinamitzacio\/trics\/trics13_niragorri\" target=\"_blank\" rel=\"noopener noreferrer\"><img loading=\"lazy\" decoding=\"async\" class=\"alignleft\" style=\"display: block; vertical-align: top; margin-right: 8px; float: left;\" src=\"https:\/\/serveiseducatius.xtec.cat\/tarragones\/wp-content\/uploads\/usu549\/2019\/03\/trics13_niragorri.jpg\" width=\"75\" height=\"100\" \/><\/a><span style=\"display: block; overflow: auto; height: 110px; text-align: justify;\"><strong><span style=\"color: #808080;\"><em>T\u00edtol: <\/em><\/span><\/strong><a href=\"https:\/\/serveiseducatius.xtec.cat\/tarragones\/dinamitzacio\/trics\/trics13_niragorri\" target=\"_blank\" rel=\"noopener noreferrer\"><strong>Buscant Mendel. Arbre Geneal\u00f2gic de la fam\u00edlia Iragorri Molinero<\/strong><\/a><br \/>\n<strong><em><span style=\"color: #808080;\">Autor\/a: <\/span><\/em><\/strong><strong> Nerea Iragorri Molinero<\/strong><br \/>\n<strong><em><span style=\"color: #808080;\">Modalitat: <\/span><\/em><\/strong>Ci\u00e8ncies i tecnologia: Ci\u00e8ncies de la Salut<br \/>\n<strong><em><span style=\"color: #808080;\">\u00c0rea: <\/span><\/em><\/strong>Gen\u00e8tica<br \/>\n<\/span><\/p>\n<p><a href=\"https:\/\/serveiseducatius.xtec.cat\/tarragones\/dinamitzacio\/trics\/trics13_pvernet\" target=\"_blank\" rel=\"noopener noreferrer\"><img loading=\"lazy\" decoding=\"async\" class=\"alignleft\" style=\"display: block; vertical-align: top; margin-right: 8px; float: left;\" src=\"https:\/\/serveiseducatius.xtec.cat\/tarragones\/wp-content\/uploads\/usu549\/2019\/03\/trics13_pvernet.jpg\" width=\"75\" height=\"100\" \/><\/a><span style=\"display: block; overflow: auto; height: 110px; text-align: justify;\"><strong><span style=\"color: #808080;\"><em>T\u00edtol: <\/em><\/span><\/strong><a href=\"https:\/\/serveiseducatius.xtec.cat\/tarragones\/dinamitzacio\/trics\/trics13_pvernet\" target=\"_blank\" rel=\"noopener noreferrer\"><strong>Texas Miners, un abans i un despr\u00e9s<\/strong><\/a><br \/>\n<strong><em><span style=\"color: #808080;\">Autor\/a: <\/span><\/em><\/strong><strong> Pau Vernet March<\/strong><br \/>\n<strong><em><span style=\"color: #808080;\">Modalitat: <\/span><\/em><\/strong>Humanitats i Ci\u00e8ncies Socials<br \/>\n<strong><em><span style=\"color: #808080;\">\u00c0rea: <\/span><\/em><\/strong>Periodisme<br \/>\n<\/span><\/p>\n<h3>C Puigcerver <em>(Reus)<\/em><\/h3>\n<p><a href=\"https:\/\/serveiseducatius.xtec.cat\/tarragones\/dinamitzacio\/trics\/trics13_acarmona\" target=\"_blank\" rel=\"noopener noreferrer\"><img loading=\"lazy\" decoding=\"async\" class=\"alignleft\" style=\"display: block; vertical-align: top; margin-right: 8px; float: left;\" src=\"https:\/\/serveiseducatius.xtec.cat\/tarragones\/wp-content\/uploads\/usu549\/2019\/03\/trics13_acarmona.jpg\" width=\"75\" height=\"100\" \/><\/a><span style=\"display: block; overflow: auto; height: 110px; text-align: justify;\"><strong><span style=\"color: #808080;\"><em>T\u00edtol: <\/em><\/span><\/strong><a href=\"https:\/\/serveiseducatius.xtec.cat\/tarragones\/dinamitzacio\/trics\/trics13_acarmona\" target=\"_blank\" rel=\"noopener noreferrer\"><strong>Pensions de jubilaci\u00f3. Estudi de les pensions i les seves caracter\u00edstiques.<\/strong><\/a><br \/>\n<strong><em><span style=\"color: #808080;\">Autor\/a: <\/span><\/em><\/strong><strong> Anna Carmona Ferrer<\/strong><br \/>\n<strong><em><span style=\"color: #808080;\">Modalitat: <\/span><\/em><\/strong>Humanitats i Ci\u00e8ncies Socials<br \/>\n<strong><em><span style=\"color: #808080;\">\u00c0rea: <\/span><\/em><\/strong>Economia<br \/>\n<\/span><\/p>\n<p><a href=\"https:\/\/serveiseducatius.xtec.cat\/tarragones\/dinamitzacio\/trics\/trics13_atorres\" target=\"_blank\" rel=\"noopener noreferrer\"><img loading=\"lazy\" decoding=\"async\" class=\"alignleft\" style=\"display: block; vertical-align: top; margin-right: 8px; float: left;\" src=\"https:\/\/serveiseducatius.xtec.cat\/tarragones\/wp-content\/uploads\/usu549\/2019\/03\/trics13_atorres.jpg\" width=\"75\" height=\"100\" \/><\/a><span style=\"display: block; overflow: auto; height: 110px; text-align: justify;\"><strong><span style=\"color: #808080;\"><em>T\u00edtol: <\/em><\/span><\/strong><a href=\"https:\/\/serveiseducatius.xtec.cat\/tarragones\/dinamitzacio\/trics\/trics13_atorres\" target=\"_blank\" rel=\"noopener noreferrer\"><strong>Canvi global<\/strong><\/a><br \/>\n<strong><em><span style=\"color: #808080;\">Autor\/a: <\/span><\/em><\/strong><strong> Anna Torres Agudo<\/strong><br \/>\n<strong><em><span style=\"color: #808080;\">Modalitat: <\/span><\/em><\/strong>Ci\u00e8ncies i tecnologia: Ci\u00e8ncies de la Salut<br \/>\n<strong><em><span style=\"color: #808080;\">\u00c0rea: <\/span><\/em><\/strong>Ci\u00e8ncies de la Terra i del Medi Ambient<br \/>\n<\/span><\/p>\n<p><a href=\"https:\/\/serveiseducatius.xtec.cat\/tarragones\/dinamitzacio\/trics\/trics13_eguardiola\" target=\"_blank\" rel=\"noopener noreferrer\"><img loading=\"lazy\" decoding=\"async\" class=\"alignleft\" style=\"display: block; vertical-align: top; margin-right: 8px; float: left;\" src=\"https:\/\/serveiseducatius.xtec.cat\/tarragones\/wp-content\/uploads\/usu549\/2019\/03\/trics13_eguardiola.jpg\" width=\"75\" height=\"100\" \/><\/a><span style=\"display: block; overflow: auto; height: 110px; text-align: justify;\"><strong><span style=\"color: #808080;\"><em>T\u00edtol: <\/em><\/span><\/strong><a href=\"https:\/\/serveiseducatius.xtec.cat\/tarragones\/dinamitzacio\/trics\/trics13_eguardiola\" target=\"_blank\" rel=\"noopener noreferrer\"><strong>Els Semiconductors, la Conductivitat i la Teoria de Bandes per a S\u00f2lids<\/strong><\/a><br \/>\n<strong><em><span style=\"color: #808080;\">Autor\/a: <\/span><\/em><\/strong><strong> Edgar Guardiola Navarrete<\/strong><br \/>\n<strong><em><span style=\"color: #808080;\">Modalitat: <\/span><\/em><\/strong>Ci\u00e8ncies i tecnologia: Cientificot\u00e8cnic<br \/>\n<strong><em><span style=\"color: #808080;\">\u00c0rea: <\/span><\/em><\/strong>F\u00edsica<br \/>\n<\/span><\/p>\n<p><a href=\"https:\/\/serveiseducatius.xtec.cat\/tarragones\/dinamitzacio\/trics\/trics13_edalmau\" target=\"_blank\" rel=\"noopener noreferrer\"><img loading=\"lazy\" decoding=\"async\" class=\"alignleft\" style=\"display: block; vertical-align: top; margin-right: 8px; float: left;\" src=\"https:\/\/serveiseducatius.xtec.cat\/tarragones\/wp-content\/uploads\/usu549\/2019\/03\/trics13_edalmau.jpg\" width=\"75\" height=\"100\" \/><\/a><span style=\"display: block; overflow: auto; height: 110px; text-align: justify;\"><strong><span style=\"color: #808080;\"><em>T\u00edtol: <\/em><\/span><\/strong><a href=\"https:\/\/serveiseducatius.xtec.cat\/tarragones\/dinamitzacio\/trics\/trics13_edalmau\" target=\"_blank\" rel=\"noopener noreferrer\"><strong>La imatge o el so?<\/strong><\/a><br \/>\n<strong><em><span style=\"color: #808080;\">Autor\/a: <\/span><\/em><\/strong><strong> Erik Dalmau P\u00e9rez<\/strong><br \/>\n<strong><em><span style=\"color: #808080;\">Modalitat: <\/span><\/em><\/strong>Arts<br \/>\n<strong><em><span style=\"color: #808080;\">\u00c0rea: <\/span><\/em><\/strong>Cultura audiovisual<br \/>\n<\/span><\/p>\n<p><a href=\"https:\/\/serveiseducatius.xtec.cat\/tarragones\/dinamitzacio\/trics\/trics13_mmartinezg\" target=\"_blank\" rel=\"noopener noreferrer\"><img loading=\"lazy\" decoding=\"async\" class=\"alignleft\" style=\"display: block; vertical-align: top; margin-right: 8px; float: left;\" src=\"https:\/\/serveiseducatius.xtec.cat\/tarragones\/wp-content\/uploads\/usu549\/2019\/03\/trics13_mmartinezg.jpg\" width=\"75\" height=\"100\" \/><\/a><span style=\"display: block; overflow: auto; height: 110px; text-align: justify;\"><strong><span style=\"color: #808080;\"><em>T\u00edtol: <\/em><\/span><\/strong><a href=\"https:\/\/serveiseducatius.xtec.cat\/tarragones\/dinamitzacio\/trics\/trics13_mmartinezg\" target=\"_blank\" rel=\"noopener noreferrer\"><strong>Muntatge d&#8217;una guitarra el\u00e8ctrica personalitzada<\/strong><\/a><br \/>\n<strong><em><span style=\"color: #808080;\">Autor\/a: <\/span><\/em><\/strong><strong> Marc Mart\u00ednez Garc\u00eda<\/strong><br \/>\n<strong><em><span style=\"color: #808080;\">Modalitat: <\/span><\/em><\/strong>Ci\u00e8ncies i tecnologia: Cientificot\u00e8cnic<br \/>\n<strong><em><span style=\"color: #808080;\">\u00c0rea: <\/span><\/em><\/strong>Tecnologia<br \/>\n<\/span><\/p>\n<p><a href=\"https:\/\/serveiseducatius.xtec.cat\/tarragones\/dinamitzacio\/trics\/trics13_msalvado\" target=\"_blank\" rel=\"noopener noreferrer\"><img loading=\"lazy\" decoding=\"async\" class=\"alignleft\" style=\"display: block; vertical-align: top; margin-right: 8px; float: left;\" src=\"https:\/\/serveiseducatius.xtec.cat\/tarragones\/wp-content\/uploads\/usu549\/2019\/03\/trics13_msalvado.jpg\" width=\"75\" height=\"100\" \/><\/a><span style=\"display: block; overflow: auto; height: 110px; text-align: justify;\"><strong><span style=\"color: #808080;\"><em>T\u00edtol: <\/em><\/span><\/strong><a href=\"https:\/\/serveiseducatius.xtec.cat\/tarragones\/dinamitzacio\/trics\/trics13_msalvado\" target=\"_blank\" rel=\"noopener noreferrer\"><strong>I despr\u00e9s&#8230;? Apropament i comprensi\u00f3 del significat del fenomen de la mort en els joves.<\/strong><\/a><br \/>\n<strong><em><span style=\"color: #808080;\">Autor\/a: <\/span><\/em><\/strong><strong> Maria Salvad\u00f3 Galicia<\/strong><br \/>\n<strong><em><span style=\"color: #808080;\">Modalitat: <\/span><\/em><\/strong>Ci\u00e8ncies i tecnologia: Ci\u00e8ncies de la Salut<br \/>\n<strong><em><span style=\"color: #808080;\">\u00c0rea: <\/span><\/em><\/strong>Biosanitari<br \/>\n<\/span><\/p>\n<p><a href=\"https:\/\/serveiseducatius.xtec.cat\/tarragones\/dinamitzacio\/trics\/trics13_mescardo\" target=\"_blank\" rel=\"noopener noreferrer\"><img loading=\"lazy\" decoding=\"async\" class=\"alignleft\" style=\"display: block; vertical-align: top; margin-right: 8px; float: left;\" src=\"https:\/\/serveiseducatius.xtec.cat\/tarragones\/wp-content\/uploads\/usu549\/2019\/03\/trics13_mescardo.jpg\" width=\"75\" height=\"100\" \/><\/a><span style=\"display: block; overflow: auto; height: 110px; text-align: justify;\"><strong><span style=\"color: #808080;\"><em>T\u00edtol: <\/em><\/span><\/strong><a href=\"https:\/\/serveiseducatius.xtec.cat\/tarragones\/dinamitzacio\/trics\/trics13_mescardo\" target=\"_blank\" rel=\"noopener noreferrer\"><strong>El cos fa mal, l&#8217;\u00e0nima plora. Estudi de la depressi\u00f3.<\/strong><\/a><br \/>\n<strong><em><span style=\"color: #808080;\">Autor\/a: <\/span><\/em><\/strong><strong> Marina Escard\u00f3 Aguilar<\/strong><br \/>\n<strong><em><span style=\"color: #808080;\">Modalitat: <\/span><\/em><\/strong>Ci\u00e8ncies i tecnologia: Ci\u00e8ncies de la Salut<br \/>\n<strong><em><span style=\"color: #808080;\">\u00c0rea: <\/span><\/em><\/strong>Biomedicina<br \/>\n<\/span><\/p>\n<p><a href=\"https:\/\/serveiseducatius.xtec.cat\/tarragones\/dinamitzacio\/trics\/trics13_mlopezg\" target=\"_blank\" rel=\"noopener noreferrer\"><img loading=\"lazy\" decoding=\"async\" class=\"alignleft\" style=\"display: block; vertical-align: top; margin-right: 8px; float: left;\" src=\"https:\/\/serveiseducatius.xtec.cat\/tarragones\/wp-content\/uploads\/usu549\/2019\/03\/trics13_mlopezg.jpg\" width=\"75\" height=\"100\" \/><\/a><span style=\"display: block; overflow: auto; height: 110px; text-align: justify;\"><strong><span style=\"color: #808080;\"><em>T\u00edtol: <\/em><\/span><\/strong><a href=\"https:\/\/serveiseducatius.xtec.cat\/tarragones\/dinamitzacio\/trics\/trics13_mlopezg\" target=\"_blank\" rel=\"noopener noreferrer\"><strong>Endinsa&#8217;t<\/strong><\/a><br \/>\n<strong><em><span style=\"color: #808080;\">Autor\/a: <\/span><\/em><\/strong><strong> Marta L\u00f3pez Gonz\u00e1lez<\/strong><br \/>\n<strong><em><span style=\"color: #808080;\">Modalitat: <\/span><\/em><\/strong>Ci\u00e8ncies i tecnologia: Cientificot\u00e8cnic<br \/>\n<strong><em><span style=\"color: #808080;\">\u00c0rea: <\/span><\/em><\/strong>Arquitectura<br \/>\n<\/span><\/p>\n<p><a href=\"https:\/\/serveiseducatius.xtec.cat\/tarragones\/dinamitzacio\/trics\/trics13_psegura\" target=\"_blank\" rel=\"noopener noreferrer\"><img loading=\"lazy\" decoding=\"async\" class=\"alignleft\" style=\"display: block; vertical-align: top; margin-right: 8px; float: left;\" src=\"https:\/\/serveiseducatius.xtec.cat\/tarragones\/wp-content\/uploads\/usu549\/2019\/03\/trics13_psegura.jpg\" width=\"75\" height=\"100\" \/><\/a><span style=\"display: block; overflow: auto; height: 110px; text-align: justify;\"><strong><span style=\"color: #808080;\"><em>T\u00edtol: <\/em><\/span><\/strong><a href=\"https:\/\/serveiseducatius.xtec.cat\/tarragones\/dinamitzacio\/trics\/trics13_psegura\" target=\"_blank\" rel=\"noopener noreferrer\"><strong>Cercant l&#8217;equilibri, estudi del menisc i les seves lesions.<\/strong><\/a><br \/>\n<strong><em><span style=\"color: #808080;\">Autor\/a: <\/span><\/em><\/strong><strong> Paula Segura Lopez<\/strong><br \/>\n<strong><em><span style=\"color: #808080;\">Modalitat: <\/span><\/em><\/strong>Ci\u00e8ncies i tecnologia: Ci\u00e8ncies de la Salut<br \/>\n<strong><em><span style=\"color: #808080;\">\u00c0rea: <\/span><\/em><\/strong>Medicina<br \/>\n<\/span><\/p>\n<p><a href=\"https:\/\/serveiseducatius.xtec.cat\/tarragones\/dinamitzacio\/trics\/trics13_sbejar\" target=\"_blank\" rel=\"noopener noreferrer\"><img loading=\"lazy\" decoding=\"async\" class=\"alignleft\" style=\"display: block; vertical-align: top; margin-right: 8px; float: left;\" src=\"https:\/\/serveiseducatius.xtec.cat\/tarragones\/wp-content\/uploads\/usu549\/2019\/03\/trics13_sbejar.jpg\" width=\"75\" height=\"100\" \/><\/a><span style=\"display: block; overflow: auto; height: 110px; text-align: justify;\"><strong><span style=\"color: #808080;\"><em>T\u00edtol: <\/em><\/span><\/strong><a href=\"https:\/\/serveiseducatius.xtec.cat\/tarragones\/dinamitzacio\/trics\/trics13_sbejar\" target=\"_blank\" rel=\"noopener noreferrer\"><strong>Me Too<\/strong><\/a><br \/>\n<strong><em><span style=\"color: #808080;\">Autor\/a: <\/span><\/em><\/strong><strong> Sonia B\u00e9jar Gonz\u00e1lez<\/strong><br \/>\n<strong><em><span style=\"color: #808080;\">Modalitat: <\/span><\/em><\/strong>Humanitats i Ci\u00e8ncies Socials<br \/>\n<strong><em><span style=\"color: #808080;\">\u00c0rea: <\/span><\/em><\/strong>Hist\u00f2ria<br \/>\n<\/span><\/p>\n<h3>C Sant Pau Ap\u00f2stol <em>(Tarragona)<\/em><\/h3>\n<p><a href=\"https:\/\/serveiseducatius.xtec.cat\/tarragones\/dinamitzacio\/trics\/trics13_mduran\" target=\"_blank\" rel=\"noopener noreferrer\"><img loading=\"lazy\" decoding=\"async\" class=\"alignleft\" style=\"display: block; vertical-align: top; margin-right: 8px; float: left;\" src=\"https:\/\/serveiseducatius.xtec.cat\/tarragones\/wp-content\/uploads\/usu549\/2019\/03\/trics13_mduran.jpg\" width=\"75\" height=\"100\" \/><\/a><span style=\"display: block; overflow: auto; height: 110px; text-align: justify;\"><strong><span style=\"color: #808080;\"><em>T\u00edtol: <\/em><\/span><\/strong><a href=\"https:\/\/serveiseducatius.xtec.cat\/tarragones\/dinamitzacio\/trics\/trics13_mduran\" target=\"_blank\" rel=\"noopener noreferrer\"><strong>L&#8217; assetjament escolar<\/strong><\/a><br \/>\n<strong><em><span style=\"color: #808080;\">Autor\/a: <\/span><\/em><\/strong><strong> Maria Dur\u00e1n Mu\u00f1oz<\/strong><br \/>\n<strong><em><span style=\"color: #808080;\">Modalitat: <\/span><\/em><\/strong>Humanitats i Ci\u00e8ncies Socials<br \/>\n<strong><em><span style=\"color: #808080;\">\u00c0rea: <\/span><\/em><\/strong>Filosofia<br \/>\n<\/span><\/p>\n<p><a href=\"https:\/\/serveiseducatius.xtec.cat\/tarragones\/dinamitzacio\/trics\/trics13_rfoguet\" target=\"_blank\" rel=\"noopener noreferrer\"><img loading=\"lazy\" decoding=\"async\" class=\"alignleft\" style=\"display: block; vertical-align: top; margin-right: 8px; float: left;\" src=\"https:\/\/serveiseducatius.xtec.cat\/tarragones\/wp-content\/uploads\/usu549\/2019\/03\/trics13_rfoguet.jpg\" width=\"75\" height=\"100\" \/><\/a><span style=\"display: block; overflow: auto; height: 110px; text-align: justify;\"><strong><span style=\"color: #808080;\"><em>T\u00edtol: <\/em><\/span><\/strong><a href=\"https:\/\/serveiseducatius.xtec.cat\/tarragones\/dinamitzacio\/trics\/trics13_rfoguet\" target=\"_blank\" rel=\"noopener noreferrer\"><strong>M\u00e9s enll\u00e0 d&#8217;un terr\u00f2s de sucre<\/strong><\/a><br \/>\n<strong><em><span style=\"color: #808080;\">Autor\/a: <\/span><\/em><\/strong><strong> Rut Foguet Romero<\/strong><br \/>\n<strong><em><span style=\"color: #808080;\">Modalitat: <\/span><\/em><\/strong>Ci\u00e8ncies i tecnologia: Ci\u00e8ncies de la Salut<br \/>\n<strong><em><span style=\"color: #808080;\">\u00c0rea: <\/span><\/em><\/strong>Bioqu\u00edmica<br \/>\n<\/span><\/p>\n<p><a href=\"https:\/\/serveiseducatius.xtec.cat\/tarragones\/dinamitzacio\/trics\/trics13_sboronat\" target=\"_blank\" rel=\"noopener noreferrer\"><img loading=\"lazy\" decoding=\"async\" class=\"alignleft\" style=\"display: block; vertical-align: top; margin-right: 8px; float: left;\" src=\"https:\/\/serveiseducatius.xtec.cat\/tarragones\/wp-content\/uploads\/usu549\/2019\/03\/trics13_sboronat.jpg\" width=\"75\" height=\"100\" \/><\/a><span style=\"display: block; overflow: auto; height: 110px; text-align: justify;\"><strong><span style=\"color: #808080;\"><em>T\u00edtol: <\/em><\/span><\/strong><a href=\"https:\/\/serveiseducatius.xtec.cat\/tarragones\/dinamitzacio\/trics\/trics13_sboronat\" target=\"_blank\" rel=\"noopener noreferrer\"><strong>Els llevats tamb\u00e9 s&#8217;estressen<\/strong><\/a><br \/>\n<strong><em><span style=\"color: #808080;\">Autor\/a: <\/span><\/em><\/strong><strong> Sergi Boronat Toscano<\/strong><br \/>\n<strong><em><span style=\"color: #808080;\">Modalitat: <\/span><\/em><\/strong>Ci\u00e8ncies i tecnologia: Ci\u00e8ncies de la Salut<br \/>\n<strong><em><span style=\"color: #808080;\">\u00c0rea: <\/span><\/em><\/strong>Bioqu\u00edmica<br \/>\n<\/span><\/p>\n<h3>Ins Altafulla <em>(Altafulla)<\/em><\/h3>\n<p><a href=\"https:\/\/serveiseducatius.xtec.cat\/tarragones\/dinamitzacio\/trics\/trics13_acastane\" target=\"_blank\" rel=\"noopener noreferrer\"><img loading=\"lazy\" decoding=\"async\" class=\"alignleft\" style=\"display: block; vertical-align: top; margin-right: 8px; float: left;\" src=\"https:\/\/serveiseducatius.xtec.cat\/tarragones\/wp-content\/uploads\/usu549\/2019\/03\/trics13_acastane.jpg\" width=\"75\" height=\"100\" \/><\/a><span style=\"display: block; overflow: auto; height: 110px; text-align: justify;\"><strong><span style=\"color: #808080;\"><em>T\u00edtol: <\/em><\/span><\/strong><a href=\"https:\/\/serveiseducatius.xtec.cat\/tarragones\/dinamitzacio\/trics\/trics13_acastane\" target=\"_blank\" rel=\"noopener noreferrer\"><strong>En bici per Altafulla: Disseny i aixecament topogr\u00e0fic d&#8217;una xarxa de carrils bici<\/strong><\/a><br \/>\n<strong><em><span style=\"color: #808080;\">Autor\/a: <\/span><\/em><\/strong><strong> Aleix Casta\u00f1\u00e9 Lobato<\/strong><br \/>\n<strong><em><span style=\"color: #808080;\">Modalitat: <\/span><\/em><\/strong>Ci\u00e8ncies i tecnologia: Cientificot\u00e8cnic<br \/>\n<strong><em><span style=\"color: #808080;\">\u00c0rea: <\/span><\/em><\/strong>Tecnologia<br \/>\n<\/span><\/p>\n<p><a href=\"https:\/\/serveiseducatius.xtec.cat\/tarragones\/dinamitzacio\/trics\/trics13_acampayo\" target=\"_blank\" rel=\"noopener noreferrer\"><img loading=\"lazy\" decoding=\"async\" class=\"alignleft\" style=\"display: block; vertical-align: top; margin-right: 8px; float: left;\" src=\"https:\/\/serveiseducatius.xtec.cat\/tarragones\/wp-content\/uploads\/usu549\/2019\/03\/trics13_acampayo.jpg\" width=\"75\" height=\"100\" \/><\/a><span style=\"display: block; overflow: auto; height: 110px; text-align: justify;\"><strong><span style=\"color: #808080;\"><em>T\u00edtol: <\/em><\/span><\/strong><a href=\"https:\/\/serveiseducatius.xtec.cat\/tarragones\/dinamitzacio\/trics\/trics13_acampayo\" target=\"_blank\" rel=\"noopener noreferrer\"><strong>Descobrint la simetria<\/strong><\/a><br \/>\n<strong><em><span style=\"color: #808080;\">Autor\/a: <\/span><\/em><\/strong><strong> Alejandro Campayo Fern\u00e1ndez<\/strong><br \/>\n<strong><em><span style=\"color: #808080;\">Modalitat: <\/span><\/em><\/strong>Ci\u00e8ncies i tecnologia: Ci\u00e8ncies de la Salut<br \/>\n<strong><em><span style=\"color: #808080;\">\u00c0rea: <\/span><\/em><\/strong>Qu\u00edmica<br \/>\n<\/span><\/p>\n<p><a href=\"https:\/\/serveiseducatius.xtec.cat\/tarragones\/dinamitzacio\/trics\/trics13_amartinez\" target=\"_blank\" rel=\"noopener noreferrer\"><img loading=\"lazy\" decoding=\"async\" class=\"alignleft\" style=\"display: block; vertical-align: top; margin-right: 8px; float: left;\" src=\"https:\/\/serveiseducatius.xtec.cat\/tarragones\/wp-content\/uploads\/usu549\/2019\/03\/trics13_amartinez.jpg\" width=\"75\" height=\"100\" \/><\/a><span style=\"display: block; overflow: auto; height: 110px; text-align: justify;\"><strong><span style=\"color: #808080;\"><em>T\u00edtol: <\/em><\/span><\/strong><a href=\"https:\/\/serveiseducatius.xtec.cat\/tarragones\/dinamitzacio\/trics\/trics13_amartinez\" target=\"_blank\" rel=\"noopener noreferrer\"><strong>De la Clara Bou a la Sara Amat: El tractament dels elements narratius a l\u2019obra de Pep Puig<\/strong><\/a><br \/>\n<strong><em><span style=\"color: #808080;\">Autor\/a: <\/span><\/em><\/strong><strong> Anna Mart\u00ednez Granado<\/strong><br \/>\n<strong><em><span style=\"color: #808080;\">Modalitat: <\/span><\/em><\/strong>Humanitats i Ci\u00e8ncies Socials<br \/>\n<strong><em><span style=\"color: #808080;\">\u00c0rea: <\/span><\/em><\/strong>Literatura<br \/>\n<\/span><\/p>\n<p><a href=\"https:\/\/serveiseducatius.xtec.cat\/tarragones\/dinamitzacio\/trics\/trics13_gpoll\" target=\"_blank\" rel=\"noopener noreferrer\"><img loading=\"lazy\" decoding=\"async\" class=\"alignleft\" style=\"display: block; vertical-align: top; margin-right: 8px; float: left;\" src=\"https:\/\/serveiseducatius.xtec.cat\/tarragones\/wp-content\/uploads\/usu549\/2019\/04\/trics13_gpoll.jpg\" width=\"75\" height=\"100\" \/><\/a><span style=\"display: block; overflow: auto; height: 110px; text-align: justify;\"><strong><span style=\"color: #808080;\"><em>T\u00edtol: <\/em><\/span><\/strong><a href=\"https:\/\/serveiseducatius.xtec.cat\/tarragones\/dinamitzacio\/trics\/trics13_gpoll\" target=\"_blank\" rel=\"noopener noreferrer\"><strong>Els efectes de l&#8217;electromagnetisme solar sobre la terra<\/strong><\/a><br \/>\n<strong><em><span style=\"color: #808080;\">Autor\/a: <\/span><\/em><\/strong><strong> Gerard Poll Mir\u00f3<\/strong><br \/>\n<strong><em><span style=\"color: #808080;\">Modalitat: <\/span><\/em><\/strong>Ci\u00e8ncies i tecnologia: Cientificot\u00e8cnic<br \/>\n<strong><em><span style=\"color: #808080;\">\u00c0rea: <\/span><\/em><\/strong>F\u00edsica<br \/>\n<\/span><\/p>\n<p><a href=\"https:\/\/serveiseducatius.xtec.cat\/tarragones\/dinamitzacio\/trics\/trics13_mgomezo\" target=\"_blank\" rel=\"noopener noreferrer\"><img loading=\"lazy\" decoding=\"async\" class=\"alignleft\" style=\"display: block; vertical-align: top; margin-right: 8px; float: left;\" src=\"https:\/\/serveiseducatius.xtec.cat\/tarragones\/wp-content\/uploads\/usu549\/2019\/04\/trics13_mgomezo.jpg\" width=\"75\" height=\"100\" \/><\/a><span style=\"display: block; overflow: auto; height: 110px; text-align: justify;\"><strong><span style=\"color: #808080;\"><em>T\u00edtol: <\/em><\/span><\/strong><a href=\"https:\/\/serveiseducatius.xtec.cat\/tarragones\/dinamitzacio\/trics\/trics13_mgomezo\" target=\"_blank\" rel=\"noopener noreferrer\"><strong>El Xalet de la Creu. De casa patrimonial a casa de disseny.<\/strong><\/a><br \/>\n<strong><em><span style=\"color: #808080;\">Autor\/a: <\/span><\/em><\/strong><strong> Merc\u00e8 G\u00f3mez Oll\u00e9<\/strong><br \/>\n<strong><em><span style=\"color: #808080;\">Modalitat: <\/span><\/em><\/strong>Arts<br \/>\n<strong><em><span style=\"color: #808080;\">\u00c0rea: <\/span><\/em><\/strong>Dibuix t\u00e8cnic<br \/>\n<\/span><\/p>\n<h3>Ins Antoni de Mart\u00ed i Franqu\u00e8s <em>(Tarragona)<\/em><\/h3>\n<p><a href=\"https:\/\/serveiseducatius.xtec.cat\/tarragones\/dinamitzacio\/trics\/trics13_abenitez\" target=\"_blank\" rel=\"noopener noreferrer\"><img loading=\"lazy\" decoding=\"async\" class=\"alignleft\" style=\"display: block; vertical-align: top; margin-right: 8px; float: left;\" src=\"https:\/\/serveiseducatius.xtec.cat\/tarragones\/wp-content\/uploads\/usu549\/2019\/02\/trics13_abenitez.jpg\" width=\"75\" height=\"100\" \/><\/a><span style=\"display: block; overflow: auto; height: 110px; text-align: justify;\"><strong><span style=\"color: #808080;\"><em>T\u00edtol: <\/em><\/span><\/strong><a href=\"https:\/\/serveiseducatius.xtec.cat\/tarragones\/dinamitzacio\/trics\/trics13_abenitez\" target=\"_blank\" rel=\"noopener noreferrer\"><strong>Witricitat, energia sense fils<\/strong><\/a><br \/>\n<strong><em><span style=\"color: #808080;\">Autor\/a: <\/span><\/em><\/strong><strong> Alvaro Benitez Carmona<\/strong><br \/>\n<strong><em><span style=\"color: #808080;\">Modalitat: <\/span><\/em><\/strong>Ci\u00e8ncies i tecnologia: Cientificot\u00e8cnic<br \/>\n<strong><em><span style=\"color: #808080;\">\u00c0rea: <\/span><\/em><\/strong>F\u00edsica<br \/>\n<\/span><\/p>\n<p><a href=\"https:\/\/serveiseducatius.xtec.cat\/tarragones\/dinamitzacio\/trics\/trics13_achumachenko\" target=\"_blank\" rel=\"noopener noreferrer\"><img loading=\"lazy\" decoding=\"async\" class=\"alignleft\" style=\"display: block; vertical-align: top; margin-right: 8px; float: left;\" src=\"https:\/\/serveiseducatius.xtec.cat\/tarragones\/wp-content\/uploads\/usu549\/2019\/03\/trics13_achumachenko.jpg\" width=\"75\" height=\"100\" \/><\/a><span style=\"display: block; overflow: auto; height: 110px; text-align: justify;\"><strong><span style=\"color: #808080;\"><em>T\u00edtol: <\/em><\/span><\/strong><a href=\"https:\/\/serveiseducatius.xtec.cat\/tarragones\/dinamitzacio\/trics\/trics13_achumachenko\" target=\"_blank\" rel=\"noopener noreferrer\"><strong>Proc\u00e9s de creaci\u00f3 i realitzaci\u00f3 d&#8217;un c\u00f2mic.<\/strong><\/a><br \/>\n<strong><em><span style=\"color: #808080;\">Autor\/a: <\/span><\/em><\/strong><strong> Anastasya Chumachenko<\/strong><br \/>\n<strong><em><span style=\"color: #808080;\">Modalitat: <\/span><\/em><\/strong>Arts<br \/>\n<strong><em><span style=\"color: #808080;\">\u00c0rea: <\/span><\/em><\/strong>Dibuix art\u00edstic<br \/>\n<\/span><\/p>\n<p><a href=\"https:\/\/serveiseducatius.xtec.cat\/tarragones\/dinamitzacio\/trics\/trics13_aterron\" target=\"_blank\" rel=\"noopener noreferrer\"><img loading=\"lazy\" decoding=\"async\" class=\"alignleft\" style=\"display: block; vertical-align: top; margin-right: 8px; float: left;\" src=\"https:\/\/serveiseducatius.xtec.cat\/tarragones\/wp-content\/uploads\/usu549\/2019\/03\/trics13_aterron.jpg\" width=\"75\" height=\"100\" \/><\/a><span style=\"display: block; overflow: auto; height: 110px; text-align: justify;\"><strong><span style=\"color: #808080;\"><em>T\u00edtol: <\/em><\/span><\/strong><a href=\"https:\/\/serveiseducatius.xtec.cat\/tarragones\/dinamitzacio\/trics\/trics13_aterron\" target=\"_blank\" rel=\"noopener noreferrer\"><strong>Tocant el cel amb la f\u00edsica. La f\u00edsica dels castells<\/strong><\/a><br \/>\n<strong><em><span style=\"color: #808080;\">Autor\/a: <\/span><\/em><\/strong><strong> Anna Terr\u00f3n Mart\u00ednez<\/strong><br \/>\n<strong><em><span style=\"color: #808080;\">Modalitat: <\/span><\/em><\/strong>Ci\u00e8ncies i tecnologia: Cientificot\u00e8cnic<br \/>\n<strong><em><span style=\"color: #808080;\">\u00c0rea: <\/span><\/em><\/strong>F\u00edsica<br \/>\n<\/span><\/p>\n<p><a href=\"https:\/\/serveiseducatius.xtec.cat\/tarragones\/dinamitzacio\/trics\/trics13_allop\" target=\"_blank\" rel=\"noopener noreferrer\"><img loading=\"lazy\" decoding=\"async\" class=\"alignleft\" style=\"display: block; vertical-align: top; margin-right: 8px; float: left;\" src=\"https:\/\/serveiseducatius.xtec.cat\/tarragones\/wp-content\/uploads\/usu549\/2019\/03\/trics13_allop.jpg\" width=\"75\" height=\"100\" \/><\/a><span style=\"display: block; overflow: auto; height: 110px; text-align: justify;\"><strong><span style=\"color: #808080;\"><em>T\u00edtol: <\/em><\/span><\/strong><a href=\"https:\/\/serveiseducatius.xtec.cat\/tarragones\/dinamitzacio\/trics\/trics13_allop\" target=\"_blank\" rel=\"noopener noreferrer\"><strong>La dom\u00f2tica aplicada a un habitatge<\/strong><\/a><br \/>\n<strong><em><span style=\"color: #808080;\">Autor\/a: <\/span><\/em><\/strong><strong> Arnau Llop Iglesias<\/strong><br \/>\n<strong><em><span style=\"color: #808080;\">Modalitat: <\/span><\/em><\/strong>Ci\u00e8ncies i tecnologia: Cientificot\u00e8cnic<br \/>\n<strong><em><span style=\"color: #808080;\">\u00c0rea: <\/span><\/em><\/strong>Tecnologia<br \/>\n<\/span><\/p>\n<p><a href=\"https:\/\/serveiseducatius.xtec.cat\/tarragones\/dinamitzacio\/trics\/trics13_dguerrero\" target=\"_blank\" rel=\"noopener noreferrer\"><img loading=\"lazy\" decoding=\"async\" class=\"alignleft\" style=\"display: block; vertical-align: top; margin-right: 8px; float: left;\" src=\"https:\/\/serveiseducatius.xtec.cat\/tarragones\/wp-content\/uploads\/usu549\/2019\/02\/trics13_dguerrero.jpg\" width=\"75\" height=\"100\" \/><\/a><span style=\"display: block; overflow: auto; height: 110px; text-align: justify;\"><strong><span style=\"color: #808080;\"><em>T\u00edtol: <\/em><\/span><\/strong><a href=\"https:\/\/serveiseducatius.xtec.cat\/tarragones\/dinamitzacio\/trics\/trics13_dguerrero\" target=\"_blank\" rel=\"noopener noreferrer\"><strong>Proc\u00e9s de creaci\u00f3 d&#8217;un videojoc<\/strong><\/a><br \/>\n<strong><em><span style=\"color: #808080;\">Autor\/a: <\/span><\/em><\/strong><strong> David Guerrero Forner<\/strong><br \/>\n<strong><em><span style=\"color: #808080;\">Modalitat: <\/span><\/em><\/strong>Ci\u00e8ncies i tecnologia: Cientificot\u00e8cnic<br \/>\n<strong><em><span style=\"color: #808080;\">\u00c0rea: <\/span><\/em><\/strong>Inform\u00e0tica i Disseny<br \/>\n<\/span><\/p>\n<p><a href=\"https:\/\/serveiseducatius.xtec.cat\/tarragones\/dinamitzacio\/trics\/trics13_egonzalez\" target=\"_blank\" rel=\"noopener noreferrer\"><img loading=\"lazy\" decoding=\"async\" class=\"alignleft\" style=\"display: block; vertical-align: top; margin-right: 8px; float: left;\" src=\"https:\/\/serveiseducatius.xtec.cat\/tarragones\/wp-content\/uploads\/usu549\/2019\/03\/trics13_nofoto.jpg\" width=\"75\" height=\"100\" \/><\/a><span style=\"display: block; overflow: auto; height: 110px; text-align: justify;\"><strong><span style=\"color: #808080;\"><em>T\u00edtol: <\/em><\/span><\/strong><a href=\"https:\/\/serveiseducatius.xtec.cat\/tarragones\/dinamitzacio\/trics\/trics13_egonzalez\" target=\"_blank\" rel=\"noopener noreferrer\"><strong>L\u2019etern retorn en Friedrich Nietzsche. Una an\u00e0lisi del superhome a l\u2019edat contempor\u00e0nia.<\/strong><\/a><br \/>\n<strong><em><span style=\"color: #808080;\">Autor\/a: <\/span><\/em><\/strong><strong> Esther Gonz\u00e1lez G\u00f3mez<\/strong><br \/>\n<strong><em><span style=\"color: #808080;\">Modalitat: <\/span><\/em><\/strong>Humanitats i Ci\u00e8ncies Socials<br \/>\n<strong><em><span style=\"color: #808080;\">\u00c0rea: <\/span><\/em><\/strong>Filosofia<br \/>\n<\/span><\/p>\n<p><a href=\"https:\/\/serveiseducatius.xtec.cat\/tarragones\/dinamitzacio\/trics\/trics13_gzunet\" target=\"_blank\" rel=\"noopener noreferrer\"><img loading=\"lazy\" decoding=\"async\" class=\"alignleft\" style=\"display: block; vertical-align: top; margin-right: 8px; float: left;\" src=\"https:\/\/serveiseducatius.xtec.cat\/tarragones\/wp-content\/uploads\/usu549\/2019\/03\/trics13_gzunet.jpg\" width=\"75\" height=\"100\" \/><\/a><span style=\"display: block; overflow: auto; height: 110px; text-align: justify;\"><strong><span style=\"color: #808080;\"><em>T\u00edtol: <\/em><\/span><\/strong><a href=\"https:\/\/serveiseducatius.xtec.cat\/tarragones\/dinamitzacio\/trics\/trics13_gzunet\" target=\"_blank\" rel=\"noopener noreferrer\"><strong>L&#8217;adoctrinament i control a les dictadures.<\/strong><\/a><br \/>\n<strong><em><span style=\"color: #808080;\">Autor\/a: <\/span><\/em><\/strong><strong> Gina Zu\u00f1et Sep\u00falveda<\/strong><br \/>\n<strong><em><span style=\"color: #808080;\">Modalitat: <\/span><\/em><\/strong>Humanitats i Ci\u00e8ncies Socials<br \/>\n<strong><em><span style=\"color: #808080;\">\u00c0rea: <\/span><\/em><\/strong>Hist\u00f2ria<br \/>\n<\/span><\/p>\n<p><a href=\"https:\/\/serveiseducatius.xtec.cat\/tarragones\/dinamitzacio\/trics\/trics13_jmartinez\" target=\"_blank\" rel=\"noopener noreferrer\"><img loading=\"lazy\" decoding=\"async\" class=\"alignleft\" style=\"display: block; vertical-align: top; margin-right: 8px; float: left;\" src=\"https:\/\/serveiseducatius.xtec.cat\/tarragones\/wp-content\/uploads\/usu549\/2019\/03\/trics13_jmartinez.jpg\" width=\"75\" height=\"100\" \/><\/a><span style=\"display: block; overflow: auto; height: 110px; text-align: justify;\"><strong><span style=\"color: #808080;\"><em>T\u00edtol: <\/em><\/span><\/strong><a href=\"https:\/\/serveiseducatius.xtec.cat\/tarragones\/dinamitzacio\/trics\/trics13_jmartinez\" target=\"_blank\" rel=\"noopener noreferrer\"><strong>Un pas per a la llibertat, retrat fotogr\u00e0fic de tres dones preses del Camp de Tarragona<\/strong><\/a><br \/>\n<strong><em><span style=\"color: #808080;\">Autor\/a: <\/span><\/em><\/strong><strong> J\u00falia Mart\u00ednez Bigorra<\/strong><br \/>\n<strong><em><span style=\"color: #808080;\">Modalitat: <\/span><\/em><\/strong>Humanitats i Ci\u00e8ncies Socials<br \/>\n<strong><em><span style=\"color: #808080;\">\u00c0rea: <\/span><\/em><\/strong>Dret<br \/>\n<\/span><\/p>\n<p><a href=\"https:\/\/serveiseducatius.xtec.cat\/tarragones\/dinamitzacio\/trics\/trics13_jrovira\" target=\"_blank\" rel=\"noopener noreferrer\"><img loading=\"lazy\" decoding=\"async\" class=\"alignleft\" style=\"display: block; vertical-align: top; margin-right: 8px; float: left;\" src=\"https:\/\/serveiseducatius.xtec.cat\/tarragones\/wp-content\/uploads\/usu549\/2019\/02\/trics13_jrovira.jpg\" width=\"75\" height=\"100\" \/><\/a><span style=\"display: block; overflow: auto; height: 110px; text-align: justify;\"><strong><span style=\"color: #808080;\"><em>T\u00edtol: <\/em><\/span><\/strong><a href=\"https:\/\/serveiseducatius.xtec.cat\/tarragones\/dinamitzacio\/trics\/trics13_jrovira\" target=\"_blank\" rel=\"noopener noreferrer\"><strong>Petjada de carboni de l&#8217;Institut Antoni de Mart\u00ed i Franqu\u00e8s<\/strong><\/a><br \/>\n<strong><em><span style=\"color: #808080;\">Autor\/a: <\/span><\/em><\/strong><strong> J\u00falia Rovira Duch<\/strong><br \/>\n<strong><em><span style=\"color: #808080;\">Modalitat: <\/span><\/em><\/strong>Ci\u00e8ncies i tecnologia: Cientificot\u00e8cnic<br \/>\n<strong><em><span style=\"color: #808080;\">\u00c0rea: <\/span><\/em><\/strong>Biologia ambiental<br \/>\n<\/span><\/p>\n<p><a href=\"https:\/\/serveiseducatius.xtec.cat\/tarragones\/dinamitzacio\/trics\/trics13_lmarsal\" target=\"_blank\" rel=\"noopener noreferrer\"><img loading=\"lazy\" decoding=\"async\" class=\"alignleft\" style=\"display: block; vertical-align: top; margin-right: 8px; float: left;\" src=\"https:\/\/serveiseducatius.xtec.cat\/tarragones\/wp-content\/uploads\/usu549\/2019\/03\/trics13_lmarsal.jpg\" width=\"75\" height=\"100\" \/><\/a><span style=\"display: block; overflow: auto; height: 110px; text-align: justify;\"><strong><span style=\"color: #808080;\"><em>T\u00edtol: <\/em><\/span><\/strong><a href=\"https:\/\/serveiseducatius.xtec.cat\/tarragones\/dinamitzacio\/trics\/trics13_lmarsal\" target=\"_blank\" rel=\"noopener noreferrer\"><strong>Nanopart\u00edcules per l&#8217;alliberament de f\u00e0rmacs<\/strong><\/a><br \/>\n<strong><em><span style=\"color: #808080;\">Autor\/a: <\/span><\/em><\/strong><strong> Laura Marsal Mart\u00ednez<\/strong><br \/>\n<strong><em><span style=\"color: #808080;\">Modalitat: <\/span><\/em><\/strong>Ci\u00e8ncies i tecnologia: Ci\u00e8ncies de la Salut<br \/>\n<strong><em><span style=\"color: #808080;\">\u00c0rea: <\/span><\/em><\/strong>Biomedicina<br \/>\n<\/span><\/p>\n<p><a href=\"https:\/\/serveiseducatius.xtec.cat\/tarragones\/dinamitzacio\/trics\/trics13_lcalvar\" target=\"_blank\" rel=\"noopener noreferrer\"><img loading=\"lazy\" decoding=\"async\" class=\"alignleft\" style=\"display: block; vertical-align: top; margin-right: 8px; float: left;\" src=\"https:\/\/serveiseducatius.xtec.cat\/tarragones\/wp-content\/uploads\/usu549\/2019\/02\/trics13_lcalvar.jpg\" width=\"75\" height=\"100\" \/><\/a><span style=\"display: block; overflow: auto; height: 110px; text-align: justify;\"><strong><span style=\"color: #808080;\"><em>T\u00edtol: <\/em><\/span><\/strong><a href=\"https:\/\/serveiseducatius.xtec.cat\/tarragones\/dinamitzacio\/trics\/trics13_lcalvar\" target=\"_blank\" rel=\"noopener noreferrer\"><strong>M\u00fasica i llenguatge. Dos cervells?<\/strong><\/a><br \/>\n<strong><em><span style=\"color: #808080;\">Autor\/a: <\/span><\/em><\/strong><strong> Leyre Calvar Mart\u00ednez<\/strong><br \/>\n<strong><em><span style=\"color: #808080;\">Modalitat: <\/span><\/em><\/strong>Ci\u00e8ncies i tecnologia: Ci\u00e8ncies de la Salut<br \/>\n<strong><em><span style=\"color: #808080;\">\u00c0rea: <\/span><\/em><\/strong>Biomedicina<br \/>\n<\/span><\/p>\n<p><a href=\"https:\/\/serveiseducatius.xtec.cat\/tarragones\/dinamitzacio\/trics\/trics13_mlegaz\" target=\"_blank\" rel=\"noopener noreferrer\"><img loading=\"lazy\" decoding=\"async\" class=\"alignleft\" style=\"display: block; vertical-align: top; margin-right: 8px; float: left;\" src=\"https:\/\/serveiseducatius.xtec.cat\/tarragones\/wp-content\/uploads\/usu549\/2019\/03\/trics13_mlegaz.jpg\" width=\"75\" height=\"100\" \/><\/a><span style=\"display: block; overflow: auto; height: 110px; text-align: justify;\"><strong><span style=\"color: #808080;\"><em>T\u00edtol: <\/em><\/span><\/strong><a href=\"https:\/\/serveiseducatius.xtec.cat\/tarragones\/dinamitzacio\/trics\/trics13_mlegaz\" target=\"_blank\" rel=\"noopener noreferrer\"><strong>La gastronomia a l&#8217;abast de tothom<\/strong><\/a><br \/>\n<strong><em><span style=\"color: #808080;\">Autor\/a: <\/span><\/em><\/strong><strong> Mariona Legaz Egea<\/strong><br \/>\n<strong><em><span style=\"color: #808080;\">Modalitat: <\/span><\/em><\/strong>Ci\u00e8ncies i tecnologia: Ci\u00e8ncies de la Salut<br \/>\n<strong><em><span style=\"color: #808080;\">\u00c0rea: <\/span><\/em><\/strong>Biologia<br \/>\n<\/span><\/p>\n<p><a href=\"https:\/\/serveiseducatius.xtec.cat\/tarragones\/dinamitzacio\/trics\/trics13_nnavarrete\" target=\"_blank\" rel=\"noopener noreferrer\"><img loading=\"lazy\" decoding=\"async\" class=\"alignleft\" style=\"display: block; vertical-align: top; margin-right: 8px; float: left;\" src=\"https:\/\/serveiseducatius.xtec.cat\/tarragones\/wp-content\/uploads\/usu549\/2019\/03\/trics13_nnavarrete.jpg\" width=\"75\" height=\"100\" \/><\/a><span style=\"display: block; overflow: auto; height: 110px; text-align: justify;\"><strong><span style=\"color: #808080;\"><em>T\u00edtol: <\/em><\/span><\/strong><a href=\"https:\/\/serveiseducatius.xtec.cat\/tarragones\/dinamitzacio\/trics\/trics13_nnavarrete\" target=\"_blank\" rel=\"noopener noreferrer\"><strong>L&#8217;evoluci\u00f3 de la comunicaci\u00f3 interpersonal<\/strong><\/a><br \/>\n<strong><em><span style=\"color: #808080;\">Autor\/a: <\/span><\/em><\/strong><strong> Nerea Navarrete Ortega<\/strong><br \/>\n<strong><em><span style=\"color: #808080;\">Modalitat: <\/span><\/em><\/strong>Humanitats i Ci\u00e8ncies Socials<br \/>\n<strong><em><span style=\"color: #808080;\">\u00c0rea: <\/span><\/em><\/strong>Llengua<br \/>\n<\/span><\/p>\n<p><a href=\"https:\/\/serveiseducatius.xtec.cat\/tarragones\/dinamitzacio\/trics\/trics13_ndomenech\" target=\"_blank\" rel=\"noopener noreferrer\"><img loading=\"lazy\" decoding=\"async\" class=\"alignleft\" style=\"display: block; vertical-align: top; margin-right: 8px; float: left;\" src=\"https:\/\/serveiseducatius.xtec.cat\/tarragones\/wp-content\/uploads\/usu549\/2019\/03\/trics13_ndomenech.jpg\" width=\"75\" height=\"100\" \/><\/a><span style=\"display: block; overflow: auto; height: 110px; text-align: justify;\"><strong><span style=\"color: #808080;\"><em>T\u00edtol: <\/em><\/span><\/strong><a href=\"https:\/\/serveiseducatius.xtec.cat\/tarragones\/dinamitzacio\/trics\/trics13_ndomenech\" target=\"_blank\" rel=\"noopener noreferrer\"><strong>Acompanyament a la gent gran<\/strong><\/a><br \/>\n<strong><em><span style=\"color: #808080;\">Autor\/a: <\/span><\/em><\/strong><strong> N\u00faria Dom\u00e8nech Badia<\/strong><br \/>\n<strong><em><span style=\"color: #808080;\">Modalitat: <\/span><\/em><\/strong>Arts<br \/>\n<strong><em><span style=\"color: #808080;\">\u00c0rea: <\/span><\/em><\/strong>Psicologia i Sociologia<br \/>\n<\/span><\/p>\n<p><a href=\"https:\/\/serveiseducatius.xtec.cat\/tarragones\/dinamitzacio\/trics\/trics13_njove\" target=\"_blank\" rel=\"noopener noreferrer\"><img loading=\"lazy\" decoding=\"async\" class=\"alignleft\" style=\"display: block; vertical-align: top; margin-right: 8px; float: left;\" src=\"https:\/\/serveiseducatius.xtec.cat\/tarragones\/wp-content\/uploads\/usu549\/2019\/03\/trics13_njove.jpg\" width=\"75\" height=\"100\" \/><\/a><span style=\"display: block; overflow: auto; height: 110px; text-align: justify;\"><strong><span style=\"color: #808080;\"><em>T\u00edtol: <\/em><\/span><\/strong><a href=\"https:\/\/serveiseducatius.xtec.cat\/tarragones\/dinamitzacio\/trics\/trics13_njove\" target=\"_blank\" rel=\"noopener noreferrer\"><strong>Les flors de la vida<\/strong><\/a><br \/>\n<strong><em><span style=\"color: #808080;\">Autor\/a: <\/span><\/em><\/strong><strong> N\u00faria Jov\u00e9 Ricom\u00e0<\/strong><br \/>\n<strong><em><span style=\"color: #808080;\">Modalitat: <\/span><\/em><\/strong>Arts<br \/>\n<strong><em><span style=\"color: #808080;\">\u00c0rea: <\/span><\/em><\/strong>Disseny<br \/>\n<\/span><\/p>\n<p><a href=\"https:\/\/serveiseducatius.xtec.cat\/tarragones\/dinamitzacio\/trics\/trics13_piborra\" target=\"_blank\" rel=\"noopener noreferrer\"><img loading=\"lazy\" decoding=\"async\" class=\"alignleft\" style=\"display: block; vertical-align: top; margin-right: 8px; float: left;\" src=\"https:\/\/serveiseducatius.xtec.cat\/tarragones\/wp-content\/uploads\/usu549\/2019\/03\/trics13_piborra.jpg\" width=\"75\" height=\"100\" \/><\/a><span style=\"display: block; overflow: auto; height: 110px; text-align: justify;\"><strong><span style=\"color: #808080;\"><em>T\u00edtol: <\/em><\/span><\/strong><a href=\"https:\/\/serveiseducatius.xtec.cat\/tarragones\/dinamitzacio\/trics\/trics13_piborra\" target=\"_blank\" rel=\"noopener noreferrer\"><strong>Redisseny de l&#8217;skatepark de Tarragona<\/strong><\/a><br \/>\n<strong><em><span style=\"color: #808080;\">Autor\/a: <\/span><\/em><\/strong><strong> Pere Joan Iborra Agramunt<\/strong><br \/>\n<strong><em><span style=\"color: #808080;\">Modalitat: <\/span><\/em><\/strong>Ci\u00e8ncies i tecnologia: Cientificot\u00e8cnic<br \/>\n<strong><em><span style=\"color: #808080;\">\u00c0rea: <\/span><\/em><\/strong>Arquitectura<br \/>\n<\/span><\/p>\n<p><a href=\"https:\/\/serveiseducatius.xtec.cat\/tarragones\/dinamitzacio\/trics\/trics13_rllambrich\" target=\"_blank\" rel=\"noopener noreferrer\"><img loading=\"lazy\" decoding=\"async\" class=\"alignleft\" style=\"display: block; vertical-align: top; margin-right: 8px; float: left;\" src=\"https:\/\/serveiseducatius.xtec.cat\/tarragones\/wp-content\/uploads\/usu549\/2019\/03\/trics13_rllambrich.jpg\" width=\"75\" height=\"100\" \/><\/a><span style=\"display: block; overflow: auto; height: 110px; text-align: justify;\"><strong><span style=\"color: #808080;\"><em>T\u00edtol: <\/em><\/span><\/strong><a href=\"https:\/\/serveiseducatius.xtec.cat\/tarragones\/dinamitzacio\/trics\/trics13_rllambrich\" target=\"_blank\" rel=\"noopener noreferrer\"><strong>La hist\u00f2ria de l&#8217;aviaci\u00f3<\/strong><\/a><br \/>\n<strong><em><span style=\"color: #808080;\">Autor\/a: <\/span><\/em><\/strong><strong> Ramon Llambrich Castellv\u00ed<\/strong><br \/>\n<strong><em><span style=\"color: #808080;\">Modalitat: <\/span><\/em><\/strong>Humanitats i Ci\u00e8ncies Socials<br \/>\n<strong><em><span style=\"color: #808080;\">\u00c0rea: <\/span><\/em><\/strong>Hist\u00f2ria<br \/>\n<\/span><\/p>\n<p><a href=\"https:\/\/serveiseducatius.xtec.cat\/tarragones\/dinamitzacio\/trics\/trics13_sgarcia\" target=\"_blank\" rel=\"noopener noreferrer\"><img loading=\"lazy\" decoding=\"async\" class=\"alignleft\" style=\"display: block; vertical-align: top; margin-right: 8px; float: left;\" src=\"https:\/\/serveiseducatius.xtec.cat\/tarragones\/wp-content\/uploads\/usu549\/2019\/03\/trics13_sgarcia.jpg\" width=\"75\" height=\"100\" \/><\/a><span style=\"display: block; overflow: auto; height: 110px; text-align: justify;\"><strong><span style=\"color: #808080;\"><em>T\u00edtol: <\/em><\/span><\/strong><a href=\"https:\/\/serveiseducatius.xtec.cat\/tarragones\/dinamitzacio\/trics\/trics13_sgarcia\" target=\"_blank\" rel=\"noopener noreferrer\"><strong>Avaluaci\u00f3 del poder antioxidant de compostos: M\u00e8tode de llevats transg\u00e8nics<\/strong><\/a><br \/>\n<strong><em><span style=\"color: #808080;\">Autor\/a: <\/span><\/em><\/strong><strong> Sara Garc\u00eda-Espa\u00f1a L\u00f3pez<\/strong><br \/>\n<strong><em><span style=\"color: #808080;\">Modalitat: <\/span><\/em><\/strong>Ci\u00e8ncies i tecnologia: Ci\u00e8ncies de la Salut<br \/>\n<strong><em><span style=\"color: #808080;\">\u00c0rea: <\/span><\/em><\/strong>Biomedicina<br \/>\n<\/span><\/p>\n<h3>Ins Baix Camp <em>(Reus)<\/em><\/h3>\n<p><a href=\"https:\/\/serveiseducatius.xtec.cat\/tarragones\/dinamitzacio\/trics\/trics13_atrullas\" target=\"_blank\" rel=\"noopener noreferrer\"><img loading=\"lazy\" decoding=\"async\" class=\"alignleft\" style=\"display: block; vertical-align: top; margin-right: 8px; float: left;\" src=\"https:\/\/serveiseducatius.xtec.cat\/tarragones\/wp-content\/uploads\/usu549\/2019\/03\/trics13_atrullas.jpg\" width=\"75\" height=\"100\" \/><\/a><span style=\"display: block; overflow: auto; height: 110px; text-align: justify;\"><strong><span style=\"color: #808080;\"><em>T\u00edtol: <\/em><\/span><\/strong><a href=\"https:\/\/serveiseducatius.xtec.cat\/tarragones\/dinamitzacio\/trics\/trics13_atrullas\" target=\"_blank\" rel=\"noopener noreferrer\"><strong>As a matter of speed. Cat\u00e0lisi<\/strong><\/a><br \/>\n<strong><em><span style=\"color: #808080;\">Autor\/a: <\/span><\/em><\/strong><strong> Abril Trull\u00e0s Estrem<\/strong><br \/>\n<strong><em><span style=\"color: #808080;\">Modalitat: <\/span><\/em><\/strong>Ci\u00e8ncies i tecnologia: Cientificot\u00e8cnic<br \/>\n<strong><em><span style=\"color: #808080;\">\u00c0rea: <\/span><\/em><\/strong>Qu\u00edmica<br \/>\n<\/span><\/p>\n<p><a href=\"https:\/\/serveiseducatius.xtec.cat\/tarragones\/dinamitzacio\/trics\/trics13_agual\" target=\"_blank\" rel=\"noopener noreferrer\"><img loading=\"lazy\" decoding=\"async\" class=\"alignleft\" style=\"display: block; vertical-align: top; margin-right: 8px; float: left;\" src=\"https:\/\/serveiseducatius.xtec.cat\/tarragones\/wp-content\/uploads\/usu549\/2019\/03\/trics13_agual.jpg\" width=\"75\" height=\"100\" \/><\/a><span style=\"display: block; overflow: auto; height: 110px; text-align: justify;\"><strong><span style=\"color: #808080;\"><em>T\u00edtol: <\/em><\/span><\/strong><a href=\"https:\/\/serveiseducatius.xtec.cat\/tarragones\/dinamitzacio\/trics\/trics13_agual\" target=\"_blank\" rel=\"noopener noreferrer\"><strong>Wave hands for culture<\/strong><\/a><br \/>\n<strong><em><span style=\"color: #808080;\">Autor\/a: <\/span><\/em><\/strong><strong> Al\u00edcia Gual Mir\u00f3<\/strong><br \/>\n<strong><em><span style=\"color: #808080;\">Modalitat: <\/span><\/em><\/strong>Humanitats i Ci\u00e8ncies Socials<br \/>\n<strong><em><span style=\"color: #808080;\">\u00c0rea: <\/span><\/em><\/strong>Llengua<br \/>\n<\/span><\/p>\n<p><a href=\"https:\/\/serveiseducatius.xtec.cat\/tarragones\/dinamitzacio\/trics\/trics13_afont\" target=\"_blank\" rel=\"noopener noreferrer\"><img loading=\"lazy\" decoding=\"async\" class=\"alignleft\" style=\"display: block; vertical-align: top; margin-right: 8px; float: left;\" src=\"https:\/\/serveiseducatius.xtec.cat\/tarragones\/wp-content\/uploads\/usu549\/2019\/03\/trics13_afont.jpg\" width=\"75\" height=\"100\" \/><\/a><span style=\"display: block; overflow: auto; height: 110px; text-align: justify;\"><strong><span style=\"color: #808080;\"><em>T\u00edtol: <\/em><\/span><\/strong><a href=\"https:\/\/serveiseducatius.xtec.cat\/tarragones\/dinamitzacio\/trics\/trics13_afont\" target=\"_blank\" rel=\"noopener noreferrer\"><strong>En \u00e9tat naturel: Comparaci\u00f3 de l&#8217;efic\u00e0cia dels remeis naturals amb els sint\u00e8tics.<\/strong><\/a><br \/>\n<strong><em><span style=\"color: #808080;\">Autor\/a: <\/span><\/em><\/strong><strong> Anna Font Alberich<\/strong><br \/>\n<strong><em><span style=\"color: #808080;\">Modalitat: <\/span><\/em><\/strong>Ci\u00e8ncies i tecnologia: Ci\u00e8ncies de la Salut<br \/>\n<strong><em><span style=\"color: #808080;\">\u00c0rea: <\/span><\/em><\/strong>Biomedicina<br \/>\n<\/span><\/p>\n<p><a href=\"https:\/\/serveiseducatius.xtec.cat\/tarragones\/dinamitzacio\/trics\/trics13_dvazquez\" target=\"_blank\" rel=\"noopener noreferrer\"><img loading=\"lazy\" decoding=\"async\" class=\"alignleft\" style=\"display: block; vertical-align: top; margin-right: 8px; float: left;\" src=\"https:\/\/serveiseducatius.xtec.cat\/tarragones\/wp-content\/uploads\/usu549\/2019\/03\/trics13_dvazquez.jpg\" width=\"75\" height=\"100\" \/><\/a><span style=\"display: block; overflow: auto; height: 110px; text-align: justify;\"><strong><span style=\"color: #808080;\"><em>T\u00edtol: <\/em><\/span><\/strong><a href=\"https:\/\/serveiseducatius.xtec.cat\/tarragones\/dinamitzacio\/trics\/trics13_dvazquez\" target=\"_blank\" rel=\"noopener noreferrer\"><strong>Pensa-ho, poc \u00e9s molt.<\/strong><\/a><br \/>\n<strong><em><span style=\"color: #808080;\">Autor\/a: <\/span><\/em><\/strong><strong> Diego Vazquez Alcaide<\/strong><br \/>\n<strong><em><span style=\"color: #808080;\">Modalitat: <\/span><\/em><\/strong>Ci\u00e8ncies i tecnologia: Ci\u00e8ncies de la Salut<br \/>\n<strong><em><span style=\"color: #808080;\">\u00c0rea: <\/span><\/em><\/strong>Biomedicina<br \/>\n<\/span><\/p>\n<p><a href=\"https:\/\/serveiseducatius.xtec.cat\/tarragones\/dinamitzacio\/trics\/trics13_lsoro\" target=\"_blank\" rel=\"noopener noreferrer\"><img loading=\"lazy\" decoding=\"async\" class=\"alignleft\" style=\"display: block; vertical-align: top; margin-right: 8px; float: left;\" src=\"https:\/\/serveiseducatius.xtec.cat\/tarragones\/wp-content\/uploads\/usu549\/2019\/02\/trics13_lsoro.jpg\" width=\"75\" height=\"100\" \/><\/a><span style=\"display: block; overflow: auto; height: 110px; text-align: justify;\"><strong><span style=\"color: #808080;\"><em>T\u00edtol: <\/em><\/span><\/strong><a href=\"https:\/\/serveiseducatius.xtec.cat\/tarragones\/dinamitzacio\/trics\/trics13_lsoro\" target=\"_blank\" rel=\"noopener noreferrer\"><strong>L&#8217;altra cara de &#8221;Respira&#8221;<\/strong><\/a><br \/>\n<strong><em><span style=\"color: #808080;\">Autor\/a: <\/span><\/em><\/strong><strong> Lidia Soro Abad<\/strong><br \/>\n<strong><em><span style=\"color: #808080;\">Modalitat: <\/span><\/em><\/strong>Arts<br \/>\n<strong><em><span style=\"color: #808080;\">\u00c0rea: <\/span><\/em><\/strong>M\u00fasica<br \/>\n<\/span><\/p>\n<p><a href=\"https:\/\/serveiseducatius.xtec.cat\/tarragones\/dinamitzacio\/trics\/trics13_mfont\" target=\"_blank\" rel=\"noopener noreferrer\"><img loading=\"lazy\" decoding=\"async\" class=\"alignleft\" style=\"display: block; vertical-align: top; margin-right: 8px; float: left;\" src=\"https:\/\/serveiseducatius.xtec.cat\/tarragones\/wp-content\/uploads\/usu549\/2019\/03\/trics13_mfont.jpg\" width=\"75\" height=\"100\" \/><\/a><span style=\"display: block; overflow: auto; height: 110px; text-align: justify;\"><strong><span style=\"color: #808080;\"><em>T\u00edtol: <\/em><\/span><\/strong><a href=\"https:\/\/serveiseducatius.xtec.cat\/tarragones\/dinamitzacio\/trics\/trics13_mfont\" target=\"_blank\" rel=\"noopener noreferrer\"><strong>Estudi de l&#8217;efecte antiinflamatori del cacau<\/strong><\/a><br \/>\n<strong><em><span style=\"color: #808080;\">Autor\/a: <\/span><\/em><\/strong><strong> Maria Font Alberich<\/strong><br \/>\n<strong><em><span style=\"color: #808080;\">Modalitat: <\/span><\/em><\/strong>Ci\u00e8ncies i tecnologia: Ci\u00e8ncies de la Salut<br \/>\n<strong><em><span style=\"color: #808080;\">\u00c0rea: <\/span><\/em><\/strong>Bioqu\u00edmica<br \/>\n<\/span><\/p>\n<p><a href=\"https:\/\/serveiseducatius.xtec.cat\/tarragones\/dinamitzacio\/trics\/trics13_mcorrales\" target=\"_blank\" rel=\"noopener noreferrer\"><img loading=\"lazy\" decoding=\"async\" class=\"alignleft\" style=\"display: block; vertical-align: top; margin-right: 8px; float: left;\" src=\"https:\/\/serveiseducatius.xtec.cat\/tarragones\/wp-content\/uploads\/usu549\/2019\/03\/trics13_mcorrales.jpg\" width=\"75\" height=\"100\" \/><\/a><span style=\"display: block; overflow: auto; height: 110px; text-align: justify;\"><strong><span style=\"color: #808080;\"><em>T\u00edtol: <\/em><\/span><\/strong><a href=\"https:\/\/serveiseducatius.xtec.cat\/tarragones\/dinamitzacio\/trics\/trics13_mcorrales\" target=\"_blank\" rel=\"noopener noreferrer\"><strong>Ex ore moritur piscis<\/strong><\/a><br \/>\n<strong><em><span style=\"color: #808080;\">Autor\/a: <\/span><\/em><\/strong><strong> Marina Corrales Sim\u00f3n<\/strong><br \/>\n<strong><em><span style=\"color: #808080;\">Modalitat: <\/span><\/em><\/strong>Humanitats i Ci\u00e8ncies Socials<br \/>\n<strong><em><span style=\"color: #808080;\">\u00c0rea: <\/span><\/em><\/strong>Filosofia<br \/>\n<\/span><\/p>\n<p><a href=\"https:\/\/serveiseducatius.xtec.cat\/tarragones\/dinamitzacio\/trics\/trics13_mgenius\" target=\"_blank\" rel=\"noopener noreferrer\"><img loading=\"lazy\" decoding=\"async\" class=\"alignleft\" style=\"display: block; vertical-align: top; margin-right: 8px; float: left;\" src=\"https:\/\/serveiseducatius.xtec.cat\/tarragones\/wp-content\/uploads\/usu549\/2019\/03\/trics13_mgenius.jpg\" width=\"75\" height=\"100\" \/><\/a><span style=\"display: block; overflow: auto; height: 110px; text-align: justify;\"><strong><span style=\"color: #808080;\"><em>T\u00edtol: <\/em><\/span><\/strong><a href=\"https:\/\/serveiseducatius.xtec.cat\/tarragones\/dinamitzacio\/trics\/trics13_mgenius\" target=\"_blank\" rel=\"noopener noreferrer\"><strong>L&#8217;oli de palma: El preu barat de conseq\u00fc\u00e8ncies greus<\/strong><\/a><br \/>\n<strong><em><span style=\"color: #808080;\">Autor\/a: <\/span><\/em><\/strong><strong> Marta Genius Coca<\/strong><br \/>\n<strong><em><span style=\"color: #808080;\">Modalitat: <\/span><\/em><\/strong>Ci\u00e8ncies i tecnologia: Cientificot\u00e8cnic<br \/>\n<strong><em><span style=\"color: #808080;\">\u00c0rea: <\/span><\/em><\/strong>Biomedicina<br \/>\n<\/span><\/p>\n<p><a href=\"https:\/\/serveiseducatius.xtec.cat\/tarragones\/dinamitzacio\/trics\/trics13_noller\" target=\"_blank\" rel=\"noopener noreferrer\"><img loading=\"lazy\" decoding=\"async\" class=\"alignleft\" style=\"display: block; vertical-align: top; margin-right: 8px; float: left;\" src=\"https:\/\/serveiseducatius.xtec.cat\/tarragones\/wp-content\/uploads\/usu549\/2019\/03\/trics13_noller.jpg\" width=\"75\" height=\"100\" \/><\/a><span style=\"display: block; overflow: auto; height: 110px; text-align: justify;\"><strong><span style=\"color: #808080;\"><em>T\u00edtol: <\/em><\/span><\/strong><a href=\"https:\/\/serveiseducatius.xtec.cat\/tarragones\/dinamitzacio\/trics\/trics13_noller\" target=\"_blank\" rel=\"noopener noreferrer\"><strong>Recordar salva<\/strong><\/a><br \/>\n<strong><em><span style=\"color: #808080;\">Autor\/a: <\/span><\/em><\/strong><strong> Neus Oller Matas<\/strong><br \/>\n<strong><em><span style=\"color: #808080;\">Modalitat: <\/span><\/em><\/strong>Ci\u00e8ncies i tecnologia: Ci\u00e8ncies de la Salut<br \/>\n<strong><em><span style=\"color: #808080;\">\u00c0rea: <\/span><\/em><\/strong>Biosanitari<br \/>\n<\/span><\/p>\n<p><a href=\"https:\/\/serveiseducatius.xtec.cat\/tarragones\/dinamitzacio\/trics\/trics13_ssanchez\" target=\"_blank\" rel=\"noopener noreferrer\"><img loading=\"lazy\" decoding=\"async\" class=\"alignleft\" style=\"display: block; vertical-align: top; margin-right: 8px; float: left;\" src=\"https:\/\/serveiseducatius.xtec.cat\/tarragones\/wp-content\/uploads\/usu549\/2019\/03\/trics13_ssanchez.jpg\" width=\"75\" height=\"100\" \/><\/a><span style=\"display: block; overflow: auto; height: 110px; text-align: justify;\"><strong><span style=\"color: #808080;\"><em>T\u00edtol: <\/em><\/span><\/strong><a href=\"https:\/\/serveiseducatius.xtec.cat\/tarragones\/dinamitzacio\/trics\/trics13_ssanchez\" target=\"_blank\" rel=\"noopener noreferrer\"><strong>Anne Frank vs Edith Eger: The girl who died and the girl who never died<\/strong><\/a><br \/>\n<strong><em><span style=\"color: #808080;\">Autor\/a: <\/span><\/em><\/strong><strong> Sheila S\u00e1nchez Gonz\u00e1lez<\/strong><br \/>\n<strong><em><span style=\"color: #808080;\">Modalitat: <\/span><\/em><\/strong>Humanitats i Ci\u00e8ncies Socials<br \/>\n<strong><em><span style=\"color: #808080;\">\u00c0rea: <\/span><\/em><\/strong>Hist\u00f2ria<br \/>\n<\/span><\/p>\n<h3>Ins Cambrils <em>(Cambrils)<\/em><\/h3>\n<p><a href=\"https:\/\/serveiseducatius.xtec.cat\/tarragones\/dinamitzacio\/trics\/trics13_arebull\" target=\"_blank\" rel=\"noopener noreferrer\"><img loading=\"lazy\" decoding=\"async\" class=\"alignleft\" style=\"display: block; vertical-align: top; margin-right: 8px; float: left;\" src=\"https:\/\/serveiseducatius.xtec.cat\/tarragones\/wp-content\/uploads\/usu549\/2019\/03\/trics13_arebull.jpg\" width=\"75\" height=\"100\" \/><\/a><span style=\"display: block; overflow: auto; height: 110px; text-align: justify;\"><strong><span style=\"color: #808080;\"><em>T\u00edtol: <\/em><\/span><\/strong><a href=\"https:\/\/serveiseducatius.xtec.cat\/tarragones\/dinamitzacio\/trics\/trics13_arebull\" target=\"_blank\" rel=\"noopener noreferrer\"><strong>L&#8217;emigraci\u00f3 espanyola (segle XX) a partir dels anys 60<\/strong><\/a><br \/>\n<strong><em><span style=\"color: #808080;\">Autor\/a: <\/span><\/em><\/strong><strong> Ainhoa Rebull Gude<\/strong><br \/>\n<strong><em><span style=\"color: #808080;\">Modalitat: <\/span><\/em><\/strong>Humanitats i Ci\u00e8ncies Socials<br \/>\n<strong><em><span style=\"color: #808080;\">\u00c0rea: <\/span><\/em><\/strong>Hist\u00f2ria<br \/>\n<\/span><\/p>\n<p><a href=\"https:\/\/serveiseducatius.xtec.cat\/tarragones\/dinamitzacio\/trics\/trics13_esola\" target=\"_blank\" rel=\"noopener noreferrer\"><img loading=\"lazy\" decoding=\"async\" class=\"alignleft\" style=\"display: block; vertical-align: top; margin-right: 8px; float: left;\" src=\"https:\/\/serveiseducatius.xtec.cat\/tarragones\/wp-content\/uploads\/usu549\/2019\/03\/trics13_esola.jpg\" width=\"75\" height=\"100\" \/><\/a><span style=\"display: block; overflow: auto; height: 110px; text-align: justify;\"><strong><span style=\"color: #808080;\"><em>T\u00edtol: <\/em><\/span><\/strong><a href=\"https:\/\/serveiseducatius.xtec.cat\/tarragones\/dinamitzacio\/trics\/trics13_esola\" target=\"_blank\" rel=\"noopener noreferrer\"><strong>La tecnologia de la bioremediaci\u00f3<\/strong><\/a><br \/>\n<strong><em><span style=\"color: #808080;\">Autor\/a: <\/span><\/em><\/strong><strong> Elisa Sol\u00e0 Mart\u00ednez<\/strong><br \/>\n<strong><em><span style=\"color: #808080;\">Modalitat: <\/span><\/em><\/strong>Ci\u00e8ncies i tecnologia: Cientificot\u00e8cnic<br \/>\n<strong><em><span style=\"color: #808080;\">\u00c0rea: <\/span><\/em><\/strong>Biotecnologia<br \/>\n<\/span><\/p>\n<p><a href=\"https:\/\/serveiseducatius.xtec.cat\/tarragones\/dinamitzacio\/trics\/trics13_ganashkin\" target=\"_blank\" rel=\"noopener noreferrer\"><img loading=\"lazy\" decoding=\"async\" class=\"alignleft\" style=\"display: block; vertical-align: top; margin-right: 8px; float: left;\" src=\"https:\/\/serveiseducatius.xtec.cat\/tarragones\/wp-content\/uploads\/usu549\/2019\/03\/trics13_ganashkin.jpg\" width=\"75\" height=\"100\" \/><\/a><span style=\"display: block; overflow: auto; height: 110px; text-align: justify;\"><strong><span style=\"color: #808080;\"><em>T\u00edtol: <\/em><\/span><\/strong><a href=\"https:\/\/serveiseducatius.xtec.cat\/tarragones\/dinamitzacio\/trics\/trics13_ganashkin\" target=\"_blank\" rel=\"noopener noreferrer\"><strong>La f\u00edsica del tennis<\/strong><\/a><br \/>\n<strong><em><span style=\"color: #808080;\">Autor\/a: <\/span><\/em><\/strong><strong> German Anashkin<\/strong><br \/>\n<strong><em><span style=\"color: #808080;\">Modalitat: <\/span><\/em><\/strong>Ci\u00e8ncies i tecnologia: Cientificot\u00e8cnic<br \/>\n<strong><em><span style=\"color: #808080;\">\u00c0rea: <\/span><\/em><\/strong>F\u00edsica<br \/>\n<\/span><\/p>\n<p><a href=\"https:\/\/serveiseducatius.xtec.cat\/tarragones\/dinamitzacio\/trics\/trics13_lporquer\" target=\"_blank\" rel=\"noopener noreferrer\"><img loading=\"lazy\" decoding=\"async\" class=\"alignleft\" style=\"display: block; vertical-align: top; margin-right: 8px; float: left;\" src=\"https:\/\/serveiseducatius.xtec.cat\/tarragones\/wp-content\/uploads\/usu549\/2019\/03\/trics13_lporquer.jpg\" width=\"75\" height=\"100\" \/><\/a><span style=\"display: block; overflow: auto; height: 110px; text-align: justify;\"><strong><span style=\"color: #808080;\"><em>T\u00edtol: <\/em><\/span><\/strong><a href=\"https:\/\/serveiseducatius.xtec.cat\/tarragones\/dinamitzacio\/trics\/trics13_lporquer\" target=\"_blank\" rel=\"noopener noreferrer\"><strong>Josefina Castellv\u00ed: Pionera en investigaci\u00f3 ant\u00e0rtica<\/strong><\/a><br \/>\n<strong><em><span style=\"color: #808080;\">Autor\/a: <\/span><\/em><\/strong><strong> Lloren\u00e7 Porquer Guzm\u00e1n<\/strong><br \/>\n<strong><em><span style=\"color: #808080;\">Modalitat: <\/span><\/em><\/strong>Ci\u00e8ncies i tecnologia: Cientificot\u00e8cnic<br \/>\n<strong><em><span style=\"color: #808080;\">\u00c0rea: <\/span><\/em><\/strong>Biologia ambiental<br \/>\n<\/span><\/p>\n<p><a href=\"https:\/\/serveiseducatius.xtec.cat\/tarragones\/dinamitzacio\/trics\/trics13_mcosta\" target=\"_blank\" rel=\"noopener noreferrer\"><img loading=\"lazy\" decoding=\"async\" class=\"alignleft\" style=\"display: block; vertical-align: top; margin-right: 8px; float: left;\" src=\"https:\/\/serveiseducatius.xtec.cat\/tarragones\/wp-content\/uploads\/usu549\/2019\/03\/trics13_mcosta.jpg\" width=\"75\" height=\"100\" \/><\/a><span style=\"display: block; overflow: auto; height: 110px; text-align: justify;\"><strong><span style=\"color: #808080;\"><em>T\u00edtol: <\/em><\/span><\/strong><a href=\"https:\/\/serveiseducatius.xtec.cat\/tarragones\/dinamitzacio\/trics\/trics13_mcosta\" target=\"_blank\" rel=\"noopener noreferrer\"><strong>La m\u00fasica en el sistema educatiu<\/strong><\/a><br \/>\n<strong><em><span style=\"color: #808080;\">Autor\/a: <\/span><\/em><\/strong><strong> Maria Costa Piqu\u00e9<\/strong><br \/>\n<strong><em><span style=\"color: #808080;\">Modalitat: <\/span><\/em><\/strong>Humanitats i Ci\u00e8ncies Socials<br \/>\n<strong><em><span style=\"color: #808080;\">\u00c0rea: <\/span><\/em><\/strong>M\u00fasica<br \/>\n<\/span><\/p>\n<p><a href=\"https:\/\/serveiseducatius.xtec.cat\/tarragones\/dinamitzacio\/trics\/trics13_mdonato\" target=\"_blank\" rel=\"noopener noreferrer\"><img loading=\"lazy\" decoding=\"async\" class=\"alignleft\" style=\"display: block; vertical-align: top; margin-right: 8px; float: left;\" src=\"https:\/\/serveiseducatius.xtec.cat\/tarragones\/wp-content\/uploads\/usu549\/2019\/03\/trics13_mdonato.jpg\" width=\"75\" height=\"100\" \/><\/a><span style=\"display: block; overflow: auto; height: 110px; text-align: justify;\"><strong><span style=\"color: #808080;\"><em>T\u00edtol: <\/em><\/span><\/strong><a href=\"https:\/\/serveiseducatius.xtec.cat\/tarragones\/dinamitzacio\/trics\/trics13_mdonato\" target=\"_blank\" rel=\"noopener noreferrer\"><strong>Miracle o ci\u00e8ncia?<\/strong><\/a><br \/>\n<strong><em><span style=\"color: #808080;\">Autor\/a: <\/span><\/em><\/strong><strong> Maria Helena de Donato P\u00e9rez<\/strong><br \/>\n<strong><em><span style=\"color: #808080;\">Modalitat: <\/span><\/em><\/strong>Ci\u00e8ncies i tecnologia: Cientificot\u00e8cnic<br \/>\n<strong><em><span style=\"color: #808080;\">\u00c0rea: <\/span><\/em><\/strong>Gen\u00e8tica<br \/>\n<\/span><\/p>\n<p><a href=\"https:\/\/serveiseducatius.xtec.cat\/tarragones\/dinamitzacio\/trics\/trics13_sleona\" target=\"_blank\" rel=\"noopener noreferrer\"><img loading=\"lazy\" decoding=\"async\" class=\"alignleft\" style=\"display: block; vertical-align: top; margin-right: 8px; float: left;\" src=\"https:\/\/serveiseducatius.xtec.cat\/tarragones\/wp-content\/uploads\/usu549\/2019\/03\/trics13_sleona.jpg\" width=\"75\" height=\"100\" \/><\/a><span style=\"display: block; overflow: auto; height: 110px; text-align: justify;\"><strong><span style=\"color: #808080;\"><em>T\u00edtol: <\/em><\/span><\/strong><a href=\"https:\/\/serveiseducatius.xtec.cat\/tarragones\/dinamitzacio\/trics\/trics13_sleona\" target=\"_blank\" rel=\"noopener noreferrer\"><strong>Death. And now?<\/strong><\/a><br \/>\n<strong><em><span style=\"color: #808080;\">Autor\/a: <\/span><\/em><\/strong><strong> Sarah Leona Aerts<\/strong><br \/>\n<strong><em><span style=\"color: #808080;\">Modalitat: <\/span><\/em><\/strong>Humanitats i Ci\u00e8ncies Socials<br \/>\n<strong><em><span style=\"color: #808080;\">\u00c0rea: <\/span><\/em><\/strong>Filosofia<br \/>\n<\/span><\/p>\n<h3>Ins Comte de Rius <em>(Reus)<\/em><\/h3>\n<p><a href=\"https:\/\/serveiseducatius.xtec.cat\/tarragones\/dinamitzacio\/trics\/trics13_iborras\" target=\"_blank\" rel=\"noopener noreferrer\"><img loading=\"lazy\" decoding=\"async\" class=\"alignleft\" style=\"display: block; vertical-align: top; margin-right: 8px; float: left;\" src=\"https:\/\/serveiseducatius.xtec.cat\/tarragones\/wp-content\/uploads\/usu549\/2019\/03\/trics13_iborras.jpg\" width=\"75\" height=\"100\" \/><\/a><span style=\"display: block; overflow: auto; height: 110px; text-align: justify;\"><strong><span style=\"color: #808080;\"><em>T\u00edtol: <\/em><\/span><\/strong><a href=\"https:\/\/serveiseducatius.xtec.cat\/tarragones\/dinamitzacio\/trics\/trics13_iborras\" target=\"_blank\" rel=\"noopener noreferrer\"><strong>La Pluja \u00c0cida: La Plaga Invisible de l&#8217;Era Industrial<\/strong><\/a><br \/>\n<strong><em><span style=\"color: #808080;\">Autor\/a: <\/span><\/em><\/strong><strong> Isaac Borr\u00e0s Vico<\/strong><br \/>\n<strong><em><span style=\"color: #808080;\">Modalitat: <\/span><\/em><\/strong>Ci\u00e8ncies i tecnologia: Cientificot\u00e8cnic<br \/>\n<strong><em><span style=\"color: #808080;\">\u00c0rea: <\/span><\/em><\/strong>Biologia ambiental<br \/>\n<\/span><\/p>\n<p><a href=\"https:\/\/serveiseducatius.xtec.cat\/tarragones\/dinamitzacio\/trics\/trics13_xcampos\" target=\"_blank\" rel=\"noopener noreferrer\"><img loading=\"lazy\" decoding=\"async\" class=\"alignleft\" style=\"display: block; vertical-align: top; margin-right: 8px; float: left;\" src=\"https:\/\/serveiseducatius.xtec.cat\/tarragones\/wp-content\/uploads\/usu549\/2019\/03\/trics13_nofoto.jpg\" width=\"75\" height=\"100\" \/><\/a><span style=\"display: block; overflow: auto; height: 110px; text-align: justify;\"><strong><span style=\"color: #808080;\"><em>T\u00edtol: <\/em><\/span><\/strong><a href=\"https:\/\/serveiseducatius.xtec.cat\/tarragones\/dinamitzacio\/trics\/trics13_xcampos\" target=\"_blank\" rel=\"noopener noreferrer\"><strong>L&#8217;efecte de l&#8217;al\u00e7ada en l&#8217;activitat f\u00edsica d&#8217;un esportista<\/strong><\/a><br \/>\n<strong><em><span style=\"color: #808080;\">Autor\/a: <\/span><\/em><\/strong><strong> Xavier Campos F\u00e0bregas<\/strong><br \/>\n<strong><em><span style=\"color: #808080;\">Modalitat: <\/span><\/em><\/strong>Ci\u00e8ncies i tecnologia: Ci\u00e8ncies de la Salut<br \/>\n<strong><em><span style=\"color: #808080;\">\u00c0rea: <\/span><\/em><\/strong>Ci\u00e8ncies de l&#8217;Esport<br \/>\n<\/span><\/p>\n<h3>Ins El Morell <em>(El Morell)<\/em><\/h3>\n<p><a href=\"https:\/\/serveiseducatius.xtec.cat\/tarragones\/dinamitzacio\/trics\/trics13_apallares\" target=\"_blank\" rel=\"noopener noreferrer\"><img loading=\"lazy\" decoding=\"async\" class=\"alignleft\" style=\"display: block; vertical-align: top; margin-right: 8px; float: left;\" src=\"https:\/\/serveiseducatius.xtec.cat\/tarragones\/wp-content\/uploads\/usu549\/2019\/03\/trics13_apallares.jpg\" width=\"75\" height=\"100\" \/><\/a><span style=\"display: block; overflow: auto; height: 110px; text-align: justify;\"><strong><span style=\"color: #808080;\"><em>T\u00edtol: <\/em><\/span><\/strong><a href=\"https:\/\/serveiseducatius.xtec.cat\/tarragones\/dinamitzacio\/trics\/trics13_apallares\" target=\"_blank\" rel=\"noopener noreferrer\"><strong>El populisme en el cas del proc\u00e9s sobiranista catal\u00e0<\/strong><\/a><br \/>\n<strong><em><span style=\"color: #808080;\">Autor\/a: <\/span><\/em><\/strong><strong> Albert Pallar\u00e8s Foix<\/strong><br \/>\n<strong><em><span style=\"color: #808080;\">Modalitat: <\/span><\/em><\/strong>Humanitats i Ci\u00e8ncies Socials<br \/>\n<strong><em><span style=\"color: #808080;\">\u00c0rea: <\/span><\/em><\/strong>Hist\u00f2ria<br \/>\n<\/span><\/p>\n<p><a href=\"https:\/\/serveiseducatius.xtec.cat\/tarragones\/dinamitzacio\/trics\/trics13_jbove\" target=\"_blank\" rel=\"noopener noreferrer\"><img loading=\"lazy\" decoding=\"async\" class=\"alignleft\" style=\"display: block; vertical-align: top; margin-right: 8px; float: left;\" src=\"https:\/\/serveiseducatius.xtec.cat\/tarragones\/wp-content\/uploads\/usu549\/2019\/03\/trics13_jbove.jpg\" width=\"75\" height=\"100\" \/><\/a><span style=\"display: block; overflow: auto; height: 110px; text-align: justify;\"><strong><span style=\"color: #808080;\"><em>T\u00edtol: <\/em><\/span><\/strong><a href=\"https:\/\/serveiseducatius.xtec.cat\/tarragones\/dinamitzacio\/trics\/trics13_jbove\" target=\"_blank\" rel=\"noopener noreferrer\"><strong>Atelier per un dia<\/strong><\/a><br \/>\n<strong><em><span style=\"color: #808080;\">Autor\/a: <\/span><\/em><\/strong><strong> J\u00falia Bov\u00e9 G\u00f3mara<\/strong><br \/>\n<strong><em><span style=\"color: #808080;\">Modalitat: <\/span><\/em><\/strong>Humanitats i Ci\u00e8ncies Socials<br \/>\n<strong><em><span style=\"color: #808080;\">\u00c0rea: <\/span><\/em><\/strong>Disseny<br \/>\n<\/span><\/p>\n<p><a href=\"https:\/\/serveiseducatius.xtec.cat\/tarragones\/dinamitzacio\/trics\/trics13_jpizarro\" target=\"_blank\" rel=\"noopener noreferrer\"><img loading=\"lazy\" decoding=\"async\" class=\"alignleft\" style=\"display: block; vertical-align: top; margin-right: 8px; float: left;\" src=\"https:\/\/serveiseducatius.xtec.cat\/tarragones\/wp-content\/uploads\/usu549\/2019\/03\/trics13_jpizarro.jpg\" width=\"75\" height=\"100\" \/><\/a><span style=\"display: block; overflow: auto; height: 110px; text-align: justify;\"><strong><span style=\"color: #808080;\"><em>T\u00edtol: <\/em><\/span><\/strong><a href=\"https:\/\/serveiseducatius.xtec.cat\/tarragones\/dinamitzacio\/trics\/trics13_jpizarro\" target=\"_blank\" rel=\"noopener noreferrer\"><strong>Guerra Civil Espanyola: adaptaci\u00f3 i evoluci\u00f3 de la sanitat en temps de guerra<\/strong><\/a><br \/>\n<strong><em><span style=\"color: #808080;\">Autor\/a: <\/span><\/em><\/strong><strong> J\u00falia Pizarro Curto<\/strong><br \/>\n<strong><em><span style=\"color: #808080;\">Modalitat: <\/span><\/em><\/strong>Humanitats i Ci\u00e8ncies Socials<br \/>\n<strong><em><span style=\"color: #808080;\">\u00c0rea: <\/span><\/em><\/strong>Hist\u00f2ria<br \/>\n<\/span><\/p>\n<p><a href=\"https:\/\/serveiseducatius.xtec.cat\/tarragones\/dinamitzacio\/trics\/trics13_xcalbet\" target=\"_blank\" rel=\"noopener noreferrer\"><img loading=\"lazy\" decoding=\"async\" class=\"alignleft\" style=\"display: block; vertical-align: top; margin-right: 8px; float: left;\" src=\"https:\/\/serveiseducatius.xtec.cat\/tarragones\/wp-content\/uploads\/usu549\/2019\/03\/trics13_xcalbet.jpg\" width=\"75\" height=\"100\" \/><\/a><span style=\"display: block; overflow: auto; height: 110px; text-align: justify;\"><strong><span style=\"color: #808080;\"><em>T\u00edtol: <\/em><\/span><\/strong><a href=\"https:\/\/serveiseducatius.xtec.cat\/tarragones\/dinamitzacio\/trics\/trics13_xcalbet\" target=\"_blank\" rel=\"noopener noreferrer\"><strong>Estrat\u00e8gia criminal. Qu\u00edmica forense: Estudi i resoluci\u00f3 d&#8217;escenaris criminals<\/strong><\/a><br \/>\n<strong><em><span style=\"color: #808080;\">Autor\/a: <\/span><\/em><\/strong><strong> X\u00e8nia Calbet Montserrat<\/strong><br \/>\n<strong><em><span style=\"color: #808080;\">Modalitat: <\/span><\/em><\/strong>Ci\u00e8ncies i tecnologia: Ci\u00e8ncies de la Salut<br \/>\n<strong><em><span style=\"color: #808080;\">\u00c0rea: <\/span><\/em><\/strong>Qu\u00edmica<br \/>\n<\/span><\/p>\n<h3>Ins Els Pallaresos <em>(Els Pallaresos)<\/em><\/h3>\n<p><a href=\"https:\/\/serveiseducatius.xtec.cat\/tarragones\/dinamitzacio\/trics\/trics13_ajuanes\" target=\"_blank\" rel=\"noopener noreferrer\"><img loading=\"lazy\" decoding=\"async\" class=\"alignleft\" style=\"display: block; vertical-align: top; margin-right: 8px; float: left;\" src=\"https:\/\/serveiseducatius.xtec.cat\/tarragones\/wp-content\/uploads\/usu549\/2019\/03\/trics13_ajuanes.jpg\" width=\"75\" height=\"100\" \/><\/a><span style=\"display: block; overflow: auto; height: 110px; text-align: justify;\"><strong><span style=\"color: #808080;\"><em>T\u00edtol: <\/em><\/span><\/strong><a href=\"https:\/\/serveiseducatius.xtec.cat\/tarragones\/dinamitzacio\/trics\/trics13_ajuanes\" target=\"_blank\" rel=\"noopener noreferrer\"><strong>Alimentaci\u00f3: Podem alentir l&#8217;ELA<\/strong><\/a><br \/>\n<strong><em><span style=\"color: #808080;\">Autor\/a: <\/span><\/em><\/strong><strong> Anna Juanes Fern\u00e1ndez<\/strong><br \/>\n<strong><em><span style=\"color: #808080;\">Modalitat: <\/span><\/em><\/strong>Ci\u00e8ncies i tecnologia: Ci\u00e8ncies de la Salut<br \/>\n<strong><em><span style=\"color: #808080;\">\u00c0rea: <\/span><\/em><\/strong>Medicina<br \/>\n<\/span><\/p>\n<p><a href=\"https:\/\/serveiseducatius.xtec.cat\/tarragones\/dinamitzacio\/trics\/trics13_jdiaz\" target=\"_blank\" rel=\"noopener noreferrer\"><img loading=\"lazy\" decoding=\"async\" class=\"alignleft\" style=\"display: block; vertical-align: top; margin-right: 8px; float: left;\" src=\"https:\/\/serveiseducatius.xtec.cat\/tarragones\/wp-content\/uploads\/usu549\/2019\/03\/trics13_jdiaz.jpg\" width=\"75\" height=\"100\" \/><\/a><span style=\"display: block; overflow: auto; height: 110px; text-align: justify;\"><strong><span style=\"color: #808080;\"><em>T\u00edtol: <\/em><\/span><\/strong><a href=\"https:\/\/serveiseducatius.xtec.cat\/tarragones\/dinamitzacio\/trics\/trics13_jdiaz\" target=\"_blank\" rel=\"noopener noreferrer\"><strong>La llibertat<\/strong><\/a><br \/>\n<strong><em><span style=\"color: #808080;\">Autor\/a: <\/span><\/em><\/strong><strong> Antonio Jaume D\u00edaz Gonz\u00e1lez<\/strong><br \/>\n<strong><em><span style=\"color: #808080;\">Modalitat: <\/span><\/em><\/strong>Humanitats i Ci\u00e8ncies Socials<br \/>\n<strong><em><span style=\"color: #808080;\">\u00c0rea: <\/span><\/em><\/strong>Filosofia<br \/>\n<\/span><\/p>\n<p><a href=\"https:\/\/serveiseducatius.xtec.cat\/tarragones\/dinamitzacio\/trics\/trics13_agomez\" target=\"_blank\" rel=\"noopener noreferrer\"><img loading=\"lazy\" decoding=\"async\" class=\"alignleft\" style=\"display: block; vertical-align: top; margin-right: 8px; float: left;\" src=\"https:\/\/serveiseducatius.xtec.cat\/tarragones\/wp-content\/uploads\/usu549\/2019\/03\/trics13_agomez.jpg\" width=\"75\" height=\"100\" \/><\/a><span style=\"display: block; overflow: auto; height: 110px; text-align: justify;\"><strong><span style=\"color: #808080;\"><em>T\u00edtol: <\/em><\/span><\/strong><a href=\"https:\/\/serveiseducatius.xtec.cat\/tarragones\/dinamitzacio\/trics\/trics13_agomez\" target=\"_blank\" rel=\"noopener noreferrer\"><strong>Esports en el medi ambient a l&#8217;entorn m\u00e9s proper.<\/strong><\/a><br \/>\n<strong><em><span style=\"color: #808080;\">Autor\/a: <\/span><\/em><\/strong><strong> Arnau G\u00f3mez Recasens<\/strong><br \/>\n<strong><em><span style=\"color: #808080;\">Modalitat: <\/span><\/em><\/strong>Humanitats i Ci\u00e8ncies Socials<br \/>\n<strong><em><span style=\"color: #808080;\">\u00c0rea: <\/span><\/em><\/strong>Educaci\u00f3 F\u00edsica<br \/>\n<\/span><\/p>\n<p><a href=\"https:\/\/serveiseducatius.xtec.cat\/tarragones\/dinamitzacio\/trics\/trics13_bgarcia\" target=\"_blank\" rel=\"noopener noreferrer\"><img loading=\"lazy\" decoding=\"async\" class=\"alignleft\" style=\"display: block; vertical-align: top; margin-right: 8px; float: left;\" src=\"https:\/\/serveiseducatius.xtec.cat\/tarragones\/wp-content\/uploads\/usu549\/2019\/03\/trics13_bgarcia.jpg\" width=\"75\" height=\"100\" \/><\/a><span style=\"display: block; overflow: auto; height: 110px; text-align: justify;\"><strong><span style=\"color: #808080;\"><em>T\u00edtol: <\/em><\/span><\/strong><a href=\"https:\/\/serveiseducatius.xtec.cat\/tarragones\/dinamitzacio\/trics\/trics13_bgarcia\" target=\"_blank\" rel=\"noopener noreferrer\"><strong>Energia fotosint\u00e8tica: L&#8217;energia verda del dem\u00e0.<\/strong><\/a><br \/>\n<strong><em><span style=\"color: #808080;\">Autor\/a: <\/span><\/em><\/strong><strong> Bryan Garc\u00eda Mart\u00edn<\/strong><br \/>\n<strong><em><span style=\"color: #808080;\">Modalitat: <\/span><\/em><\/strong>Ci\u00e8ncies i tecnologia: Cientificot\u00e8cnic<br \/>\n<strong><em><span style=\"color: #808080;\">\u00c0rea: <\/span><\/em><\/strong>Biotecnologia<br \/>\n<\/span><\/p>\n<h3>Ins Fontanelles <em>(Les Borges del Camp)<\/em><\/h3>\n<p><a href=\"https:\/\/serveiseducatius.xtec.cat\/tarragones\/dinamitzacio\/trics\/trics13_asalvado\" target=\"_blank\" rel=\"noopener noreferrer\"><img loading=\"lazy\" decoding=\"async\" class=\"alignleft\" style=\"display: block; vertical-align: top; margin-right: 8px; float: left;\" src=\"https:\/\/serveiseducatius.xtec.cat\/tarragones\/wp-content\/uploads\/usu549\/2019\/03\/trics13_asalvado.jpg\" width=\"75\" height=\"100\" \/><\/a><span style=\"display: block; overflow: auto; height: 110px; text-align: justify;\"><strong><span style=\"color: #808080;\"><em>T\u00edtol: <\/em><\/span><\/strong><a href=\"https:\/\/serveiseducatius.xtec.cat\/tarragones\/dinamitzacio\/trics\/trics13_asalvado\" target=\"_blank\" rel=\"noopener noreferrer\"><strong>Atenci\u00f3 a la v\u00edctima de viol\u00e8ncia masclista<\/strong><\/a><br \/>\n<strong><em><span style=\"color: #808080;\">Autor\/a: <\/span><\/em><\/strong><strong> Ariadna Salvad\u00f3 Esteve<\/strong><br \/>\n<strong><em><span style=\"color: #808080;\">Modalitat: <\/span><\/em><\/strong>Humanitats i Ci\u00e8ncies Socials<br \/>\n<strong><em><span style=\"color: #808080;\">\u00c0rea: <\/span><\/em><\/strong>Dret<br \/>\n<\/span><\/p>\n<p><a href=\"https:\/\/serveiseducatius.xtec.cat\/tarragones\/dinamitzacio\/trics\/trics13_gllaurado\" target=\"_blank\" rel=\"noopener noreferrer\"><img loading=\"lazy\" decoding=\"async\" class=\"alignleft\" style=\"display: block; vertical-align: top; margin-right: 8px; float: left;\" src=\"https:\/\/serveiseducatius.xtec.cat\/tarragones\/wp-content\/uploads\/usu549\/2019\/03\/trics13_gllaurado.jpg\" width=\"75\" height=\"100\" \/><\/a><span style=\"display: block; overflow: auto; height: 110px; text-align: justify;\"><strong><span style=\"color: #808080;\"><em>T\u00edtol: <\/em><\/span><\/strong><a href=\"https:\/\/serveiseducatius.xtec.cat\/tarragones\/dinamitzacio\/trics\/trics13_gllaurado\" target=\"_blank\" rel=\"noopener noreferrer\"><strong>Memoria Hist\u00f3rica de Joaquim Rimbau Guinovart<\/strong><\/a><br \/>\n<strong><em><span style=\"color: #808080;\">Autor\/a: <\/span><\/em><\/strong><strong> Gal\u00b7la Llaurad\u00f3 Rimbau<\/strong><br \/>\n<strong><em><span style=\"color: #808080;\">Modalitat: <\/span><\/em><\/strong>Humanitats i Ci\u00e8ncies Socials<br \/>\n<strong><em><span style=\"color: #808080;\">\u00c0rea: <\/span><\/em><\/strong>Hist\u00f2ria<br \/>\n<\/span><\/p>\n<p><a href=\"https:\/\/serveiseducatius.xtec.cat\/tarragones\/dinamitzacio\/trics\/trics13_jribas\" target=\"_blank\" rel=\"noopener noreferrer\"><img loading=\"lazy\" decoding=\"async\" class=\"alignleft\" style=\"display: block; vertical-align: top; margin-right: 8px; float: left;\" src=\"https:\/\/serveiseducatius.xtec.cat\/tarragones\/wp-content\/uploads\/usu549\/2019\/02\/trics13_jribas.jpg\" width=\"75\" height=\"100\" \/><\/a><span style=\"display: block; overflow: auto; height: 110px; text-align: justify;\"><strong><span style=\"color: #808080;\"><em>T\u00edtol: <\/em><\/span><\/strong><a href=\"https:\/\/serveiseducatius.xtec.cat\/tarragones\/dinamitzacio\/trics\/trics13_jribas\" target=\"_blank\" rel=\"noopener noreferrer\"><strong>Resultats esportius: fruits de l&#8217;esfor\u00e7 i el talent o del poder financer?<\/strong><\/a><br \/>\n<strong><em><span style=\"color: #808080;\">Autor\/a: <\/span><\/em><\/strong><strong> Jordi Albert Ribas Gonz\u00e1lez<\/strong><br \/>\n<strong><em><span style=\"color: #808080;\">Modalitat: <\/span><\/em><\/strong>Humanitats i Ci\u00e8ncies Socials<br \/>\n<strong><em><span style=\"color: #808080;\">\u00c0rea: <\/span><\/em><\/strong>Economia<br \/>\n<\/span><\/p>\n<p><a href=\"https:\/\/serveiseducatius.xtec.cat\/tarragones\/dinamitzacio\/trics\/trics13_jlozano\" target=\"_blank\" rel=\"noopener noreferrer\"><img loading=\"lazy\" decoding=\"async\" class=\"alignleft\" style=\"display: block; vertical-align: top; margin-right: 8px; float: left;\" src=\"https:\/\/serveiseducatius.xtec.cat\/tarragones\/wp-content\/uploads\/usu549\/2019\/03\/trics13_jlozano.jpg\" width=\"75\" height=\"100\" \/><\/a><span style=\"display: block; overflow: auto; height: 110px; text-align: justify;\"><strong><span style=\"color: #808080;\"><em>T\u00edtol: <\/em><\/span><\/strong><a href=\"https:\/\/serveiseducatius.xtec.cat\/tarragones\/dinamitzacio\/trics\/trics13_jlozano\" target=\"_blank\" rel=\"noopener noreferrer\"><strong>Percy Jackson, un llampec en la mitologia<\/strong><\/a><br \/>\n<strong><em><span style=\"color: #808080;\">Autor\/a: <\/span><\/em><\/strong><strong> J\u00falia Lozano Bel<\/strong><br \/>\n<strong><em><span style=\"color: #808080;\">Modalitat: <\/span><\/em><\/strong>Humanitats i Ci\u00e8ncies Socials<br \/>\n<strong><em><span style=\"color: #808080;\">\u00c0rea: <\/span><\/em><\/strong>Lleng\u00fces cl\u00e0ssiques<br \/>\n<\/span><\/p>\n<p><a href=\"https:\/\/serveiseducatius.xtec.cat\/tarragones\/dinamitzacio\/trics\/trics13_lbono\" target=\"_blank\" rel=\"noopener noreferrer\"><img loading=\"lazy\" decoding=\"async\" class=\"alignleft\" style=\"display: block; vertical-align: top; margin-right: 8px; float: left;\" src=\"https:\/\/serveiseducatius.xtec.cat\/tarragones\/wp-content\/uploads\/usu549\/2019\/02\/trics13_lbono.jpg\" width=\"75\" height=\"100\" \/><\/a><span style=\"display: block; overflow: auto; height: 110px; text-align: justify;\"><strong><span style=\"color: #808080;\"><em>T\u00edtol: <\/em><\/span><\/strong><a href=\"https:\/\/serveiseducatius.xtec.cat\/tarragones\/dinamitzacio\/trics\/trics13_lbono\" target=\"_blank\" rel=\"noopener noreferrer\"><strong>H\u00e0bits d&#8217;higiene bucodental al Baix Camp. Impacte dels col\u00b7lutoris en la microbiota de la cavitat bucal<\/strong><\/a><br \/>\n<strong><em><span style=\"color: #808080;\">Autor\/a: <\/span><\/em><\/strong><strong> Laia Bono<\/strong><br \/>\n<strong><em><span style=\"color: #808080;\">Modalitat: <\/span><\/em><\/strong>Ci\u00e8ncies i tecnologia: Ci\u00e8ncies de la Salut<br \/>\n<strong><em><span style=\"color: #808080;\">\u00c0rea: <\/span><\/em><\/strong>Odontologia<br \/>\n<\/span><\/p>\n<p><a href=\"https:\/\/serveiseducatius.xtec.cat\/tarragones\/dinamitzacio\/trics\/trics13_mroige\" target=\"_blank\" rel=\"noopener noreferrer\"><img loading=\"lazy\" decoding=\"async\" class=\"alignleft\" style=\"display: block; vertical-align: top; margin-right: 8px; float: left;\" src=\"https:\/\/serveiseducatius.xtec.cat\/tarragones\/wp-content\/uploads\/usu549\/2019\/03\/trics13_mroige.jpg\" width=\"75\" height=\"100\" \/><\/a><span style=\"display: block; overflow: auto; height: 110px; text-align: justify;\"><strong><span style=\"color: #808080;\"><em>T\u00edtol: <\/em><\/span><\/strong><a href=\"https:\/\/serveiseducatius.xtec.cat\/tarragones\/dinamitzacio\/trics\/trics13_mroige\" target=\"_blank\" rel=\"noopener noreferrer\"><strong>La ciberseguretat:l&#8217;altra cara de la transformaci\u00f3 digital<\/strong><\/a><br \/>\n<strong><em><span style=\"color: #808080;\">Autor\/a: <\/span><\/em><\/strong><strong> Marc Roig\u00e9 Benaiges<\/strong><br \/>\n<strong><em><span style=\"color: #808080;\">Modalitat: <\/span><\/em><\/strong>Ci\u00e8ncies i tecnologia: Cientificot\u00e8cnic<br \/>\n<strong><em><span style=\"color: #808080;\">\u00c0rea: <\/span><\/em><\/strong>Inform\u00e0tica i Disseny<br \/>\n<\/span><\/p>\n<p><a href=\"https:\/\/serveiseducatius.xtec.cat\/tarragones\/dinamitzacio\/trics\/trics13_mgrau\" target=\"_blank\" rel=\"noopener noreferrer\"><img loading=\"lazy\" decoding=\"async\" class=\"alignleft\" style=\"display: block; vertical-align: top; margin-right: 8px; float: left;\" src=\"https:\/\/serveiseducatius.xtec.cat\/tarragones\/wp-content\/uploads\/usu549\/2019\/03\/trics13_mgrau.jpg\" width=\"75\" height=\"100\" \/><\/a><span style=\"display: block; overflow: auto; height: 110px; text-align: justify;\"><strong><span style=\"color: #808080;\"><em>T\u00edtol: <\/em><\/span><\/strong><a href=\"https:\/\/serveiseducatius.xtec.cat\/tarragones\/dinamitzacio\/trics\/trics13_mgrau\" target=\"_blank\" rel=\"noopener noreferrer\"><strong>Ant\u00f2nia Abell\u00f3 i Filella. La mirada d&#8217;una dona republicana.<\/strong><\/a><br \/>\n<strong><em><span style=\"color: #808080;\">Autor\/a: <\/span><\/em><\/strong><strong> Marina Grau Llaurador<\/strong><br \/>\n<strong><em><span style=\"color: #808080;\">Modalitat: <\/span><\/em><\/strong>Humanitats i Ci\u00e8ncies Socials<br \/>\n<strong><em><span style=\"color: #808080;\">\u00c0rea: <\/span><\/em><\/strong>Literatura<br \/>\n<\/span><\/p>\n<p><a href=\"https:\/\/serveiseducatius.xtec.cat\/tarragones\/dinamitzacio\/trics\/trics13_oarino\" target=\"_blank\" rel=\"noopener noreferrer\"><img loading=\"lazy\" decoding=\"async\" class=\"alignleft\" style=\"display: block; vertical-align: top; margin-right: 8px; float: left;\" src=\"https:\/\/serveiseducatius.xtec.cat\/tarragones\/wp-content\/uploads\/usu549\/2019\/03\/trics13_oarino.jpg\" width=\"75\" height=\"100\" \/><\/a><span style=\"display: block; overflow: auto; height: 110px; text-align: justify;\"><strong><span style=\"color: #808080;\"><em>T\u00edtol: <\/em><\/span><\/strong><a href=\"https:\/\/serveiseducatius.xtec.cat\/tarragones\/dinamitzacio\/trics\/trics13_oarino\" target=\"_blank\" rel=\"noopener noreferrer\"><strong>Mutations gen\u00e8tiques: Qu\u00e8 falla?<\/strong><\/a><br \/>\n<strong><em><span style=\"color: #808080;\">Autor\/a: <\/span><\/em><\/strong><strong> Ona Ari\u00f1o Borr\u00e0s<\/strong><br \/>\n<strong><em><span style=\"color: #808080;\">Modalitat: <\/span><\/em><\/strong>Ci\u00e8ncies i tecnologia: Ci\u00e8ncies de la Salut<br \/>\n<strong><em><span style=\"color: #808080;\">\u00c0rea: <\/span><\/em><\/strong>Gen\u00e8tica<br \/>\n<\/span><\/p>\n<h3>Ins Francesc Vidal i Barraquer <em>(Tarragona)<\/em><\/h3>\n<p><a href=\"https:\/\/serveiseducatius.xtec.cat\/tarragones\/dinamitzacio\/trics\/trics13_cmartinez\" target=\"_blank\" rel=\"noopener noreferrer\"><img loading=\"lazy\" decoding=\"async\" class=\"alignleft\" style=\"display: block; vertical-align: top; margin-right: 8px; float: left;\" src=\"https:\/\/serveiseducatius.xtec.cat\/tarragones\/wp-content\/uploads\/usu549\/2019\/03\/trics13_cmartinez.jpg\" width=\"75\" height=\"100\" \/><\/a><span style=\"display: block; overflow: auto; height: 110px; text-align: justify;\"><strong><span style=\"color: #808080;\"><em>T\u00edtol: <\/em><\/span><\/strong><a href=\"https:\/\/serveiseducatius.xtec.cat\/tarragones\/dinamitzacio\/trics\/trics13_cmartinez\" target=\"_blank\" rel=\"noopener noreferrer\"><strong>Tecnolog\u00eda en el motociclismo<\/strong><\/a><br \/>\n<strong><em><span style=\"color: #808080;\">Autor\/a: <\/span><\/em><\/strong><strong> Carlos Mart\u00ednez Mart\u00ednez<\/strong><br \/>\n<strong><em><span style=\"color: #808080;\">Modalitat: <\/span><\/em><\/strong>Humanitats i Ci\u00e8ncies Socials<br \/>\n<strong><em><span style=\"color: #808080;\">\u00c0rea: <\/span><\/em><\/strong>Educaci\u00f3 F\u00edsica<br \/>\n<\/span><\/p>\n<p><a href=\"https:\/\/serveiseducatius.xtec.cat\/tarragones\/dinamitzacio\/trics\/trics13_cllaveria\" target=\"_blank\" rel=\"noopener noreferrer\"><img loading=\"lazy\" decoding=\"async\" class=\"alignleft\" style=\"display: block; vertical-align: top; margin-right: 8px; float: left;\" src=\"https:\/\/serveiseducatius.xtec.cat\/tarragones\/wp-content\/uploads\/usu549\/2019\/03\/trics13_cllaveria.jpg\" width=\"75\" height=\"100\" \/><\/a><span style=\"display: block; overflow: auto; height: 110px; text-align: justify;\"><strong><span style=\"color: #808080;\"><em>T\u00edtol: <\/em><\/span><\/strong><a href=\"https:\/\/serveiseducatius.xtec.cat\/tarragones\/dinamitzacio\/trics\/trics13_cllaveria\" target=\"_blank\" rel=\"noopener noreferrer\"><strong>Teoria i pr\u00e0ctica de l&#8217;obra teatral<\/strong><\/a><br \/>\n<strong><em><span style=\"color: #808080;\">Autor\/a: <\/span><\/em><\/strong><strong> Cl\u00e0udia Llaveria Romero<\/strong><br \/>\n<strong><em><span style=\"color: #808080;\">Modalitat: <\/span><\/em><\/strong>Humanitats i Ci\u00e8ncies Socials<br \/>\n<strong><em><span style=\"color: #808080;\">\u00c0rea: <\/span><\/em><\/strong>Literatura<br \/>\n<\/span><\/p>\n<p><a href=\"https:\/\/serveiseducatius.xtec.cat\/tarragones\/dinamitzacio\/trics\/trics13_igavilan\" target=\"_blank\" rel=\"noopener noreferrer\"><img loading=\"lazy\" decoding=\"async\" class=\"alignleft\" style=\"display: block; vertical-align: top; margin-right: 8px; float: left;\" src=\"https:\/\/serveiseducatius.xtec.cat\/tarragones\/wp-content\/uploads\/usu549\/2019\/03\/trics13_igavilan.jpg\" width=\"75\" height=\"100\" \/><\/a><span style=\"display: block; overflow: auto; height: 110px; text-align: justify;\"><strong><span style=\"color: #808080;\"><em>T\u00edtol: <\/em><\/span><\/strong><a href=\"https:\/\/serveiseducatius.xtec.cat\/tarragones\/dinamitzacio\/trics\/trics13_igavilan\" target=\"_blank\" rel=\"noopener noreferrer\"><strong>Reforma de l&#8217; institut<\/strong><\/a><br \/>\n<strong><em><span style=\"color: #808080;\">Autor\/a: <\/span><\/em><\/strong><strong> Iker Gavil\u00e1n Casta\u00f1ares<\/strong><br \/>\n<strong><em><span style=\"color: #808080;\">Modalitat: <\/span><\/em><\/strong>Ci\u00e8ncies i tecnologia: Cientificot\u00e8cnic<br \/>\n<strong><em><span style=\"color: #808080;\">\u00c0rea: <\/span><\/em><\/strong>Dibuix T\u00e8cnic<br \/>\n<\/span><\/p>\n<p><a href=\"https:\/\/serveiseducatius.xtec.cat\/tarragones\/dinamitzacio\/trics\/trics13_jrodriguez\" target=\"_blank\" rel=\"noopener noreferrer\"><img loading=\"lazy\" decoding=\"async\" class=\"alignleft\" style=\"display: block; vertical-align: top; margin-right: 8px; float: left;\" src=\"https:\/\/serveiseducatius.xtec.cat\/tarragones\/wp-content\/uploads\/usu549\/2019\/03\/trics13_jrodriguez.jpg\" width=\"75\" height=\"100\" \/><\/a><span style=\"display: block; overflow: auto; height: 110px; text-align: justify;\"><strong><span style=\"color: #808080;\"><em>T\u00edtol: <\/em><\/span><\/strong><a href=\"https:\/\/serveiseducatius.xtec.cat\/tarragones\/dinamitzacio\/trics\/trics13_jrodriguez\" target=\"_blank\" rel=\"noopener noreferrer\"><strong>El Estr\u00e9s y la Ansiedad en el alumnado de La Salle Torreforta<\/strong><\/a><br \/>\n<strong><em><span style=\"color: #808080;\">Autor\/a: <\/span><\/em><\/strong><strong> Josep Rodr\u00edguez Osorio<\/strong><br \/>\n<strong><em><span style=\"color: #808080;\">Modalitat: <\/span><\/em><\/strong>Humanitats i Ci\u00e8ncies Socials<br \/>\n<strong><em><span style=\"color: #808080;\">\u00c0rea: <\/span><\/em><\/strong>Filosofia<br \/>\n<\/span><\/p>\n<p><a href=\"https:\/\/serveiseducatius.xtec.cat\/tarragones\/dinamitzacio\/trics\/trics13_lhauser\" target=\"_blank\" rel=\"noopener noreferrer\"><img loading=\"lazy\" decoding=\"async\" class=\"alignleft\" style=\"display: block; vertical-align: top; margin-right: 8px; float: left;\" src=\"https:\/\/serveiseducatius.xtec.cat\/tarragones\/wp-content\/uploads\/usu549\/2019\/03\/trics13_lhauser.jpg\" width=\"75\" height=\"100\" \/><\/a><span style=\"display: block; overflow: auto; height: 110px; text-align: justify;\"><strong><span style=\"color: #808080;\"><em>T\u00edtol: <\/em><\/span><\/strong><a href=\"https:\/\/serveiseducatius.xtec.cat\/tarragones\/dinamitzacio\/trics\/trics13_lhauser\" target=\"_blank\" rel=\"noopener noreferrer\"><strong>Rob\u00f3tica<\/strong><\/a><br \/>\n<strong><em><span style=\"color: #808080;\">Autor\/a: <\/span><\/em><\/strong><strong> Luciano Jes\u00fas Hauser Tortosa<\/strong><br \/>\n<strong><em><span style=\"color: #808080;\">Modalitat: <\/span><\/em><\/strong>Ci\u00e8ncies i tecnologia: Cientificot\u00e8cnic<br \/>\n<strong><em><span style=\"color: #808080;\">\u00c0rea: <\/span><\/em><\/strong>Tecnologia<br \/>\n<\/span><\/p>\n<p><a href=\"https:\/\/serveiseducatius.xtec.cat\/tarragones\/dinamitzacio\/trics\/trics13_lgomez\" target=\"_blank\" rel=\"noopener noreferrer\"><img loading=\"lazy\" decoding=\"async\" class=\"alignleft\" style=\"display: block; vertical-align: top; margin-right: 8px; float: left;\" src=\"https:\/\/serveiseducatius.xtec.cat\/tarragones\/wp-content\/uploads\/usu549\/2019\/03\/trics13_lgomez.jpg\" width=\"75\" height=\"100\" \/><\/a><span style=\"display: block; overflow: auto; height: 110px; text-align: justify;\"><strong><span style=\"color: #808080;\"><em>T\u00edtol: <\/em><\/span><\/strong><a href=\"https:\/\/serveiseducatius.xtec.cat\/tarragones\/dinamitzacio\/trics\/trics13_lgomez\" target=\"_blank\" rel=\"noopener noreferrer\"><strong>Viv\u00e8ncies a la Guerra Civil: La Guerra Civil Espanyola<\/strong><\/a><br \/>\n<strong><em><span style=\"color: #808080;\">Autor\/a: <\/span><\/em><\/strong><strong> Lu\u00eds G\u00f3mez Galindo<\/strong><br \/>\n<strong><em><span style=\"color: #808080;\">Modalitat: <\/span><\/em><\/strong>Humanitats i Ci\u00e8ncies Socials<br \/>\n<strong><em><span style=\"color: #808080;\">\u00c0rea: <\/span><\/em><\/strong>Hist\u00f2ria<br \/>\n<\/span><\/p>\n<p><a href=\"https:\/\/serveiseducatius.xtec.cat\/tarragones\/dinamitzacio\/trics\/trics13_mmartinez\" target=\"_blank\" rel=\"noopener noreferrer\"><img loading=\"lazy\" decoding=\"async\" class=\"alignleft\" style=\"display: block; vertical-align: top; margin-right: 8px; float: left;\" src=\"https:\/\/serveiseducatius.xtec.cat\/tarragones\/wp-content\/uploads\/usu549\/2019\/02\/trics13_mmartinez.jpg\" width=\"75\" height=\"100\" \/><\/a><span style=\"display: block; overflow: auto; height: 110px; text-align: justify;\"><strong><span style=\"color: #808080;\"><em>T\u00edtol: <\/em><\/span><\/strong><a href=\"https:\/\/serveiseducatius.xtec.cat\/tarragones\/dinamitzacio\/trics\/trics13_mmartinez\" target=\"_blank\" rel=\"noopener noreferrer\"><strong>El m\u00e0rqueting a les xarxes socials: An\u00e0lisi de les xarxes de PortAventura World<\/strong><\/a><br \/>\n<strong><em><span style=\"color: #808080;\">Autor\/a: <\/span><\/em><\/strong><strong> Maria Mart\u00ednez Castro<\/strong><br \/>\n<strong><em><span style=\"color: #808080;\">Modalitat: <\/span><\/em><\/strong>Humanitats i Ci\u00e8ncies Socials<br \/>\n<strong><em><span style=\"color: #808080;\">\u00c0rea: <\/span><\/em><\/strong>Economia<br \/>\n<\/span><\/p>\n<p><a href=\"https:\/\/serveiseducatius.xtec.cat\/tarragones\/dinamitzacio\/trics\/trics13_nneira\" target=\"_blank\" rel=\"noopener noreferrer\"><img loading=\"lazy\" decoding=\"async\" class=\"alignleft\" style=\"display: block; vertical-align: top; margin-right: 8px; float: left;\" src=\"https:\/\/serveiseducatius.xtec.cat\/tarragones\/wp-content\/uploads\/usu549\/2019\/03\/trics13_nofoto.jpg\" width=\"75\" height=\"100\" \/><\/a><span style=\"display: block; overflow: auto; height: 110px; text-align: justify;\"><strong><span style=\"color: #808080;\"><em>T\u00edtol: <\/em><\/span><\/strong><a href=\"https:\/\/serveiseducatius.xtec.cat\/tarragones\/dinamitzacio\/trics\/trics13_nneira\" target=\"_blank\" rel=\"noopener noreferrer\"><strong>Petroqu\u00edmica, som conscients?<\/strong><\/a><br \/>\n<strong><em><span style=\"color: #808080;\">Autor\/a: <\/span><\/em><\/strong><strong> Neus Neira Garc\u00eda<\/strong><br \/>\n<strong><em><span style=\"color: #808080;\">Modalitat: <\/span><\/em><\/strong>Ci\u00e8ncies i tecnologia: Ci\u00e8ncies de la Salut<br \/>\n<strong><em><span style=\"color: #808080;\">\u00c0rea: <\/span><\/em><\/strong>Ci\u00e8ncies de la Terra i del Medi Ambient<br \/>\n<\/span><\/p>\n<h3>Ins Gabriel Ferrater i Soler <em>(Reus)<\/em><\/h3>\n<p><a href=\"https:\/\/serveiseducatius.xtec.cat\/tarragones\/dinamitzacio\/trics\/trics13_mpitarch\" target=\"_blank\" rel=\"noopener noreferrer\"><img loading=\"lazy\" decoding=\"async\" class=\"alignleft\" style=\"display: block; vertical-align: top; margin-right: 8px; float: left;\" src=\"https:\/\/serveiseducatius.xtec.cat\/tarragones\/wp-content\/uploads\/usu549\/2019\/03\/trics13_mpitarch.jpg\" width=\"75\" height=\"100\" \/><\/a><span style=\"display: block; overflow: auto; height: 110px; text-align: justify;\"><strong><span style=\"color: #808080;\"><em>T\u00edtol: <\/em><\/span><\/strong><a href=\"https:\/\/serveiseducatius.xtec.cat\/tarragones\/dinamitzacio\/trics\/trics13_mpitarch\" target=\"_blank\" rel=\"noopener noreferrer\"><strong>Afecta la crema solar a Artemia salina?<\/strong><\/a><br \/>\n<strong><em><span style=\"color: #808080;\">Autor\/a: <\/span><\/em><\/strong><strong> Marta Pitarch Savall<\/strong><br \/>\n<strong><em><span style=\"color: #808080;\">Modalitat: <\/span><\/em><\/strong>Ci\u00e8ncies i tecnologia: Ci\u00e8ncies de la Salut<br \/>\n<strong><em><span style=\"color: #808080;\">\u00c0rea: <\/span><\/em><\/strong>Biologia ambiental<br \/>\n<\/span><\/p>\n<p><a href=\"https:\/\/serveiseducatius.xtec.cat\/tarragones\/dinamitzacio\/trics\/trics13_mmorello\" target=\"_blank\" rel=\"noopener noreferrer\"><img loading=\"lazy\" decoding=\"async\" class=\"alignleft\" style=\"display: block; vertical-align: top; margin-right: 8px; float: left;\" src=\"https:\/\/serveiseducatius.xtec.cat\/tarragones\/wp-content\/uploads\/usu549\/2019\/03\/trics13_mmorello.jpg\" width=\"75\" height=\"100\" \/><\/a><span style=\"display: block; overflow: auto; height: 110px; text-align: justify;\"><strong><span style=\"color: #808080;\"><em>T\u00edtol: <\/em><\/span><\/strong><a href=\"https:\/\/serveiseducatius.xtec.cat\/tarragones\/dinamitzacio\/trics\/trics13_mmorello\" target=\"_blank\" rel=\"noopener noreferrer\"><strong>m2 de benestar &#8211; Influ\u00e8ncia de la densitat en el benestar animal<\/strong><\/a><br \/>\n<strong><em><span style=\"color: #808080;\">Autor\/a: <\/span><\/em><\/strong><strong> Mireia Morell\u00f3 Adzerias<\/strong><br \/>\n<strong><em><span style=\"color: #808080;\">Modalitat: <\/span><\/em><\/strong>Ci\u00e8ncies i tecnologia: Ci\u00e8ncies de la Salut<br \/>\n<strong><em><span style=\"color: #808080;\">\u00c0rea: <\/span><\/em><\/strong>Biologia ambiental<br \/>\n<\/span><\/p>\n<p><a href=\"https:\/\/serveiseducatius.xtec.cat\/tarragones\/dinamitzacio\/trics\/trics13_nrodriguez\" target=\"_blank\" rel=\"noopener noreferrer\"><img loading=\"lazy\" decoding=\"async\" class=\"alignleft\" style=\"display: block; vertical-align: top; margin-right: 8px; float: left;\" src=\"https:\/\/serveiseducatius.xtec.cat\/tarragones\/wp-content\/uploads\/usu549\/2019\/03\/trics13_nrodriguez.jpg\" width=\"75\" height=\"100\" \/><\/a><span style=\"display: block; overflow: auto; height: 110px; text-align: justify;\"><strong><span style=\"color: #808080;\"><em>T\u00edtol: <\/em><\/span><\/strong><a href=\"https:\/\/serveiseducatius.xtec.cat\/tarragones\/dinamitzacio\/trics\/trics13_nrodriguez\" target=\"_blank\" rel=\"noopener noreferrer\"><strong>Els coloms: control o plaga?<\/strong><\/a><br \/>\n<strong><em><span style=\"color: #808080;\">Autor\/a: <\/span><\/em><\/strong><strong> Natalia Rodr\u00edguez Villegas<\/strong><br \/>\n<strong><em><span style=\"color: #808080;\">Modalitat: <\/span><\/em><\/strong>Ci\u00e8ncies i tecnologia: Ci\u00e8ncies de la Salut<br \/>\n<strong><em><span style=\"color: #808080;\">\u00c0rea: <\/span><\/em><\/strong>Biologia ambiental<br \/>\n<\/span><\/p>\n<p><a href=\"https:\/\/serveiseducatius.xtec.cat\/tarragones\/dinamitzacio\/trics\/trics13_nvidiella\" target=\"_blank\" rel=\"noopener noreferrer\"><img loading=\"lazy\" decoding=\"async\" class=\"alignleft\" style=\"display: block; vertical-align: top; margin-right: 8px; float: left;\" src=\"https:\/\/serveiseducatius.xtec.cat\/tarragones\/wp-content\/uploads\/usu549\/2019\/03\/trics13_nvidiella.jpg\" width=\"75\" height=\"100\" \/><\/a><span style=\"display: block; overflow: auto; height: 110px; text-align: justify;\"><strong><span style=\"color: #808080;\"><em>T\u00edtol: <\/em><\/span><\/strong><a href=\"https:\/\/serveiseducatius.xtec.cat\/tarragones\/dinamitzacio\/trics\/trics13_nvidiella\" target=\"_blank\" rel=\"noopener noreferrer\"><strong>Del cor al m\u00f3n. Versionant la can\u00e7\u00f3 protesta<\/strong><\/a><br \/>\n<strong><em><span style=\"color: #808080;\">Autor\/a: <\/span><\/em><\/strong><strong> N\u00faria Vidiella Llorach<\/strong><br \/>\n<strong><em><span style=\"color: #808080;\">Modalitat: <\/span><\/em><\/strong>Humanitats i Ci\u00e8ncies Socials<br \/>\n<strong><em><span style=\"color: #808080;\">\u00c0rea: <\/span><\/em><\/strong>M\u00fasica<br \/>\n<\/span><\/p>\n<p><a href=\"https:\/\/serveiseducatius.xtec.cat\/tarragones\/dinamitzacio\/trics\/trics13_opazdriy\" target=\"_blank\" rel=\"noopener noreferrer\"><img loading=\"lazy\" decoding=\"async\" class=\"alignleft\" style=\"display: block; vertical-align: top; margin-right: 8px; float: left;\" src=\"https:\/\/serveiseducatius.xtec.cat\/tarragones\/wp-content\/uploads\/usu549\/2019\/03\/trics13_opazdriy.jpg\" width=\"75\" height=\"100\" \/><\/a><span style=\"display: block; overflow: auto; height: 110px; text-align: justify;\"><strong><span style=\"color: #808080;\"><em>T\u00edtol: <\/em><\/span><\/strong><a href=\"https:\/\/serveiseducatius.xtec.cat\/tarragones\/dinamitzacio\/trics\/trics13_opazdriy\" target=\"_blank\" rel=\"noopener noreferrer\"><strong>Disseny i construcci\u00f3 d&#8217;un mol\u00ed de vent<\/strong><\/a><br \/>\n<strong><em><span style=\"color: #808080;\">Autor\/a: <\/span><\/em><\/strong><strong> Olha Pazdriy<\/strong><br \/>\n<strong><em><span style=\"color: #808080;\">Modalitat: <\/span><\/em><\/strong>Ci\u00e8ncies i tecnologia: Cientificot\u00e8cnic<br \/>\n<strong><em><span style=\"color: #808080;\">\u00c0rea: <\/span><\/em><\/strong>Dibuix T\u00e8cnic<br \/>\n<\/span><\/p>\n<p><a href=\"https:\/\/serveiseducatius.xtec.cat\/tarragones\/dinamitzacio\/trics\/trics13_pmarti\" target=\"_blank\" rel=\"noopener noreferrer\"><img loading=\"lazy\" decoding=\"async\" class=\"alignleft\" style=\"display: block; vertical-align: top; margin-right: 8px; float: left;\" src=\"https:\/\/serveiseducatius.xtec.cat\/tarragones\/wp-content\/uploads\/usu549\/2019\/03\/trics13_pmarti.jpg\" width=\"75\" height=\"100\" \/><\/a><span style=\"display: block; overflow: auto; height: 110px; text-align: justify;\"><strong><span style=\"color: #808080;\"><em>T\u00edtol: <\/em><\/span><\/strong><a href=\"https:\/\/serveiseducatius.xtec.cat\/tarragones\/dinamitzacio\/trics\/trics13_pmarti\" target=\"_blank\" rel=\"noopener noreferrer\"><strong>Princesas Disney, el papel de los personajes femeninos en las pel\u00edculas de princesas.<\/strong><\/a><br \/>\n<strong><em><span style=\"color: #808080;\">Autor\/a: <\/span><\/em><\/strong><strong> Patricia Marti C\u00e1novas<\/strong><br \/>\n<strong><em><span style=\"color: #808080;\">Modalitat: <\/span><\/em><\/strong>Humanitats i Ci\u00e8ncies Socials<br \/>\n<strong><em><span style=\"color: #808080;\">\u00c0rea: <\/span><\/em><\/strong>Llengua<br \/>\n<\/span><\/p>\n<p><a href=\"https:\/\/serveiseducatius.xtec.cat\/tarragones\/dinamitzacio\/trics\/trics13_pmunoz\" target=\"_blank\" rel=\"noopener noreferrer\"><img loading=\"lazy\" decoding=\"async\" class=\"alignleft\" style=\"display: block; vertical-align: top; margin-right: 8px; float: left;\" src=\"https:\/\/serveiseducatius.xtec.cat\/tarragones\/wp-content\/uploads\/usu549\/2019\/03\/trics13_nofoto.jpg\" width=\"75\" height=\"100\" \/><\/a><span style=\"display: block; overflow: auto; height: 110px; text-align: justify;\"><strong><span style=\"color: #808080;\"><em>T\u00edtol: <\/em><\/span><\/strong><a href=\"https:\/\/serveiseducatius.xtec.cat\/tarragones\/dinamitzacio\/trics\/trics13_pmunoz\" target=\"_blank\" rel=\"noopener noreferrer\"><strong>Vietnam: Aproximaci\u00f3 a una hist\u00f2ria<\/strong><\/a><br \/>\n<strong><em><span style=\"color: #808080;\">Autor\/a: <\/span><\/em><\/strong><strong> Pau Mu\u00f1oz Bardou<\/strong><br \/>\n<strong><em><span style=\"color: #808080;\">Modalitat: <\/span><\/em><\/strong>Humanitats i Ci\u00e8ncies Socials<br \/>\n<strong><em><span style=\"color: #808080;\">\u00c0rea: <\/span><\/em><\/strong>Hist\u00f2ria<br \/>\n<\/span><\/p>\n<p><a href=\"https:\/\/serveiseducatius.xtec.cat\/tarragones\/dinamitzacio\/trics\/trics13_xvallve\" target=\"_blank\" rel=\"noopener noreferrer\"><img loading=\"lazy\" decoding=\"async\" class=\"alignleft\" style=\"display: block; vertical-align: top; margin-right: 8px; float: left;\" src=\"https:\/\/serveiseducatius.xtec.cat\/tarragones\/wp-content\/uploads\/usu549\/2019\/03\/trics13_xvallve.jpg\" width=\"75\" height=\"100\" \/><\/a><span style=\"display: block; overflow: auto; height: 110px; text-align: justify;\"><strong><span style=\"color: #808080;\"><em>T\u00edtol: <\/em><\/span><\/strong><a href=\"https:\/\/serveiseducatius.xtec.cat\/tarragones\/dinamitzacio\/trics\/trics13_xvallve\" target=\"_blank\" rel=\"noopener noreferrer\"><strong>La injusta Just\u00edcia<\/strong><\/a><br \/>\n<strong><em><span style=\"color: #808080;\">Autor\/a: <\/span><\/em><\/strong><strong> X\u00e8nia Vallv\u00e9 Calvet<\/strong><br \/>\n<strong><em><span style=\"color: #808080;\">Modalitat: <\/span><\/em><\/strong>Humanitats i Ci\u00e8ncies Socials<br \/>\n<strong><em><span style=\"color: #808080;\">\u00c0rea: <\/span><\/em><\/strong>Llengua<br \/>\n<\/span><\/p>\n<h3>Ins Gaud\u00ed <em>(Reus)<\/em><\/h3>\n<p><a href=\"https:\/\/serveiseducatius.xtec.cat\/tarragones\/dinamitzacio\/trics\/trics13_fzheng\" target=\"_blank\" rel=\"noopener noreferrer\"><img loading=\"lazy\" decoding=\"async\" class=\"alignleft\" style=\"display: block; vertical-align: top; margin-right: 8px; float: left;\" src=\"https:\/\/serveiseducatius.xtec.cat\/tarragones\/wp-content\/uploads\/usu549\/2019\/03\/trics13_fzheng.jpg\" width=\"75\" height=\"100\" \/><\/a><span style=\"display: block; overflow: auto; height: 110px; text-align: justify;\"><strong><span style=\"color: #808080;\"><em>T\u00edtol: <\/em><\/span><\/strong><a href=\"https:\/\/serveiseducatius.xtec.cat\/tarragones\/dinamitzacio\/trics\/trics13_fzheng\" target=\"_blank\" rel=\"noopener noreferrer\"><strong>Chinese writing: Chinese characters creation method<\/strong><\/a><br \/>\n<strong><em><span style=\"color: #808080;\">Autor\/a: <\/span><\/em><\/strong><strong> FeiFei Zheng<\/strong><br \/>\n<strong><em><span style=\"color: #808080;\">Modalitat: <\/span><\/em><\/strong>Humanitats i Ci\u00e8ncies Socials<br \/>\n<strong><em><span style=\"color: #808080;\">\u00c0rea: <\/span><\/em><\/strong>Llengua<br \/>\n<\/span><\/p>\n<p><a href=\"https:\/\/serveiseducatius.xtec.cat\/tarragones\/dinamitzacio\/trics\/trics13_njansa\" target=\"_blank\" rel=\"noopener noreferrer\"><img loading=\"lazy\" decoding=\"async\" class=\"alignleft\" style=\"display: block; vertical-align: top; margin-right: 8px; float: left;\" src=\"https:\/\/serveiseducatius.xtec.cat\/tarragones\/wp-content\/uploads\/usu549\/2019\/03\/trics13_njansa.jpg\" width=\"75\" height=\"100\" \/><\/a><span style=\"display: block; overflow: auto; height: 110px; text-align: justify;\"><strong><span style=\"color: #808080;\"><em>T\u00edtol: <\/em><\/span><\/strong><a href=\"https:\/\/serveiseducatius.xtec.cat\/tarragones\/dinamitzacio\/trics\/trics13_njansa\" target=\"_blank\" rel=\"noopener noreferrer\"><strong>Temps de mem\u00f2ria (Cornudella de Montsant durant la Guerra Civil)<\/strong><\/a><br \/>\n<strong><em><span style=\"color: #808080;\">Autor\/a: <\/span><\/em><\/strong><strong> Neus Jans\u00e0 Aragon\u00e8s<\/strong><br \/>\n<strong><em><span style=\"color: #808080;\">Modalitat: <\/span><\/em><\/strong>Humanitats i Ci\u00e8ncies Socials<br \/>\n<strong><em><span style=\"color: #808080;\">\u00c0rea: <\/span><\/em><\/strong>Hist\u00f2ria<br \/>\n<\/span><\/p>\n<h3>Ins Jaume Huguet <em>(Valls)<\/em><\/h3>\n<p><a href=\"https:\/\/serveiseducatius.xtec.cat\/tarragones\/dinamitzacio\/trics\/trics13_adomenech\" target=\"_blank\" rel=\"noopener noreferrer\"><img loading=\"lazy\" decoding=\"async\" class=\"alignleft\" style=\"display: block; vertical-align: top; margin-right: 8px; float: left;\" src=\"https:\/\/serveiseducatius.xtec.cat\/tarragones\/wp-content\/uploads\/usu549\/2019\/03\/trics13_adomenech.jpg\" width=\"75\" height=\"100\" \/><\/a><span style=\"display: block; overflow: auto; height: 110px; text-align: justify;\"><strong><span style=\"color: #808080;\"><em>T\u00edtol: <\/em><\/span><\/strong><a href=\"https:\/\/serveiseducatius.xtec.cat\/tarragones\/dinamitzacio\/trics\/trics13_adomenech\" target=\"_blank\" rel=\"noopener noreferrer\"><strong>Les persones refugiades cap a Europa: atansant aquest problema al jovent<\/strong><\/a><br \/>\n<strong><em><span style=\"color: #808080;\">Autor\/a: <\/span><\/em><\/strong><strong> Ariadna Dom\u00e8nech Seg\u00fa<\/strong><br \/>\n<strong><em><span style=\"color: #808080;\">Modalitat: <\/span><\/em><\/strong>Ci\u00e8ncies i tecnologia: Ci\u00e8ncies de la Salut<br \/>\n<strong><em><span style=\"color: #808080;\">\u00c0rea: <\/span><\/em><\/strong>Gen\u00e8tica<br \/>\n<\/span><\/p>\n<p><a href=\"https:\/\/serveiseducatius.xtec.cat\/tarragones\/dinamitzacio\/trics\/trics13_eplana\" target=\"_blank\" rel=\"noopener noreferrer\"><img loading=\"lazy\" decoding=\"async\" class=\"alignleft\" style=\"display: block; vertical-align: top; margin-right: 8px; float: left;\" src=\"https:\/\/serveiseducatius.xtec.cat\/tarragones\/wp-content\/uploads\/usu549\/2019\/02\/trics13_eplana.jpg\" width=\"75\" height=\"100\" \/><\/a><span style=\"display: block; overflow: auto; height: 110px; text-align: justify;\"><strong><span style=\"color: #808080;\"><em>T\u00edtol: <\/em><\/span><\/strong><a href=\"https:\/\/serveiseducatius.xtec.cat\/tarragones\/dinamitzacio\/trics\/trics13_eplana\" target=\"_blank\" rel=\"noopener noreferrer\"><strong>La vida erem\u00edtica a les comarques de Tarragona<\/strong><\/a><br \/>\n<strong><em><span style=\"color: #808080;\">Autor\/a: <\/span><\/em><\/strong><strong> Elisenda Plana Armengol<\/strong><br \/>\n<strong><em><span style=\"color: #808080;\">Modalitat: <\/span><\/em><\/strong>Humanitats i Ci\u00e8ncies Socials<br \/>\n<strong><em><span style=\"color: #808080;\">\u00c0rea: <\/span><\/em><\/strong>Filosofia<br \/>\n<\/span><\/p>\n<p><a href=\"https:\/\/serveiseducatius.xtec.cat\/tarragones\/dinamitzacio\/trics\/trics13_malvarezc\" target=\"_blank\" rel=\"noopener noreferrer\"><img loading=\"lazy\" decoding=\"async\" class=\"alignleft\" style=\"display: block; vertical-align: top; margin-right: 8px; float: left;\" src=\"https:\/\/serveiseducatius.xtec.cat\/tarragones\/wp-content\/uploads\/usu549\/2019\/03\/trics13_malvarezc.jpg\" width=\"75\" height=\"100\" \/><\/a><span style=\"display: block; overflow: auto; height: 110px; text-align: justify;\"><strong><span style=\"color: #808080;\"><em>T\u00edtol: <\/em><\/span><\/strong><a href=\"https:\/\/serveiseducatius.xtec.cat\/tarragones\/dinamitzacio\/trics\/trics13_malvarezc\" target=\"_blank\" rel=\"noopener noreferrer\"><strong>Aspirina: molt m\u00e9s que un simple medicament<\/strong><\/a><br \/>\n<strong><em><span style=\"color: #808080;\">Autor\/a: <\/span><\/em><\/strong><strong> Maria del Mar \u00c0lvarez Contijoch<\/strong><br \/>\n<strong><em><span style=\"color: #808080;\">Modalitat: <\/span><\/em><\/strong>Ci\u00e8ncies i tecnologia: Cientificot\u00e8cnic<br \/>\n<strong><em><span style=\"color: #808080;\">\u00c0rea: <\/span><\/em><\/strong>Qu\u00edmica<br \/>\n<\/span><\/p>\n<p><a href=\"https:\/\/serveiseducatius.xtec.cat\/tarragones\/dinamitzacio\/trics\/trics13_randreu\" target=\"_blank\" rel=\"noopener noreferrer\"><img loading=\"lazy\" decoding=\"async\" class=\"alignleft\" style=\"display: block; vertical-align: top; margin-right: 8px; float: left;\" src=\"https:\/\/serveiseducatius.xtec.cat\/tarragones\/wp-content\/uploads\/usu549\/2019\/03\/trics13_randreu.jpg\" width=\"75\" height=\"100\" \/><\/a><span style=\"display: block; overflow: auto; height: 110px; text-align: justify;\"><strong><span style=\"color: #808080;\"><em>T\u00edtol: <\/em><\/span><\/strong><a href=\"https:\/\/serveiseducatius.xtec.cat\/tarragones\/dinamitzacio\/trics\/trics13_randreu\" target=\"_blank\" rel=\"noopener noreferrer\"><strong>Antibi\u00f2tics: una mort anunciada? Estudi sobre l&#8217;efecte de l&#8217;all, el roman\u00ed i la farigola.<\/strong><\/a><br \/>\n<strong><em><span style=\"color: #808080;\">Autor\/a: <\/span><\/em><\/strong><strong> Rita Andreu Sans<\/strong><br \/>\n<strong><em><span style=\"color: #808080;\">Modalitat: <\/span><\/em><\/strong>Ci\u00e8ncies i tecnologia: Ci\u00e8ncies de la Salut<br \/>\n<strong><em><span style=\"color: #808080;\">\u00c0rea: <\/span><\/em><\/strong>Biologia<br \/>\n<\/span><\/p>\n<h3>Ins Jaume I <em>(Salou)<\/em><\/h3>\n<p><a href=\"https:\/\/serveiseducatius.xtec.cat\/tarragones\/dinamitzacio\/trics\/trics13_aprats\" target=\"_blank\" rel=\"noopener noreferrer\"><img loading=\"lazy\" decoding=\"async\" class=\"alignleft\" style=\"display: block; vertical-align: top; margin-right: 8px; float: left;\" src=\"https:\/\/serveiseducatius.xtec.cat\/tarragones\/wp-content\/uploads\/usu549\/2019\/03\/trics13_aprats.jpg\" width=\"75\" height=\"100\" \/><\/a><span style=\"display: block; overflow: auto; height: 110px; text-align: justify;\"><strong><span style=\"color: #808080;\"><em>T\u00edtol: <\/em><\/span><\/strong><a href=\"https:\/\/serveiseducatius.xtec.cat\/tarragones\/dinamitzacio\/trics\/trics13_aprats\" target=\"_blank\" rel=\"noopener noreferrer\"><strong>Els efectes t\u00f2xics d&#8217;alguns productes qu\u00edmics dom\u00e9stics sobre l&#8217;Artemia salina.<\/strong><\/a><br \/>\n<strong><em><span style=\"color: #808080;\">Autor\/a: <\/span><\/em><\/strong><strong> Annabel Prats L\u00f3pez<\/strong><br \/>\n<strong><em><span style=\"color: #808080;\">Modalitat: <\/span><\/em><\/strong>Ci\u00e8ncies i tecnologia: Ci\u00e8ncies de la Salut<br \/>\n<strong><em><span style=\"color: #808080;\">\u00c0rea: <\/span><\/em><\/strong>Biologia ambiental<br \/>\n<\/span><\/p>\n<p><a href=\"https:\/\/serveiseducatius.xtec.cat\/tarragones\/dinamitzacio\/trics\/trics13_jgaviria\" target=\"_blank\" rel=\"noopener noreferrer\"><img loading=\"lazy\" decoding=\"async\" class=\"alignleft\" style=\"display: block; vertical-align: top; margin-right: 8px; float: left;\" src=\"https:\/\/serveiseducatius.xtec.cat\/tarragones\/wp-content\/uploads\/usu549\/2019\/03\/trics13_jgaviria.jpg\" width=\"75\" height=\"100\" \/><\/a><span style=\"display: block; overflow: auto; height: 110px; text-align: justify;\"><strong><span style=\"color: #808080;\"><em>T\u00edtol: <\/em><\/span><\/strong><a href=\"https:\/\/serveiseducatius.xtec.cat\/tarragones\/dinamitzacio\/trics\/trics13_jgaviria\" target=\"_blank\" rel=\"noopener noreferrer\"><strong>\u00bfExhibir es vender? El sexismo en la publicidad actual<\/strong><\/a><br \/>\n<strong><em><span style=\"color: #808080;\">Autor\/a: <\/span><\/em><\/strong><strong> Jennifer Andrea Gaviria Loy<\/strong><br \/>\n<strong><em><span style=\"color: #808080;\">Modalitat: <\/span><\/em><\/strong>Humanitats i Ci\u00e8ncies Socials<br \/>\n<strong><em><span style=\"color: #808080;\">\u00c0rea: <\/span><\/em><\/strong>Llengua<br \/>\n<\/span><\/p>\n<p><a href=\"https:\/\/serveiseducatius.xtec.cat\/tarragones\/dinamitzacio\/trics\/trics13_ocastro\" target=\"_blank\" rel=\"noopener noreferrer\"><img loading=\"lazy\" decoding=\"async\" class=\"alignleft\" style=\"display: block; vertical-align: top; margin-right: 8px; float: left;\" src=\"https:\/\/serveiseducatius.xtec.cat\/tarragones\/wp-content\/uploads\/usu549\/2019\/03\/trics13_ocastro.jpg\" width=\"75\" height=\"100\" \/><\/a><span style=\"display: block; overflow: auto; height: 110px; text-align: justify;\"><strong><span style=\"color: #808080;\"><em>T\u00edtol: <\/em><\/span><\/strong><a href=\"https:\/\/serveiseducatius.xtec.cat\/tarragones\/dinamitzacio\/trics\/trics13_ocastro\" target=\"_blank\" rel=\"noopener noreferrer\"><strong>Dos melics, mateixa faixa<\/strong><\/a><br \/>\n<strong><em><span style=\"color: #808080;\">Autor\/a: <\/span><\/em><\/strong><strong> Oriol Castro Sanz<\/strong><br \/>\n<strong><em><span style=\"color: #808080;\">Modalitat: <\/span><\/em><\/strong>Humanitats i Ci\u00e8ncies Socials<br \/>\n<strong><em><span style=\"color: #808080;\">\u00c0rea: <\/span><\/em><\/strong>Periodisme<br \/>\n<\/span><\/p>\n<p><a href=\"https:\/\/serveiseducatius.xtec.cat\/tarragones\/dinamitzacio\/trics\/trics13_scayetano\" target=\"_blank\" rel=\"noopener noreferrer\"><img loading=\"lazy\" decoding=\"async\" class=\"alignleft\" style=\"display: block; vertical-align: top; margin-right: 8px; float: left;\" src=\"https:\/\/serveiseducatius.xtec.cat\/tarragones\/wp-content\/uploads\/usu549\/2019\/03\/trics13_scayetano.jpg\" width=\"75\" height=\"100\" \/><\/a><span style=\"display: block; overflow: auto; height: 110px; text-align: justify;\"><strong><span style=\"color: #808080;\"><em>T\u00edtol: <\/em><\/span><\/strong><a href=\"https:\/\/serveiseducatius.xtec.cat\/tarragones\/dinamitzacio\/trics\/trics13_scayetano\" target=\"_blank\" rel=\"noopener noreferrer\"><strong>Mr. No-One &#8211; Film de creaci\u00f3 pr\u00f2pia<\/strong><\/a><br \/>\n<strong><em><span style=\"color: #808080;\">Autor\/a: <\/span><\/em><\/strong><strong> Sergi Cayetano Vendrell<\/strong><br \/>\n<strong><em><span style=\"color: #808080;\">Modalitat: <\/span><\/em><\/strong>Arts<br \/>\n<strong><em><span style=\"color: #808080;\">\u00c0rea: <\/span><\/em><\/strong>Cultura audiovisual<br \/>\n<\/span><\/p>\n<p><a href=\"https:\/\/serveiseducatius.xtec.cat\/tarragones\/dinamitzacio\/trics\/trics13_vsabino\" target=\"_blank\" rel=\"noopener noreferrer\"><img loading=\"lazy\" decoding=\"async\" class=\"alignleft\" style=\"display: block; vertical-align: top; margin-right: 8px; float: left;\" src=\"https:\/\/serveiseducatius.xtec.cat\/tarragones\/wp-content\/uploads\/usu549\/2019\/03\/trics13_vsabino.jpg\" width=\"75\" height=\"100\" \/><\/a><span style=\"display: block; overflow: auto; height: 110px; text-align: justify;\"><strong><span style=\"color: #808080;\"><em>T\u00edtol: <\/em><\/span><\/strong><a href=\"https:\/\/serveiseducatius.xtec.cat\/tarragones\/dinamitzacio\/trics\/trics13_vsabino\" target=\"_blank\" rel=\"noopener noreferrer\"><strong>Simulaci\u00f3 d&#8217;un rodament magn\u00e8tic amb levitaci\u00f3 magn\u00e8tica<\/strong><\/a><br \/>\n<strong><em><span style=\"color: #808080;\">Autor\/a: <\/span><\/em><\/strong><strong> Valerie Arlenis Sabino Berroa<\/strong><br \/>\n<strong><em><span style=\"color: #808080;\">Modalitat: <\/span><\/em><\/strong>Ci\u00e8ncies i tecnologia: Cientificot\u00e8cnic<br \/>\n<strong><em><span style=\"color: #808080;\">\u00c0rea: <\/span><\/em><\/strong>F\u00edsica<br \/>\n<\/span><\/p>\n<h3>Ins Joan Guinjoan i Gispert <em>(Riudoms)<\/em><\/h3>\n<p><a href=\"https:\/\/serveiseducatius.xtec.cat\/tarragones\/dinamitzacio\/trics\/trics13_eforcadell\" target=\"_blank\" rel=\"noopener noreferrer\"><img loading=\"lazy\" decoding=\"async\" class=\"alignleft\" style=\"display: block; vertical-align: top; margin-right: 8px; float: left;\" src=\"https:\/\/serveiseducatius.xtec.cat\/tarragones\/wp-content\/uploads\/usu549\/2019\/03\/trics13_eforcadell.jpg\" width=\"75\" height=\"100\" \/><\/a><span style=\"display: block; overflow: auto; height: 110px; text-align: justify;\"><strong><span style=\"color: #808080;\"><em>T\u00edtol: <\/em><\/span><\/strong><a href=\"https:\/\/serveiseducatius.xtec.cat\/tarragones\/dinamitzacio\/trics\/trics13_eforcadell\" target=\"_blank\" rel=\"noopener noreferrer\"><strong>La vida \u00e9s (A)bella<\/strong><\/a><br \/>\n<strong><em><span style=\"color: #808080;\">Autor\/a: <\/span><\/em><\/strong><strong> Emma Forcadell Porqueras<\/strong><br \/>\n<strong><em><span style=\"color: #808080;\">Modalitat: <\/span><\/em><\/strong>Ci\u00e8ncies i tecnologia: Ci\u00e8ncies de la Salut<br \/>\n<strong><em><span style=\"color: #808080;\">\u00c0rea: <\/span><\/em><\/strong>Biologia ambiental<br \/>\n<\/span><\/p>\n<p><a href=\"https:\/\/serveiseducatius.xtec.cat\/tarragones\/dinamitzacio\/trics\/trics13_jcarbo\" target=\"_blank\" rel=\"noopener noreferrer\"><img loading=\"lazy\" decoding=\"async\" class=\"alignleft\" style=\"display: block; vertical-align: top; margin-right: 8px; float: left;\" src=\"https:\/\/serveiseducatius.xtec.cat\/tarragones\/wp-content\/uploads\/usu549\/2019\/03\/trics13_jcarbo.jpg\" width=\"75\" height=\"100\" \/><\/a><span style=\"display: block; overflow: auto; height: 110px; text-align: justify;\"><strong><span style=\"color: #808080;\"><em>T\u00edtol: <\/em><\/span><\/strong><a href=\"https:\/\/serveiseducatius.xtec.cat\/tarragones\/dinamitzacio\/trics\/trics13_jcarbo\" target=\"_blank\" rel=\"noopener noreferrer\"><strong>L&#8217;assetjament escolar<\/strong><\/a><br \/>\n<strong><em><span style=\"color: #808080;\">Autor\/a: <\/span><\/em><\/strong><strong> Jordina Carb\u00f3 Font<\/strong><br \/>\n<strong><em><span style=\"color: #808080;\">Modalitat: <\/span><\/em><\/strong>Humanitats i Ci\u00e8ncies Socials<br \/>\n<strong><em><span style=\"color: #808080;\">\u00c0rea: <\/span><\/em><\/strong>Periodisme<br \/>\n<\/span><\/p>\n<p><a href=\"https:\/\/serveiseducatius.xtec.cat\/tarragones\/dinamitzacio\/trics\/trics13_mescodaa\" target=\"_blank\" rel=\"noopener noreferrer\"><img loading=\"lazy\" decoding=\"async\" class=\"alignleft\" style=\"display: block; vertical-align: top; margin-right: 8px; float: left;\" src=\"https:\/\/serveiseducatius.xtec.cat\/tarragones\/wp-content\/uploads\/usu549\/2019\/03\/trics13_mescodaa.jpg\" width=\"75\" height=\"100\" \/><\/a><span style=\"display: block; overflow: auto; height: 110px; text-align: justify;\"><strong><span style=\"color: #808080;\"><em>T\u00edtol: <\/em><\/span><\/strong><a href=\"https:\/\/serveiseducatius.xtec.cat\/tarragones\/dinamitzacio\/trics\/trics13_mescodaa\" target=\"_blank\" rel=\"noopener noreferrer\"><strong>Un soldat de Riudoms a la Guerra de Cuba. Joan Giol Cros<\/strong><\/a><br \/>\n<strong><em><span style=\"color: #808080;\">Autor\/a: <\/span><\/em><\/strong><strong> Marta Escoda Alarc\u00f3n<\/strong><br \/>\n<strong><em><span style=\"color: #808080;\">Modalitat: <\/span><\/em><\/strong>Humanitats i Ci\u00e8ncies Socials<br \/>\n<strong><em><span style=\"color: #808080;\">\u00c0rea: <\/span><\/em><\/strong>Hist\u00f2ria<br \/>\n<\/span><\/p>\n<p><a href=\"https:\/\/serveiseducatius.xtec.cat\/tarragones\/dinamitzacio\/trics\/trics13_sorihuela\" target=\"_blank\" rel=\"noopener noreferrer\"><img loading=\"lazy\" decoding=\"async\" class=\"alignleft\" style=\"display: block; vertical-align: top; margin-right: 8px; float: left;\" src=\"https:\/\/serveiseducatius.xtec.cat\/tarragones\/wp-content\/uploads\/usu549\/2019\/03\/trics13_sorihuela.jpg\" width=\"75\" height=\"100\" \/><\/a><span style=\"display: block; overflow: auto; height: 110px; text-align: justify;\"><strong><span style=\"color: #808080;\"><em>T\u00edtol: <\/em><\/span><\/strong><a href=\"https:\/\/serveiseducatius.xtec.cat\/tarragones\/dinamitzacio\/trics\/trics13_sorihuela\" target=\"_blank\" rel=\"noopener noreferrer\"><strong>Les propietats medicinals del Rosmarinus officinalis<\/strong><\/a><br \/>\n<strong><em><span style=\"color: #808080;\">Autor\/a: <\/span><\/em><\/strong><strong> Selene Orihuela G\u00f3mez<\/strong><br \/>\n<strong><em><span style=\"color: #808080;\">Modalitat: <\/span><\/em><\/strong>Ci\u00e8ncies i tecnologia: Ci\u00e8ncies de la Salut<br \/>\n<strong><em><span style=\"color: #808080;\">\u00c0rea: <\/span><\/em><\/strong>Farm\u00e0cia<br \/>\n<\/span><\/p>\n<h3>Ins Joan Puig i Ferreter <em>(La Selva del Camp)<\/em><\/h3>\n<p><a href=\"https:\/\/serveiseducatius.xtec.cat\/tarragones\/dinamitzacio\/trics\/trics13_agassull\" target=\"_blank\" rel=\"noopener noreferrer\"><img loading=\"lazy\" decoding=\"async\" class=\"alignleft\" style=\"display: block; vertical-align: top; margin-right: 8px; float: left;\" src=\"https:\/\/serveiseducatius.xtec.cat\/tarragones\/wp-content\/uploads\/usu549\/2019\/03\/trics13_agassull.jpg\" width=\"75\" height=\"100\" \/><\/a><span style=\"display: block; overflow: auto; height: 110px; text-align: justify;\"><strong><span style=\"color: #808080;\"><em>T\u00edtol: <\/em><\/span><\/strong><a href=\"https:\/\/serveiseducatius.xtec.cat\/tarragones\/dinamitzacio\/trics\/trics13_agassull\" target=\"_blank\" rel=\"noopener noreferrer\"><strong>Efecte de la cafe\u00efna sobre el caragol Planorbis corneus<\/strong><\/a><br \/>\n<strong><em><span style=\"color: #808080;\">Autor\/a: <\/span><\/em><\/strong><strong> Albert Gassull Garcia<\/strong><br \/>\n<strong><em><span style=\"color: #808080;\">Modalitat: <\/span><\/em><\/strong>Ci\u00e8ncies i tecnologia: Ci\u00e8ncies de la Salut<br \/>\n<strong><em><span style=\"color: #808080;\">\u00c0rea: <\/span><\/em><\/strong>Bioqu\u00edmica<br \/>\n<\/span><\/p>\n<h3>Ins Josep Tapir\u00f3 <em>(Reus)<\/em><\/h3>\n<p><a href=\"https:\/\/serveiseducatius.xtec.cat\/tarragones\/dinamitzacio\/trics\/trics13_aizlane\" target=\"_blank\" rel=\"noopener noreferrer\"><img loading=\"lazy\" decoding=\"async\" class=\"alignleft\" style=\"display: block; vertical-align: top; margin-right: 8px; float: left;\" src=\"https:\/\/serveiseducatius.xtec.cat\/tarragones\/wp-content\/uploads\/usu549\/2019\/03\/trics13_aizlane.jpg\" width=\"75\" height=\"100\" \/><\/a><span style=\"display: block; overflow: auto; height: 110px; text-align: justify;\"><strong><span style=\"color: #808080;\"><em>T\u00edtol: <\/em><\/span><\/strong><a href=\"https:\/\/serveiseducatius.xtec.cat\/tarragones\/dinamitzacio\/trics\/trics13_aizlane\" target=\"_blank\" rel=\"noopener noreferrer\"><strong>La qu\u00edmica de la llet<\/strong><\/a><br \/>\n<strong><em><span style=\"color: #808080;\">Autor\/a: <\/span><\/em><\/strong><strong> Asmae Izlane<\/strong><br \/>\n<strong><em><span style=\"color: #808080;\">Modalitat: <\/span><\/em><\/strong>Ci\u00e8ncies i tecnologia: Cientificot\u00e8cnic<br \/>\n<strong><em><span style=\"color: #808080;\">\u00c0rea: <\/span><\/em><\/strong>Qu\u00edmica<br \/>\n<\/span><\/p>\n<p><a href=\"https:\/\/serveiseducatius.xtec.cat\/tarragones\/dinamitzacio\/trics\/trics13_smonne\" target=\"_blank\" rel=\"noopener noreferrer\"><img loading=\"lazy\" decoding=\"async\" class=\"alignleft\" style=\"display: block; vertical-align: top; margin-right: 8px; float: left;\" src=\"https:\/\/serveiseducatius.xtec.cat\/tarragones\/wp-content\/uploads\/usu549\/2019\/03\/trics13_smonne.jpg\" width=\"75\" height=\"100\" \/><\/a><span style=\"display: block; overflow: auto; height: 110px; text-align: justify;\"><strong><span style=\"color: #808080;\"><em>T\u00edtol: <\/em><\/span><\/strong><a href=\"https:\/\/serveiseducatius.xtec.cat\/tarragones\/dinamitzacio\/trics\/trics13_smonne\" target=\"_blank\" rel=\"noopener noreferrer\"><strong>V\u00edctimes del segle XXI: El m\u00f2bil ens allibera o ens esclavitza?<\/strong><\/a><br \/>\n<strong><em><span style=\"color: #808080;\">Autor\/a: <\/span><\/em><\/strong><strong> Sharon Monn\u00e9 Tortosa<\/strong><br \/>\n<strong><em><span style=\"color: #808080;\">Modalitat: <\/span><\/em><\/strong>Humanitats i Ci\u00e8ncies Socials<br \/>\n<strong><em><span style=\"color: #808080;\">\u00c0rea: <\/span><\/em><\/strong>Psicologia i Sociologia<br \/>\n<\/span><\/p>\n<h3>Ins La Mar de la Frau <em>(Cambrils)<\/em><\/h3>\n<p><a href=\"https:\/\/serveiseducatius.xtec.cat\/tarragones\/dinamitzacio\/trics\/trics13_asalvadog\" target=\"_blank\" rel=\"noopener noreferrer\"><img loading=\"lazy\" decoding=\"async\" class=\"alignleft\" style=\"display: block; vertical-align: top; margin-right: 8px; float: left;\" src=\"https:\/\/serveiseducatius.xtec.cat\/tarragones\/wp-content\/uploads\/usu549\/2019\/03\/trics13_asalvadog.jpg\" width=\"75\" height=\"100\" \/><\/a><span style=\"display: block; overflow: auto; height: 110px; text-align: justify;\"><strong><span style=\"color: #808080;\"><em>T\u00edtol: <\/em><\/span><\/strong><a href=\"https:\/\/serveiseducatius.xtec.cat\/tarragones\/dinamitzacio\/trics\/trics13_asalvadog\" target=\"_blank\" rel=\"noopener noreferrer\"><strong>En sabem prou? La disl\u00e8xia<\/strong><\/a><br \/>\n<strong><em><span style=\"color: #808080;\">Autor\/a: <\/span><\/em><\/strong><strong> Abril Salvado Gispert<\/strong><br \/>\n<strong><em><span style=\"color: #808080;\">Modalitat: <\/span><\/em><\/strong>Humanitats i Ci\u00e8ncies Socials<br \/>\n<strong><em><span style=\"color: #808080;\">\u00c0rea: <\/span><\/em><\/strong>Llengua<br \/>\n<\/span><\/p>\n<p><a href=\"https:\/\/serveiseducatius.xtec.cat\/tarragones\/dinamitzacio\/trics\/trics13_achacon\" target=\"_blank\" rel=\"noopener noreferrer\"><img loading=\"lazy\" decoding=\"async\" class=\"alignleft\" style=\"display: block; vertical-align: top; margin-right: 8px; float: left;\" src=\"https:\/\/serveiseducatius.xtec.cat\/tarragones\/wp-content\/uploads\/usu549\/2019\/03\/trics13_achacon.jpg\" width=\"75\" height=\"100\" \/><\/a><span style=\"display: block; overflow: auto; height: 110px; text-align: justify;\"><strong><span style=\"color: #808080;\"><em>T\u00edtol: <\/em><\/span><\/strong><a href=\"https:\/\/serveiseducatius.xtec.cat\/tarragones\/dinamitzacio\/trics\/trics13_achacon\" target=\"_blank\" rel=\"noopener noreferrer\"><strong>Aerodin\u00e0mica d&#8217;un cotxe de F1<\/strong><\/a><br \/>\n<strong><em><span style=\"color: #808080;\">Autor\/a: <\/span><\/em><\/strong><strong> Albert Chac\u00f3n Baiges<\/strong><br \/>\n<strong><em><span style=\"color: #808080;\">Modalitat: <\/span><\/em><\/strong>Ci\u00e8ncies i tecnologia: Cientificot\u00e8cnic<br \/>\n<strong><em><span style=\"color: #808080;\">\u00c0rea: <\/span><\/em><\/strong>F\u00edsica<br \/>\n<\/span><\/p>\n<p><a href=\"https:\/\/serveiseducatius.xtec.cat\/tarragones\/dinamitzacio\/trics\/trics13_jmanero\" target=\"_blank\" rel=\"noopener noreferrer\"><img loading=\"lazy\" decoding=\"async\" class=\"alignleft\" style=\"display: block; vertical-align: top; margin-right: 8px; float: left;\" src=\"https:\/\/serveiseducatius.xtec.cat\/tarragones\/wp-content\/uploads\/usu549\/2019\/03\/trics13_jmanero.jpg\" width=\"75\" height=\"100\" \/><\/a><span style=\"display: block; overflow: auto; height: 110px; text-align: justify;\"><strong><span style=\"color: #808080;\"><em>T\u00edtol: <\/em><\/span><\/strong><a href=\"https:\/\/serveiseducatius.xtec.cat\/tarragones\/dinamitzacio\/trics\/trics13_jmanero\" target=\"_blank\" rel=\"noopener noreferrer\"><strong>Disseny, construci\u00f3 i programaci\u00f3 d&#8217;un robot de rescat<\/strong><\/a><br \/>\n<strong><em><span style=\"color: #808080;\">Autor\/a: <\/span><\/em><\/strong><strong> Joan Manero Alvarez<\/strong><br \/>\n<strong><em><span style=\"color: #808080;\">Modalitat: <\/span><\/em><\/strong>Ci\u00e8ncies i tecnologia: Cientificot\u00e8cnic<br \/>\n<strong><em><span style=\"color: #808080;\">\u00c0rea: <\/span><\/em><\/strong>Tecnologia<br \/>\n<\/span><\/p>\n<p><a href=\"https:\/\/serveiseducatius.xtec.cat\/tarragones\/dinamitzacio\/trics\/trics13_mperez\" target=\"_blank\" rel=\"noopener noreferrer\"><img loading=\"lazy\" decoding=\"async\" class=\"alignleft\" style=\"display: block; vertical-align: top; margin-right: 8px; float: left;\" src=\"https:\/\/serveiseducatius.xtec.cat\/tarragones\/wp-content\/uploads\/usu549\/2019\/03\/trics13_mperez.jpg\" width=\"75\" height=\"100\" \/><\/a><span style=\"display: block; overflow: auto; height: 110px; text-align: justify;\"><strong><span style=\"color: #808080;\"><em>T\u00edtol: <\/em><\/span><\/strong><a href=\"https:\/\/serveiseducatius.xtec.cat\/tarragones\/dinamitzacio\/trics\/trics13_mperez\" target=\"_blank\" rel=\"noopener noreferrer\"><strong>Disseny i construcci\u00f3 d&#8217;un kart<\/strong><\/a><br \/>\n<strong><em><span style=\"color: #808080;\">Autor\/a: <\/span><\/em><\/strong><strong> Marc P\u00e9rez Balaguer\u00f3<\/strong><br \/>\n<strong><em><span style=\"color: #808080;\">Modalitat: <\/span><\/em><\/strong>Ci\u00e8ncies i tecnologia: Cientificot\u00e8cnic<br \/>\n<strong><em><span style=\"color: #808080;\">\u00c0rea: <\/span><\/em><\/strong>Tecnologia industrial<br \/>\n<\/span><\/p>\n<p><a href=\"https:\/\/serveiseducatius.xtec.cat\/tarragones\/dinamitzacio\/trics\/trics13_malvarezp\" target=\"_blank\" rel=\"noopener noreferrer\"><img loading=\"lazy\" decoding=\"async\" class=\"alignleft\" style=\"display: block; vertical-align: top; margin-right: 8px; float: left;\" src=\"https:\/\/serveiseducatius.xtec.cat\/tarragones\/wp-content\/uploads\/usu549\/2019\/03\/trics13_malvarezp.jpg\" width=\"75\" height=\"100\" \/><\/a><span style=\"display: block; overflow: auto; height: 110px; text-align: justify;\"><strong><span style=\"color: #808080;\"><em>T\u00edtol: <\/em><\/span><\/strong><a href=\"https:\/\/serveiseducatius.xtec.cat\/tarragones\/dinamitzacio\/trics\/trics13_malvarezp\" target=\"_blank\" rel=\"noopener noreferrer\"><strong>Canviem junts? Obrim la porta a l&#8217;escolaritzaci\u00f3 inclusiva a l&#8217;Institut La Mar de la Frau<\/strong><\/a><br \/>\n<strong><em><span style=\"color: #808080;\">Autor\/a: <\/span><\/em><\/strong><strong> Marta \u00c1lvarez P\u00e9rez<\/strong><br \/>\n<strong><em><span style=\"color: #808080;\">Modalitat: <\/span><\/em><\/strong>Humanitats i Ci\u00e8ncies Socials<br \/>\n<strong><em><span style=\"color: #808080;\">\u00c0rea: <\/span><\/em><\/strong>Psicologia i Sociologia<br \/>\n<\/span><\/p>\n<p><a href=\"https:\/\/serveiseducatius.xtec.cat\/tarragones\/dinamitzacio\/trics\/trics13_rlopez\" target=\"_blank\" rel=\"noopener noreferrer\"><img loading=\"lazy\" decoding=\"async\" class=\"alignleft\" style=\"display: block; vertical-align: top; margin-right: 8px; float: left;\" src=\"https:\/\/serveiseducatius.xtec.cat\/tarragones\/wp-content\/uploads\/usu549\/2019\/03\/trics13_rlopez.jpg\" width=\"75\" height=\"100\" \/><\/a><span style=\"display: block; overflow: auto; height: 110px; text-align: justify;\"><strong><span style=\"color: #808080;\"><em>T\u00edtol: <\/em><\/span><\/strong><a href=\"https:\/\/serveiseducatius.xtec.cat\/tarragones\/dinamitzacio\/trics\/trics13_rlopez\" target=\"_blank\" rel=\"noopener noreferrer\"><strong>Maqueta dom\u00f2tica de futbol<\/strong><\/a><br \/>\n<strong><em><span style=\"color: #808080;\">Autor\/a: <\/span><\/em><\/strong><strong> Rub\u00e9n L\u00f3pez<\/strong><br \/>\n<strong><em><span style=\"color: #808080;\">Modalitat: <\/span><\/em><\/strong>Ci\u00e8ncies i tecnologia: Cientificot\u00e8cnic<br \/>\n<strong><em><span style=\"color: #808080;\">\u00c0rea: <\/span><\/em><\/strong>Tecnologia<br \/>\n<\/span><\/p>\n<p><a href=\"https:\/\/serveiseducatius.xtec.cat\/tarragones\/dinamitzacio\/trics\/trics13_vfernandez\" target=\"_blank\" rel=\"noopener noreferrer\"><img loading=\"lazy\" decoding=\"async\" class=\"alignleft\" style=\"display: block; vertical-align: top; margin-right: 8px; float: left;\" src=\"https:\/\/serveiseducatius.xtec.cat\/tarragones\/wp-content\/uploads\/usu549\/2019\/03\/trics13_vfernandez.jpg\" width=\"75\" height=\"100\" \/><\/a><span style=\"display: block; overflow: auto; height: 110px; text-align: justify;\"><strong><span style=\"color: #808080;\"><em>T\u00edtol: <\/em><\/span><\/strong><a href=\"https:\/\/serveiseducatius.xtec.cat\/tarragones\/dinamitzacio\/trics\/trics13_vfernandez\" target=\"_blank\" rel=\"noopener noreferrer\"><strong>Difer\u00e8ncies socials i culturals impliquen difer\u00e8ncies en la pressi\u00f3 arterial?<\/strong><\/a><br \/>\n<strong><em><span style=\"color: #808080;\">Autor\/a: <\/span><\/em><\/strong><strong> V\u00edctor Fern\u00e1ndez Ciutat<\/strong><br \/>\n<strong><em><span style=\"color: #808080;\">Modalitat: <\/span><\/em><\/strong>Ci\u00e8ncies i tecnologia: Ci\u00e8ncies de la Salut<br \/>\n<strong><em><span style=\"color: #808080;\">\u00c0rea: <\/span><\/em><\/strong>Medicina<br \/>\n<\/span><\/p>\n<h3>Ins Mart\u00ed l&#8217;Hum\u00e0 <em>(Montblanc)<\/em><\/h3>\n<p><a href=\"https:\/\/serveiseducatius.xtec.cat\/tarragones\/dinamitzacio\/trics\/trics13_dcanals\" target=\"_blank\" rel=\"noopener noreferrer\"><img loading=\"lazy\" decoding=\"async\" class=\"alignleft\" style=\"display: block; vertical-align: top; margin-right: 8px; float: left;\" src=\"https:\/\/serveiseducatius.xtec.cat\/tarragones\/wp-content\/uploads\/usu549\/2019\/03\/trics13_dcanals.jpg\" width=\"75\" height=\"100\" \/><\/a><span style=\"display: block; overflow: auto; height: 110px; text-align: justify;\"><strong><span style=\"color: #808080;\"><em>T\u00edtol: <\/em><\/span><\/strong><a href=\"https:\/\/serveiseducatius.xtec.cat\/tarragones\/dinamitzacio\/trics\/trics13_dcanals\" target=\"_blank\" rel=\"noopener noreferrer\"><strong>Una escola lliure d&#8217;especisme<\/strong><\/a><br \/>\n<strong><em><span style=\"color: #808080;\">Autor\/a: <\/span><\/em><\/strong><strong> Duna Canals Trepat<\/strong><br \/>\n<strong><em><span style=\"color: #808080;\">Modalitat: <\/span><\/em><\/strong>Humanitats i Ci\u00e8ncies Socials<br \/>\n<strong><em><span style=\"color: #808080;\">\u00c0rea: <\/span><\/em><\/strong>Llengua<br \/>\n<\/span><\/p>\n<p><a href=\"https:\/\/serveiseducatius.xtec.cat\/tarragones\/dinamitzacio\/trics\/trics13_jqueralto\" target=\"_blank\" rel=\"noopener noreferrer\"><img loading=\"lazy\" decoding=\"async\" class=\"alignleft\" style=\"display: block; vertical-align: top; margin-right: 8px; float: left;\" src=\"https:\/\/serveiseducatius.xtec.cat\/tarragones\/wp-content\/uploads\/usu549\/2019\/03\/trics13_jqueralto.jpg\" width=\"75\" height=\"100\" \/><\/a><span style=\"display: block; overflow: auto; height: 110px; text-align: justify;\"><strong><span style=\"color: #808080;\"><em>T\u00edtol: <\/em><\/span><\/strong><a href=\"https:\/\/serveiseducatius.xtec.cat\/tarragones\/dinamitzacio\/trics\/trics13_jqueralto\" target=\"_blank\" rel=\"noopener noreferrer\"><strong>La llum emesa per les pantalles i la privaci\u00f3 del son<\/strong><\/a><br \/>\n<strong><em><span style=\"color: #808080;\">Autor\/a: <\/span><\/em><\/strong><strong> Jordi Queralt\u00f3<\/strong><br \/>\n<strong><em><span style=\"color: #808080;\">Modalitat: <\/span><\/em><\/strong>Ci\u00e8ncies i tecnologia: Cientificot\u00e8cnic<br \/>\n<strong><em><span style=\"color: #808080;\">\u00c0rea: <\/span><\/em><\/strong>Bioqu\u00edmica<br \/>\n<\/span><\/p>\n<p><a href=\"https:\/\/serveiseducatius.xtec.cat\/tarragones\/dinamitzacio\/trics\/trics13_jvalls\" target=\"_blank\" rel=\"noopener noreferrer\"><img loading=\"lazy\" decoding=\"async\" class=\"alignleft\" style=\"display: block; vertical-align: top; margin-right: 8px; float: left;\" src=\"https:\/\/serveiseducatius.xtec.cat\/tarragones\/wp-content\/uploads\/usu549\/2019\/03\/trics13_jvalls.jpg\" width=\"75\" height=\"100\" \/><\/a><span style=\"display: block; overflow: auto; height: 110px; text-align: justify;\"><strong><span style=\"color: #808080;\"><em>T\u00edtol: <\/em><\/span><\/strong><a href=\"https:\/\/serveiseducatius.xtec.cat\/tarragones\/dinamitzacio\/trics\/trics13_jvalls\" target=\"_blank\" rel=\"noopener noreferrer\"><strong>Planeta de pl\u00e0stic<\/strong><\/a><br \/>\n<strong><em><span style=\"color: #808080;\">Autor\/a: <\/span><\/em><\/strong><strong> J\u00falia Valls Barrag\u00e1n<\/strong><br \/>\n<strong><em><span style=\"color: #808080;\">Modalitat: <\/span><\/em><\/strong>Ci\u00e8ncies i tecnologia: Ci\u00e8ncies de la Salut<br \/>\n<strong><em><span style=\"color: #808080;\">\u00c0rea: <\/span><\/em><\/strong>Ci\u00e8ncies de la Terra i del Medi Ambient<br \/>\n<\/span><\/p>\n<h3>Ins Narc\u00eds Oller <em>(Valls)<\/em><\/h3>\n<p><a href=\"https:\/\/serveiseducatius.xtec.cat\/tarragones\/dinamitzacio\/trics\/trics13_apignatelli\" target=\"_blank\" rel=\"noopener noreferrer\"><img loading=\"lazy\" decoding=\"async\" class=\"alignleft\" style=\"display: block; vertical-align: top; margin-right: 8px; float: left;\" src=\"https:\/\/serveiseducatius.xtec.cat\/tarragones\/wp-content\/uploads\/usu549\/2019\/03\/trics13_apignatelli.jpg\" width=\"75\" height=\"100\" \/><\/a><span style=\"display: block; overflow: auto; height: 110px; text-align: justify;\"><strong><span style=\"color: #808080;\"><em>T\u00edtol: <\/em><\/span><\/strong><a href=\"https:\/\/serveiseducatius.xtec.cat\/tarragones\/dinamitzacio\/trics\/trics13_apignatelli\" target=\"_blank\" rel=\"noopener noreferrer\"><strong>Cultiu hidrop\u00f2nic amb llavors de tom\u00e0quet i enciam en aig\u00fces de la depuradora de l&#8217;Espluga de Francol\u00ed<\/strong><\/a><br \/>\n<strong><em><span style=\"color: #808080;\">Autor\/a: <\/span><\/em><\/strong><strong> Andrea Pignatelli Espejo<\/strong><br \/>\n<strong><em><span style=\"color: #808080;\">Modalitat: <\/span><\/em><\/strong>Ci\u00e8ncies i tecnologia: Cientificot\u00e8cnic<br \/>\n<strong><em><span style=\"color: #808080;\">\u00c0rea: <\/span><\/em><\/strong>Biologia ambiental<br \/>\n<\/span><\/p>\n<p><a href=\"https:\/\/serveiseducatius.xtec.cat\/tarragones\/dinamitzacio\/trics\/trics13_chernandez\" target=\"_blank\" rel=\"noopener noreferrer\"><img loading=\"lazy\" decoding=\"async\" class=\"alignleft\" style=\"display: block; vertical-align: top; margin-right: 8px; float: left;\" src=\"https:\/\/serveiseducatius.xtec.cat\/tarragones\/wp-content\/uploads\/usu549\/2019\/03\/trics13_chernandez.jpg\" width=\"75\" height=\"100\" \/><\/a><span style=\"display: block; overflow: auto; height: 110px; text-align: justify;\"><strong><span style=\"color: #808080;\"><em>T\u00edtol: <\/em><\/span><\/strong><a href=\"https:\/\/serveiseducatius.xtec.cat\/tarragones\/dinamitzacio\/trics\/trics13_chernandez\" target=\"_blank\" rel=\"noopener noreferrer\"><strong>Creaci\u00f3 d&#8217;una empresa: Pizza-Cris<\/strong><\/a><br \/>\n<strong><em><span style=\"color: #808080;\">Autor\/a: <\/span><\/em><\/strong><strong> Cristina Hern\u00e1ndez Mateu<\/strong><br \/>\n<strong><em><span style=\"color: #808080;\">Modalitat: <\/span><\/em><\/strong>Humanitats i Ci\u00e8ncies Socials<br \/>\n<strong><em><span style=\"color: #808080;\">\u00c0rea: <\/span><\/em><\/strong>Economia<br \/>\n<\/span><\/p>\n<p><a href=\"https:\/\/serveiseducatius.xtec.cat\/tarragones\/dinamitzacio\/trics\/trics13_dostapchuk\" target=\"_blank\" rel=\"noopener noreferrer\"><img loading=\"lazy\" decoding=\"async\" class=\"alignleft\" style=\"display: block; vertical-align: top; margin-right: 8px; float: left;\" src=\"https:\/\/serveiseducatius.xtec.cat\/tarragones\/wp-content\/uploads\/usu549\/2019\/03\/trics13_dostapchuk.jpg\" width=\"75\" height=\"100\" \/><\/a><span style=\"display: block; overflow: auto; height: 110px; text-align: justify;\"><strong><span style=\"color: #808080;\"><em>T\u00edtol: <\/em><\/span><\/strong><a href=\"https:\/\/serveiseducatius.xtec.cat\/tarragones\/dinamitzacio\/trics\/trics13_dostapchuk\" target=\"_blank\" rel=\"noopener noreferrer\"><strong>Anatomia coron\u00e0ria en l&#8217;infart de miocardi<\/strong><\/a><br \/>\n<strong><em><span style=\"color: #808080;\">Autor\/a: <\/span><\/em><\/strong><strong> Diana Ostapchuk<\/strong><br \/>\n<strong><em><span style=\"color: #808080;\">Modalitat: <\/span><\/em><\/strong>Ci\u00e8ncies i tecnologia: Ci\u00e8ncies de la Salut<br \/>\n<strong><em><span style=\"color: #808080;\">\u00c0rea: <\/span><\/em><\/strong>Medicina<br \/>\n<\/span><\/p>\n<p><a href=\"https:\/\/serveiseducatius.xtec.cat\/tarragones\/dinamitzacio\/trics\/trics13_grequena\" target=\"_blank\" rel=\"noopener noreferrer\"><img loading=\"lazy\" decoding=\"async\" class=\"alignleft\" style=\"display: block; vertical-align: top; margin-right: 8px; float: left;\" src=\"https:\/\/serveiseducatius.xtec.cat\/tarragones\/wp-content\/uploads\/usu549\/2019\/03\/trics13_grequena.jpg\" width=\"75\" height=\"100\" \/><\/a><span style=\"display: block; overflow: auto; height: 110px; text-align: justify;\"><strong><span style=\"color: #808080;\"><em>T\u00edtol: <\/em><\/span><\/strong><a href=\"https:\/\/serveiseducatius.xtec.cat\/tarragones\/dinamitzacio\/trics\/trics13_grequena\" target=\"_blank\" rel=\"noopener noreferrer\"><strong>lataulad@ensnecessita.urgent &#8211; El repte de cercar consci\u00e8ncies<\/strong><\/a><br \/>\n<strong><em><span style=\"color: #808080;\">Autor\/a: <\/span><\/em><\/strong><strong> Geda Requena Gatell<\/strong><br \/>\n<strong><em><span style=\"color: #808080;\">Modalitat: <\/span><\/em><\/strong>Humanitats i Ci\u00e8ncies Socials<br \/>\n<strong><em><span style=\"color: #808080;\">\u00c0rea: <\/span><\/em><\/strong>Economia<br \/>\n<\/span><\/p>\n<p><a href=\"https:\/\/serveiseducatius.xtec.cat\/tarragones\/dinamitzacio\/trics\/trics13_lcolina\" target=\"_blank\" rel=\"noopener noreferrer\"><img loading=\"lazy\" decoding=\"async\" class=\"alignleft\" style=\"display: block; vertical-align: top; margin-right: 8px; float: left;\" src=\"https:\/\/serveiseducatius.xtec.cat\/tarragones\/wp-content\/uploads\/usu549\/2019\/03\/trics13_lcolina.jpg\" width=\"75\" height=\"100\" \/><\/a><span style=\"display: block; overflow: auto; height: 110px; text-align: justify;\"><strong><span style=\"color: #808080;\"><em>T\u00edtol: <\/em><\/span><\/strong><a href=\"https:\/\/serveiseducatius.xtec.cat\/tarragones\/dinamitzacio\/trics\/trics13_lcolina\" target=\"_blank\" rel=\"noopener noreferrer\"><strong>La Catalunya dels manters<\/strong><\/a><br \/>\n<strong><em><span style=\"color: #808080;\">Autor\/a: <\/span><\/em><\/strong><strong> Laia Colina Fortuny<\/strong><br \/>\n<strong><em><span style=\"color: #808080;\">Modalitat: <\/span><\/em><\/strong>Humanitats i Ci\u00e8ncies Socials<br \/>\n<strong><em><span style=\"color: #808080;\">\u00c0rea: <\/span><\/em><\/strong>Periodisme<br \/>\n<\/span><\/p>\n<p><a href=\"https:\/\/serveiseducatius.xtec.cat\/tarragones\/dinamitzacio\/trics\/trics13_mmateus\" target=\"_blank\" rel=\"noopener noreferrer\"><img loading=\"lazy\" decoding=\"async\" class=\"alignleft\" style=\"display: block; vertical-align: top; margin-right: 8px; float: left;\" src=\"https:\/\/serveiseducatius.xtec.cat\/tarragones\/wp-content\/uploads\/usu549\/2019\/03\/trics13_mmateus.jpg\" width=\"75\" height=\"100\" \/><\/a><span style=\"display: block; overflow: auto; height: 110px; text-align: justify;\"><strong><span style=\"color: #808080;\"><em>T\u00edtol: <\/em><\/span><\/strong><a href=\"https:\/\/serveiseducatius.xtec.cat\/tarragones\/dinamitzacio\/trics\/trics13_mmateus\" target=\"_blank\" rel=\"noopener noreferrer\"><strong>Poder lila. Estudi de les dones directives a l&#8217;Alt Camp.<\/strong><\/a><br \/>\n<strong><em><span style=\"color: #808080;\">Autor\/a: <\/span><\/em><\/strong><strong> Mar Mateus Llorach<\/strong><br \/>\n<strong><em><span style=\"color: #808080;\">Modalitat: <\/span><\/em><\/strong>Humanitats i Ci\u00e8ncies Socials<br \/>\n<strong><em><span style=\"color: #808080;\">\u00c0rea: <\/span><\/em><\/strong>Economia<br \/>\n<\/span><\/p>\n<p><a href=\"https:\/\/serveiseducatius.xtec.cat\/tarragones\/dinamitzacio\/trics\/trics13_mescoda\" target=\"_blank\" rel=\"noopener noreferrer\"><img loading=\"lazy\" decoding=\"async\" class=\"alignleft\" style=\"display: block; vertical-align: top; margin-right: 8px; float: left;\" src=\"https:\/\/serveiseducatius.xtec.cat\/tarragones\/wp-content\/uploads\/usu549\/2019\/03\/trics13_mescoda.jpg\" width=\"75\" height=\"100\" \/><\/a><span style=\"display: block; overflow: auto; height: 110px; text-align: justify;\"><strong><span style=\"color: #808080;\"><em>T\u00edtol: <\/em><\/span><\/strong><a href=\"https:\/\/serveiseducatius.xtec.cat\/tarragones\/dinamitzacio\/trics\/trics13_mescoda\" target=\"_blank\" rel=\"noopener noreferrer\"><strong>En veu pr\u00f2pia &#8211; Una aproximaci\u00f3 a les t\u00e8cniques de cant l\u00edrica i moderna<\/strong><\/a><br \/>\n<strong><em><span style=\"color: #808080;\">Autor\/a: <\/span><\/em><\/strong><strong> Mariona Escoda Sendra<\/strong><br \/>\n<strong><em><span style=\"color: #808080;\">Modalitat: <\/span><\/em><\/strong>Arts<br \/>\n<strong><em><span style=\"color: #808080;\">\u00c0rea: <\/span><\/em><\/strong>M\u00fasica<br \/>\n<\/span><\/p>\n<p><a href=\"https:\/\/serveiseducatius.xtec.cat\/tarragones\/dinamitzacio\/trics\/trics13_mgasco\" target=\"_blank\" rel=\"noopener noreferrer\"><img loading=\"lazy\" decoding=\"async\" class=\"alignleft\" style=\"display: block; vertical-align: top; margin-right: 8px; float: left;\" src=\"https:\/\/serveiseducatius.xtec.cat\/tarragones\/wp-content\/uploads\/usu549\/2019\/03\/trics13_mgasco.jpg\" width=\"75\" height=\"100\" \/><\/a><span style=\"display: block; overflow: auto; height: 110px; text-align: justify;\"><strong><span style=\"color: #808080;\"><em>T\u00edtol: <\/em><\/span><\/strong><a href=\"https:\/\/serveiseducatius.xtec.cat\/tarragones\/dinamitzacio\/trics\/trics13_mgasco\" target=\"_blank\" rel=\"noopener noreferrer\"><strong>Fotos\u00edntesi artificial: optimitzaci\u00f3 de les condicions de pH per a la cat\u00e0lisi de la semireacci\u00f3 d&#8217;oxidaci\u00f3 en l&#8217;electr\u00f2lisi de l&#8217;aigua<\/strong><\/a><br \/>\n<strong><em><span style=\"color: #808080;\">Autor\/a: <\/span><\/em><\/strong><strong> Mireia Gasco Agorreta<\/strong><br \/>\n<strong><em><span style=\"color: #808080;\">Modalitat: <\/span><\/em><\/strong>Ci\u00e8ncies i tecnologia: Cientificot\u00e8cnic<br \/>\n<strong><em><span style=\"color: #808080;\">\u00c0rea: <\/span><\/em><\/strong>Qu\u00edmica<br \/>\n<\/span><\/p>\n<h3>Ins Pons d&#8217;Icart <em>(Tarragona)<\/em><\/h3>\n<p><a href=\"https:\/\/serveiseducatius.xtec.cat\/tarragones\/dinamitzacio\/trics\/trics13_famarki\" target=\"_blank\" rel=\"noopener noreferrer\"><img loading=\"lazy\" decoding=\"async\" class=\"alignleft\" style=\"display: block; vertical-align: top; margin-right: 8px; float: left;\" src=\"https:\/\/serveiseducatius.xtec.cat\/tarragones\/wp-content\/uploads\/usu549\/2019\/03\/trics13_famarki.jpg\" width=\"75\" height=\"100\" \/><\/a><span style=\"display: block; overflow: auto; height: 110px; text-align: justify;\"><strong><span style=\"color: #808080;\"><em>T\u00edtol: <\/em><\/span><\/strong><a href=\"https:\/\/serveiseducatius.xtec.cat\/tarragones\/dinamitzacio\/trics\/trics13_famarki\" target=\"_blank\" rel=\"noopener noreferrer\"><strong>Som el que somiem? Per\u00f2, i si no somiem?<\/strong><\/a><br \/>\n<strong><em><span style=\"color: #808080;\">Autor\/a: <\/span><\/em><\/strong><strong> Fatima Amarki Ahaddouch<\/strong><br \/>\n<strong><em><span style=\"color: #808080;\">Modalitat: <\/span><\/em><\/strong>Humanitats i Ci\u00e8ncies Socials<br \/>\n<strong><em><span style=\"color: #808080;\">\u00c0rea: <\/span><\/em><\/strong>Filosofia<br \/>\n<\/span><\/p>\n<p><a href=\"https:\/\/serveiseducatius.xtec.cat\/tarragones\/dinamitzacio\/trics\/trics13_mlopez\" target=\"_blank\" rel=\"noopener noreferrer\"><img loading=\"lazy\" decoding=\"async\" class=\"alignleft\" style=\"display: block; vertical-align: top; margin-right: 8px; float: left;\" src=\"https:\/\/serveiseducatius.xtec.cat\/tarragones\/wp-content\/uploads\/usu549\/2019\/03\/trics13_mlopez.jpg\" width=\"75\" height=\"100\" \/><\/a><span style=\"display: block; overflow: auto; height: 110px; text-align: justify;\"><strong><span style=\"color: #808080;\"><em>T\u00edtol: <\/em><\/span><\/strong><a href=\"https:\/\/serveiseducatius.xtec.cat\/tarragones\/dinamitzacio\/trics\/trics13_mlopez\" target=\"_blank\" rel=\"noopener noreferrer\"><strong>El sucre afegit: l&#8217;enemic m\u00e9s dol\u00e7<\/strong><\/a><br \/>\n<strong><em><span style=\"color: #808080;\">Autor\/a: <\/span><\/em><\/strong><strong> Mar\u00eda L\u00f3pez Vargas-Machuca<\/strong><br \/>\n<strong><em><span style=\"color: #808080;\">Modalitat: <\/span><\/em><\/strong>Ci\u00e8ncies i tecnologia: Ci\u00e8ncies de la Salut<br \/>\n<strong><em><span style=\"color: #808080;\">\u00c0rea: <\/span><\/em><\/strong>Biomedicina<br \/>\n<\/span><\/p>\n<p><a href=\"https:\/\/serveiseducatius.xtec.cat\/tarragones\/dinamitzacio\/trics\/trics13_mvillares\" target=\"_blank\" rel=\"noopener noreferrer\"><img loading=\"lazy\" decoding=\"async\" class=\"alignleft\" style=\"display: block; vertical-align: top; margin-right: 8px; float: left;\" src=\"https:\/\/serveiseducatius.xtec.cat\/tarragones\/wp-content\/uploads\/usu549\/2019\/02\/trics13_mvillares.jpg\" width=\"75\" height=\"100\" \/><\/a><span style=\"display: block; overflow: auto; height: 110px; text-align: justify;\"><strong><span style=\"color: #808080;\"><em>T\u00edtol: <\/em><\/span><\/strong><a href=\"https:\/\/serveiseducatius.xtec.cat\/tarragones\/dinamitzacio\/trics\/trics13_mvillares\" target=\"_blank\" rel=\"noopener noreferrer\"><strong>Investigaci\u00f3 de la fotocat\u00e0lisi i aplicaci\u00f3 a la ciutat de Tarragona<\/strong><\/a><br \/>\n<strong><em><span style=\"color: #808080;\">Autor\/a: <\/span><\/em><\/strong><strong> Mario Villares Ca\u00f1\u00f3n<\/strong><br \/>\n<strong><em><span style=\"color: #808080;\">Modalitat: <\/span><\/em><\/strong>Ci\u00e8ncies i tecnologia: Cientificot\u00e8cnic<br \/>\n<strong><em><span style=\"color: #808080;\">\u00c0rea: <\/span><\/em><\/strong>Qu\u00edmica<br \/>\n<\/span><\/p>\n<p><a href=\"https:\/\/serveiseducatius.xtec.cat\/tarragones\/dinamitzacio\/trics\/trics13_mromero\" target=\"_blank\" rel=\"noopener noreferrer\"><img loading=\"lazy\" decoding=\"async\" class=\"alignleft\" style=\"display: block; vertical-align: top; margin-right: 8px; float: left;\" src=\"https:\/\/serveiseducatius.xtec.cat\/tarragones\/wp-content\/uploads\/usu549\/2019\/03\/trics13_mromero.jpg\" width=\"75\" height=\"100\" \/><\/a><span style=\"display: block; overflow: auto; height: 110px; text-align: justify;\"><strong><span style=\"color: #808080;\"><em>T\u00edtol: <\/em><\/span><\/strong><a href=\"https:\/\/serveiseducatius.xtec.cat\/tarragones\/dinamitzacio\/trics\/trics13_mromero\" target=\"_blank\" rel=\"noopener noreferrer\"><strong>Fotos\u00edntesi artificial: l&#8217;energia del futur.<\/strong><\/a><br \/>\n<strong><em><span style=\"color: #808080;\">Autor\/a: <\/span><\/em><\/strong><strong> Marta Romero Ribas<\/strong><br \/>\n<strong><em><span style=\"color: #808080;\">Modalitat: <\/span><\/em><\/strong>Ci\u00e8ncies i tecnologia: Cientificot\u00e8cnic<br \/>\n<strong><em><span style=\"color: #808080;\">\u00c0rea: <\/span><\/em><\/strong>Qu\u00edmica<br \/>\n<\/span><\/p>\n<p><a href=\"https:\/\/serveiseducatius.xtec.cat\/tarragones\/dinamitzacio\/trics\/trics13_pparejo\" target=\"_blank\" rel=\"noopener noreferrer\"><img loading=\"lazy\" decoding=\"async\" class=\"alignleft\" style=\"display: block; vertical-align: top; margin-right: 8px; float: left;\" src=\"https:\/\/serveiseducatius.xtec.cat\/tarragones\/wp-content\/uploads\/usu549\/2019\/03\/trics13_pparejo.jpg\" width=\"75\" height=\"100\" \/><\/a><span style=\"display: block; overflow: auto; height: 110px; text-align: justify;\"><strong><span style=\"color: #808080;\"><em>T\u00edtol: <\/em><\/span><\/strong><a href=\"https:\/\/serveiseducatius.xtec.cat\/tarragones\/dinamitzacio\/trics\/trics13_pparejo\" target=\"_blank\" rel=\"noopener noreferrer\"><strong>La mesura de l&#8217;aire (treball sobre la contaminaci\u00f3 atmosf\u00e8rica)<\/strong><\/a><br \/>\n<strong><em><span style=\"color: #808080;\">Autor\/a: <\/span><\/em><\/strong><strong> Pau Parejo Romeo<\/strong><br \/>\n<strong><em><span style=\"color: #808080;\">Modalitat: <\/span><\/em><\/strong>Ci\u00e8ncies i tecnologia: Cientificot\u00e8cnic<br \/>\n<strong><em><span style=\"color: #808080;\">\u00c0rea: <\/span><\/em><\/strong>Tecnologia<br \/>\n<\/span><\/p>\n<p><a href=\"https:\/\/serveiseducatius.xtec.cat\/tarragones\/dinamitzacio\/trics\/trics13_ralexandru\" target=\"_blank\" rel=\"noopener noreferrer\"><img loading=\"lazy\" decoding=\"async\" class=\"alignleft\" style=\"display: block; vertical-align: top; margin-right: 8px; float: left;\" src=\"https:\/\/serveiseducatius.xtec.cat\/tarragones\/wp-content\/uploads\/usu549\/2019\/03\/trics13_ralexandru.jpg\" width=\"75\" height=\"100\" \/><\/a><span style=\"display: block; overflow: auto; height: 110px; text-align: justify;\"><strong><span style=\"color: #808080;\"><em>T\u00edtol: <\/em><\/span><\/strong><a href=\"https:\/\/serveiseducatius.xtec.cat\/tarragones\/dinamitzacio\/trics\/trics13_ralexandru\" target=\"_blank\" rel=\"noopener noreferrer\"><strong>Medicaments tranquil\u00b7litzants: Qu\u00edmics i naturals<\/strong><\/a><br \/>\n<strong><em><span style=\"color: #808080;\">Autor\/a: <\/span><\/em><\/strong><strong> Robert Alexandru Chiritoiu<\/strong><br \/>\n<strong><em><span style=\"color: #808080;\">Modalitat: <\/span><\/em><\/strong>Ci\u00e8ncies i tecnologia: Ci\u00e8ncies de la Salut<br \/>\n<strong><em><span style=\"color: #808080;\">\u00c0rea: <\/span><\/em><\/strong>Biomedicina<br \/>\n<\/span><\/p>\n<p><a href=\"https:\/\/serveiseducatius.xtec.cat\/tarragones\/dinamitzacio\/trics\/trics13_sisaac\" target=\"_blank\" rel=\"noopener noreferrer\"><img loading=\"lazy\" decoding=\"async\" class=\"alignleft\" style=\"display: block; vertical-align: top; margin-right: 8px; float: left;\" src=\"https:\/\/serveiseducatius.xtec.cat\/tarragones\/wp-content\/uploads\/usu549\/2019\/03\/trics13_sisaac.jpg\" width=\"75\" height=\"100\" \/><\/a><span style=\"display: block; overflow: auto; height: 110px; text-align: justify;\"><strong><span style=\"color: #808080;\"><em>T\u00edtol: <\/em><\/span><\/strong><a href=\"https:\/\/serveiseducatius.xtec.cat\/tarragones\/dinamitzacio\/trics\/trics13_sisaac\" target=\"_blank\" rel=\"noopener noreferrer\"><strong>Els Hivernacles. Maqueta automatitzada amb Arduino.<\/strong><\/a><br \/>\n<strong><em><span style=\"color: #808080;\">Autor\/a: <\/span><\/em><\/strong><strong> Sandra Isaac Garc\u00eda<\/strong><br \/>\n<strong><em><span style=\"color: #808080;\">Modalitat: <\/span><\/em><\/strong>Ci\u00e8ncies i tecnologia: Cientificot\u00e8cnic<br \/>\n<strong><em><span style=\"color: #808080;\">\u00c0rea: <\/span><\/em><\/strong>Tecnologia<br \/>\n<\/span><\/p>\n<h3>Ins Ramon Barbat i Miracle <em>(Vila-seca)<\/em><\/h3>\n<p><a href=\"https:\/\/serveiseducatius.xtec.cat\/tarragones\/dinamitzacio\/trics\/trics13_mferrus\" target=\"_blank\" rel=\"noopener noreferrer\"><img loading=\"lazy\" decoding=\"async\" class=\"alignleft\" style=\"display: block; vertical-align: top; margin-right: 8px; float: left;\" src=\"https:\/\/serveiseducatius.xtec.cat\/tarragones\/wp-content\/uploads\/usu549\/2019\/04\/trics13_mferrus.jpg\" width=\"75\" height=\"100\" \/><\/a><span style=\"display: block; overflow: auto; height: 110px; text-align: justify;\"><strong><span style=\"color: #808080;\"><em>T\u00edtol: <\/em><\/span><\/strong><a href=\"https:\/\/serveiseducatius.xtec.cat\/tarragones\/dinamitzacio\/trics\/trics13_mferrus\" target=\"_blank\" rel=\"noopener noreferrer\"><strong>El ballet, un estil de vida<\/strong><\/a><br \/>\n<strong><em><span style=\"color: #808080;\">Autor\/a: <\/span><\/em><\/strong><strong> Marina Ferr\u00fas Pujals<\/strong><br \/>\n<strong><em><span style=\"color: #808080;\">Modalitat: <\/span><\/em><\/strong>Humanitats i Ci\u00e8ncies Socials<br \/>\n<strong><em><span style=\"color: #808080;\">\u00c0rea: <\/span><\/em><\/strong>Dan\u00e7a<br \/>\n<\/span><\/p>\n<p><a href=\"https:\/\/serveiseducatius.xtec.cat\/tarragones\/dinamitzacio\/trics\/trics13_mtorres\" target=\"_blank\" rel=\"noopener noreferrer\"><img loading=\"lazy\" decoding=\"async\" class=\"alignleft\" style=\"display: block; vertical-align: top; margin-right: 8px; float: left;\" src=\"https:\/\/serveiseducatius.xtec.cat\/tarragones\/wp-content\/uploads\/usu549\/2019\/03\/trics13_mtorres.jpg\" width=\"75\" height=\"100\" \/><\/a><span style=\"display: block; overflow: auto; height: 110px; text-align: justify;\"><strong><span style=\"color: #808080;\"><em>T\u00edtol: <\/em><\/span><\/strong><a href=\"https:\/\/serveiseducatius.xtec.cat\/tarragones\/dinamitzacio\/trics\/trics13_mtorres\" target=\"_blank\" rel=\"noopener noreferrer\"><strong>Qu\u00e8 ha sigut del meu nad\u00f3?<\/strong><\/a><br \/>\n<strong><em><span style=\"color: #808080;\">Autor\/a: <\/span><\/em><\/strong><strong> Marta Torres Berbel<\/strong><br \/>\n<strong><em><span style=\"color: #808080;\">Modalitat: <\/span><\/em><\/strong>Ci\u00e8ncies i tecnologia: Ci\u00e8ncies de la Salut<br \/>\n<strong><em><span style=\"color: #808080;\">\u00c0rea: <\/span><\/em><\/strong>Medicina<br \/>\n<\/span><\/p>\n<p><a href=\"https:\/\/serveiseducatius.xtec.cat\/tarragones\/dinamitzacio\/trics\/trics13_ngonzalez\" target=\"_blank\" rel=\"noopener noreferrer\"><img loading=\"lazy\" decoding=\"async\" class=\"alignleft\" style=\"display: block; vertical-align: top; margin-right: 8px; float: left;\" src=\"https:\/\/serveiseducatius.xtec.cat\/tarragones\/wp-content\/uploads\/usu549\/2019\/03\/trics13_ngonzalez.jpg\" width=\"75\" height=\"100\" \/><\/a><span style=\"display: block; overflow: auto; height: 110px; text-align: justify;\"><strong><span style=\"color: #808080;\"><em>T\u00edtol: <\/em><\/span><\/strong><a href=\"https:\/\/serveiseducatius.xtec.cat\/tarragones\/dinamitzacio\/trics\/trics13_ngonzalez\" target=\"_blank\" rel=\"noopener noreferrer\"><strong>Criptografia, l&#8217;art de l&#8217;escriptura xifrada<\/strong><\/a><br \/>\n<strong><em><span style=\"color: #808080;\">Autor\/a: <\/span><\/em><\/strong><strong> Noemi Gonz\u00e1lez Adell<\/strong><br \/>\n<strong><em><span style=\"color: #808080;\">Modalitat: <\/span><\/em><\/strong>Ci\u00e8ncies i tecnologia: Cientificot\u00e8cnic<br \/>\n<strong><em><span style=\"color: #808080;\">\u00c0rea: <\/span><\/em><\/strong>Inform\u00e0tica i Disseny<br \/>\n<\/span><\/p>\n<h3>Ins Ramon Berenguer IV <em>(Cambrils)<\/em><\/h3>\n<p><a href=\"https:\/\/serveiseducatius.xtec.cat\/tarragones\/dinamitzacio\/trics\/trics13_adalmau\" target=\"_blank\" rel=\"noopener noreferrer\"><img loading=\"lazy\" decoding=\"async\" class=\"alignleft\" style=\"display: block; vertical-align: top; margin-right: 8px; float: left;\" src=\"https:\/\/serveiseducatius.xtec.cat\/tarragones\/wp-content\/uploads\/usu549\/2019\/03\/trics13_adalmau.jpg\" width=\"75\" height=\"100\" \/><\/a><span style=\"display: block; overflow: auto; height: 110px; text-align: justify;\"><strong><span style=\"color: #808080;\"><em>T\u00edtol: <\/em><\/span><\/strong><a href=\"https:\/\/serveiseducatius.xtec.cat\/tarragones\/dinamitzacio\/trics\/trics13_adalmau\" target=\"_blank\" rel=\"noopener noreferrer\"><strong>Fast Sellers, \u00bfliteratura o negocio?<\/strong><\/a><br \/>\n<strong><em><span style=\"color: #808080;\">Autor\/a: <\/span><\/em><\/strong><strong> Andreu Dalmau Ram\u00edrez de Arellano<\/strong><br \/>\n<strong><em><span style=\"color: #808080;\">Modalitat: <\/span><\/em><\/strong>Humanitats i Ci\u00e8ncies Socials<br \/>\n<strong><em><span style=\"color: #808080;\">\u00c0rea: <\/span><\/em><\/strong>Literatura<br \/>\n<\/span><\/p>\n<p><a href=\"https:\/\/serveiseducatius.xtec.cat\/tarragones\/dinamitzacio\/trics\/trics13_jsalsench\" target=\"_blank\" rel=\"noopener noreferrer\"><img loading=\"lazy\" decoding=\"async\" class=\"alignleft\" style=\"display: block; vertical-align: top; margin-right: 8px; float: left;\" src=\"https:\/\/serveiseducatius.xtec.cat\/tarragones\/wp-content\/uploads\/usu549\/2019\/03\/trics13_jsalsench.jpg\" width=\"75\" height=\"100\" \/><\/a><span style=\"display: block; overflow: auto; height: 110px; text-align: justify;\"><strong><span style=\"color: #808080;\"><em>T\u00edtol: <\/em><\/span><\/strong><a href=\"https:\/\/serveiseducatius.xtec.cat\/tarragones\/dinamitzacio\/trics\/trics13_jsalsench\" target=\"_blank\" rel=\"noopener noreferrer\"><strong>Kanata: Descobrint els or\u00edgens del Canad\u00e0<\/strong><\/a><br \/>\n<strong><em><span style=\"color: #808080;\">Autor\/a: <\/span><\/em><\/strong><strong> Jofre Salsench Ivern<\/strong><br \/>\n<strong><em><span style=\"color: #808080;\">Modalitat: <\/span><\/em><\/strong>Humanitats i Ci\u00e8ncies Socials<br \/>\n<strong><em><span style=\"color: #808080;\">\u00c0rea: <\/span><\/em><\/strong>Hist\u00f2ria<br \/>\n<\/span><\/p>\n<p><a href=\"https:\/\/serveiseducatius.xtec.cat\/tarragones\/dinamitzacio\/trics\/trics13_ptorne\" target=\"_blank\" rel=\"noopener noreferrer\"><img loading=\"lazy\" decoding=\"async\" class=\"alignleft\" style=\"display: block; vertical-align: top; margin-right: 8px; float: left;\" src=\"https:\/\/serveiseducatius.xtec.cat\/tarragones\/wp-content\/uploads\/usu549\/2019\/02\/trics13_ptorne.jpg\" width=\"75\" height=\"100\" \/><\/a><span style=\"display: block; overflow: auto; height: 110px; text-align: justify;\"><strong><span style=\"color: #808080;\"><em>T\u00edtol: <\/em><\/span><\/strong><a href=\"https:\/\/serveiseducatius.xtec.cat\/tarragones\/dinamitzacio\/trics\/trics13_ptorne\" target=\"_blank\" rel=\"noopener noreferrer\"><strong>Tim Burton: un universo personal<\/strong><\/a><br \/>\n<strong><em><span style=\"color: #808080;\">Autor\/a: <\/span><\/em><\/strong><strong> Paula Torn\u00e9 Andreu<\/strong><br \/>\n<strong><em><span style=\"color: #808080;\">Modalitat: <\/span><\/em><\/strong>Humanitats i Ci\u00e8ncies Socials<br \/>\n<strong><em><span style=\"color: #808080;\">\u00c0rea: <\/span><\/em><\/strong>Cultura audiovisual<br \/>\n<\/span><\/p>\n<h3>Ins Ramon de la Torre <em>(Torredembarra)<\/em><\/h3>\n<p><a href=\"https:\/\/serveiseducatius.xtec.cat\/tarragones\/dinamitzacio\/trics\/trics13_jblazquez\" target=\"_blank\" rel=\"noopener noreferrer\"><img loading=\"lazy\" decoding=\"async\" class=\"alignleft\" style=\"display: block; vertical-align: top; margin-right: 8px; float: left;\" src=\"https:\/\/serveiseducatius.xtec.cat\/tarragones\/wp-content\/uploads\/usu549\/2019\/04\/trics13_jblazquez.jpg\" width=\"75\" height=\"100\" \/><\/a><span style=\"display: block; overflow: auto; height: 110px; text-align: justify;\"><strong><span style=\"color: #808080;\"><em>T\u00edtol: <\/em><\/span><\/strong><a href=\"https:\/\/serveiseducatius.xtec.cat\/tarragones\/dinamitzacio\/trics\/trics13_jblazquez\" target=\"_blank\" rel=\"noopener noreferrer\"><strong>El m\u00f3n infantil a trav\u00e9s del dibuix infantil<\/strong><\/a><br \/>\n<strong><em><span style=\"color: #808080;\">Autor\/a: <\/span><\/em><\/strong><strong> Judith Blazquez Ruiz<\/strong><br \/>\n<strong><em><span style=\"color: #808080;\">Modalitat: <\/span><\/em><\/strong>Humanitats i Ci\u00e8ncies Socials<br \/>\n<strong><em><span style=\"color: #808080;\">\u00c0rea: <\/span><\/em><\/strong>Psicologia i Sociologia<br \/>\n<\/span><\/p>\n<p><a href=\"https:\/\/serveiseducatius.xtec.cat\/tarragones\/dinamitzacio\/trics\/trics13_mrepiso\" target=\"_blank\" rel=\"noopener noreferrer\"><img loading=\"lazy\" decoding=\"async\" class=\"alignleft\" style=\"display: block; vertical-align: top; margin-right: 8px; float: left;\" src=\"https:\/\/serveiseducatius.xtec.cat\/tarragones\/wp-content\/uploads\/usu549\/2019\/03\/trics13_mrepiso.jpg\" width=\"75\" height=\"100\" \/><\/a><span style=\"display: block; overflow: auto; height: 110px; text-align: justify;\"><strong><span style=\"color: #808080;\"><em>T\u00edtol: <\/em><\/span><\/strong><a href=\"https:\/\/serveiseducatius.xtec.cat\/tarragones\/dinamitzacio\/trics\/trics13_mrepiso\" target=\"_blank\" rel=\"noopener noreferrer\"><strong>Mostres de subjectivitat al periodisme esportiu<\/strong><\/a><br \/>\n<strong><em><span style=\"color: #808080;\">Autor\/a: <\/span><\/em><\/strong><strong> Mar Repiso Anoro<\/strong><br \/>\n<strong><em><span style=\"color: #808080;\">Modalitat: <\/span><\/em><\/strong>Humanitats i Ci\u00e8ncies Socials<br \/>\n<strong><em><span style=\"color: #808080;\">\u00c0rea: <\/span><\/em><\/strong>Periodisme<br \/>\n<\/span><\/p>\n<p><a href=\"https:\/\/serveiseducatius.xtec.cat\/tarragones\/dinamitzacio\/trics\/trics13_vdasilva\" target=\"_blank\" rel=\"noopener noreferrer\"><img loading=\"lazy\" decoding=\"async\" class=\"alignleft\" style=\"display: block; vertical-align: top; margin-right: 8px; float: left;\" src=\"https:\/\/serveiseducatius.xtec.cat\/tarragones\/wp-content\/uploads\/usu549\/2019\/03\/trics13_vdasilva.jpg\" width=\"75\" height=\"100\" \/><\/a><span style=\"display: block; overflow: auto; height: 110px; text-align: justify;\"><strong><span style=\"color: #808080;\"><em>T\u00edtol: <\/em><\/span><\/strong><a href=\"https:\/\/serveiseducatius.xtec.cat\/tarragones\/dinamitzacio\/trics\/trics13_vdasilva\" target=\"_blank\" rel=\"noopener noreferrer\"><strong>Creaci\u00f3 d&#8217;una empresa: La meva food-truck<\/strong><\/a><br \/>\n<strong><em><span style=\"color: #808080;\">Autor\/a: <\/span><\/em><\/strong><strong> Victoria Da Silva Prestini<\/strong><br \/>\n<strong><em><span style=\"color: #808080;\">Modalitat: <\/span><\/em><\/strong>Humanitats i Ci\u00e8ncies Socials<br \/>\n<strong><em><span style=\"color: #808080;\">\u00c0rea: <\/span><\/em><\/strong>Economia<br \/>\n<\/span><\/p>\n<p><a href=\"https:\/\/serveiseducatius.xtec.cat\/tarragones\/dinamitzacio\/trics\/trics13_xlopez\" target=\"_blank\" rel=\"noopener noreferrer\"><img loading=\"lazy\" decoding=\"async\" class=\"alignleft\" style=\"display: block; vertical-align: top; margin-right: 8px; float: left;\" src=\"https:\/\/serveiseducatius.xtec.cat\/tarragones\/wp-content\/uploads\/usu549\/2019\/02\/trics13_xlopez.jpg\" width=\"75\" height=\"100\" \/><\/a><span style=\"display: block; overflow: auto; height: 110px; text-align: justify;\"><strong><span style=\"color: #808080;\"><em>T\u00edtol: <\/em><\/span><\/strong><a href=\"https:\/\/serveiseducatius.xtec.cat\/tarragones\/dinamitzacio\/trics\/trics13_xlopez\" target=\"_blank\" rel=\"noopener noreferrer\"><strong>El cinema actual reflecteix els pensaments de la societat sobre el g\u00e9nere i els estereotips (d&#8217;aquests o no)?<\/strong><\/a><br \/>\n<strong><em><span style=\"color: #808080;\">Autor\/a: <\/span><\/em><\/strong><strong> Xavier L\u00f3pez Peinado<\/strong><br \/>\n<strong><em><span style=\"color: #808080;\">Modalitat: <\/span><\/em><\/strong>Ci\u00e8ncies i tecnologia: Cientificot\u00e8cnic<br \/>\n<strong><em><span style=\"color: #808080;\">\u00c0rea: <\/span><\/em><\/strong>Biologia<br \/>\n<\/span><\/p>\n<h3>Ins Roseta Mauri <em>(Reus)<\/em><\/h3>\n<p><a href=\"https:\/\/serveiseducatius.xtec.cat\/tarragones\/dinamitzacio\/trics\/trics13_maici\" target=\"_blank\" rel=\"noopener noreferrer\"><img loading=\"lazy\" decoding=\"async\" class=\"alignleft\" style=\"display: block; vertical-align: top; margin-right: 8px; float: left;\" src=\"https:\/\/serveiseducatius.xtec.cat\/tarragones\/wp-content\/uploads\/usu549\/2019\/03\/trics13_maici.jpg\" width=\"75\" height=\"100\" \/><\/a><span style=\"display: block; overflow: auto; height: 110px; text-align: justify;\"><strong><span style=\"color: #808080;\"><em>T\u00edtol: <\/em><\/span><\/strong><a href=\"https:\/\/serveiseducatius.xtec.cat\/tarragones\/dinamitzacio\/trics\/trics13_maici\" target=\"_blank\" rel=\"noopener noreferrer\"><strong>Desenvolupament d&#8217;una aplicaci\u00f3 android per a xifrar i desxifrar missatges<\/strong><\/a><br \/>\n<strong><em><span style=\"color: #808080;\">Autor\/a: <\/span><\/em><\/strong><strong> Massissilia Aici Lounis<\/strong><br \/>\n<strong><em><span style=\"color: #808080;\">Modalitat: <\/span><\/em><\/strong>Ci\u00e8ncies i tecnologia: Cientificot\u00e8cnic<br \/>\n<strong><em><span style=\"color: #808080;\">\u00c0rea: <\/span><\/em><\/strong>Tecnologia<br \/>\n<\/span><\/p>\n<h3>Ins Salvador Vilaseca <em>(Reus)<\/em><\/h3>\n<p><a href=\"https:\/\/serveiseducatius.xtec.cat\/tarragones\/dinamitzacio\/trics\/trics13_amiro\" target=\"_blank\" rel=\"noopener noreferrer\"><img loading=\"lazy\" decoding=\"async\" class=\"alignleft\" style=\"display: block; vertical-align: top; margin-right: 8px; float: left;\" src=\"https:\/\/serveiseducatius.xtec.cat\/tarragones\/wp-content\/uploads\/usu549\/2019\/03\/trics13_amiro.jpg\" width=\"75\" height=\"100\" \/><\/a><span style=\"display: block; overflow: auto; height: 110px; text-align: justify;\"><strong><span style=\"color: #808080;\"><em>T\u00edtol: <\/em><\/span><\/strong><a href=\"https:\/\/serveiseducatius.xtec.cat\/tarragones\/dinamitzacio\/trics\/trics13_amiro\" target=\"_blank\" rel=\"noopener noreferrer\"><strong>Els parcs biosaludables de Reus: un recurs infrautilitzat?<\/strong><\/a><br \/>\n<strong><em><span style=\"color: #808080;\">Autor\/a: <\/span><\/em><\/strong><strong> Adri\u00e0 Mir\u00f3 Nolla<\/strong><br \/>\n<strong><em><span style=\"color: #808080;\">Modalitat: <\/span><\/em><\/strong>Ci\u00e8ncies i tecnologia: Ci\u00e8ncies de la Salut<br \/>\n<strong><em><span style=\"color: #808080;\">\u00c0rea: <\/span><\/em><\/strong>Ci\u00e8ncies de l&#8217;Esport<br \/>\n<\/span><\/p>\n<p><a href=\"https:\/\/serveiseducatius.xtec.cat\/tarragones\/dinamitzacio\/trics\/trics13_amorenom\" target=\"_blank\" rel=\"noopener noreferrer\"><img loading=\"lazy\" decoding=\"async\" class=\"alignleft\" style=\"display: block; vertical-align: top; margin-right: 8px; float: left;\" src=\"https:\/\/serveiseducatius.xtec.cat\/tarragones\/wp-content\/uploads\/usu549\/2019\/03\/trics13_amorenom.jpg\" width=\"75\" height=\"100\" \/><\/a><span style=\"display: block; overflow: auto; height: 110px; text-align: justify;\"><strong><span style=\"color: #808080;\"><em>T\u00edtol: <\/em><\/span><\/strong><a href=\"https:\/\/serveiseducatius.xtec.cat\/tarragones\/dinamitzacio\/trics\/trics13_amorenom\" target=\"_blank\" rel=\"noopener noreferrer\"><strong>Estabilitat de les maioneses sense ou<\/strong><\/a><br \/>\n<strong><em><span style=\"color: #808080;\">Autor\/a: <\/span><\/em><\/strong><strong> Alba Moreno Moreno<\/strong><br \/>\n<strong><em><span style=\"color: #808080;\">Modalitat: <\/span><\/em><\/strong>Ci\u00e8ncies i tecnologia: Ci\u00e8ncies de la Salut<br \/>\n<strong><em><span style=\"color: #808080;\">\u00c0rea: <\/span><\/em><\/strong>Bioqu\u00edmica<br \/>\n<\/span><\/p>\n<p><a href=\"https:\/\/serveiseducatius.xtec.cat\/tarragones\/dinamitzacio\/trics\/trics13_amorenoj\" target=\"_blank\" rel=\"noopener noreferrer\"><img loading=\"lazy\" decoding=\"async\" class=\"alignleft\" style=\"display: block; vertical-align: top; margin-right: 8px; float: left;\" src=\"https:\/\/serveiseducatius.xtec.cat\/tarragones\/wp-content\/uploads\/usu549\/2019\/03\/trics13_amorenoj.jpg\" width=\"75\" height=\"100\" \/><\/a><span style=\"display: block; overflow: auto; height: 110px; text-align: justify;\"><strong><span style=\"color: #808080;\"><em>T\u00edtol: <\/em><\/span><\/strong><a href=\"https:\/\/serveiseducatius.xtec.cat\/tarragones\/dinamitzacio\/trics\/trics13_amorenoj\" target=\"_blank\" rel=\"noopener noreferrer\"><strong>Criptografia i la seguretat en les nostres comunicacions<\/strong><\/a><br \/>\n<strong><em><span style=\"color: #808080;\">Autor\/a: <\/span><\/em><\/strong><strong> Arnau Moreno Jim\u00e9nez<\/strong><br \/>\n<strong><em><span style=\"color: #808080;\">Modalitat: <\/span><\/em><\/strong>Ci\u00e8ncies i tecnologia: Cientificot\u00e8cnic<br \/>\n<strong><em><span style=\"color: #808080;\">\u00c0rea: <\/span><\/em><\/strong>Matem\u00e0tiques<br \/>\n<\/span><\/p>\n<p><a href=\"https:\/\/serveiseducatius.xtec.cat\/tarragones\/dinamitzacio\/trics\/trics13_crivera\" target=\"_blank\" rel=\"noopener noreferrer\"><img loading=\"lazy\" decoding=\"async\" class=\"alignleft\" style=\"display: block; vertical-align: top; margin-right: 8px; float: left;\" src=\"https:\/\/serveiseducatius.xtec.cat\/tarragones\/wp-content\/uploads\/usu549\/2019\/03\/trics13_crivera.jpg\" width=\"75\" height=\"100\" \/><\/a><span style=\"display: block; overflow: auto; height: 110px; text-align: justify;\"><strong><span style=\"color: #808080;\"><em>T\u00edtol: <\/em><\/span><\/strong><a href=\"https:\/\/serveiseducatius.xtec.cat\/tarragones\/dinamitzacio\/trics\/trics13_crivera\" target=\"_blank\" rel=\"noopener noreferrer\"><strong>Machismo en la literatura<\/strong><\/a><br \/>\n<strong><em><span style=\"color: #808080;\">Autor\/a: <\/span><\/em><\/strong><strong> Carla Rivera Montero<\/strong><br \/>\n<strong><em><span style=\"color: #808080;\">Modalitat: <\/span><\/em><\/strong>Humanitats i Ci\u00e8ncies Socials<br \/>\n<strong><em><span style=\"color: #808080;\">\u00c0rea: <\/span><\/em><\/strong>Literatura<br \/>\n<\/span><\/p>\n<p><a href=\"https:\/\/serveiseducatius.xtec.cat\/tarragones\/dinamitzacio\/trics\/trics13_dzala\" target=\"_blank\" rel=\"noopener noreferrer\"><img loading=\"lazy\" decoding=\"async\" class=\"alignleft\" style=\"display: block; vertical-align: top; margin-right: 8px; float: left;\" src=\"https:\/\/serveiseducatius.xtec.cat\/tarragones\/wp-content\/uploads\/usu549\/2019\/03\/trics13_dzala.jpg\" width=\"75\" height=\"100\" \/><\/a><span style=\"display: block; overflow: auto; height: 110px; text-align: justify;\"><strong><span style=\"color: #808080;\"><em>T\u00edtol: <\/em><\/span><\/strong><a href=\"https:\/\/serveiseducatius.xtec.cat\/tarragones\/dinamitzacio\/trics\/trics13_dzala\" target=\"_blank\" rel=\"noopener noreferrer\"><strong>Vi ecol\u00f2gic o vi convencional?<\/strong><\/a><br \/>\n<strong><em><span style=\"color: #808080;\">Autor\/a: <\/span><\/em><\/strong><strong> Danusia Alexia Zala<\/strong><br \/>\n<strong><em><span style=\"color: #808080;\">Modalitat: <\/span><\/em><\/strong>Ci\u00e8ncies i tecnologia: Ci\u00e8ncies de la Salut<br \/>\n<strong><em><span style=\"color: #808080;\">\u00c0rea: <\/span><\/em><\/strong>Biologia<br \/>\n<\/span><\/p>\n<p><a href=\"https:\/\/serveiseducatius.xtec.cat\/tarragones\/dinamitzacio\/trics\/trics13_iafkir\" target=\"_blank\" rel=\"noopener noreferrer\"><img loading=\"lazy\" decoding=\"async\" class=\"alignleft\" style=\"display: block; vertical-align: top; margin-right: 8px; float: left;\" src=\"https:\/\/serveiseducatius.xtec.cat\/tarragones\/wp-content\/uploads\/usu549\/2019\/03\/trics13_iafkir.jpg\" width=\"75\" height=\"100\" \/><\/a><span style=\"display: block; overflow: auto; height: 110px; text-align: justify;\"><strong><span style=\"color: #808080;\"><em>T\u00edtol: <\/em><\/span><\/strong><a href=\"https:\/\/serveiseducatius.xtec.cat\/tarragones\/dinamitzacio\/trics\/trics13_iafkir\" target=\"_blank\" rel=\"noopener noreferrer\"><strong>El treball de recerca<\/strong><\/a><br \/>\n<strong><em><span style=\"color: #808080;\">Autor\/a: <\/span><\/em><\/strong><strong> Iman Afkir Ait mouha<\/strong><br \/>\n<strong><em><span style=\"color: #808080;\">Modalitat: <\/span><\/em><\/strong>Humanitats i Ci\u00e8ncies Socials<br \/>\n<strong><em><span style=\"color: #808080;\">\u00c0rea: <\/span><\/em><\/strong>Filosofia<br \/>\n<\/span><\/p>\n<p><a href=\"https:\/\/serveiseducatius.xtec.cat\/tarragones\/dinamitzacio\/trics\/trics13_mjardi\" target=\"_blank\" rel=\"noopener noreferrer\"><img loading=\"lazy\" decoding=\"async\" class=\"alignleft\" style=\"display: block; vertical-align: top; margin-right: 8px; float: left;\" src=\"https:\/\/serveiseducatius.xtec.cat\/tarragones\/wp-content\/uploads\/usu549\/2019\/03\/trics13_mjardi.jpg\" width=\"75\" height=\"100\" \/><\/a><span style=\"display: block; overflow: auto; height: 110px; text-align: justify;\"><strong><span style=\"color: #808080;\"><em>T\u00edtol: <\/em><\/span><\/strong><a href=\"https:\/\/serveiseducatius.xtec.cat\/tarragones\/dinamitzacio\/trics\/trics13_mjardi\" target=\"_blank\" rel=\"noopener noreferrer\"><strong>L&#8217;oli de ginebre: Passat i present<\/strong><\/a><br \/>\n<strong><em><span style=\"color: #808080;\">Autor\/a: <\/span><\/em><\/strong><strong> Marc Jard\u00ed Garcia<\/strong><br \/>\n<strong><em><span style=\"color: #808080;\">Modalitat: <\/span><\/em><\/strong>Ci\u00e8ncies i tecnologia: Ci\u00e8ncies de la Salut<br \/>\n<strong><em><span style=\"color: #808080;\">\u00c0rea: <\/span><\/em><\/strong>Bioqu\u00edmica<br \/>\n<\/span><\/p>\n<p><a href=\"https:\/\/serveiseducatius.xtec.cat\/tarragones\/dinamitzacio\/trics\/trics13_mmas\" target=\"_blank\" rel=\"noopener noreferrer\"><img loading=\"lazy\" decoding=\"async\" class=\"alignleft\" style=\"display: block; vertical-align: top; margin-right: 8px; float: left;\" src=\"https:\/\/serveiseducatius.xtec.cat\/tarragones\/wp-content\/uploads\/usu549\/2019\/03\/trics13_mmas.jpg\" width=\"75\" height=\"100\" \/><\/a><span style=\"display: block; overflow: auto; height: 110px; text-align: justify;\"><strong><span style=\"color: #808080;\"><em>T\u00edtol: <\/em><\/span><\/strong><a href=\"https:\/\/serveiseducatius.xtec.cat\/tarragones\/dinamitzacio\/trics\/trics13_mmas\" target=\"_blank\" rel=\"noopener noreferrer\"><strong>Cubbing: creaci\u00f3 d&#8217;un videojoc per a dispositius m\u00f2bils<\/strong><\/a><br \/>\n<strong><em><span style=\"color: #808080;\">Autor\/a: <\/span><\/em><\/strong><strong> Marc Mas Vidal<\/strong><br \/>\n<strong><em><span style=\"color: #808080;\">Modalitat: <\/span><\/em><\/strong>Ci\u00e8ncies i tecnologia: Cientificot\u00e8cnic<br \/>\n<strong><em><span style=\"color: #808080;\">\u00c0rea: <\/span><\/em><\/strong>Inform\u00e0tica i Disseny<br \/>\n<\/span><\/p>\n<p><a href=\"https:\/\/serveiseducatius.xtec.cat\/tarragones\/dinamitzacio\/trics\/trics13_mborrallo\" target=\"_blank\" rel=\"noopener noreferrer\"><img loading=\"lazy\" decoding=\"async\" class=\"alignleft\" style=\"display: block; vertical-align: top; margin-right: 8px; float: left;\" src=\"https:\/\/serveiseducatius.xtec.cat\/tarragones\/wp-content\/uploads\/usu549\/2019\/03\/trics13_mborrallo.jpg\" width=\"75\" height=\"100\" \/><\/a><span style=\"display: block; overflow: auto; height: 110px; text-align: justify;\"><strong><span style=\"color: #808080;\"><em>T\u00edtol: <\/em><\/span><\/strong><a href=\"https:\/\/serveiseducatius.xtec.cat\/tarragones\/dinamitzacio\/trics\/trics13_mborrallo\" target=\"_blank\" rel=\"noopener noreferrer\"><strong>Els embri\u00f2legs s\u00f3n pares de laboratori. Fecundaci\u00f3 In Vitro.<\/strong><\/a><br \/>\n<strong><em><span style=\"color: #808080;\">Autor\/a: <\/span><\/em><\/strong><strong> Miriam Borrallo Parra<\/strong><br \/>\n<strong><em><span style=\"color: #808080;\">Modalitat: <\/span><\/em><\/strong>Ci\u00e8ncies i tecnologia: Ci\u00e8ncies de la Salut<br \/>\n<strong><em><span style=\"color: #808080;\">\u00c0rea: <\/span><\/em><\/strong>Biomedicina<br \/>\n<\/span><\/p>\n<p><a href=\"https:\/\/serveiseducatius.xtec.cat\/tarragones\/dinamitzacio\/trics\/trics13_pdiego\" target=\"_blank\" rel=\"noopener noreferrer\"><img loading=\"lazy\" decoding=\"async\" class=\"alignleft\" style=\"display: block; vertical-align: top; margin-right: 8px; float: left;\" src=\"https:\/\/serveiseducatius.xtec.cat\/tarragones\/wp-content\/uploads\/usu549\/2019\/03\/trics13_pdiego.jpg\" width=\"75\" height=\"100\" \/><\/a><span style=\"display: block; overflow: auto; height: 110px; text-align: justify;\"><strong><span style=\"color: #808080;\"><em>T\u00edtol: <\/em><\/span><\/strong><a href=\"https:\/\/serveiseducatius.xtec.cat\/tarragones\/dinamitzacio\/trics\/trics13_pdiego\" target=\"_blank\" rel=\"noopener noreferrer\"><strong>L\u2019anatomia, una prova de l\u2019evoluci\u00f3<\/strong><\/a><br \/>\n<strong><em><span style=\"color: #808080;\">Autor\/a: <\/span><\/em><\/strong><strong> Paula de Diego Bosch<\/strong><br \/>\n<strong><em><span style=\"color: #808080;\">Modalitat: <\/span><\/em><\/strong>Ci\u00e8ncies i tecnologia: Ci\u00e8ncies de la Salut<br \/>\n<strong><em><span style=\"color: #808080;\">\u00c0rea: <\/span><\/em><\/strong>Biologia<br \/>\n<\/span><\/p>\n<h3>Ins Tarragona <em>(Tarragona)<\/em><\/h3>\n<p><a href=\"https:\/\/serveiseducatius.xtec.cat\/tarragones\/dinamitzacio\/trics\/trics13_aalzamora\" target=\"_blank\" rel=\"noopener noreferrer\"><img loading=\"lazy\" decoding=\"async\" class=\"alignleft\" style=\"display: block; vertical-align: top; margin-right: 8px; float: left;\" src=\"https:\/\/serveiseducatius.xtec.cat\/tarragones\/wp-content\/uploads\/usu549\/2019\/03\/trics13_aalzamora.jpg\" width=\"75\" height=\"100\" \/><\/a><span style=\"display: block; overflow: auto; height: 110px; text-align: justify;\"><strong><span style=\"color: #808080;\"><em>T\u00edtol: <\/em><\/span><\/strong><a href=\"https:\/\/serveiseducatius.xtec.cat\/tarragones\/dinamitzacio\/trics\/trics13_aalzamora\" target=\"_blank\" rel=\"noopener noreferrer\"><strong>Booktubers, els nous recomanadors de llibres en aquesta era digital?<\/strong><\/a><br \/>\n<strong><em><span style=\"color: #808080;\">Autor\/a: <\/span><\/em><\/strong><strong> Aitana Alzamora Bov\u00e9<\/strong><br \/>\n<strong><em><span style=\"color: #808080;\">Modalitat: <\/span><\/em><\/strong>Humanitats i Ci\u00e8ncies Socials<br \/>\n<strong><em><span style=\"color: #808080;\">\u00c0rea: <\/span><\/em><\/strong>Literatura<br \/>\n<\/span><\/p>\n<p><a href=\"https:\/\/serveiseducatius.xtec.cat\/tarragones\/dinamitzacio\/trics\/trics13_ereina\" target=\"_blank\" rel=\"noopener noreferrer\"><img loading=\"lazy\" decoding=\"async\" class=\"alignleft\" style=\"display: block; vertical-align: top; margin-right: 8px; float: left;\" src=\"https:\/\/serveiseducatius.xtec.cat\/tarragones\/wp-content\/uploads\/usu549\/2019\/03\/trics13_ereina.jpg\" width=\"75\" height=\"100\" \/><\/a><span style=\"display: block; overflow: auto; height: 110px; text-align: justify;\"><strong><span style=\"color: #808080;\"><em>T\u00edtol: <\/em><\/span><\/strong><a href=\"https:\/\/serveiseducatius.xtec.cat\/tarragones\/dinamitzacio\/trics\/trics13_ereina\" target=\"_blank\" rel=\"noopener noreferrer\"><strong>C\u00e0nnabis: Efectes en el cos i en la ment humanes<\/strong><\/a><br \/>\n<strong><em><span style=\"color: #808080;\">Autor\/a: <\/span><\/em><\/strong><strong> Ennio Reina Giamberini<\/strong><br \/>\n<strong><em><span style=\"color: #808080;\">Modalitat: <\/span><\/em><\/strong>Ci\u00e8ncies i tecnologia: Ci\u00e8ncies de la Salut<br \/>\n<strong><em><span style=\"color: #808080;\">\u00c0rea: <\/span><\/em><\/strong>Medicina<br \/>\n<\/span><\/p>\n<p><a href=\"https:\/\/serveiseducatius.xtec.cat\/tarragones\/dinamitzacio\/trics\/trics13_grosello\" target=\"_blank\" rel=\"noopener noreferrer\"><img loading=\"lazy\" decoding=\"async\" class=\"alignleft\" style=\"display: block; vertical-align: top; margin-right: 8px; float: left;\" src=\"https:\/\/serveiseducatius.xtec.cat\/tarragones\/wp-content\/uploads\/usu549\/2019\/03\/trics13_nofoto.jpg\" width=\"75\" height=\"100\" \/><\/a><span style=\"display: block; overflow: auto; height: 110px; text-align: justify;\"><strong><span style=\"color: #808080;\"><em>T\u00edtol: <\/em><\/span><\/strong><a href=\"https:\/\/serveiseducatius.xtec.cat\/tarragones\/dinamitzacio\/trics\/trics13_grosello\" target=\"_blank\" rel=\"noopener noreferrer\"><strong>La doble cara de les radiacions ionitzants<\/strong><\/a><br \/>\n<strong><em><span style=\"color: #808080;\">Autor\/a: <\/span><\/em><\/strong><strong> Gemma Rosell\u00f3 Fontanals<\/strong><br \/>\n<strong><em><span style=\"color: #808080;\">Modalitat: <\/span><\/em><\/strong>Ci\u00e8ncies i tecnologia: Cientificot\u00e8cnic<br \/>\n<strong><em><span style=\"color: #808080;\">\u00c0rea: <\/span><\/em><\/strong>Biomedicina<br \/>\n<\/span><\/p>\n<p><a href=\"https:\/\/serveiseducatius.xtec.cat\/tarragones\/dinamitzacio\/trics\/trics13_ggros\" target=\"_blank\" rel=\"noopener noreferrer\"><img loading=\"lazy\" decoding=\"async\" class=\"alignleft\" style=\"display: block; vertical-align: top; margin-right: 8px; float: left;\" src=\"https:\/\/serveiseducatius.xtec.cat\/tarragones\/wp-content\/uploads\/usu549\/2019\/03\/trics13_ggros.jpg\" width=\"75\" height=\"100\" \/><\/a><span style=\"display: block; overflow: auto; height: 110px; text-align: justify;\"><strong><span style=\"color: #808080;\"><em>T\u00edtol: <\/em><\/span><\/strong><a href=\"https:\/\/serveiseducatius.xtec.cat\/tarragones\/dinamitzacio\/trics\/trics13_ggros\" target=\"_blank\" rel=\"noopener noreferrer\"><strong>El poder i la influ\u00e8ncia de les m\u00e0fies italianes<\/strong><\/a><br \/>\n<strong><em><span style=\"color: #808080;\">Autor\/a: <\/span><\/em><\/strong><strong> Gerard Gros Mu\u00f1oz<\/strong><br \/>\n<strong><em><span style=\"color: #808080;\">Modalitat: <\/span><\/em><\/strong>Humanitats i Ci\u00e8ncies Socials<br \/>\n<strong><em><span style=\"color: #808080;\">\u00c0rea: <\/span><\/em><\/strong>Periodisme<br \/>\n<\/span><\/p>\n<p><a href=\"https:\/\/serveiseducatius.xtec.cat\/tarragones\/dinamitzacio\/trics\/trics13_hmoreno\" target=\"_blank\" rel=\"noopener noreferrer\"><img loading=\"lazy\" decoding=\"async\" class=\"alignleft\" style=\"display: block; vertical-align: top; margin-right: 8px; float: left;\" src=\"https:\/\/serveiseducatius.xtec.cat\/tarragones\/wp-content\/uploads\/usu549\/2019\/03\/trics13_hmoreno.jpg\" width=\"75\" height=\"100\" \/><\/a><span style=\"display: block; overflow: auto; height: 110px; text-align: justify;\"><strong><span style=\"color: #808080;\"><em>T\u00edtol: <\/em><\/span><\/strong><a href=\"https:\/\/serveiseducatius.xtec.cat\/tarragones\/dinamitzacio\/trics\/trics13_hmoreno\" target=\"_blank\" rel=\"noopener noreferrer\"><strong>Guia Astron\u00f2mica del Camp de Tarragona<\/strong><\/a><br \/>\n<strong><em><span style=\"color: #808080;\">Autor\/a: <\/span><\/em><\/strong><strong> Hugo Moreno Mart\u00ednez<\/strong><br \/>\n<strong><em><span style=\"color: #808080;\">Modalitat: <\/span><\/em><\/strong>Ci\u00e8ncies i tecnologia: Cientificot\u00e8cnic<br \/>\n<strong><em><span style=\"color: #808080;\">\u00c0rea: <\/span><\/em><\/strong>F\u00edsica<br \/>\n<\/span><\/p>\n<p><a href=\"https:\/\/serveiseducatius.xtec.cat\/tarragones\/dinamitzacio\/trics\/trics13_mllao\" target=\"_blank\" rel=\"noopener noreferrer\"><img loading=\"lazy\" decoding=\"async\" class=\"alignleft\" style=\"display: block; vertical-align: top; margin-right: 8px; float: left;\" src=\"https:\/\/serveiseducatius.xtec.cat\/tarragones\/wp-content\/uploads\/usu549\/2019\/03\/trics13_mllao.jpg\" width=\"75\" height=\"100\" \/><\/a><span style=\"display: block; overflow: auto; height: 110px; text-align: justify;\"><strong><span style=\"color: #808080;\"><em>T\u00edtol: <\/em><\/span><\/strong><a href=\"https:\/\/serveiseducatius.xtec.cat\/tarragones\/dinamitzacio\/trics\/trics13_mllao\" target=\"_blank\" rel=\"noopener noreferrer\"><strong>Aerodin\u00e0mica aplicada a l&#8217;automobilisme<\/strong><\/a><br \/>\n<strong><em><span style=\"color: #808080;\">Autor\/a: <\/span><\/em><\/strong><strong> Marc Lla\u00f3 Dom\u00ednguez<\/strong><br \/>\n<strong><em><span style=\"color: #808080;\">Modalitat: <\/span><\/em><\/strong>Ci\u00e8ncies i tecnologia: Cientificot\u00e8cnic<br \/>\n<strong><em><span style=\"color: #808080;\">\u00c0rea: <\/span><\/em><\/strong>F\u00edsica<br \/>\n<\/span><\/p>\n<p><a href=\"https:\/\/serveiseducatius.xtec.cat\/tarragones\/dinamitzacio\/trics\/trics13_malcoceba\" target=\"_blank\" rel=\"noopener noreferrer\"><img loading=\"lazy\" decoding=\"async\" class=\"alignleft\" style=\"display: block; vertical-align: top; margin-right: 8px; float: left;\" src=\"https:\/\/serveiseducatius.xtec.cat\/tarragones\/wp-content\/uploads\/usu549\/2019\/03\/trics13_malcoceba.jpg\" width=\"75\" height=\"100\" \/><\/a><span style=\"display: block; overflow: auto; height: 110px; text-align: justify;\"><strong><span style=\"color: #808080;\"><em>T\u00edtol: <\/em><\/span><\/strong><a href=\"https:\/\/serveiseducatius.xtec.cat\/tarragones\/dinamitzacio\/trics\/trics13_malcoceba\" target=\"_blank\" rel=\"noopener noreferrer\"><strong>La Guerra civil al nord de la Serra de Madrid<\/strong><\/a><br \/>\n<strong><em><span style=\"color: #808080;\">Autor\/a: <\/span><\/em><\/strong><strong> Maria Alcoceba Lillo<\/strong><br \/>\n<strong><em><span style=\"color: #808080;\">Modalitat: <\/span><\/em><\/strong>Humanitats i Ci\u00e8ncies Socials<br \/>\n<strong><em><span style=\"color: #808080;\">\u00c0rea: <\/span><\/em><\/strong>Hist\u00f2ria<br \/>\n<\/span><\/p>\n<p><a href=\"https:\/\/serveiseducatius.xtec.cat\/tarragones\/dinamitzacio\/trics\/trics13_sfont\" target=\"_blank\" rel=\"noopener noreferrer\"><img loading=\"lazy\" decoding=\"async\" class=\"alignleft\" style=\"display: block; vertical-align: top; margin-right: 8px; float: left;\" src=\"https:\/\/serveiseducatius.xtec.cat\/tarragones\/wp-content\/uploads\/usu549\/2019\/03\/trics13_sfont.jpg\" width=\"75\" height=\"100\" \/><\/a><span style=\"display: block; overflow: auto; height: 110px; text-align: justify;\"><strong><span style=\"color: #808080;\"><em>T\u00edtol: <\/em><\/span><\/strong><a href=\"https:\/\/serveiseducatius.xtec.cat\/tarragones\/dinamitzacio\/trics\/trics13_sfont\" target=\"_blank\" rel=\"noopener noreferrer\"><strong>El su\u00efcidi: un tab\u00fa juvenil.<\/strong><\/a><br \/>\n<strong><em><span style=\"color: #808080;\">Autor\/a: <\/span><\/em><\/strong><strong> Samjhana Font Borr\u00e0s<\/strong><br \/>\n<strong><em><span style=\"color: #808080;\">Modalitat: <\/span><\/em><\/strong>Ci\u00e8ncies i tecnologia: Ci\u00e8ncies de la Salut<br \/>\n<strong><em><span style=\"color: #808080;\">\u00c0rea: <\/span><\/em><\/strong>Medicina<br \/>\n<\/span><\/p>\n<p><a href=\"https:\/\/serveiseducatius.xtec.cat\/tarragones\/dinamitzacio\/trics\/trics13_vandreu\" target=\"_blank\" rel=\"noopener noreferrer\"><img loading=\"lazy\" decoding=\"async\" class=\"alignleft\" style=\"display: block; vertical-align: top; margin-right: 8px; float: left;\" src=\"https:\/\/serveiseducatius.xtec.cat\/tarragones\/wp-content\/uploads\/usu549\/2019\/03\/trics13_vandreu.jpg\" width=\"75\" height=\"100\" \/><\/a><span style=\"display: block; overflow: auto; height: 110px; text-align: justify;\"><strong><span style=\"color: #808080;\"><em>T\u00edtol: <\/em><\/span><\/strong><a href=\"https:\/\/serveiseducatius.xtec.cat\/tarragones\/dinamitzacio\/trics\/trics13_vandreu\" target=\"_blank\" rel=\"noopener noreferrer\"><strong>Per qu\u00e8 soc miop? Estudi sobre la incid\u00e8ncia de la miopia en l&#8217;alumnat de l&#8217;Institut Tarragona<\/strong><\/a><br \/>\n<strong><em><span style=\"color: #808080;\">Autor\/a: <\/span><\/em><\/strong><strong> Violant Andreu i Salla<\/strong><br \/>\n<strong><em><span style=\"color: #808080;\">Modalitat: <\/span><\/em><\/strong>Ci\u00e8ncies i tecnologia: Ci\u00e8ncies de la Salut<br \/>\n<strong><em><span style=\"color: #808080;\">\u00c0rea: <\/span><\/em><\/strong>\u00d2ptica i optometria<br \/>\n<\/span><\/p>\n<h3>Ins Torredembarra <em>(Torredembarra)<\/em><\/h3>\n<p><a href=\"https:\/\/serveiseducatius.xtec.cat\/tarragones\/dinamitzacio\/trics\/trics13_cvilaseca\" target=\"_blank\" rel=\"noopener noreferrer\"><img loading=\"lazy\" decoding=\"async\" class=\"alignleft\" style=\"display: block; vertical-align: top; margin-right: 8px; float: left;\" src=\"https:\/\/serveiseducatius.xtec.cat\/tarragones\/wp-content\/uploads\/usu549\/2019\/03\/trics13_cvilaseca.jpg\" width=\"75\" height=\"100\" \/><\/a><span style=\"display: block; overflow: auto; height: 110px; text-align: justify;\"><strong><span style=\"color: #808080;\"><em>T\u00edtol: <\/em><\/span><\/strong><a href=\"https:\/\/serveiseducatius.xtec.cat\/tarragones\/dinamitzacio\/trics\/trics13_cvilaseca\" target=\"_blank\" rel=\"noopener noreferrer\"><strong>L&#8217;eutan\u00e0sia: el dret a morir amb dignitat<\/strong><\/a><br \/>\n<strong><em><span style=\"color: #808080;\">Autor\/a: <\/span><\/em><\/strong><strong> Cl\u00e0udia Vilaseca Bernat<\/strong><br \/>\n<strong><em><span style=\"color: #808080;\">Modalitat: <\/span><\/em><\/strong>Humanitats i Ci\u00e8ncies Socials<br \/>\n<strong><em><span style=\"color: #808080;\">\u00c0rea: <\/span><\/em><\/strong>Filosofia<br \/>\n<\/span><\/p>\n<p><a href=\"https:\/\/serveiseducatius.xtec.cat\/tarragones\/dinamitzacio\/trics\/trics13_emora\" target=\"_blank\" rel=\"noopener noreferrer\"><img loading=\"lazy\" decoding=\"async\" class=\"alignleft\" style=\"display: block; vertical-align: top; margin-right: 8px; float: left;\" src=\"https:\/\/serveiseducatius.xtec.cat\/tarragones\/wp-content\/uploads\/usu549\/2019\/03\/trics13_emora.jpg\" width=\"75\" height=\"100\" \/><\/a><span style=\"display: block; overflow: auto; height: 110px; text-align: justify;\"><strong><span style=\"color: #808080;\"><em>T\u00edtol: <\/em><\/span><\/strong><a href=\"https:\/\/serveiseducatius.xtec.cat\/tarragones\/dinamitzacio\/trics\/trics13_emora\" target=\"_blank\" rel=\"noopener noreferrer\"><strong>Els delictes a Internet que afecten els adolescents.<\/strong><\/a><br \/>\n<strong><em><span style=\"color: #808080;\">Autor\/a: <\/span><\/em><\/strong><strong> Elena Mora Capdevila<\/strong><br \/>\n<strong><em><span style=\"color: #808080;\">Modalitat: <\/span><\/em><\/strong>Humanitats i Ci\u00e8ncies Socials<br \/>\n<strong><em><span style=\"color: #808080;\">\u00c0rea: <\/span><\/em><\/strong>Psicologia i Sociologia<br \/>\n<\/span><\/p>\n<p><a href=\"https:\/\/serveiseducatius.xtec.cat\/tarragones\/dinamitzacio\/trics\/trics13_ljansen\" target=\"_blank\" rel=\"noopener noreferrer\"><img loading=\"lazy\" decoding=\"async\" class=\"alignleft\" style=\"display: block; vertical-align: top; margin-right: 8px; float: left;\" src=\"https:\/\/serveiseducatius.xtec.cat\/tarragones\/wp-content\/uploads\/usu549\/2019\/03\/trics13_ljansen.jpg\" width=\"75\" height=\"100\" \/><\/a><span style=\"display: block; overflow: auto; height: 110px; text-align: justify;\"><strong><span style=\"color: #808080;\"><em>T\u00edtol: <\/em><\/span><\/strong><a href=\"https:\/\/serveiseducatius.xtec.cat\/tarragones\/dinamitzacio\/trics\/trics13_ljansen\" target=\"_blank\" rel=\"noopener noreferrer\"><strong>Corea del Nord i Corea del Sud. Separaci\u00f3, situaci\u00f3 pol\u00edtica i relacions diplom\u00e0tiques.<\/strong><\/a><br \/>\n<strong><em><span style=\"color: #808080;\">Autor\/a: <\/span><\/em><\/strong><strong> Lara Jansen Fern\u00e1ndez<\/strong><br \/>\n<strong><em><span style=\"color: #808080;\">Modalitat: <\/span><\/em><\/strong>Humanitats i Ci\u00e8ncies Socials<br \/>\n<strong><em><span style=\"color: #808080;\">\u00c0rea: <\/span><\/em><\/strong>Hist\u00f2ria<br \/>\n<\/span><\/p>\n<p><a href=\"https:\/\/serveiseducatius.xtec.cat\/tarragones\/dinamitzacio\/trics\/trics13_mpalma\" target=\"_blank\" rel=\"noopener noreferrer\"><img loading=\"lazy\" decoding=\"async\" class=\"alignleft\" style=\"display: block; vertical-align: top; margin-right: 8px; float: left;\" src=\"https:\/\/serveiseducatius.xtec.cat\/tarragones\/wp-content\/uploads\/usu549\/2019\/03\/trics13_mpalma.jpg\" width=\"75\" height=\"100\" \/><\/a><span style=\"display: block; overflow: auto; height: 110px; text-align: justify;\"><strong><span style=\"color: #808080;\"><em>T\u00edtol: <\/em><\/span><\/strong><a href=\"https:\/\/serveiseducatius.xtec.cat\/tarragones\/dinamitzacio\/trics\/trics13_mpalma\" target=\"_blank\" rel=\"noopener noreferrer\"><strong>Hijo de la Luna: Proceso de creaci\u00f3n de una animaci\u00f3n<\/strong><\/a><br \/>\n<strong><em><span style=\"color: #808080;\">Autor\/a: <\/span><\/em><\/strong><strong> Mar Palma Pinel<\/strong><br \/>\n<strong><em><span style=\"color: #808080;\">Modalitat: <\/span><\/em><\/strong>Arts<br \/>\n<strong><em><span style=\"color: #808080;\">\u00c0rea: <\/span><\/em><\/strong>Cultura audiovisual<br \/>\n<\/span><\/p>\n<h3>Ins Torreforta <em>(Tarragona)<\/em><\/h3>\n<p><a href=\"https:\/\/serveiseducatius.xtec.cat\/tarragones\/dinamitzacio\/trics\/trics13_cpizarro\" target=\"_blank\" rel=\"noopener noreferrer\"><img loading=\"lazy\" decoding=\"async\" class=\"alignleft\" style=\"display: block; vertical-align: top; margin-right: 8px; float: left;\" src=\"https:\/\/serveiseducatius.xtec.cat\/tarragones\/wp-content\/uploads\/usu549\/2019\/03\/trics13_cpizarro.jpg\" width=\"75\" height=\"100\" \/><\/a><span style=\"display: block; overflow: auto; height: 110px; text-align: justify;\"><strong><span style=\"color: #808080;\"><em>T\u00edtol: <\/em><\/span><\/strong><a href=\"https:\/\/serveiseducatius.xtec.cat\/tarragones\/dinamitzacio\/trics\/trics13_cpizarro\" target=\"_blank\" rel=\"noopener noreferrer\"><strong>La Ind\u00fastria qu\u00edmica al camp de Tarragona: LyondellBasell N. V.<\/strong><\/a><br \/>\n<strong><em><span style=\"color: #808080;\">Autor\/a: <\/span><\/em><\/strong><strong> Christian Pizarro Valdivia<\/strong><br \/>\n<strong><em><span style=\"color: #808080;\">Modalitat: <\/span><\/em><\/strong>Ci\u00e8ncies i tecnologia: Cientificot\u00e8cnic<br \/>\n<strong><em><span style=\"color: #808080;\">\u00c0rea: <\/span><\/em><\/strong>Qu\u00edmica<br \/>\n<\/span><\/p>\n<p><a href=\"https:\/\/serveiseducatius.xtec.cat\/tarragones\/dinamitzacio\/trics\/trics13_jjimenez\" target=\"_blank\" rel=\"noopener noreferrer\"><img loading=\"lazy\" decoding=\"async\" class=\"alignleft\" style=\"display: block; vertical-align: top; margin-right: 8px; float: left;\" src=\"https:\/\/serveiseducatius.xtec.cat\/tarragones\/wp-content\/uploads\/usu549\/2019\/03\/trics13_jjimenez.jpg\" width=\"75\" height=\"100\" \/><\/a><span style=\"display: block; overflow: auto; height: 110px; text-align: justify;\"><strong><span style=\"color: #808080;\"><em>T\u00edtol: <\/em><\/span><\/strong><a href=\"https:\/\/serveiseducatius.xtec.cat\/tarragones\/dinamitzacio\/trics\/trics13_jjimenez\" target=\"_blank\" rel=\"noopener noreferrer\"><strong>M\u00e8todes de recompte de microorganismes aplicats a la producci\u00f3 de iogurt.<\/strong><\/a><br \/>\n<strong><em><span style=\"color: #808080;\">Autor\/a: <\/span><\/em><\/strong><strong> Juan Manuel Jim\u00e9nez Aguilar<\/strong><br \/>\n<strong><em><span style=\"color: #808080;\">Modalitat: <\/span><\/em><\/strong>Ci\u00e8ncies i tecnologia: Cientificot\u00e8cnic<br \/>\n<strong><em><span style=\"color: #808080;\">\u00c0rea: <\/span><\/em><\/strong>Bioqu\u00edmica<br \/>\n<\/span><\/p>\n<p><a href=\"https:\/\/serveiseducatius.xtec.cat\/tarragones\/dinamitzacio\/trics\/trics13_sachebak\" target=\"_blank\" rel=\"noopener noreferrer\"><img loading=\"lazy\" decoding=\"async\" class=\"alignleft\" style=\"display: block; vertical-align: top; margin-right: 8px; float: left;\" src=\"https:\/\/serveiseducatius.xtec.cat\/tarragones\/wp-content\/uploads\/usu549\/2019\/03\/trics13_sachebak.jpg\" width=\"75\" height=\"100\" \/><\/a><span style=\"display: block; overflow: auto; height: 110px; text-align: justify;\"><strong><span style=\"color: #808080;\"><em>T\u00edtol: <\/em><\/span><\/strong><a href=\"https:\/\/serveiseducatius.xtec.cat\/tarragones\/dinamitzacio\/trics\/trics13_sachebak\" target=\"_blank\" rel=\"noopener noreferrer\"><strong>Exc\u00e9s de mortalitat hivernal a Espanya. Una an\u00e0lisi espaciotemporal<\/strong><\/a><br \/>\n<strong><em><span style=\"color: #808080;\">Autor\/a: <\/span><\/em><\/strong><strong> Sara Achebak<\/strong><br \/>\n<strong><em><span style=\"color: #808080;\">Modalitat: <\/span><\/em><\/strong>Humanitats i Ci\u00e8ncies Socials<br \/>\n<strong><em><span style=\"color: #808080;\">\u00c0rea: <\/span><\/em><\/strong>Geografia<br \/>\n<\/span><\/p>\n<h3>Ins Vila-seca <em>(Vila-seca)<\/em><\/h3>\n<p><a href=\"https:\/\/serveiseducatius.xtec.cat\/tarragones\/dinamitzacio\/trics\/trics13_acuenca\" target=\"_blank\" rel=\"noopener noreferrer\"><img loading=\"lazy\" decoding=\"async\" class=\"alignleft\" style=\"display: block; vertical-align: top; margin-right: 8px; float: left;\" src=\"https:\/\/serveiseducatius.xtec.cat\/tarragones\/wp-content\/uploads\/usu549\/2019\/03\/trics13_acuenca.jpg\" width=\"75\" height=\"100\" \/><\/a><span style=\"display: block; overflow: auto; height: 110px; text-align: justify;\"><strong><span style=\"color: #808080;\"><em>T\u00edtol: <\/em><\/span><\/strong><a href=\"https:\/\/serveiseducatius.xtec.cat\/tarragones\/dinamitzacio\/trics\/trics13_acuenca\" target=\"_blank\" rel=\"noopener noreferrer\"><strong>Blue Jeans: Conociendo al autor<\/strong><\/a><br \/>\n<strong><em><span style=\"color: #808080;\">Autor\/a: <\/span><\/em><\/strong><strong> Aroa Cuenca Lucas<\/strong><br \/>\n<strong><em><span style=\"color: #808080;\">Modalitat: <\/span><\/em><\/strong>Humanitats i Ci\u00e8ncies Socials<br \/>\n<strong><em><span style=\"color: #808080;\">\u00c0rea: <\/span><\/em><\/strong>Literatura<br \/>\n<\/span><\/p>\n<p><a href=\"https:\/\/serveiseducatius.xtec.cat\/tarragones\/dinamitzacio\/trics\/trics13_bgraset\" target=\"_blank\" rel=\"noopener noreferrer\"><img loading=\"lazy\" decoding=\"async\" class=\"alignleft\" style=\"display: block; vertical-align: top; margin-right: 8px; float: left;\" src=\"https:\/\/serveiseducatius.xtec.cat\/tarragones\/wp-content\/uploads\/usu549\/2019\/02\/trics13_bgraset.jpg\" width=\"75\" height=\"100\" \/><\/a><span style=\"display: block; overflow: auto; height: 110px; text-align: justify;\"><strong><span style=\"color: #808080;\"><em>T\u00edtol: <\/em><\/span><\/strong><a href=\"https:\/\/serveiseducatius.xtec.cat\/tarragones\/dinamitzacio\/trics\/trics13_bgraset\" target=\"_blank\" rel=\"noopener noreferrer\"><strong>Liquid Gold, At What Price?<\/strong><\/a><br \/>\n<strong><em><span style=\"color: #808080;\">Autor\/a: <\/span><\/em><\/strong><strong> Biel Graset Isern<\/strong><br \/>\n<strong><em><span style=\"color: #808080;\">Modalitat: <\/span><\/em><\/strong>Ci\u00e8ncies i tecnologia: Cientificot\u00e8cnic<br \/>\n<strong><em><span style=\"color: #808080;\">\u00c0rea: <\/span><\/em><\/strong>Ci\u00e8ncies de la Terra i del Medi Ambient<br \/>\n<\/span><\/p>\n<p><a href=\"https:\/\/serveiseducatius.xtec.cat\/tarragones\/dinamitzacio\/trics\/trics13_cmunoz\" target=\"_blank\" rel=\"noopener noreferrer\"><img loading=\"lazy\" decoding=\"async\" class=\"alignleft\" style=\"display: block; vertical-align: top; margin-right: 8px; float: left;\" src=\"https:\/\/serveiseducatius.xtec.cat\/tarragones\/wp-content\/uploads\/usu549\/2019\/03\/trics13_cmunoz.jpg\" width=\"75\" height=\"100\" \/><\/a><span style=\"display: block; overflow: auto; height: 110px; text-align: justify;\"><strong><span style=\"color: #808080;\"><em>T\u00edtol: <\/em><\/span><\/strong><a href=\"https:\/\/serveiseducatius.xtec.cat\/tarragones\/dinamitzacio\/trics\/trics13_cmunoz\" target=\"_blank\" rel=\"noopener noreferrer\"><strong>Per qu\u00e8 volen els avions?<\/strong><\/a><br \/>\n<strong><em><span style=\"color: #808080;\">Autor\/a: <\/span><\/em><\/strong><strong> Carlos Mu\u00f1oz Tinedo<\/strong><br \/>\n<strong><em><span style=\"color: #808080;\">Modalitat: <\/span><\/em><\/strong>Ci\u00e8ncies i tecnologia: Cientificot\u00e8cnic<br \/>\n<strong><em><span style=\"color: #808080;\">\u00c0rea: <\/span><\/em><\/strong>F\u00edsica<br \/>\n<\/span><\/p>\n<p><a href=\"https:\/\/serveiseducatius.xtec.cat\/tarragones\/dinamitzacio\/trics\/trics13_iteruel\" target=\"_blank\" rel=\"noopener noreferrer\"><img loading=\"lazy\" decoding=\"async\" class=\"alignleft\" style=\"display: block; vertical-align: top; margin-right: 8px; float: left;\" src=\"https:\/\/serveiseducatius.xtec.cat\/tarragones\/wp-content\/uploads\/usu549\/2019\/03\/trics13_iteruel.jpg\" width=\"75\" height=\"100\" \/><\/a><span style=\"display: block; overflow: auto; height: 110px; text-align: justify;\"><strong><span style=\"color: #808080;\"><em>T\u00edtol: <\/em><\/span><\/strong><a href=\"https:\/\/serveiseducatius.xtec.cat\/tarragones\/dinamitzacio\/trics\/trics13_iteruel\" target=\"_blank\" rel=\"noopener noreferrer\"><strong>L\u2019aplicaci\u00f3 de l\u2019economia en els jocs de taula<\/strong><\/a><br \/>\n<strong><em><span style=\"color: #808080;\">Autor\/a: <\/span><\/em><\/strong><strong> Ivan Teruel Altadill<\/strong><br \/>\n<strong><em><span style=\"color: #808080;\">Modalitat: <\/span><\/em><\/strong>Humanitats i Ci\u00e8ncies Socials<br \/>\n<strong><em><span style=\"color: #808080;\">\u00c0rea: <\/span><\/em><\/strong>Economia<br \/>\n<\/span><\/p>\n<p><a href=\"https:\/\/serveiseducatius.xtec.cat\/tarragones\/dinamitzacio\/trics\/trics13_jperez\" target=\"_blank\" rel=\"noopener noreferrer\"><img loading=\"lazy\" decoding=\"async\" class=\"alignleft\" style=\"display: block; vertical-align: top; margin-right: 8px; float: left;\" src=\"https:\/\/serveiseducatius.xtec.cat\/tarragones\/wp-content\/uploads\/usu549\/2019\/03\/trics13_jperez.jpg\" width=\"75\" height=\"100\" \/><\/a><span style=\"display: block; overflow: auto; height: 110px; text-align: justify;\"><strong><span style=\"color: #808080;\"><em>T\u00edtol: <\/em><\/span><\/strong><a href=\"https:\/\/serveiseducatius.xtec.cat\/tarragones\/dinamitzacio\/trics\/trics13_jperez\" target=\"_blank\" rel=\"noopener noreferrer\"><strong>L&#8217;obedi\u00e8ncia cega a l&#8217;autoritat<\/strong><\/a><br \/>\n<strong><em><span style=\"color: #808080;\">Autor\/a: <\/span><\/em><\/strong><strong> Julen P\u00e9rez Mart\u00edn<\/strong><br \/>\n<strong><em><span style=\"color: #808080;\">Modalitat: <\/span><\/em><\/strong>Humanitats i Ci\u00e8ncies Socials<br \/>\n<strong><em><span style=\"color: #808080;\">\u00c0rea: <\/span><\/em><\/strong>Psicologia i Sociologia<br \/>\n<\/span><\/p>\n<p><a href=\"https:\/\/serveiseducatius.xtec.cat\/tarragones\/dinamitzacio\/trics\/trics13_moncins\" target=\"_blank\" rel=\"noopener noreferrer\"><img loading=\"lazy\" decoding=\"async\" class=\"alignleft\" style=\"display: block; vertical-align: top; margin-right: 8px; float: left;\" src=\"https:\/\/serveiseducatius.xtec.cat\/tarragones\/wp-content\/uploads\/usu549\/2019\/02\/trics13_moncins.jpg\" width=\"75\" height=\"100\" \/><\/a><span style=\"display: block; overflow: auto; height: 110px; text-align: justify;\"><strong><span style=\"color: #808080;\"><em>T\u00edtol: <\/em><\/span><\/strong><a href=\"https:\/\/serveiseducatius.xtec.cat\/tarragones\/dinamitzacio\/trics\/trics13_moncins\" target=\"_blank\" rel=\"noopener noreferrer\"><strong>Vila-seca sota terra. Una travessia pels pous i les mines de Vila-seca<\/strong><\/a><br \/>\n<strong><em><span style=\"color: #808080;\">Autor\/a: <\/span><\/em><\/strong><strong> Mireia Oncins da Mota Barbosa<\/strong><br \/>\n<strong><em><span style=\"color: #808080;\">Modalitat: <\/span><\/em><\/strong>Ci\u00e8ncies i tecnologia: Ci\u00e8ncies de la Salut<br \/>\n<strong><em><span style=\"color: #808080;\">\u00c0rea: <\/span><\/em><\/strong>Ci\u00e8ncies de la Terra i del Medi Ambient<br \/>\n<\/span><\/p>\n","protected":false},"excerpt":{"rendered":"<p>Participants indexats per centre<\/p>\n","protected":false},"author":1,"featured_media":13851,"comment_status":"closed","ping_status":"closed","sticky":false,"template":"","format":"standard","meta":{"_bbp_topic_count":0,"_bbp_reply_count":0,"_bbp_total_topic_count":0,"_bbp_total_reply_count":0,"_bbp_voice_count":0,"_bbp_anonymous_reply_count":0,"_bbp_topic_count_hidden":0,"_bbp_reply_count_hidden":0,"_bbp_forum_subforum_count":0,"site-sidebar-layout":"default","site-content-layout":"","ast-site-content-layout":"","site-content-style":"default","site-sidebar-style":"default","ast-global-header-display":"","ast-banner-title-visibility":"","ast-main-header-display":"","ast-hfb-above-header-display":"","ast-hfb-below-header-display":"","ast-hfb-mobile-header-display":"","site-post-title":"","ast-breadcrumbs-content":"","ast-featured-img":"","footer-sml-layout":"","theme-transparent-header-meta":"","adv-header-id-meta":"","stick-header-meta":"","header-above-stick-meta":"","header-main-stick-meta":"","header-below-stick-meta":"","astra-migrate-meta-layouts":"default","ast-page-background-enabled":"default","ast-page-background-meta":{"desktop":{"background-color":"var(--ast-global-color-4)","background-image":"","background-repeat":"repeat","background-position":"center center","background-size":"auto","background-attachment":"scroll","background-type":"","background-media":"","overlay-type":"","overlay-color":"","overlay-opacity":"","overlay-gradient":""},"tablet":{"background-color":"","background-image":"","background-repeat":"repeat","background-position":"center center","background-size":"auto","background-attachment":"scroll","background-type":"","background-media":"","overlay-type":"","overlay-color":"","overlay-opacity":"","overlay-gradient":""},"mobile":{"background-color":"","background-image":"","background-repeat":"repeat","background-position":"center center","background-size":"auto","background-attachment":"scroll","background-type":"","background-media":"","overlay-type":"","overlay-color":"","overlay-opacity":"","overlay-gradient":""}},"ast-content-background-meta":{"desktop":{"background-color":"var(--ast-global-color-5)","background-image":"","background-repeat":"repeat","background-position":"center center","background-size":"auto","background-attachment":"scroll","background-type":"","background-media":"","overlay-type":"","overlay-color":"","overlay-opacity":"","overlay-gradient":""},"tablet":{"background-color":"var(--ast-global-color-5)","background-image":"","background-repeat":"repeat","background-position":"center center","background-size":"auto","background-attachment":"scroll","background-type":"","background-media":"","overlay-type":"","overlay-color":"","overlay-opacity":"","overlay-gradient":""},"mobile":{"background-color":"var(--ast-global-color-5)","background-image":"","background-repeat":"repeat","background-position":"center center","background-size":"auto","background-attachment":"scroll","background-type":"","background-media":"","overlay-type":"","overlay-color":"","overlay-opacity":"","overlay-gradient":""}},"footnotes":""},"categories":[482],"tags":[481],"class_list":["post-13850","post","type-post","status-publish","format-standard","has-post-thumbnail","hentry","category-tricspublicacions","tag-forum_trics"],"post_mailing_queue_ids":[],"_links":{"self":[{"href":"https:\/\/serveiseducatius.xtec.cat\/tarragones\/wp-json\/wp\/v2\/posts\/13850","targetHints":{"allow":["GET"]}}],"collection":[{"href":"https:\/\/serveiseducatius.xtec.cat\/tarragones\/wp-json\/wp\/v2\/posts"}],"about":[{"href":"https:\/\/serveiseducatius.xtec.cat\/tarragones\/wp-json\/wp\/v2\/types\/post"}],"author":[{"embeddable":true,"href":"https:\/\/serveiseducatius.xtec.cat\/tarragones\/wp-json\/wp\/v2\/users\/1"}],"replies":[{"embeddable":true,"href":"https:\/\/serveiseducatius.xtec.cat\/tarragones\/wp-json\/wp\/v2\/comments?post=13850"}],"version-history":[{"count":3,"href":"https:\/\/serveiseducatius.xtec.cat\/tarragones\/wp-json\/wp\/v2\/posts\/13850\/revisions"}],"predecessor-version":[{"id":15025,"href":"https:\/\/serveiseducatius.xtec.cat\/tarragones\/wp-json\/wp\/v2\/posts\/13850\/revisions\/15025"}],"wp:featuredmedia":[{"embeddable":true,"href":"https:\/\/serveiseducatius.xtec.cat\/tarragones\/wp-json\/wp\/v2\/media\/13851"}],"wp:attachment":[{"href":"https:\/\/serveiseducatius.xtec.cat\/tarragones\/wp-json\/wp\/v2\/media?parent=13850"}],"wp:term":[{"taxonomy":"category","embeddable":true,"href":"https:\/\/serveiseducatius.xtec.cat\/tarragones\/wp-json\/wp\/v2\/categories?post=13850"},{"taxonomy":"post_tag","embeddable":true,"href":"https:\/\/serveiseducatius.xtec.cat\/tarragones\/wp-json\/wp\/v2\/tags?post=13850"}],"curies":[{"name":"wp","href":"https:\/\/api.w.org\/{rel}","templated":true}]}}