{"id":13682,"date":"2019-04-08T18:47:20","date_gmt":"2019-04-08T16:47:20","guid":{"rendered":"http:\/\/serveiseducatius.xtec.cat\/tarragones\/?p=13682"},"modified":"2021-03-09T11:00:08","modified_gmt":"2021-03-09T10:00:08","slug":"trics13_jvalls","status":"publish","type":"post","link":"https:\/\/serveiseducatius.xtec.cat\/tarragones\/dinamitzacio\/trics\/trics13_jvalls\/","title":{"rendered":"Planeta de pl\u00e0stic"},"content":{"rendered":"<p><img loading=\"lazy\" decoding=\"async\" class=\"alignright wp-image-5353\" title=\"J\u00falia Valls Barrag\u00e1n\" src=\"https:\/\/serveiseducatius.xtec.cat\/tarragones\/wp-content\/uploads\/usu549\/2019\/03\/trics13_jvalls.jpg\" alt=\"J\u00falia Valls Barrag\u00e1n\" width=\"150\" height=\"200\" \/><strong><span style=\"color: #808080;\"><em>T\u00edtol:\u00a0\u00a0\u00a0\u00a0\u00a0\u00a0\u00a0\u00a0\u00a0\u00a0<\/em><\/span><\/strong><strong>Planeta de pl\u00e0stic<\/strong><br \/>\n<strong><em><span style=\"color: #808080;\">Autor\/a:\u00a0\u00a0\u00a0\u00a0<\/span><\/em><\/strong><strong> J\u00falia Valls Barrag\u00e1n<\/strong><br \/>\n<strong><em><span style=\"color: #808080;\">Tutor\/a:\u00a0\u00a0\u00a0\u00a0\u00a0\u00a0<\/span><\/em><\/strong>Antoni Panadero Brunet<br \/>\n<strong><em><span style=\"color: #808080;\">Modalitat:\u00a0\u00a0<\/span><\/em><\/strong>Ci\u00e8ncies i tecnologia: Ci\u00e8ncies de la Salut<br \/>\n<strong><em><span style=\"color: #808080;\">\u00c0rea:\u00a0\u00a0\u00a0\u00a0\u00a0\u00a0\u00a0\u00a0\u00a0\u00a0<\/span><\/em><\/strong>Ci\u00e8ncies de la Terra i del Medi Ambient<br \/>\n<strong><em><span style=\"color: #808080;\">Centre:\u00a0\u00a0\u00a0\u00a0\u00a0\u00a0\u00a0<\/span><\/em><\/strong>Ins Mart\u00ed l&#8217;Hum\u00e0<br \/>\n<strong><em><span style=\"color: #808080;\">Localitat:\u00a0\u00a0\u00a0<\/span><\/em><\/strong>Montblanc<\/p>\n<h6><strong>Objectius:<\/strong><\/h6>\n<ol>\n<li>Con\u00e8ixer els pl\u00e0stics i la gesti\u00f3 dels seus residus amb m\u00e9s profunditat.<\/li>\n<li>Descobrir els impactes que estan generant els pl\u00e0stics al medi ambient i a l\u2019\u00e9sser hum\u00e0.<\/li>\n<li>Buscar una soluci\u00f3 a la problem\u00e0tica amb l\u2019objectiu de minimitzar l\u2019impacte que aquests produeixen.<\/li>\n<li>Conscienciar a la poblaci\u00f3, focalitzant-me en infants, del problema actual amb els pl\u00e0stics.<\/li>\n<\/ol>\n<h6><strong>Hip\u00f2tesi:<\/strong><\/h6>\n<p style=\"text-align: justify;\">Les hip\u00f2tesis que se\u2019m van generar s\u00f3n les seg\u00fcents:<br \/>\n-El reciclatge \u00e9s la millor opci\u00f3 de gesti\u00f3 de residus pl\u00e0stics i ofereix una soluci\u00f3 per a la problem\u00e0tica actual d\u2019aquest material amb el medi ambient.<br \/>\n-Els pl\u00e0stics comporten efectes negatius al medi mar\u00ed, a l\u2019atmosfera i tamb\u00e9 a l\u2019\u00e9sser hum\u00e0.<br \/>\n-Es pot reduir considerablement el consum de pl\u00e0stic generat en una llar, tanmateix.<br \/>\n-L\u2019educaci\u00f3 ambiental \u00e9s necess\u00e0ria per\u00f2 poc atractiva per als infants.<\/p>\n<h6><strong>El proc\u00e9s:<\/strong><\/h6>\n<p style=\"text-align: justify;\">En una primera part del treball vaig explicar qu\u00e8 \u00e9s el pl\u00e0stic, parlant aix\u00ed sobre el seu origen, la seva fabricaci\u00f3, com es gestionen els seus residus, etc; per con\u00e8ixer amb m\u00e9s profunditat el material.<br \/>\nSeguidament em vaig centrar en els impactes que aquests generen al medi mar\u00ed, a l\u2019atmosfera i tamb\u00e9 als humans.<br \/>\nA la darrera part del treball vaig proposar diferents solucions per tal de minimitzar els impactes:<br \/>\nPer una banda, vaig realitzar unes pautes per reduir i el pl\u00e0stic en un domicili. Explicant els motius pels quals vaig considerar que un producte s\u2019havia de reduir, tamb\u00e9 vaig proposar diferents alternatives al material.<br \/>\nPosteriorment, per tal de verificar l\u2019efectivitat del pla, vaig decidir aplicar-lo a casa meva durant una llarga etapa i comparar la massa de residus pl\u00e0stics generats abans i despr\u00e9s de tenir en compte les pautes.<br \/>\nPer altra banda, la creaci\u00f3 de la p\u00e0gina web Planeta de pl\u00e0stic em va permetre que el missatge del meu treball pogu\u00e9s arribar a qualsevol persona, estigui on estigui i tingui l\u2019edat que tingui.<br \/>\nA m\u00e9s a m\u00e9s, sabent que els cervells dels infants s\u00f3n com esponges, vaig decidir fer una xerrada participativa en nens i nenes de vuit i nou anys de l\u2019Escola Pr\u00e0ctiques de Tarragona. En aquesta xerrada l\u2019objectiu principal era transmetre als infants la import\u00e0ncia del reciclatge i de la reducci\u00f3 del pl\u00e0stic avui en dia. Abans i despr\u00e9s d\u2019efectuar la xerrada, els alumnes van contestar una breu enquesta per a veure l\u2019efectivitat de la divulgaci\u00f3, comparant aix\u00ed els resultats previs i posteriors a l\u2019activitat<\/p>\n<h6><strong>Conclusions:<\/strong><\/h6>\n<p style=\"text-align: justify;\">Enfocant-nos en la primera hip\u00f2tesi, he pogut concloure que aquesta, en part, \u00e9s certa, veient aix\u00ed que la millor opci\u00f3 per a gestionar els residus pl\u00e0stics \u00e9s reciclant-lo. Aix\u00f2 tamb\u00e9 es reflecteix veient que les alternatives a aquest proc\u00e9s, la incineraci\u00f3 i els abocadors, perjudiquen clarament el medi ambient. Tanmateix, no \u00e9s una soluci\u00f3 eficient per a la problem\u00e0tica dels pl\u00e0stics pel fet que, nom\u00e9s un 9% dels residus de pl\u00e0stic es reciclen. Tamb\u00e9 s&#8217;hi suma, aqu\u00ed, que les empreses no faciliten el reciclatge oferint envasos dificultosos de reciclar. Per tant, el reciclatge, actualment, no ofereix una veritable soluci\u00f3.<br \/>\nQuant a la segona hip\u00f2tesi, es pot afirmar completament que els pl\u00e0stics comporten efectes negatius al medi mar\u00ed, a l&#8217;atmosfera i tamb\u00e9 a l&#8217;\u00e9sser hum\u00e0. Com indica el treball, els ecosistemes marins es veuen afectats pels macropl\u00e0stics i pels micropl\u00e0stics, els quals duen additius que es transfereixen, en molts casos, als humans. De la mateixa manera, l&#8217;atmosfera rep gasos d&#8217;efecte hivernacle, els quals tamb\u00e9 desencadenen altres efectes negatius i sobretot, preocupants, al planeta.<br \/>\nLa tercera hip\u00f2tesi proposa que es pot reduir considerablement el consum de pl\u00e0stic generat en una llar. Davant d&#8217;aquesta afirmaci\u00f3, tenint en compte les conclusions extretes de l&#8217;aplicaci\u00f3 del pla de reducci\u00f3 del consum de pl\u00e0stic al meu habitatge, cal esmentar que, efectivament, s\u00ed que \u00e9s possible reduir-ne el consum. No obstant aix\u00f2, els resultats mostren clarament que la quantitat de residus pl\u00e0stics no s\u2019han redu\u00eft ni la meitat realitzant aquest pla. Aquest fet ens demostra la dificultat de la variaci\u00f3 dels h\u00e0bits de consum i que cal persever\u00e0ncia si realment es vol aconseguir. En conclusi\u00f3, eliminar completament el pl\u00e0stic de les nostres vides \u00e9s gaireb\u00e9 impossible, a causa tamb\u00e9 de la poca implicaci\u00f3 per part de les empreses i supermercats en utilitzar menys pl\u00e0stic.<br \/>\nFinalment, respecte l&#8217;\u00faltima hip\u00f2tesi proposada, es pot afirmar que l&#8217;educaci\u00f3 ambiental \u00e9s necess\u00e0ria ja que els mateixos humans hem d&#8217;actuar per frenar els problemes mediambientals, per\u00f2 abans, cal con\u00e8ixer-los. No obstant aix\u00f2, no puc contestar del cert a la hip\u00f2tesi de si aquest \u00e9s un tema atractiu o no per als infants, ja que aquest fet dependr\u00e0 de com se\u2019ls hi presenta. Tenint en compte l&#8217;Escola Pr\u00e0ctiques de Tarragona, puc afirmar que els nens i nenes estaven interessats i participatius en el tema, de manera que els alumnes mostraven un total inter\u00e8s. A m\u00e9s, els seus coneixements en vers els impactes que els pl\u00e0stics generen al planeta Terra van augmentar de manera considerable, tal i com es veu reflectit en els gr\u00e0fics de l\u2019apartat Divulgaci\u00f3.<br \/>\nPer altra banda, aquesta recerca m\u2019ha servit tamb\u00e9 d\u2019orientaci\u00f3 per als meus futurs estudis, ja que tant l\u2019educaci\u00f3 ambiental com l\u2019estudi dels impactes mediambientals s\u00f3n temes del meu total inter\u00e8s.<br \/>\nPer \u00faltim, he de dir que la realitzaci\u00f3 d&#8217;aquest treball m&#8217;ha fet adonar de la gran responsabilitat que tenim els humans en aquest planeta i que, malgrat aix\u00f2, nosaltres nom\u00e9s en som una esp\u00e8cie m\u00e9s.<\/p>\n<h6><strong>Llocs Web:<\/strong><\/h6>\n<ul>\n<li><a href=\"https:\/\/www.nationalgeographic.com.es\/\" target=\"_blank\" rel=\"noopener noreferrer\">National Geographic<\/a><\/li>\n<li><a href=\"https:\/\/es.greenpeace.org\/es\/\" target=\"_blank\" rel=\"noopener noreferrer\">Greenpeace<\/a><\/li>\n<li><a href=\"https:\/\/www.ecoembes.com\/es\" target=\"_blank\" rel=\"noopener noreferrer\">Ecoembes<\/a><\/li>\n<li><a href=\"https:\/\/www.sciencemag.org\/?_ga=2.235927299.36504673.1552843622-4755133.1552843622&amp;r3f_986=http:\/\/science.sciencemag.org\/content\/347\/6223\/768\" target=\"_blank\" rel=\"noopener noreferrer\">Science Magazine<\/a><\/li>\n<li><a href=\"https:\/\/www.ara.cat\/\" target=\"_blank\" rel=\"noopener noreferrer\">Diari Ara<\/a><\/li>\n<li><a href=\"https:\/\/www.ccma.cat\/tv3\/quequicom\/\" target=\"_blank\" rel=\"noopener noreferrer\">Qu\u00e8quicom<\/a><\/li>\n<li><a href=\"https:\/\/aguayambiente.com\/\" target=\"_blank\" rel=\"noopener noreferrer\">Agua y ambiente<\/a><\/li>\n<li><a href=\"https:\/\/www.plasticseurope.org\" target=\"_blank\" rel=\"noopener noreferrer\">Plasticeurope<\/a><\/li>\n<li><a href=\"http:\/\/www.ingenieriaquimica.net\/\" target=\"_blank\" rel=\"noopener noreferrer\">Ingenier\u00eda Qu\u00edmica<\/a><\/li>\n<li><\/li>\n<\/ul>\n<h6><strong>Presentaci\u00f3:<\/strong><\/h6>\n<ul>\n<li><a href=\"https:\/\/prezi.com\/p\/zm66n1sni2ub\/planeta-de-plastic\/\" target=\"_blank\" rel=\"noopener noreferrer\"><strong>Planeta de pl\u00e0stic<\/strong><\/a><\/li>\n<\/ul>\n<h6><strong>Fotos:<\/strong><\/h6>\n<div id=\"1234\" style=\"width: 600px; height: 400px; display: none;\"><img decoding=\"async\" src=\"https:\/\/serveiseducatius.xtec.cat\/tarragones\/wp-content\/uploads\/usu549\/2019\/03\/trics13_imatge1_jvalls.jpg\" data-link=\"https:\/\/serveiseducatius.xtec.cat\/tarragones\/wp-content\/uploads\/usu549\/2019\/03\/trics13_imatge1_jvalls.jpg\" \/><br \/>\n<img decoding=\"async\" src=\"https:\/\/serveiseducatius.xtec.cat\/tarragones\/wp-content\/uploads\/usu549\/2019\/03\/trics13_imatge2_jvalls.jpg\" data-link=\"https:\/\/serveiseducatius.xtec.cat\/tarragones\/wp-content\/uploads\/usu549\/2019\/03\/trics13_imatge2_jvalls.jpg\" \/><br \/>\n<img decoding=\"async\" src=\"https:\/\/serveiseducatius.xtec.cat\/tarragones\/wp-content\/uploads\/usu549\/2019\/03\/trics13_imatge3_jvalls.jpg\" data-link=\"https:\/\/serveiseducatius.xtec.cat\/tarragones\/wp-content\/uploads\/usu549\/2019\/03\/trics13_imatge3_jvalls.jpg\" \/><br \/>\n<img decoding=\"async\" src=\"https:\/\/serveiseducatius.xtec.cat\/tarragones\/wp-content\/uploads\/usu549\/2019\/03\/trics13_imatge4_jvalls.jpg\" data-link=\"https:\/\/serveiseducatius.xtec.cat\/tarragones\/wp-content\/uploads\/usu549\/2019\/03\/trics13_imatge4_jvalls.jpg\" \/><br \/>\n<script type=\"text\/javascript\" src=\"https:\/\/cdn.jsdelivr.net\/jquery\/1.12.3\/jquery.min.js\"><\/script><br \/>\n<script>\n (MyGalleries=(typeof MyGalleries === 'undefined' ? [] : MyGalleries)).push({gallId:'#1234',autoplay:true,lightbox:true,debug:false,popupLinks:true});\n if(typeof GalleryLoaded === 'undefined'){\n  GalleryLoaded = jQuery(function(){\n   jQuery.ajax({url:'https:\/\/cdn.jsdelivr.net\/galleria\/1.4.2\/galleria.min.js',dataType:'script',cache:true}).done(function(){\n    Galleria.loadTheme('https:\/\/cdn.jsdelivr.net\/galleria\/1.4.2\/themes\/classic\/galleria.classic.js');\n    for(var n in MyGalleries){\n     Galleria.run(MyGalleries[n].gallId, MyGalleries[n]);\n     jQuery(MyGalleries[n].gallId).css('display','block');\n    }\n   });\n  });\n }\n<\/script><\/div>\n<p>&nbsp;<\/p>\n<div><sup><em>Foto 1.- Bossa de pl\u00e0stic en forma d&#8217;iceberg<\/em><\/sup><br \/>\n<sup><em>Foto 2.- Tortuga marina enredada amb una red <\/em><\/sup><br \/>\n<sup><em>Foto 3.- Xerrada divulgativa a l&#8217;Escola Pr\u00e0ctiques de Tarragona<\/em><\/sup><br \/>\n<sup><em>Foto 4.- P\u00e0gina web &#8220;Planeta de Pl\u00e0stic&#8221; creada per mi<\/em><\/sup><\/div>\n<h6><strong>\u00a0<\/strong><\/h6>\n","protected":false},"excerpt":{"rendered":"<p>J\u00falia Valls Barrag\u00e1n<\/p>\n","protected":false},"author":1,"featured_media":13683,"comment_status":"open","ping_status":"closed","sticky":false,"template":"","format":"standard","meta":{"_bbp_topic_count":0,"_bbp_reply_count":0,"_bbp_total_topic_count":0,"_bbp_total_reply_count":0,"_bbp_voice_count":0,"_bbp_anonymous_reply_count":0,"_bbp_topic_count_hidden":0,"_bbp_reply_count_hidden":0,"_bbp_forum_subforum_count":0,"site-sidebar-layout":"default","site-content-layout":"","ast-site-content-layout":"","site-content-style":"default","site-sidebar-style":"default","ast-global-header-display":"","ast-banner-title-visibility":"","ast-main-header-display":"","ast-hfb-above-header-display":"","ast-hfb-below-header-display":"","ast-hfb-mobile-header-display":"","site-post-title":"","ast-breadcrumbs-content":"","ast-featured-img":"","footer-sml-layout":"","theme-transparent-header-meta":"","adv-header-id-meta":"","stick-header-meta":"","header-above-stick-meta":"","header-main-stick-meta":"","header-below-stick-meta":"","astra-migrate-meta-layouts":"default","ast-page-background-enabled":"default","ast-page-background-meta":{"desktop":{"background-color":"var(--ast-global-color-4)","background-image":"","background-repeat":"repeat","background-position":"center center","background-size":"auto","background-attachment":"scroll","background-type":"","background-media":"","overlay-type":"","overlay-color":"","overlay-opacity":"","overlay-gradient":""},"tablet":{"background-color":"","background-image":"","background-repeat":"repeat","background-position":"center center","background-size":"auto","background-attachment":"scroll","background-type":"","background-media":"","overlay-type":"","overlay-color":"","overlay-opacity":"","overlay-gradient":""},"mobile":{"background-color":"","background-image":"","background-repeat":"repeat","background-position":"center center","background-size":"auto","background-attachment":"scroll","background-type":"","background-media":"","overlay-type":"","overlay-color":"","overlay-opacity":"","overlay-gradient":""}},"ast-content-background-meta":{"desktop":{"background-color":"var(--ast-global-color-5)","background-image":"","background-repeat":"repeat","background-position":"center center","background-size":"auto","background-attachment":"scroll","background-type":"","background-media":"","overlay-type":"","overlay-color":"","overlay-opacity":"","overlay-gradient":""},"tablet":{"background-color":"var(--ast-global-color-5)","background-image":"","background-repeat":"repeat","background-position":"center center","background-size":"auto","background-attachment":"scroll","background-type":"","background-media":"","overlay-type":"","overlay-color":"","overlay-opacity":"","overlay-gradient":""},"mobile":{"background-color":"var(--ast-global-color-5)","background-image":"","background-repeat":"repeat","background-position":"center center","background-size":"auto","background-attachment":"scroll","background-type":"","background-media":"","overlay-type":"","overlay-color":"","overlay-opacity":"","overlay-gradient":""}},"footnotes":""},"categories":[391,70],"tags":[323,512],"class_list":["post-13682","post","type-post","status-publish","format-standard","has-post-thumbnail","hentry","category-ciencies","category-trics","tag-ciencies-de-la-terra-i-del-medi-ambient","tag-trics_ins-marti-lhuma"],"post_mailing_queue_ids":[],"_links":{"self":[{"href":"https:\/\/serveiseducatius.xtec.cat\/tarragones\/wp-json\/wp\/v2\/posts\/13682","targetHints":{"allow":["GET"]}}],"collection":[{"href":"https:\/\/serveiseducatius.xtec.cat\/tarragones\/wp-json\/wp\/v2\/posts"}],"about":[{"href":"https:\/\/serveiseducatius.xtec.cat\/tarragones\/wp-json\/wp\/v2\/types\/post"}],"author":[{"embeddable":true,"href":"https:\/\/serveiseducatius.xtec.cat\/tarragones\/wp-json\/wp\/v2\/users\/1"}],"replies":[{"embeddable":true,"href":"https:\/\/serveiseducatius.xtec.cat\/tarragones\/wp-json\/wp\/v2\/comments?post=13682"}],"version-history":[{"count":2,"href":"https:\/\/serveiseducatius.xtec.cat\/tarragones\/wp-json\/wp\/v2\/posts\/13682\/revisions"}],"predecessor-version":[{"id":13685,"href":"https:\/\/serveiseducatius.xtec.cat\/tarragones\/wp-json\/wp\/v2\/posts\/13682\/revisions\/13685"}],"wp:featuredmedia":[{"embeddable":true,"href":"https:\/\/serveiseducatius.xtec.cat\/tarragones\/wp-json\/wp\/v2\/media\/13683"}],"wp:attachment":[{"href":"https:\/\/serveiseducatius.xtec.cat\/tarragones\/wp-json\/wp\/v2\/media?parent=13682"}],"wp:term":[{"taxonomy":"category","embeddable":true,"href":"https:\/\/serveiseducatius.xtec.cat\/tarragones\/wp-json\/wp\/v2\/categories?post=13682"},{"taxonomy":"post_tag","embeddable":true,"href":"https:\/\/serveiseducatius.xtec.cat\/tarragones\/wp-json\/wp\/v2\/tags?post=13682"}],"curies":[{"name":"wp","href":"https:\/\/api.w.org\/{rel}","templated":true}]}}