{"id":13630,"date":"2019-04-08T17:59:45","date_gmt":"2019-04-08T15:59:45","guid":{"rendered":"http:\/\/serveiseducatius.xtec.cat\/tarragones\/?p=13630"},"modified":"2021-03-03T20:21:36","modified_gmt":"2021-03-03T19:21:36","slug":"trics13_jqueralto","status":"publish","type":"post","link":"https:\/\/serveiseducatius.xtec.cat\/tarragones\/dinamitzacio\/trics\/trics13_jqueralto\/","title":{"rendered":"La llum i la privaci\u00f3 del son"},"content":{"rendered":"<p><img loading=\"lazy\" decoding=\"async\" class=\"alignright wp-image-5353\" title=\"Jordi Queralt\u00f3\" src=\"https:\/\/serveiseducatius.xtec.cat\/tarragones\/wp-content\/uploads\/usu549\/2019\/03\/trics13_jqueralto.jpg\" alt=\"Jordi Queralt\u00f3\" width=\"150\" height=\"200\" \/><strong><span style=\"color: #808080;\"><em>T\u00edtol:\u00a0\u00a0\u00a0\u00a0\u00a0\u00a0\u00a0\u00a0\u00a0\u00a0<\/em><\/span><\/strong><strong>La llum emesa per les pantalles i la privaci\u00f3 del son<\/strong><br \/>\n<strong><em><span style=\"color: #808080;\">Autor\/a:\u00a0\u00a0\u00a0\u00a0<\/span><\/em><\/strong><strong> Jordi Queralt\u00f3<\/strong><br \/>\n<strong><em><span style=\"color: #808080;\">Tutor\/a:\u00a0\u00a0\u00a0\u00a0\u00a0\u00a0<\/span><\/em><\/strong>Francesca Vila Alsina<br \/>\n<strong><em><span style=\"color: #808080;\">Modalitat:\u00a0\u00a0<\/span><\/em><\/strong>Ci\u00e8ncies i tecnologia: Cientificot\u00e8cnic<br \/>\n<strong><em><span style=\"color: #808080;\">\u00c0rea:\u00a0\u00a0\u00a0\u00a0\u00a0\u00a0\u00a0\u00a0\u00a0\u00a0<\/span><\/em><\/strong>Bioqu\u00edmica<br \/>\n<strong><em><span style=\"color: #808080;\">Centre:\u00a0\u00a0\u00a0\u00a0\u00a0\u00a0\u00a0<\/span><\/em><\/strong>Ins Mart\u00ed l&#8217;Hum\u00e0<br \/>\n<strong><em><span style=\"color: #808080;\">Localitat:\u00a0\u00a0\u00a0<\/span><\/em><\/strong>Montblanc<\/p>\n<h6><strong>Objectius:<\/strong><\/h6>\n<ol>\n<li>Assolir coneixements b\u00e0sics de la cronobiologia com per exemple la composici\u00f3 dels cicles del son i els ritmes circadians.<\/li>\n<li>Determinar si hi ha una relaci\u00f3 entre l&#8217;exposici\u00f3 a la llum emesa pels dispositius electr\u00f2nics i l&#8217;insomni.<\/li>\n<li>En cas que l&#8217;objectiu 1 sigui afirmatiu, determinar els factors que proporcionen a la llum dels dispositius electr\u00f2nics la capacitat d&#8217;alterar els ritmes circadians.<\/li>\n<li>Mitjan\u00e7ant anal\u00edtiques de sang, estudiar els efectes que causa la privaci\u00f3 del son en l&#8217;organisme hum\u00e0.<\/li>\n<li>Relacionar els resultats obtinguts en l&#8217;estudi dels efectes de la privaci\u00f3 del son en l&#8217;organisme hum\u00e0 i relacionar-los amb l&#8217;exposici\u00f3 a la llum emesa per les pantalles. Les pantalles seran el causant de l&#8217;insomni originant una cadena de respostes en tot<\/li>\n<\/ol>\n<h6><strong>Hip\u00f2tesi:<\/strong><\/h6>\n<p style=\"text-align: justify;\">Tindrem dues hip\u00f2tesis una per cada bloc experimental reealitzat:<br \/>\n1r bloc experimental: La llum emesa per aparells electr\u00f2nics (m\u00f2bils, TV, ordinador&#8230;), presentar\u00e0 una intensitat lluminosa (lux) superior a l&#8217;emesa pel foc. Aquesta difer\u00e8ncia d&#8217;intensitats lluminoses, causar\u00e0 una desincronitzaci\u00f3 dels ritmes circadians en el cas de les pantalles i una sincronitzaci\u00f3 en el cas del foc.<br \/>\nAquesta hip\u00f2tesi queda descartada degut als resultats obtinguts i realitzarem una segona hip\u00f2tesi en la que es proposaran com a causants de les alteracions en el ritme vig\u00edlia-son els factors seg\u00fcents:<br \/>\n\u2022 Longitud d&#8217;ona emesa per aparells electr\u00f2nics t\u00e9 m\u00e9s incid\u00e8ncia en els ritmes circadians de la melatonina que l&#8217;emesa pel foc.<br \/>\n\u2022 Temperatura en graus Kelvin segons el color de la llum emesa per aparells electr\u00f2nics t\u00e9 m\u00e9s incid\u00e8ncia en els ritmes circadians de la melatonina que l&#8217;emesa pel foc.<br \/>\n\u2022 Fatiga visual a causa de la poca dist\u00e0ncia de la pantalla requerida pels aparells electr\u00f2nics (ordinador, m\u00f2bil)<br \/>\n\u2022 Insomni a causa de l&#8217;exposici\u00f3 a pantalles en ambients foscos.<br \/>\n2n bloc experimental: Hi haur\u00e0 una gran difer\u00e8ncia entre els resultats de les anal\u00edtiques obtingudes en dormir les hores recomanables (8-9), amb els obtinguts en experimentar una privaci\u00f3 del son. Les anal\u00edtiques obtingudes en el cas de la privaci\u00f3 del son, comportaran connotacions negatives des d&#8217;un punt de vista bioqu\u00edmic i hematol\u00f2gic.<\/p>\n<h6><strong>El proc\u00e9s:<\/strong><\/h6>\n<p style=\"text-align: justify;\">Per realitzar el treball s&#8217;han dut a terme dos experiments: un en que s&#8217;analitzaven els efectes que causa la privaci\u00f3 del son en l&#8217;organisme mitjan\u00e7ant anal\u00edtiques de sang, i l&#8217;altre en que s&#8217;anava a dormir en un mas, sense cap dispositiu electr\u00f2nic, allunyat de la ciutat per veure si hi havia una modificaci\u00f3 en els ritmes circadians.<br \/>\nLa dificultat m\u00e9s gran d&#8217;aquest projecte \u00e9s la falta de recur\u00e7os. No s&#8217;han pogut fer moltes anal\u00edtiques per confirmar els resultats.<\/p>\n<h6><strong>Conclusions:<\/strong><\/h6>\n<p style=\"text-align: justify;\">El son \u00e9s un acte fonamental i representa gaireb\u00e9 1\/3 de la nostra vida. Durant ell es reparen les estructures cel\u2022lulars malmeses durant el dia, se&#8217;n creen de noves i s&#8217;estableixen connexions neuronals.<br \/>\nTot i la import\u00e0ncia del son, cada cop es t\u00e9 menys en compte (s&#8217;infravalora) i dormim cada cop menys per poder realitzar altres activitats irrellevants com potser per exemple mirar una s\u00e8rie de televisi\u00f3, quedar-se responent e-mails, utilitzant xarxes socials&#8230;. Aquesta p\u00e8rdua d&#8217;hores de son, comporta alteracions en l&#8217;organisme, en tots els sentis (endocr\u00ed, emocional, immunitari, cardiovascular&#8230;.).<br \/>\nEl son es divideix en cicles d&#8217;entre 90-110 min cadascun; aquests estan dividits en cinc fases. La fase m\u00e9s important i incompresa fins al moment \u00e9s la fase REM, en la qual l&#8217;activitat encef\u00e0lica \u00e9s igual o superior que durant la vig\u00edlia. En aquesta fase es creu que s&#8217;estableixen connexions neuronals (adquisici\u00f3 de coneixements).<br \/>\nAmb l&#8217;edat disminueixen les hores de son. La fase que es veu m\u00e9s afectada \u00e9s la REM; aix\u00f2 explica perqu\u00e8 els infants tenen gran capacitat d&#8217;assoliment de coneixements i que algunes malalties neuronals, com l&#8217;Alzheimer, apareguin en edats de senectut.<br \/>\nLa cronobiologia estudia el comportament dels ritmes circadians; aquests determinen les hores del dia en qu\u00e8 se secreten o inhibeixen les hormones d&#8217;entre les quals destaquen la GH i la melatonina (alliberades durant el son, a m\u00e9s la melatonina indueix el son) i l&#8217;adrenalina i cortisol al mat\u00ed per activar el cos. Tamb\u00e9 determinen altres aspectes biol\u00f2gics de l&#8217;organisme, com per exemple una disminuci\u00f3 de la temperatura corporal i un descens del flux sanguini durant la nit per provocar un estalvi energ\u00e8tic. Aquests ritmes circadians son sincronitzats constantment. El sincronitzador m\u00e9s important \u00e9s la llum; aquesta entra pel sistema \u00f2ptic, i a m\u00e9s d&#8217;atorgar-nos la visi\u00f3 mitjan\u00e7ant cons i bastons, quan cont\u00e9 baixes longituds d&#8217;ona en la seva composici\u00f3, \u00e9s capa\u00e7 d&#8217;estimular els ipRGC (pic als 480 nm) que enviaran informaci\u00f3 a la gl\u00e0ndula pineal per inhibir la secreci\u00f3 de melatonina.<br \/>\nLa llum emesa per pantalles LED de llum blanca endarrerir\u00e0 el cicle vig\u00edlia-son a causa de 4 motius:<br \/>\n\u2022 Emeten llum blava, la qual estimula els ipRGC i inhibeix parcialment la secreci\u00f3 de melatonina.<br \/>\n\u2022 La temperatura en graus Kelvin segons el color de la llum \u00e9s d&#8217;aproximadament 6000 K, fet que disminueix la quantitat de melatonina alliberada. A m\u00e9s, en alliberar-se menys melatonina durant tot el temps que dura el son, el son ser\u00e0 m\u00e9s lleuger i menys reparador.<br \/>\n\u2022 La fatiga visual: causada pel fet d&#8217;haver de mantenir el m\u00fascul ciliar contragut d&#8217;una forma continuada per poder canviar la posici\u00f3 natural del punt focal, necessari per enfocar imatges; a m\u00e9s l&#8217;observaci\u00f3 de les pantalles disminueix el nombre de parpelleig i s&#8217;irrita l&#8217;ull. Aquesta fatiga visual alterar\u00e0 l&#8217;organisme i ens costar\u00e0 m\u00e9s prendre el son (es necessita estar relaxat per adormir-nos).<br \/>\n\u2022 La utilitzaci\u00f3 de pantalles en ambients foscos produir\u00e0 un &#8220;engany&#8221; de l&#8217;ull cap al cervell: s&#8217;obrir\u00e0 l&#8217;iris i s&#8217;augmentar\u00e0 la fotosensibilitat de la retina. Les modificacions causades per aquest &#8220;engany&#8221; agreujaran els efectes negatius de les altres 3 causes esmentades.<br \/>\nPer altra part, la privaci\u00f3 del son comportar\u00e0 connotacions negatives des d&#8217;un punt de vista endocr\u00ed, cardiovascular, immunitari, emocional&#8230; En la part experimental realitzada hem obtingut una gran difer\u00e8ncia entre els resultats obtinguts en dormir 8-9 hores als obtinguts en dormir 0-1 hora. Sobretot hi ha una difer\u00e8ncia en la quantitat de leuc\u00f2cits, fet que podria indicar una alteraci\u00f3 immunit\u00e0ria, i sobretot un augment de gaireb\u00e9 el triple de CK. Aquest augment de CK ens d\u00f3na informaci\u00f3 sobre un augment de mort cel\u2022lular, d&#8217;entre el qual s&#8217;hi inclou la mort neuronal. Suposo que en patir la privaci\u00f3 del son, no s&#8217;allibera la GH necess\u00e0ria per reparar els teixits malmesos i a les c\u00e8l\u2022lules no els queda m\u00e9s opci\u00f3 que l&#8217;apoptosi.<br \/>\nUna de les conseq\u00fc\u00e8ncies d&#8217;aquest augment de la mort cel\u2022lular, \u00e9s l&#8217;assoliment d&#8217;un estat de cansament en l&#8217;organisme. Si aquesta falta de son es produeix de forma cr\u00f2nica, aquest cansament passa a fatiga. Aquesta fatiga causa una reducci\u00f3 del sistema immunitari, mort neuronal que pot desembocar en Alzheimer, una alteraci\u00f3 del sistema nervi\u00f3s simp\u00e0tic que pot provocar casos de Bruxisme, una alteraci\u00f3 de l&#8217;eix HHS que comporta un augment de cortisol i insulina i una reducci\u00f3 de serotonina. Aix\u00f2 pot desembocar en diabetis de tipus 2, depressi\u00f3 i un augment d&#8217;ansietat. A m\u00e9s es produeix un augment de ghrelina i hipocretina i una disminuci\u00f3 de leptina; aquestes alteracions hormonals, juntament amb l&#8217;augment de temps de vig\u00edlia, pot desembocar en obesitat, aquesta ens pot portar tamb\u00e9 indirectament a diabetis.<br \/>\nFinalment amb l&#8217;alteraci\u00f3 en l&#8217;eix HHS, el bruxisme, la fatiga i la depressi\u00f3 ens pot portar a desenvolupar fibromi\u00e0lgia, una malaltia que pot causar dolor de forma cr\u00f2nica i que es pot detectar mitjan\u00e7ant la palpaci\u00f3 de 18 &#8220;punts gallet&#8221;. Aquesta fibromi\u00e0lgia, a m\u00e9s, causa perjudicis sobre el son, fet que ens porta a un &#8220;cercle vici\u00f3s&#8221;.<\/p>\n<h6><strong>Llocs Web:<\/strong><\/h6>\n<ul>\n<li><a href=\"https:\/\/www.sciencedirect.com\/science\/article\/abs\/pii\/S0306452206008578\" target=\"_blank\" rel=\"noopener noreferrer\">&#8220;Increased apoptosis in rat brain after rapid eye movement sleep loss&#8221;<\/a><\/li>\n<li><a href=\"https:\/\/www.anmm.org.mx\/GMM\/2015\/n6\/GMM_151_2015_6_764-776.pdf\" target=\"_blank\" rel=\"noopener noreferrer\">&#8221; Mecanismo de fototraducci\u00f3n de la melanopsina en las c\u00e9lulas ganglionares retinianas intr\u00ednsecamente fotosensibles (ipRGC)&#8221;<\/a><\/li>\n<li><a href=\"https:\/\/www.jstage.jst.go.jp\/article\/ahs\/15\/5\/15_5_243\/_article\/-char\/ja\/\" target=\"_blank\" rel=\"noopener noreferrer\">&#8221; Effects of lights of different color temperature on the nocturnal changes in core temperature and melatonin in humans&#8221;<\/a><\/li>\n<li><a href=\"https:\/\/onlinelibrary.wiley.com\/doi\/abs\/10.1111\/j.1600-079X.1989.tb00412.x\" target=\"_blank\" rel=\"noopener noreferrer\">&#8220;Human melatonin supression by light is intensity dependent&#8221;<\/a><\/li>\n<li><a href=\"https:\/\/ocularis.es\/fatiga-visual-i-sintomas-y-causas\/\" target=\"_blank\" rel=\"noopener noreferrer\">Fatiga visual (I): s\u00edntomas y causas<\/a><\/li>\n<li><a href=\"https:\/\/ocularis.es\/vision-binocular\/\" target=\"_blank\" rel=\"noopener noreferrer\">Visi\u00f3n binocular<\/a><\/li>\n<li><a href=\"https:\/\/ocularis.es\/%C2%BFes-malo-ver-la-tele-a-oscuras\/\" target=\"_blank\" rel=\"noopener noreferrer\">\u00bfEs malo ver la tele a oscuras?<\/a><\/li>\n<li><a href=\"https:\/\/lamenteesmaravillosa.com\/sistema-nervioso-simpatico\/\" target=\"_blank\" rel=\"noopener noreferrer\">Sistema nervioso simp\u00e1tico: caracter\u00edsticas y funciones<\/a><\/li>\n<li><a href=\"https:\/\/www.pointsdevue.com\/sites\/default\/files\/pointsdevue68-gbes.pdf#page=48\" target=\"_blank\" rel=\"noopener noreferrer\">La luz azul y la cronobilog\u00eda: La luz y las funciones no visuales<\/a><\/li>\n<li><a href=\"https:\/\/www.pointsdevue.com\/sites\/default\/files\/pointsdevue68-gbes.pdf#page=38\" target=\"_blank\" rel=\"noopener noreferrer\">Fotosensibilidad y luz azul<\/a><\/li>\n<\/ul>\n<h6><strong>Presentaci\u00f3:<\/strong><\/h6>\n<p><iframe loading=\"lazy\" style=\"border: 1px solid #CCC; border-width: 1px; margin-bottom: 5px; max-width: 100%;\" src=\"\/\/www.slideshare.net\/slideshow\/embed_code\/key\/6nfc0AkiDiIptF\" width=\"595\" height=\"485\" frameborder=\"0\" marginwidth=\"0\" marginheight=\"0\" scrolling=\"no\" allowfullscreen=\"allowfullscreen\"> <\/iframe><\/p>\n<h6><strong>Fotos:<\/strong><\/h6>\n<div id=\"1234\" style=\"width: 600px; height: 400px; display: none;\"><img decoding=\"async\" src=\"https:\/\/serveiseducatius.xtec.cat\/tarragones\/wp-content\/uploads\/usu549\/2019\/03\/trics13_imatge1_jqueralto.jpg\" data-link=\"https:\/\/serveiseducatius.xtec.cat\/tarragones\/wp-content\/uploads\/usu549\/2019\/03\/trics13_imatge1_jqueralto.jpg\" \/><br \/>\n<img decoding=\"async\" src=\"https:\/\/serveiseducatius.xtec.cat\/tarragones\/wp-content\/uploads\/usu549\/2019\/03\/trics13_imatge2_jqueralto.jpg\" data-link=\"https:\/\/serveiseducatius.xtec.cat\/tarragones\/wp-content\/uploads\/usu549\/2019\/03\/trics13_imatge2_jqueralto.jpg\" \/><br \/>\n<img decoding=\"async\" src=\"https:\/\/serveiseducatius.xtec.cat\/tarragones\/wp-content\/uploads\/usu549\/2019\/03\/trics13_imatge3_jqueralto.jpg\" data-link=\"https:\/\/serveiseducatius.xtec.cat\/tarragones\/wp-content\/uploads\/usu549\/2019\/03\/trics13_imatge3_jqueralto.jpg\" \/><br \/>\n<img decoding=\"async\" src=\"https:\/\/serveiseducatius.xtec.cat\/tarragones\/wp-content\/uploads\/usu549\/2019\/03\/trics13_imatge4_jqueralto.jpg\" data-link=\"https:\/\/serveiseducatius.xtec.cat\/tarragones\/wp-content\/uploads\/usu549\/2019\/03\/trics13_imatge4_jqueralto.jpg\" \/><br \/>\n<script type=\"text\/javascript\" src=\"https:\/\/cdn.jsdelivr.net\/jquery\/1.12.3\/jquery.min.js\"><\/script><br \/>\n<script>\n (MyGalleries=(typeof MyGalleries === 'undefined' ? [] : MyGalleries)).push({gallId:'#1234',autoplay:true,lightbox:true,debug:false,popupLinks:true});\n if(typeof GalleryLoaded === 'undefined'){\n  GalleryLoaded = jQuery(function(){\n   jQuery.ajax({url:'https:\/\/cdn.jsdelivr.net\/galleria\/1.4.2\/galleria.min.js',dataType:'script',cache:true}).done(function(){\n    Galleria.loadTheme('https:\/\/cdn.jsdelivr.net\/galleria\/1.4.2\/themes\/classic\/galleria.classic.js');\n    for(var n in MyGalleries){\n     Galleria.run(MyGalleries[n].gallId, MyGalleries[n]);\n     jQuery(MyGalleries[n].gallId).css('display','block');\n    }\n   });\n  });\n }\n<\/script><\/div>\n<p>&nbsp;<\/p>\n<div><sup><em>Foto 1.- Aquesta gr\u00e0fica espectral ens mostre els rangs de longitud d&#8217;ona de la llum pels quals es suprimeix la secreci\u00f3 de melatonina. Veiem que el punt d&#8217;estimulaci\u00f3 m\u00e0xima es troba als 480 nm.<\/em><\/sup><br \/>\n<sup><em>Foto 2.- Aquest gr\u00e0fic mostra l&#8217;energia de la llum segons la seva longitud d&#8217;ona. Trobem la resposta al perqu\u00e8 la llum emesa per dispositius electr\u00f2nics suprimeix la secreci\u00f3 de melatonina. L&#8217;alta energia dels electrons que emet estimula les ipRGC i inhibeix la se <\/em><\/sup><br \/>\n<sup><em>Foto 3.- Si utilitzem dispositius electr\u00f2nics a les fosques de la zona perif\u00e8rica, que \u00e9s la zona predominant, no provindr\u00e0 llum. Aix\u00f2 causar\u00e0 que el cervell interpreti que es troba en un ambient fosc augmentant la fotosensibilitat de la retina i orint l&#8217;iris perq<\/em><\/sup><br \/>\n<sup><em>Foto 4.- Aquest esquema representa de forma resumida totes les causes que comporta l&#8217;exposici\u00f3 a la llum emesa per dispositius electr\u00f2nics. Per aix\u00f2 es denomina &#8220;cadena de respostes&#8221;.<\/em><\/sup><\/div>\n","protected":false},"excerpt":{"rendered":"<p>Jordi Queralt\u00f3<\/p>\n","protected":false},"author":1,"featured_media":13634,"comment_status":"open","ping_status":"closed","sticky":false,"template":"","format":"standard","meta":{"_bbp_topic_count":0,"_bbp_reply_count":0,"_bbp_total_topic_count":0,"_bbp_total_reply_count":0,"_bbp_voice_count":0,"_bbp_anonymous_reply_count":0,"_bbp_topic_count_hidden":0,"_bbp_reply_count_hidden":0,"_bbp_forum_subforum_count":0,"site-sidebar-layout":"default","site-content-layout":"","ast-site-content-layout":"","site-content-style":"default","site-sidebar-style":"default","ast-global-header-display":"","ast-banner-title-visibility":"","ast-main-header-display":"","ast-hfb-above-header-display":"","ast-hfb-below-header-display":"","ast-hfb-mobile-header-display":"","site-post-title":"","ast-breadcrumbs-content":"","ast-featured-img":"","footer-sml-layout":"","theme-transparent-header-meta":"","adv-header-id-meta":"","stick-header-meta":"","header-above-stick-meta":"","header-main-stick-meta":"","header-below-stick-meta":"","astra-migrate-meta-layouts":"default","ast-page-background-enabled":"default","ast-page-background-meta":{"desktop":{"background-color":"var(--ast-global-color-4)","background-image":"","background-repeat":"repeat","background-position":"center center","background-size":"auto","background-attachment":"scroll","background-type":"","background-media":"","overlay-type":"","overlay-color":"","overlay-opacity":"","overlay-gradient":""},"tablet":{"background-color":"","background-image":"","background-repeat":"repeat","background-position":"center center","background-size":"auto","background-attachment":"scroll","background-type":"","background-media":"","overlay-type":"","overlay-color":"","overlay-opacity":"","overlay-gradient":""},"mobile":{"background-color":"","background-image":"","background-repeat":"repeat","background-position":"center center","background-size":"auto","background-attachment":"scroll","background-type":"","background-media":"","overlay-type":"","overlay-color":"","overlay-opacity":"","overlay-gradient":""}},"ast-content-background-meta":{"desktop":{"background-color":"var(--ast-global-color-5)","background-image":"","background-repeat":"repeat","background-position":"center center","background-size":"auto","background-attachment":"scroll","background-type":"","background-media":"","overlay-type":"","overlay-color":"","overlay-opacity":"","overlay-gradient":""},"tablet":{"background-color":"var(--ast-global-color-5)","background-image":"","background-repeat":"repeat","background-position":"center center","background-size":"auto","background-attachment":"scroll","background-type":"","background-media":"","overlay-type":"","overlay-color":"","overlay-opacity":"","overlay-gradient":""},"mobile":{"background-color":"var(--ast-global-color-5)","background-image":"","background-repeat":"repeat","background-position":"center center","background-size":"auto","background-attachment":"scroll","background-type":"","background-media":"","overlay-type":"","overlay-color":"","overlay-opacity":"","overlay-gradient":""}},"footnotes":""},"categories":[391,70],"tags":[319,512],"class_list":["post-13630","post","type-post","status-publish","format-standard","has-post-thumbnail","hentry","category-ciencies","category-trics","tag-bioquimica","tag-trics_ins-marti-lhuma"],"post_mailing_queue_ids":[],"_links":{"self":[{"href":"https:\/\/serveiseducatius.xtec.cat\/tarragones\/wp-json\/wp\/v2\/posts\/13630","targetHints":{"allow":["GET"]}}],"collection":[{"href":"https:\/\/serveiseducatius.xtec.cat\/tarragones\/wp-json\/wp\/v2\/posts"}],"about":[{"href":"https:\/\/serveiseducatius.xtec.cat\/tarragones\/wp-json\/wp\/v2\/types\/post"}],"author":[{"embeddable":true,"href":"https:\/\/serveiseducatius.xtec.cat\/tarragones\/wp-json\/wp\/v2\/users\/1"}],"replies":[{"embeddable":true,"href":"https:\/\/serveiseducatius.xtec.cat\/tarragones\/wp-json\/wp\/v2\/comments?post=13630"}],"version-history":[{"count":2,"href":"https:\/\/serveiseducatius.xtec.cat\/tarragones\/wp-json\/wp\/v2\/posts\/13630\/revisions"}],"predecessor-version":[{"id":13633,"href":"https:\/\/serveiseducatius.xtec.cat\/tarragones\/wp-json\/wp\/v2\/posts\/13630\/revisions\/13633"}],"wp:featuredmedia":[{"embeddable":true,"href":"https:\/\/serveiseducatius.xtec.cat\/tarragones\/wp-json\/wp\/v2\/media\/13634"}],"wp:attachment":[{"href":"https:\/\/serveiseducatius.xtec.cat\/tarragones\/wp-json\/wp\/v2\/media?parent=13630"}],"wp:term":[{"taxonomy":"category","embeddable":true,"href":"https:\/\/serveiseducatius.xtec.cat\/tarragones\/wp-json\/wp\/v2\/categories?post=13630"},{"taxonomy":"post_tag","embeddable":true,"href":"https:\/\/serveiseducatius.xtec.cat\/tarragones\/wp-json\/wp\/v2\/tags?post=13630"}],"curies":[{"name":"wp","href":"https:\/\/api.w.org\/{rel}","templated":true}]}}