{"id":13579,"date":"2019-04-08T16:47:42","date_gmt":"2019-04-08T14:47:42","guid":{"rendered":"http:\/\/serveiseducatius.xtec.cat\/tarragones\/?p=13579"},"modified":"2021-03-03T20:22:08","modified_gmt":"2021-03-03T19:22:08","slug":"trics13_cpizarro","status":"publish","type":"post","link":"https:\/\/serveiseducatius.xtec.cat\/tarragones\/dinamitzacio\/trics\/trics13_cpizarro\/","title":{"rendered":"La Ind\u00fastria qu\u00edmica a Tarragona"},"content":{"rendered":"<p><img loading=\"lazy\" decoding=\"async\" class=\"alignright wp-image-5353\" title=\"Christian Pizarro Valdivia\" src=\"https:\/\/serveiseducatius.xtec.cat\/tarragones\/wp-content\/uploads\/usu549\/2019\/03\/trics13_cpizarro.jpg\" alt=\"Christian Pizarro Valdivia\" width=\"150\" height=\"200\" \/><strong><span style=\"color: #808080;\"><em>T\u00edtol:\u00a0\u00a0\u00a0\u00a0\u00a0\u00a0\u00a0\u00a0\u00a0\u00a0<\/em><\/span><\/strong><strong>La Ind\u00fastria qu\u00edmica al camp de Tarragona: LyondellBasell N. V.<\/strong><br \/>\n<strong><em><span style=\"color: #808080;\">Autor\/a:\u00a0\u00a0\u00a0\u00a0<\/span><\/em><\/strong><strong> Christian Pizarro Valdivia<\/strong><br \/>\n<strong><em><span style=\"color: #808080;\">Tutor\/a:\u00a0\u00a0\u00a0\u00a0\u00a0\u00a0<\/span><\/em><\/strong>Jaume Sol\u00e9 Oliv\u00e9<br \/>\n<strong><em><span style=\"color: #808080;\">Modalitat:\u00a0\u00a0<\/span><\/em><\/strong>Ci\u00e8ncies i tecnologia: Cientificot\u00e8cnic<br \/>\n<strong><em><span style=\"color: #808080;\">\u00c0rea:\u00a0\u00a0\u00a0\u00a0\u00a0\u00a0\u00a0\u00a0\u00a0\u00a0<\/span><\/em><\/strong>Qu\u00edmica<br \/>\n<strong><em><span style=\"color: #808080;\">Centre:\u00a0\u00a0\u00a0\u00a0\u00a0\u00a0\u00a0<\/span><\/em><\/strong>Ins Torreforta<br \/>\n<strong><em><span style=\"color: #808080;\">Localitat:\u00a0\u00a0\u00a0<\/span><\/em><\/strong>Tarragona<\/p>\n<h6><strong>Objectius:<\/strong><\/h6>\n<ol>\n<li>Enriquir-me personalment, tant d\u2019informaci\u00f3 del m\u00f3n de la qu\u00edmica industrial, com amb la visita a la planta i l\u2019entrevista amb el responsable de producci\u00f3. Fets que em serviran molt per al meu futur, i per a la feina en qu\u00e8 vull treballar, en la qu\u00edmica industrial.<\/li>\n<li>Explicar informaci\u00f3 la qual \u00e9s en general molt t\u00e8cnica, de la manera m\u00e9s simple i entenedora possible.<\/li>\n<li>Estendre un coneixement com \u00e9s el de l\u2019aplicaci\u00f3 de la qu\u00edmica a l\u2019\u00e0mbit industrial (s\u00edntesis de les poliolefines en aquest cas), que \u00e9s molt desconegut menys per les persones que hi treballen.<\/li>\n<\/ol>\n<h6><strong>El proc\u00e9s:<\/strong><\/h6>\n<p style=\"text-align: justify;\">Per fer aquest treball vaig estar recercant informaci\u00f3 durant tot l\u2019estiu per, un cop comen\u00e7at el curs, sintetitzar aquesta informaci\u00f3 en un document. Cal destacar que el meu treball \u00e9s molt te\u00f2ric, ja que la part pr\u00e0ctica seria fer la reacci\u00f3 qu\u00edmica (de polimeritzaci\u00f3) en un laboratori, per\u00f2 com es necessita equipament especialitzat, coneixements alts i t\u00e9 un alt cost, \u00e9s clarament impossible per mi. Per aix\u00f2, la part pr\u00e0ctica es va centrar en el contacte amb l\u2019empresa LyondellBasell a Tarragona, visitar la planta de polipropil\u00e8 al complex de BASF, i una entrevista al Sr. David Serral (PP operations manager), gr\u00e0cies al seu consentiment i el del director a Tarragona, el Sr. Eduardo Chicote.<br \/>\nQuant al treball es pot dividir en informaci\u00f3 de l\u2019empresa en l\u2019\u00e0mbit internacional, hist\u00f2ria i producci\u00f3; i nacional amb les dues plantes a Tarragona, explicant el seu producte, el polipropil\u00e8.<br \/>\nFinalment, parlo del proc\u00e9s que es duu a terme en la planta que vaig visitar: el proc\u00e9s Novolen. I per acabar, hi ha la part pr\u00e0ctica amb les meves impressions de les dues visites a la planta, sempre acompanyat pel cap de planta, i una entrevista a ell amb 30 preguntes variades, sobre l\u2019empresa, el proc\u00e9s i la qu\u00edmica a Tarragona. Per a la metodologia vaig buscar informaci\u00f3 en p\u00e0gines webs oficials, com la de LyondellBasell.<\/p>\n<h6><strong>Conclusions:<\/strong><\/h6>\n<p style=\"text-align: justify;\">Ha sigut un treball molt labori\u00f3s, el m\u00e9s labori\u00f3s de la meva vida, de moment. Per\u00f2 estic satisfet pels resultats obtinguts perqu\u00e8 penso que he assolit els objectius que em vaig fixar. Per l\u2019altra banda, he apr\u00e8s molt realitzant aquest treball. M\u2019he familiaritzat amb el vocabulari qu\u00edmic en l\u2019\u00e0mbit industrial. La visita a la planta ha constitu\u00eft una experi\u00e8ncia \u00fanica i el primer pas per a treballar en un lloc com aquest. El Sr. Serral es va portar amb mi d\u2019una manera impecable, ajudant-me sempre amb els dubtes que tenia i interessant-se per mi. D\u2019aix\u00f2 el m\u00e9s important ha sigut un fet que a molta gent li costa, el primer contacte amb l\u2019empresa. Gr\u00e0cies a aquest treball ho he aconseguit, i em servir\u00e0 per al futur.<\/p>\n<h6><strong>Llocs Web:<\/strong><\/h6>\n<ul>\n<li><a href=\"https:\/\/www.textoscientificos.com\/polimeros\/polipropileno\/aplicaciones\" target=\"_blank\" rel=\"noopener noreferrer\">TEXTOS CIENTIFICOS, APLICACIONES DEL POLIPROPILENO<\/a><\/li>\n<li><a href=\"https:\/\/www.basf.com\/es\/es\/company\/about-us\/BASF-en-Espan-a\/Historia.html\" target=\"_blank\" rel=\"noopener noreferrer\">BASF SE., Historia<\/a><\/li>\n<li><a href=\"https:\/\/en.wikipedia.org\/wiki\/LyondellBasell\" target=\"_blank\" rel=\"noopener noreferrer\">Wikipedia, LyondellBasell N .V.<\/a><\/li>\n<li><a href=\"https:\/\/www.mcdermott.com\/MDRSite\/media\/MDR\/Tech%20Sheets\/cbi-polypropylene-v2.pdf\" target=\"_blank\" rel=\"noopener noreferrer\">McDermott International, Inc., Polypropilene<\/a><\/li>\n<\/ul>\n<h6><strong>Presentaci\u00f3:<\/strong><\/h6>\n<p><iframe loading=\"lazy\" style=\"border: 1px solid #CCC; border-width: 1px; margin-bottom: 5px; max-width: 100%;\" src=\"\/\/www.slideshare.net\/slideshow\/embed_code\/key\/uoQ2RNzB8NmWhV\" width=\"595\" height=\"485\" frameborder=\"0\" marginwidth=\"0\" marginheight=\"0\" scrolling=\"no\" allowfullscreen=\"allowfullscreen\"> <\/iframe><\/p>\n<h6><strong>Fotos:<\/strong><\/h6>\n<div id=\"1234\" style=\"width: 600px; height: 400px; display: none;\"><img decoding=\"async\" src=\"https:\/\/serveiseducatius.xtec.cat\/tarragones\/wp-content\/uploads\/usu549\/2019\/03\/trics13_imatge1_cpizarro.jpg\" data-link=\"https:\/\/serveiseducatius.xtec.cat\/tarragones\/wp-content\/uploads\/usu549\/2019\/03\/trics13_imatge1_cpizarro.jpg\" \/><br \/>\n<img decoding=\"async\" src=\"https:\/\/serveiseducatius.xtec.cat\/tarragones\/wp-content\/uploads\/usu549\/2019\/03\/trics13_imatge2_cpizarro.jpg\" data-link=\"https:\/\/serveiseducatius.xtec.cat\/tarragones\/wp-content\/uploads\/usu549\/2019\/03\/trics13_imatge2_cpizarro.jpg\" \/><br \/>\n<img decoding=\"async\" src=\"https:\/\/serveiseducatius.xtec.cat\/tarragones\/wp-content\/uploads\/usu549\/2019\/03\/trics13_imatge3_cpizarro.jpg\" data-link=\"https:\/\/serveiseducatius.xtec.cat\/tarragones\/wp-content\/uploads\/usu549\/2019\/03\/trics13_imatge3_cpizarro.jpg\" \/><br \/>\n<script type=\"text\/javascript\" src=\"https:\/\/cdn.jsdelivr.net\/jquery\/1.12.3\/jquery.min.js\"><\/script><br \/>\n<script>\n (MyGalleries=(typeof MyGalleries === 'undefined' ? [] : MyGalleries)).push({gallId:'#1234',autoplay:true,lightbox:true,debug:false,popupLinks:true});\n if(typeof GalleryLoaded === 'undefined'){\n  GalleryLoaded = jQuery(function(){\n   jQuery.ajax({url:'https:\/\/cdn.jsdelivr.net\/galleria\/1.4.2\/galleria.min.js',dataType:'script',cache:true}).done(function(){\n    Galleria.loadTheme('https:\/\/cdn.jsdelivr.net\/galleria\/1.4.2\/themes\/classic\/galleria.classic.js');\n    for(var n in MyGalleries){\n     Galleria.run(MyGalleries[n].gallId, MyGalleries[n]);\n     jQuery(MyGalleries[n].gallId).css('display','block');\n    }\n   });\n  });\n }\n<\/script><\/div>\n<p>&nbsp;<\/p>\n<div><sup><em>Foto 1.- Fotografia de la planta de Novolen de LyondellBasell N. V. al complex de BASF.<\/em><\/sup><br \/>\n<sup><em>Foto 2.- Esquema de funcionament del proc\u00e9s estudiat en aquest TDR, el proc\u00e9s Novolen. <\/em><\/sup><br \/>\n<sup><em>Foto 3.- Autor d&#8217;aquest treball, amb l&#8217;equipament reglamentari per estar en la planta en la visita.<\/em><\/sup><\/div>\n<h6><strong>\u00a0<\/strong><\/h6>\n","protected":false},"excerpt":{"rendered":"<p>Christian Pizarro Valdivia<\/p>\n","protected":false},"author":1,"featured_media":13580,"comment_status":"open","ping_status":"closed","sticky":false,"template":"","format":"standard","meta":{"_bbp_topic_count":0,"_bbp_reply_count":0,"_bbp_total_topic_count":0,"_bbp_total_reply_count":0,"_bbp_voice_count":0,"_bbp_anonymous_reply_count":0,"_bbp_topic_count_hidden":0,"_bbp_reply_count_hidden":0,"_bbp_forum_subforum_count":0,"site-sidebar-layout":"default","site-content-layout":"","ast-site-content-layout":"","site-content-style":"default","site-sidebar-style":"default","ast-global-header-display":"","ast-banner-title-visibility":"","ast-main-header-display":"","ast-hfb-above-header-display":"","ast-hfb-below-header-display":"","ast-hfb-mobile-header-display":"","site-post-title":"","ast-breadcrumbs-content":"","ast-featured-img":"","footer-sml-layout":"","theme-transparent-header-meta":"","adv-header-id-meta":"","stick-header-meta":"","header-above-stick-meta":"","header-main-stick-meta":"","header-below-stick-meta":"","astra-migrate-meta-layouts":"default","ast-page-background-enabled":"default","ast-page-background-meta":{"desktop":{"background-color":"var(--ast-global-color-4)","background-image":"","background-repeat":"repeat","background-position":"center center","background-size":"auto","background-attachment":"scroll","background-type":"","background-media":"","overlay-type":"","overlay-color":"","overlay-opacity":"","overlay-gradient":""},"tablet":{"background-color":"","background-image":"","background-repeat":"repeat","background-position":"center center","background-size":"auto","background-attachment":"scroll","background-type":"","background-media":"","overlay-type":"","overlay-color":"","overlay-opacity":"","overlay-gradient":""},"mobile":{"background-color":"","background-image":"","background-repeat":"repeat","background-position":"center center","background-size":"auto","background-attachment":"scroll","background-type":"","background-media":"","overlay-type":"","overlay-color":"","overlay-opacity":"","overlay-gradient":""}},"ast-content-background-meta":{"desktop":{"background-color":"var(--ast-global-color-5)","background-image":"","background-repeat":"repeat","background-position":"center center","background-size":"auto","background-attachment":"scroll","background-type":"","background-media":"","overlay-type":"","overlay-color":"","overlay-opacity":"","overlay-gradient":""},"tablet":{"background-color":"var(--ast-global-color-5)","background-image":"","background-repeat":"repeat","background-position":"center center","background-size":"auto","background-attachment":"scroll","background-type":"","background-media":"","overlay-type":"","overlay-color":"","overlay-opacity":"","overlay-gradient":""},"mobile":{"background-color":"var(--ast-global-color-5)","background-image":"","background-repeat":"repeat","background-position":"center center","background-size":"auto","background-attachment":"scroll","background-type":"","background-media":"","overlay-type":"","overlay-color":"","overlay-opacity":"","overlay-gradient":""}},"footnotes":""},"categories":[391,70],"tags":[382,524],"class_list":["post-13579","post","type-post","status-publish","format-standard","has-post-thumbnail","hentry","category-ciencies","category-trics","tag-quimica","tag-trics_ins-torreforta"],"post_mailing_queue_ids":[],"_links":{"self":[{"href":"https:\/\/serveiseducatius.xtec.cat\/tarragones\/wp-json\/wp\/v2\/posts\/13579","targetHints":{"allow":["GET"]}}],"collection":[{"href":"https:\/\/serveiseducatius.xtec.cat\/tarragones\/wp-json\/wp\/v2\/posts"}],"about":[{"href":"https:\/\/serveiseducatius.xtec.cat\/tarragones\/wp-json\/wp\/v2\/types\/post"}],"author":[{"embeddable":true,"href":"https:\/\/serveiseducatius.xtec.cat\/tarragones\/wp-json\/wp\/v2\/users\/1"}],"replies":[{"embeddable":true,"href":"https:\/\/serveiseducatius.xtec.cat\/tarragones\/wp-json\/wp\/v2\/comments?post=13579"}],"version-history":[{"count":3,"href":"https:\/\/serveiseducatius.xtec.cat\/tarragones\/wp-json\/wp\/v2\/posts\/13579\/revisions"}],"predecessor-version":[{"id":13583,"href":"https:\/\/serveiseducatius.xtec.cat\/tarragones\/wp-json\/wp\/v2\/posts\/13579\/revisions\/13583"}],"wp:featuredmedia":[{"embeddable":true,"href":"https:\/\/serveiseducatius.xtec.cat\/tarragones\/wp-json\/wp\/v2\/media\/13580"}],"wp:attachment":[{"href":"https:\/\/serveiseducatius.xtec.cat\/tarragones\/wp-json\/wp\/v2\/media?parent=13579"}],"wp:term":[{"taxonomy":"category","embeddable":true,"href":"https:\/\/serveiseducatius.xtec.cat\/tarragones\/wp-json\/wp\/v2\/categories?post=13579"},{"taxonomy":"post_tag","embeddable":true,"href":"https:\/\/serveiseducatius.xtec.cat\/tarragones\/wp-json\/wp\/v2\/tags?post=13579"}],"curies":[{"name":"wp","href":"https:\/\/api.w.org\/{rel}","templated":true}]}}