{"id":13504,"date":"2019-04-08T10:55:43","date_gmt":"2019-04-08T08:55:43","guid":{"rendered":"http:\/\/serveiseducatius.xtec.cat\/tarragones\/?p=13504"},"modified":"2019-04-27T08:59:12","modified_gmt":"2019-04-27T06:59:12","slug":"trics13_njansa","status":"publish","type":"post","link":"https:\/\/serveiseducatius.xtec.cat\/tarragones\/dinamitzacio\/trics\/trics13_njansa\/","title":{"rendered":"Temps de mem\u00f2ria"},"content":{"rendered":"<p><img loading=\"lazy\" decoding=\"async\" class=\"alignright wp-image-5353\" title=\"Neus Jans\u00e0 Aragon\u00e8s\" src=\"https:\/\/serveiseducatius.xtec.cat\/tarragones\/wp-content\/uploads\/usu549\/2019\/03\/trics13_njansa.jpg\" alt=\"Neus Jans\u00e0 Aragon\u00e8s\" width=\"150\" height=\"200\" \/><strong><span style=\"color: #808080;\"><em>T\u00edtol:\u00a0\u00a0\u00a0\u00a0\u00a0\u00a0\u00a0\u00a0\u00a0\u00a0<\/em><\/span><\/strong><strong>Temps de mem\u00f2ria (Cornudella de Montsant durant la Guerra Civil)<\/strong><br \/>\n<strong><em><span style=\"color: #808080;\">Autor\/a:\u00a0\u00a0\u00a0\u00a0<\/span><\/em><\/strong><strong> Neus Jans\u00e0 Aragon\u00e8s<\/strong><br \/>\n<strong><em><span style=\"color: #808080;\">Tutor\/a:\u00a0\u00a0\u00a0\u00a0\u00a0\u00a0<\/span><\/em><\/strong>Jordi Tous Vallv\u00e8<br \/>\n<strong><em><span style=\"color: #808080;\">Modalitat:\u00a0\u00a0<\/span><\/em><\/strong>Humanitats i Ci\u00e8ncies Socials<br \/>\n<strong><em><span style=\"color: #808080;\">\u00c0rea:\u00a0\u00a0\u00a0\u00a0\u00a0\u00a0\u00a0\u00a0\u00a0\u00a0<\/span><\/em><\/strong>Hist\u00f2ria<br \/>\n<strong><em><span style=\"color: #808080;\">Centre:\u00a0\u00a0\u00a0\u00a0\u00a0\u00a0\u00a0<\/span><\/em><\/strong>Ins Gaud\u00ed<br \/>\n<strong><em><span style=\"color: #808080;\">Localitat:\u00a0\u00a0\u00a0<\/span><\/em><\/strong>Reus<\/p>\n<h6><strong>Objectius:<\/strong><\/h6>\n<ol>\n<li>Els objectius del meu treball s\u00f3n el reconeixement de la mem\u00f2ria hist\u00f2rica del poble on m\u2019he criat, Cornudella de Montsant, i la commemoraci\u00f3 dels 80 anys del fi de la Guerra Civil. Gr\u00e0cies a les entrevistes pot quedar la const\u00e0ncia escrita de les vides dels habitants del poble durant una guerra que no hauria d\u2019haver comen\u00e7at mai.<\/li>\n<\/ol>\n<h6><strong>Hip\u00f2tesi:<\/strong><\/h6>\n<p style=\"text-align: justify;\">La hip\u00f2tesi del treball es pot formular amb la pregunta: Qu\u00e8 va passar a Cornudella de Montsant durant la Guerra Civil i com ho van viure els habitants de la vila.<\/p>\n<h6><strong>El proc\u00e9s:<\/strong><\/h6>\n<p style=\"text-align: justify;\">El proc\u00e9s del treball va comen\u00e7ar parlant amb l\u2019antrop\u00f2loga Montse Sol\u00e0 i l\u2019historiador Salvador Palomar, a partir d\u2019aqu\u00ed vaig realitzar entrevistes a diferents habitants del poble, inclosa la meva \u00e0via, que havien viscut la guerra d\u2019infants i adolescents. A mesura que anava fent les entrevistes tamb\u00e9 vaig anar visitant la biblioteca Xavier Amor\u00f3s de Reus i la biblioteca Bonaventura Font de Cornudella de Montsant, on hi vaig trobar documentaci\u00f3. A mitjans del proc\u00e9s del treball, vaig contactar amb diferents ve\u00efns que tenien documentaci\u00f3 i objectes trobats per la zona durant la guerra, que posteriorment em van cedir. Un cop finalitzada la recerca i el treball escrit, vaig realitzar la presentaci\u00f3 d\u2019aquest a l\u2019ajuntament de Cornudella de Montsant amb la finalitat que la gent del poble conegui la hist\u00f2ria i identitat de la seva vila i fam\u00edlia.<\/p>\n<h6><strong>Conclusions:<\/strong><\/h6>\n<p style=\"text-align: justify;\">En acabar el treball, vaig arribar a dos concussions:<br \/>\nEn primer lloc, que l\u2019edat que tenien les entrevistades durant la guerra determina un punt de vista molt diferent al que m\u2019esperava. Per exemple, l\u2019entrevistada m\u00e9s petita, era una nena, m\u2019explicava les an\u00e8cdotes de les bombes i els soldats com si fossin un joc. En canvi la resta d\u2019entrevistades que ja eren adolescents i eren conscients del que succe\u00efa, em van transmetre l\u2019angoixa i la lluita per la superviv\u00e8ncia en una guerra.<br \/>\nEn segon lloc, me n\u2019he adonat de que no sols les dones protagonistes eren les que anaven al front, sin\u00f3 que eren igual de vitals les que es quedaren cuidant les fam\u00edlies i intentant sobreviure el dia a dia. En definitiva, la rereguarda va ser igual de fonamental que la primera l\u00ednia del front.<\/p>\n<h6><strong>Bibliografia:<\/strong><\/h6>\n<ul>\n<li>Sabat\u00e9 i Alentorn, Jaume.. <span style=\"color: #808080;\"><strong>V\u00edctimes d&#8217;una guerra al Priorat (1936-19&#8230;).<\/strong><\/span>. 1a. edici\u00f3, Barcelona: Rafael Dalmau, Editor, 2002. 199 p. (Col\u00b7lecci\u00f3 Cam\u00ed Ral; 21) ISBN: 84-232-0649-1.<\/li>\n<li>Jackson, Angela.. <span style=\"color: #808080;\"><strong>M\u00e9s enll\u00e0 del camp de batalla una cova hospital en la Guerra Civil espanyola.<\/strong><\/span>. La Carxana. Albarca n\u00fam.11 (estiu 2006), p.32-42<\/li>\n<li>Martorell Garau, Miquel. <span style=\"color: #808080;\"><strong>Els capellans del terme detinguts a l&#8217;inici de la revoluci\u00f3 de 1936.<\/strong><\/span>. La Tralla. Revista Cultural de Cornudella de Montsant, n\u00fam.11 (tardor 2006)<\/li>\n<li>Martorell Garau, Miquel.. <span style=\"color: #808080;\"><strong>Notes a la guerra dels tres anys (1936-1939). All\u00f2 que perd\u00e9 la vila: Fills i propietats. Siurana, juny 1997<\/strong><\/span>. Article publicat al llibret del XXI Aplec de la Sardana, Cornudella de Montsant, agost 1997.<\/li>\n<li>Alumnes de batxillerat de l&#8217;institut Jaume Huguet de Valls. Coordinaci\u00f3:Marta Alonso. <span style=\"color: #808080;\"><strong>El Color de la Sang: Testimonis de la Guerra Civil<\/strong><\/span>. Primera edici\u00f3:setembre del 2014. Edita Institut Jaume Huguet. Antiga Escola de Treball DLT 1182-2014.<\/li>\n<li>. <span style=\"color: #808080;\"><strong>Catalunya durant la Guerra Civil dia a dia.<\/strong><\/span>. El cop d&#8217;estat i el seu frac\u00e0s a Catalunya. Edicions 62,S.A. La Vanguardia. Primera edici\u00f3: gener de 2006. ISBN: 84-297-5762-7 (obra completa) \/ 84-297-5764-3 (volum 2).<\/li>\n<li>Martorell Garau, Miquel. <span style=\"color: #808080;\"><strong>Els qui regiren la vila des de 1500 fins ara (1991).<\/strong><\/span>.<\/li>\n<li>Martorell Garau, Miquel. <span style=\"color: #808080;\"><strong>Trampes i malifetes del metge Domingo (febrer-agost 1939). Siurana, octubre 2009.<\/strong><\/span>.<\/li>\n<li>Ezequiel Gort, JuanPere.. <span style=\"color: #808080;\"><strong>Hist\u00f2ria de Cornudella de Montsant. Una vila del Comtat de Prades<\/strong><\/span>. Edita Fundaci\u00f3 d&#8217;hist\u00f2ria i art ROGER DE BELFORT,Santes Creus 1994 Publicaci\u00f3 n\u00fam.32 (Col\u00b7lecci\u00f3 TOSTEMPS) ISBN: 84-604-9363-6<\/li>\n<li>Amig\u00f3 Angl\u00e8s, Ramon i Espasa Ballester,Joan Bta. <span style=\"color: #808080;\"><strong>Noms actuals i pret\u00e8rits del terme antic de Cornudella de Montsant<\/strong><\/span>. Edita Ramon Amig\u00f3 Angl\u00e8s i Joan Bta.Espasa Ballester. Patrocina: Asociaci\u00f3 d&#8217;Estudis Reusencs, Reus 1990 Publicaci\u00f3 n\u00fam.77 ISBN: 84-404-7436-4<\/li>\n<\/ul>\n<h6><\/h6>\n<h6><strong>Presentaci\u00f3:<\/strong><\/h6>\n<p><iframe loading=\"lazy\" style=\"border: 1px solid #CCC; border-width: 1px; margin-bottom: 5px; max-width: 100%;\" src=\"\/\/www.slideshare.net\/slideshow\/embed_code\/key\/whl2NDaIKflCyT\" width=\"595\" height=\"485\" frameborder=\"0\" marginwidth=\"0\" marginheight=\"0\" scrolling=\"no\" allowfullscreen=\"allowfullscreen\"> <\/iframe><\/p>\n<h6><strong>Fotos:<\/strong><\/h6>\n<div id=\"1234\" style=\"width: 600px; height: 400px; display: none;\"><img decoding=\"async\" src=\"https:\/\/serveiseducatius.xtec.cat\/tarragones\/wp-content\/uploads\/usu549\/2019\/03\/trics13_imatge1_njansa.jpg\" data-link=\"https:\/\/serveiseducatius.xtec.cat\/tarragones\/wp-content\/uploads\/usu549\/2019\/03\/trics13_imatge1_njansa.jpg\" \/><br \/>\n<script type=\"text\/javascript\" src=\"https:\/\/cdn.jsdelivr.net\/jquery\/1.12.3\/jquery.min.js\"><\/script><br \/>\n<script>\n (MyGalleries=(typeof MyGalleries === 'undefined' ? [] : MyGalleries)).push({gallId:'#1234',autoplay:true,lightbox:true,debug:false,popupLinks:true});\n if(typeof GalleryLoaded === 'undefined'){\n  GalleryLoaded = jQuery(function(){\n   jQuery.ajax({url:'https:\/\/cdn.jsdelivr.net\/galleria\/1.4.2\/galleria.min.js',dataType:'script',cache:true}).done(function(){\n    Galleria.loadTheme('https:\/\/cdn.jsdelivr.net\/galleria\/1.4.2\/themes\/classic\/galleria.classic.js');\n    for(var n in MyGalleries){\n     Galleria.run(MyGalleries[n].gallId, MyGalleries[n]);\n     jQuery(MyGalleries[n].gallId).css('display','block');\n    }\n   });\n  });\n }\n<\/script><\/div>\n<p>&nbsp;<\/p>\n<div><sup><em>Foto 1.- Collage amb un recull de fotografies del poble durant la guerra<\/em><\/sup><\/div>\n<h6><strong>\u00a0<\/strong><\/h6>\n","protected":false},"excerpt":{"rendered":"<p>Neus Jans\u00e0 Aragon\u00e8s<\/p>\n","protected":false},"author":1,"featured_media":13505,"comment_status":"open","ping_status":"closed","sticky":false,"template":"","format":"standard","meta":{"_bbp_topic_count":0,"_bbp_reply_count":0,"_bbp_total_topic_count":0,"_bbp_total_reply_count":0,"_bbp_voice_count":0,"_bbp_anonymous_reply_count":0,"_bbp_topic_count_hidden":0,"_bbp_reply_count_hidden":0,"_bbp_forum_subforum_count":0,"site-sidebar-layout":"default","site-content-layout":"","ast-site-content-layout":"","site-content-style":"default","site-sidebar-style":"default","ast-global-header-display":"","ast-banner-title-visibility":"","ast-main-header-display":"","ast-hfb-above-header-display":"","ast-hfb-below-header-display":"","ast-hfb-mobile-header-display":"","site-post-title":"","ast-breadcrumbs-content":"","ast-featured-img":"","footer-sml-layout":"","theme-transparent-header-meta":"","adv-header-id-meta":"","stick-header-meta":"","header-above-stick-meta":"","header-main-stick-meta":"","header-below-stick-meta":"","astra-migrate-meta-layouts":"default","ast-page-background-enabled":"default","ast-page-background-meta":{"desktop":{"background-color":"var(--ast-global-color-4)","background-image":"","background-repeat":"repeat","background-position":"center center","background-size":"auto","background-attachment":"scroll","background-type":"","background-media":"","overlay-type":"","overlay-color":"","overlay-opacity":"","overlay-gradient":""},"tablet":{"background-color":"","background-image":"","background-repeat":"repeat","background-position":"center center","background-size":"auto","background-attachment":"scroll","background-type":"","background-media":"","overlay-type":"","overlay-color":"","overlay-opacity":"","overlay-gradient":""},"mobile":{"background-color":"","background-image":"","background-repeat":"repeat","background-position":"center center","background-size":"auto","background-attachment":"scroll","background-type":"","background-media":"","overlay-type":"","overlay-color":"","overlay-opacity":"","overlay-gradient":""}},"ast-content-background-meta":{"desktop":{"background-color":"var(--ast-global-color-5)","background-image":"","background-repeat":"repeat","background-position":"center center","background-size":"auto","background-attachment":"scroll","background-type":"","background-media":"","overlay-type":"","overlay-color":"","overlay-opacity":"","overlay-gradient":""},"tablet":{"background-color":"var(--ast-global-color-5)","background-image":"","background-repeat":"repeat","background-position":"center center","background-size":"auto","background-attachment":"scroll","background-type":"","background-media":"","overlay-type":"","overlay-color":"","overlay-opacity":"","overlay-gradient":""},"mobile":{"background-color":"var(--ast-global-color-5)","background-image":"","background-repeat":"repeat","background-position":"center center","background-size":"auto","background-attachment":"scroll","background-type":"","background-media":"","overlay-type":"","overlay-color":"","overlay-opacity":"","overlay-gradient":""}},"footnotes":""},"categories":[70,392],"tags":[350,502],"class_list":["post-13504","post","type-post","status-publish","format-standard","has-post-thumbnail","hentry","category-trics","category-humanitats","tag-historia","tag-trics_ins-gaudi"],"post_mailing_queue_ids":[],"_links":{"self":[{"href":"https:\/\/serveiseducatius.xtec.cat\/tarragones\/wp-json\/wp\/v2\/posts\/13504","targetHints":{"allow":["GET"]}}],"collection":[{"href":"https:\/\/serveiseducatius.xtec.cat\/tarragones\/wp-json\/wp\/v2\/posts"}],"about":[{"href":"https:\/\/serveiseducatius.xtec.cat\/tarragones\/wp-json\/wp\/v2\/types\/post"}],"author":[{"embeddable":true,"href":"https:\/\/serveiseducatius.xtec.cat\/tarragones\/wp-json\/wp\/v2\/users\/1"}],"replies":[{"embeddable":true,"href":"https:\/\/serveiseducatius.xtec.cat\/tarragones\/wp-json\/wp\/v2\/comments?post=13504"}],"version-history":[{"count":2,"href":"https:\/\/serveiseducatius.xtec.cat\/tarragones\/wp-json\/wp\/v2\/posts\/13504\/revisions"}],"predecessor-version":[{"id":13507,"href":"https:\/\/serveiseducatius.xtec.cat\/tarragones\/wp-json\/wp\/v2\/posts\/13504\/revisions\/13507"}],"wp:featuredmedia":[{"embeddable":true,"href":"https:\/\/serveiseducatius.xtec.cat\/tarragones\/wp-json\/wp\/v2\/media\/13505"}],"wp:attachment":[{"href":"https:\/\/serveiseducatius.xtec.cat\/tarragones\/wp-json\/wp\/v2\/media?parent=13504"}],"wp:term":[{"taxonomy":"category","embeddable":true,"href":"https:\/\/serveiseducatius.xtec.cat\/tarragones\/wp-json\/wp\/v2\/categories?post=13504"},{"taxonomy":"post_tag","embeddable":true,"href":"https:\/\/serveiseducatius.xtec.cat\/tarragones\/wp-json\/wp\/v2\/tags?post=13504"}],"curies":[{"name":"wp","href":"https:\/\/api.w.org\/{rel}","templated":true}]}}