{"id":13302,"date":"2019-03-23T21:04:52","date_gmt":"2019-03-23T20:04:52","guid":{"rendered":"http:\/\/serveiseducatius.xtec.cat\/tarragones\/?p=13302"},"modified":"2019-04-27T08:47:17","modified_gmt":"2019-04-27T06:47:17","slug":"trics13_arebull","status":"publish","type":"post","link":"https:\/\/serveiseducatius.xtec.cat\/tarragones\/dinamitzacio\/trics\/trics13_arebull\/","title":{"rendered":"L&#8217;emigraci\u00f3 espanyola"},"content":{"rendered":"<p><img loading=\"lazy\" decoding=\"async\" class=\"alignright wp-image-5353\" title=\"Ainhoa Rebull Gude\" src=\"https:\/\/serveiseducatius.xtec.cat\/tarragones\/wp-content\/uploads\/usu549\/2019\/03\/trics13_arebull.jpg\" alt=\"Ainhoa Rebull Gude\" width=\"150\" height=\"200\" \/><strong><span style=\"color: #808080;\"><em>T\u00edtol:\u00a0\u00a0\u00a0\u00a0\u00a0\u00a0\u00a0\u00a0\u00a0\u00a0<\/em><\/span><\/strong><strong>L&#8217;emigraci\u00f3 espanyola (segle XX) a partir dels anys 60<\/strong><br \/>\n<strong><em><span style=\"color: #808080;\">Autor\/a:\u00a0\u00a0\u00a0\u00a0<\/span><\/em><\/strong><strong> Ainhoa Rebull Gude<\/strong><br \/>\n<strong><em><span style=\"color: #808080;\">Tutor\/a:\u00a0\u00a0\u00a0\u00a0\u00a0\u00a0<\/span><\/em><\/strong>Teresa Benavent Mart\u00ednez<br \/>\n<strong><em><span style=\"color: #808080;\">Modalitat:\u00a0\u00a0<\/span><\/em><\/strong>Humanitats i Ci\u00e8ncies Socials<br \/>\n<strong><em><span style=\"color: #808080;\">\u00c0rea:\u00a0\u00a0\u00a0\u00a0\u00a0\u00a0\u00a0\u00a0\u00a0\u00a0<\/span><\/em><\/strong>Hist\u00f2ria<br \/>\n<strong><em><span style=\"color: #808080;\">Centre:\u00a0\u00a0\u00a0\u00a0\u00a0\u00a0\u00a0<\/span><\/em><\/strong>Ins Cambrils<br \/>\n<strong><em><span style=\"color: #808080;\">Localitat:\u00a0\u00a0\u00a0<\/span><\/em><\/strong>Cambrils<\/p>\n<h6><strong>Objectius:<\/strong><\/h6>\n<ol>\n<li>Deixar const\u00e0ncia dels diversos motius d\u2019emigraci\u00f3 per part de la poblaci\u00f3 espanyola.<\/li>\n<li>Motius que van fer caure els pa\u00efsos de dest\u00ed en la necessitat d\u2019immigraci\u00f3.<\/li>\n<li>Caracter\u00edstiques dels emigrants.<\/li>\n<li>El paper del Instituto Nacional Espa\u00f1ol.<\/li>\n<\/ol>\n<h6><strong>Hip\u00f2tesi:<\/strong><\/h6>\n<p style=\"text-align: justify;\">-Els emigrants viatjaven de manera regular\/irregular.<br \/>\n-Els pa\u00efsos de dest\u00ed estaven necessitats de m\u00e0 d\u2019obra.<br \/>\n-Anys seixanta molta m\u00e9s emigraci\u00f3 en comparaci\u00f3 amb les altres d\u00e8cades<\/p>\n<h6><strong>El proc\u00e9s:<\/strong><\/h6>\n<p style=\"text-align: justify;\">Ha estat desenvolupat majorit\u00e0riament a partir de la informaci\u00f3 extreta de fonts posteriors als fets, anomenades fonts secund\u00e0ries. Aquestes, al seu torn, han estat extretes de fonts historiogr\u00e0fiques, essencialment llibres i articles de divulgaci\u00f3 hist\u00f2rica d\u2019autors tan rellevants i prol\u00edfics com Juan Bautista Villar o Klaus J. Bade. No obstant, com a excepci\u00f3, hem de fer menci\u00f3 l\u2019\u00fas de fonts prim\u00e0ries a l\u2019hora d\u2019esmentar dates o xifres.<\/p>\n<h6><strong>Conclusions:<\/strong><\/h6>\n<p style=\"text-align: justify;\">El principal motiu d\u2019emigraci\u00f3 espanyola va ser la no suficient assimilaci\u00f3 de l\u2019\u00e8xode rural cap a la ciutat per part de les ind\u00fastries, principalment durant el miracle econ\u00f2mic (a finals dels 50 ja era not\u00f2ria), la demanda de treball i l\u2019oferta d\u2019aquest no eren equivalents.<\/p>\n<h6><strong>Bibliografia:<\/strong><\/h6>\n<ul>\n<li>VILAR,J.B\/ VILAR, Mar\u00eda Jos\u00e9. <span style=\"color: #808080;\"><strong>La emigraci\u00f3n espa\u00f1ola a Europa en el siglo XX<\/strong><\/span>. Arco\/Libros<\/li>\n<li>SANCHEZ LOPEZ, Francisco. <span style=\"color: #808080;\"><strong>Emigraci\u00f3n espa\u00f1ola a Europa<\/strong><\/span>. Confederaci\u00f3n espa\u00f1ola de cajas de ahorros<\/li>\n<li>Klaus, J. Bade. <span style=\"color: #808080;\"><strong>Europa en movimiento (las migraciones desde finales del siglo XVIII hasta nuestros d\u00edas),<\/strong><\/span>. CR\u00cdTICA<\/li>\n<li>Castillo Castillo, Jos\u00e9. <span style=\"color: #808080;\"><strong>La emigraci\u00f3n espanyola en la encrucijada (Estudio emp\u00edrico de la emigraci\u00f3n de retorno),<\/strong><\/span>. Centro de investigacions sociol\u00f3gicas<\/li>\n<li>M.Garc\u00eda Sebasti\u00e1n\/ C.Gastell Arimont\/ M.Risques Corbella. <span style=\"color: #808080;\"><strong>HB Hist\u00f2ria<\/strong><\/span>. Vicens Vives<\/li>\n<\/ul>\n<h6><strong>Llocs Web:<\/strong><\/h6>\n<ul>\n<li><a href=\"http:\/\/iris.cnice.mec.es\/kairos\/ensenanzas\/eso\/contemporanea\/sigloxx_02_03.html\" target=\"_blank\" rel=\"noopener noreferrer\">La Segunda Rep\u00fablica Espa\u00f1ola &#8211; Fases de la Rep\u00fablica<\/a><\/li>\n<li><a href=\"https:\/\/historiageneral.com\/2010\/01\/03\/la-alemania-nazi-despues-de-la-segunda-guerra-mundial\/\" target=\"_blank\" rel=\"noopener noreferrer\">La Alemania Nazi tras la Segunda Guerra Mundial<\/a><\/li>\n<li><a href=\"https:\/\/www.semana.com\/mundo\/articulo\/cuando-alemania-resurgio-de-sus-cenizas\/426067-3\" target=\"_blank\" rel=\"noopener noreferrer\">Cuando Alemania resurgi\u00f3 de sus cenizas<\/a><\/li>\n<li><a href=\"https:\/\/www.eurasia1945.com\/acontecimientos\/crimenes\/depuracion-francesa\/\" target=\"_blank\" rel=\"noopener noreferrer\">Depuraci\u00f3n Francesa<\/a><\/li>\n<li><a href=\"https:\/\/www.libertaddigital.com\/opinion\/historia\/la-posguerra-en-francia-entre-la-miseria-y-la-grandeur-1276238766.html\" target=\"_blank\" rel=\"noopener noreferrer\">La posguerra en Francia: entre la miseria y la &#8216;Grandeur<\/a><\/li>\n<li><a href=\"https:\/\/www.swissinfo.ch\/spa\/informe-bergier--la-econom%C3%ADa-suiza-colabor%C3%B3-con-el-nazismo\/2218754\" target=\"_blank\" rel=\"noopener noreferrer\">Informe Bergier: la econom\u00eda suiza colabor\u00f3 con el nazismo<\/a><\/li>\n<li><a href=\"https:\/\/dialnet.unirioja.es\/descarga\/articulo\/2321186.pdf\" target=\"_blank\" rel=\"noopener noreferrer\">La inmigraci\u00f3n espa\u00f1ola en el sector carbon\u00edfero belga<\/a><\/li>\n<\/ul>\n","protected":false},"excerpt":{"rendered":"<p>Ainhoa Rebull Gude<\/p>\n","protected":false},"author":1,"featured_media":13303,"comment_status":"open","ping_status":"closed","sticky":false,"template":"","format":"standard","meta":{"_bbp_topic_count":0,"_bbp_reply_count":0,"_bbp_total_topic_count":0,"_bbp_total_reply_count":0,"_bbp_voice_count":0,"_bbp_anonymous_reply_count":0,"_bbp_topic_count_hidden":0,"_bbp_reply_count_hidden":0,"_bbp_forum_subforum_count":0,"site-sidebar-layout":"default","site-content-layout":"","ast-site-content-layout":"","site-content-style":"default","site-sidebar-style":"default","ast-global-header-display":"","ast-banner-title-visibility":"","ast-main-header-display":"","ast-hfb-above-header-display":"","ast-hfb-below-header-display":"","ast-hfb-mobile-header-display":"","site-post-title":"","ast-breadcrumbs-content":"","ast-featured-img":"","footer-sml-layout":"","theme-transparent-header-meta":"","adv-header-id-meta":"","stick-header-meta":"","header-above-stick-meta":"","header-main-stick-meta":"","header-below-stick-meta":"","astra-migrate-meta-layouts":"default","ast-page-background-enabled":"default","ast-page-background-meta":{"desktop":{"background-color":"var(--ast-global-color-4)","background-image":"","background-repeat":"repeat","background-position":"center center","background-size":"auto","background-attachment":"scroll","background-type":"","background-media":"","overlay-type":"","overlay-color":"","overlay-opacity":"","overlay-gradient":""},"tablet":{"background-color":"","background-image":"","background-repeat":"repeat","background-position":"center center","background-size":"auto","background-attachment":"scroll","background-type":"","background-media":"","overlay-type":"","overlay-color":"","overlay-opacity":"","overlay-gradient":""},"mobile":{"background-color":"","background-image":"","background-repeat":"repeat","background-position":"center center","background-size":"auto","background-attachment":"scroll","background-type":"","background-media":"","overlay-type":"","overlay-color":"","overlay-opacity":"","overlay-gradient":""}},"ast-content-background-meta":{"desktop":{"background-color":"var(--ast-global-color-5)","background-image":"","background-repeat":"repeat","background-position":"center center","background-size":"auto","background-attachment":"scroll","background-type":"","background-media":"","overlay-type":"","overlay-color":"","overlay-opacity":"","overlay-gradient":""},"tablet":{"background-color":"var(--ast-global-color-5)","background-image":"","background-repeat":"repeat","background-position":"center center","background-size":"auto","background-attachment":"scroll","background-type":"","background-media":"","overlay-type":"","overlay-color":"","overlay-opacity":"","overlay-gradient":""},"mobile":{"background-color":"var(--ast-global-color-5)","background-image":"","background-repeat":"repeat","background-position":"center center","background-size":"auto","background-attachment":"scroll","background-type":"","background-media":"","overlay-type":"","overlay-color":"","overlay-opacity":"","overlay-gradient":""}},"footnotes":""},"categories":[70,392],"tags":[350,495],"class_list":["post-13302","post","type-post","status-publish","format-standard","has-post-thumbnail","hentry","category-trics","category-humanitats","tag-historia","tag-trics_ins-cambrils"],"post_mailing_queue_ids":[],"_links":{"self":[{"href":"https:\/\/serveiseducatius.xtec.cat\/tarragones\/wp-json\/wp\/v2\/posts\/13302","targetHints":{"allow":["GET"]}}],"collection":[{"href":"https:\/\/serveiseducatius.xtec.cat\/tarragones\/wp-json\/wp\/v2\/posts"}],"about":[{"href":"https:\/\/serveiseducatius.xtec.cat\/tarragones\/wp-json\/wp\/v2\/types\/post"}],"author":[{"embeddable":true,"href":"https:\/\/serveiseducatius.xtec.cat\/tarragones\/wp-json\/wp\/v2\/users\/1"}],"replies":[{"embeddable":true,"href":"https:\/\/serveiseducatius.xtec.cat\/tarragones\/wp-json\/wp\/v2\/comments?post=13302"}],"version-history":[{"count":3,"href":"https:\/\/serveiseducatius.xtec.cat\/tarragones\/wp-json\/wp\/v2\/posts\/13302\/revisions"}],"predecessor-version":[{"id":13306,"href":"https:\/\/serveiseducatius.xtec.cat\/tarragones\/wp-json\/wp\/v2\/posts\/13302\/revisions\/13306"}],"wp:featuredmedia":[{"embeddable":true,"href":"https:\/\/serveiseducatius.xtec.cat\/tarragones\/wp-json\/wp\/v2\/media\/13303"}],"wp:attachment":[{"href":"https:\/\/serveiseducatius.xtec.cat\/tarragones\/wp-json\/wp\/v2\/media?parent=13302"}],"wp:term":[{"taxonomy":"category","embeddable":true,"href":"https:\/\/serveiseducatius.xtec.cat\/tarragones\/wp-json\/wp\/v2\/categories?post=13302"},{"taxonomy":"post_tag","embeddable":true,"href":"https:\/\/serveiseducatius.xtec.cat\/tarragones\/wp-json\/wp\/v2\/tags?post=13302"}],"curies":[{"name":"wp","href":"https:\/\/api.w.org\/{rel}","templated":true}]}}