{"id":13173,"date":"2019-03-20T17:15:53","date_gmt":"2019-03-20T16:15:53","guid":{"rendered":"http:\/\/serveiseducatius.xtec.cat\/tarragones\/?p=13173"},"modified":"2019-04-27T09:04:57","modified_gmt":"2019-04-27T07:04:57","slug":"trics13_smonne","status":"publish","type":"post","link":"https:\/\/serveiseducatius.xtec.cat\/tarragones\/dinamitzacio\/trics\/trics13_smonne\/","title":{"rendered":"V\u00edctimes del segle XXI"},"content":{"rendered":"<p><img loading=\"lazy\" decoding=\"async\" class=\"alignright wp-image-5353\" title=\"Sharon Monn\u00e9 Tortosa\" src=\"https:\/\/serveiseducatius.xtec.cat\/tarragones\/wp-content\/uploads\/usu549\/2019\/03\/trics13_smonne.jpg\" alt=\"Sharon Monn\u00e9 Tortosa\" width=\"150\" height=\"200\" \/><strong><span style=\"color: #808080;\"><em>T\u00edtol:\u00a0\u00a0\u00a0\u00a0\u00a0\u00a0\u00a0\u00a0\u00a0\u00a0<\/em><\/span><\/strong><strong>V\u00edctimes del segle XXI: El m\u00f2bil ens allibera o ens esclavitza?<\/strong><br \/>\n<strong><em><span style=\"color: #808080;\">Autor\/a:\u00a0\u00a0\u00a0\u00a0<\/span><\/em><\/strong><strong> Sharon Monn\u00e9 Tortosa<\/strong><br \/>\n<strong><em><span style=\"color: #808080;\">Tutor\/a:\u00a0\u00a0\u00a0\u00a0\u00a0\u00a0<\/span><\/em><\/strong>M. Isabel \u00c1vila P\u00e0mies<br \/>\n<strong><em><span style=\"color: #808080;\">Modalitat:\u00a0\u00a0<\/span><\/em><\/strong>Humanitats i Ci\u00e8ncies Socials<br \/>\n<strong><em><span style=\"color: #808080;\">\u00c0rea:\u00a0\u00a0\u00a0\u00a0\u00a0\u00a0\u00a0\u00a0\u00a0\u00a0<\/span><\/em><\/strong>Psicologia i Sociologia<br \/>\n<strong><em><span style=\"color: #808080;\">Centre:\u00a0\u00a0\u00a0\u00a0\u00a0\u00a0\u00a0<\/span><\/em><\/strong>Ins Josep Tapir\u00f3<br \/>\n<strong><em><span style=\"color: #808080;\">Localitat:\u00a0\u00a0\u00a0<\/span><\/em><\/strong>Reus<\/p>\n<h6><strong>Objectius:<\/strong><\/h6>\n<ol>\n<li>Con\u00e8ixer on radica l&#8217;ab\u00fas del tel\u00e8fon m\u00f2bil<\/li>\n<li>Saber si podem parlar de f\u00f2bia a partir d&#8217;aquesta addicci\u00f3 al m\u00f2bil<\/li>\n<li>Determinar quin \u00fas en fem del m\u00f2bil<\/li>\n<li>Valorar fins a quin punt en tenim depend\u00e8ncia<\/li>\n<\/ol>\n<h6><strong>Hip\u00f2tesi:<\/strong><\/h6>\n<p style=\"text-align: justify;\">La hip\u00f2tesi que em vaig plantejar per a la recerca va ser que l&#8217;addicci\u00f3 de moltes persones al seu Smartphone radica en una f\u00f2bia, denominada &#8220;nomof\u00f2bia&#8221;, que els hi impedeix duur a terme una vida q\u00fcotidiana quan no disposen d&#8217;aquest aparell tecnol\u00f2gic.<\/p>\n<h6><strong>El proc\u00e9s:<\/strong><\/h6>\n<p style=\"text-align: justify;\">La primera part del meu treball constitueix el marc te\u00f2ric, on defineixo termes com la nomof\u00f2bia, i la FoMO i comparo ambdues amb una f\u00f2bia com\u00fa, valorant si els s\u00edmptomes i caracter\u00edstiques que presenten s&#8217;assemblen en major o menor grau. La segona part del treball constitueix el marc te\u00f2ric, on hi ha especificades les t\u00e8cniques i instruments emprats per a redactar les conclusions finals. Hi ha enquestes, realitzades a gent del nostre territori i estrangers, resultats de les quals he comparat, una entrevista, que he realitzat a un Doctor en posicologia i M\u00e0ster en Drogodepend\u00e8ncies, i un experiment que he realitzat a 12 adolescents, quantificant les seves hores de desconnexi\u00f3.<\/p>\n<h6><strong>Conclusions:<\/strong><\/h6>\n<p style=\"text-align: justify;\">Les meves conclusions reafirmen la meva hip\u00f2tesi. Existeix una f\u00f2bia relacionada amb l&#8217;ab\u00fas del m\u00f2bil, encara que no es pot considerar un transtorn. A m\u00e9s, tamb\u00e9 es relaciona amb aquest ab\u00fas l&#8217;exist\u00e8ncia de les xarxes socials, on radica l&#8217;addicci\u00f3 que en tenim i on es centra la major part de l&#8217;\u00fas que en fem.<\/p>\n<h6><strong>Bibliografia:<\/strong><\/h6>\n<ul>\n<li>Manuel Armayones Ruiz. <span style=\"color: #808080;\"><strong>El efecto smartphone<\/strong><\/span>. UOC<\/li>\n<\/ul>\n<h6><strong>Llocs Web:<\/strong><\/h6>\n<ul>\n<li><a href=\"http:\/\/www.cppsitio.com.ar\/que-es-una-fobia\/\" target=\"_blank\" rel=\"noopener noreferrer\">Qu\u00e8 \u00e9s una f\u00f2bia?<\/a><\/li>\n<li><a href=\"https:\/\/psicologiaymente.com\/clinica\/nomofobia-adiccion-telefono-movil\" target=\"_blank\" rel=\"noopener noreferrer\">Qu\u00e8 \u00e9s la nomof\u00f2bia?<\/a><\/li>\n<li><a href=\"https:\/\/medlineplus.gov\/spanish\/obsessivecompulsivedisorder.html\" target=\"_blank\" rel=\"noopener noreferrer\">En qu\u00e8 consisteix el TOC?<\/a><\/li>\n<li><a href=\"https:\/\/www.uoc.edu\/webs\/marmayones\/ES\/curriculum\/index.html\" target=\"_blank\" rel=\"noopener noreferrer\">Manuel Armayones Ruiz, UOC<\/a><\/li>\n<li><a href=\"https:\/\/www.medicinatv.com\/enfermedades\/nomofobia\/tratamiento\" target=\"_blank\" rel=\"noopener noreferrer\">Ter\u00e0pia de tractament de la nomof\u00f2bia<\/a><\/li>\n<li><a href=\"https:\/\/eldia.es\/sociedad\/2018-08-18\/9-impacto-tecnologia-siglo-XXI.htmas\" target=\"_blank\" rel=\"noopener noreferrer\">Impacte de la tecnologia del segle XXI<\/a><\/li>\n<\/ul>\n<h6><strong>Presentaci\u00f3:<\/strong><\/h6>\n<p><iframe loading=\"lazy\" style=\"border: 1px solid #CCC; border-width: 1px; margin-bottom: 5px; max-width: 100%;\" src=\"\/\/www.slideshare.net\/slideshow\/embed_code\/key\/s6MsEyK5GIIcM4\" width=\"595\" height=\"485\" frameborder=\"0\" marginwidth=\"0\" marginheight=\"0\" scrolling=\"no\" allowfullscreen=\"allowfullscreen\"> <\/iframe><\/p>\n<h6><strong>Fotos:<\/strong><\/h6>\n<div id=\"1234\" style=\"width: 600px; height: 400px; display: none;\"><img decoding=\"async\" src=\"https:\/\/serveiseducatius.xtec.cat\/tarragones\/wp-content\/uploads\/usu549\/2019\/03\/trics13_imatge1_smonne.jpg\" data-link=\"https:\/\/serveiseducatius.xtec.cat\/tarragones\/wp-content\/uploads\/usu549\/2019\/03\/trics13_imatge1_smonne.jpg\" \/><br \/>\n<img decoding=\"async\" src=\"https:\/\/serveiseducatius.xtec.cat\/tarragones\/wp-content\/uploads\/usu549\/2019\/03\/trics13_imatge2_smonne.jpg\" data-link=\"https:\/\/serveiseducatius.xtec.cat\/tarragones\/wp-content\/uploads\/usu549\/2019\/03\/trics13_imatge2_smonne.jpg\" \/><br \/>\n<img decoding=\"async\" src=\"https:\/\/serveiseducatius.xtec.cat\/tarragones\/wp-content\/uploads\/usu549\/2019\/03\/trics13_imatge3_smonne.jpg\" data-link=\"https:\/\/serveiseducatius.xtec.cat\/tarragones\/wp-content\/uploads\/usu549\/2019\/03\/trics13_imatge3_smonne.jpg\" \/><br \/>\n<img decoding=\"async\" src=\"https:\/\/serveiseducatius.xtec.cat\/tarragones\/wp-content\/uploads\/usu549\/2019\/03\/trics13_imatge4_smonne.jpg\" data-link=\"https:\/\/serveiseducatius.xtec.cat\/tarragones\/wp-content\/uploads\/usu549\/2019\/03\/trics13_imatge4_smonne.jpg\" \/><br \/>\n<script type=\"text\/javascript\" src=\"https:\/\/cdn.jsdelivr.net\/jquery\/1.12.3\/jquery.min.js\"><\/script><br \/>\n<script>\n (MyGalleries=(typeof MyGalleries === 'undefined' ? [] : MyGalleries)).push({gallId:'#1234',autoplay:true,lightbox:true,debug:false,popupLinks:true});\n if(typeof GalleryLoaded === 'undefined'){\n  GalleryLoaded = jQuery(function(){\n   jQuery.ajax({url:'https:\/\/cdn.jsdelivr.net\/galleria\/1.4.2\/galleria.min.js',dataType:'script',cache:true}).done(function(){\n    Galleria.loadTheme('https:\/\/cdn.jsdelivr.net\/galleria\/1.4.2\/themes\/classic\/galleria.classic.js');\n    for(var n in MyGalleries){\n     Galleria.run(MyGalleries[n].gallId, MyGalleries[n]);\n     jQuery(MyGalleries[n].gallId).css('display','block');\n    }\n   });\n  });\n }\n<\/script><\/div>\n<p>&nbsp;<\/p>\n<div><sup><em>Foto 1.- A la imatge es mostra un home sent presoner d&#8217;una pantalla de Smartphone<\/em><\/sup><br \/>\n<sup><em>Foto 2.- A la imatge es mostra l&#8217;a\u00efllament d&#8217;un individu dins de la societat <\/em><\/sup><br \/>\n<sup><em>Foto 3.- Es tracta d&#8217;una representaci\u00f3 gr\u00e0fica d&#8217;un dels resultats de l&#8217;enquesta realitzada a estrangers. Veiem que el nombre d&#8217;individus augmenta en relaci\u00f3 a l&#8217;augment d&#8217;hores de connexi\u00f3 durant el dia.<\/em><\/sup><br \/>\n<sup><em>Foto 4.- Fotografia de Manuel Armayones Ruiz (Doctor en psicologia i M\u00e0ster en Drogodepend\u00e8ncies) extreta del seu curr\u00edculum vitae.<\/em><\/sup><\/div>\n<h6><strong>\u00a0<\/strong><\/h6>\n","protected":false},"excerpt":{"rendered":"<p>Sharon Monn\u00e9 Tortosa<\/p>\n","protected":false},"author":1,"featured_media":13174,"comment_status":"open","ping_status":"closed","sticky":false,"template":"","format":"standard","meta":{"_bbp_topic_count":0,"_bbp_reply_count":0,"_bbp_total_topic_count":0,"_bbp_total_reply_count":0,"_bbp_voice_count":0,"_bbp_anonymous_reply_count":0,"_bbp_topic_count_hidden":0,"_bbp_reply_count_hidden":0,"_bbp_forum_subforum_count":0,"site-sidebar-layout":"default","site-content-layout":"","ast-site-content-layout":"","site-content-style":"default","site-sidebar-style":"default","ast-global-header-display":"","ast-banner-title-visibility":"","ast-main-header-display":"","ast-hfb-above-header-display":"","ast-hfb-below-header-display":"","ast-hfb-mobile-header-display":"","site-post-title":"","ast-breadcrumbs-content":"","ast-featured-img":"","footer-sml-layout":"","theme-transparent-header-meta":"","adv-header-id-meta":"","stick-header-meta":"","header-above-stick-meta":"","header-main-stick-meta":"","header-below-stick-meta":"","astra-migrate-meta-layouts":"default","ast-page-background-enabled":"default","ast-page-background-meta":{"desktop":{"background-color":"var(--ast-global-color-4)","background-image":"","background-repeat":"repeat","background-position":"center center","background-size":"auto","background-attachment":"scroll","background-type":"","background-media":"","overlay-type":"","overlay-color":"","overlay-opacity":"","overlay-gradient":""},"tablet":{"background-color":"","background-image":"","background-repeat":"repeat","background-position":"center center","background-size":"auto","background-attachment":"scroll","background-type":"","background-media":"","overlay-type":"","overlay-color":"","overlay-opacity":"","overlay-gradient":""},"mobile":{"background-color":"","background-image":"","background-repeat":"repeat","background-position":"center center","background-size":"auto","background-attachment":"scroll","background-type":"","background-media":"","overlay-type":"","overlay-color":"","overlay-opacity":"","overlay-gradient":""}},"ast-content-background-meta":{"desktop":{"background-color":"var(--ast-global-color-5)","background-image":"","background-repeat":"repeat","background-position":"center center","background-size":"auto","background-attachment":"scroll","background-type":"","background-media":"","overlay-type":"","overlay-color":"","overlay-opacity":"","overlay-gradient":""},"tablet":{"background-color":"var(--ast-global-color-5)","background-image":"","background-repeat":"repeat","background-position":"center center","background-size":"auto","background-attachment":"scroll","background-type":"","background-media":"","overlay-type":"","overlay-color":"","overlay-opacity":"","overlay-gradient":""},"mobile":{"background-color":"var(--ast-global-color-5)","background-image":"","background-repeat":"repeat","background-position":"center center","background-size":"auto","background-attachment":"scroll","background-type":"","background-media":"","overlay-type":"","overlay-color":"","overlay-opacity":"","overlay-gradient":""}},"footnotes":""},"categories":[70,392],"tags":[445,507],"class_list":["post-13173","post","type-post","status-publish","format-standard","has-post-thumbnail","hentry","category-trics","category-humanitats","tag-psicologia","tag-trics_ins-josep-tapiro"],"post_mailing_queue_ids":[],"_links":{"self":[{"href":"https:\/\/serveiseducatius.xtec.cat\/tarragones\/wp-json\/wp\/v2\/posts\/13173","targetHints":{"allow":["GET"]}}],"collection":[{"href":"https:\/\/serveiseducatius.xtec.cat\/tarragones\/wp-json\/wp\/v2\/posts"}],"about":[{"href":"https:\/\/serveiseducatius.xtec.cat\/tarragones\/wp-json\/wp\/v2\/types\/post"}],"author":[{"embeddable":true,"href":"https:\/\/serveiseducatius.xtec.cat\/tarragones\/wp-json\/wp\/v2\/users\/1"}],"replies":[{"embeddable":true,"href":"https:\/\/serveiseducatius.xtec.cat\/tarragones\/wp-json\/wp\/v2\/comments?post=13173"}],"version-history":[{"count":2,"href":"https:\/\/serveiseducatius.xtec.cat\/tarragones\/wp-json\/wp\/v2\/posts\/13173\/revisions"}],"predecessor-version":[{"id":13176,"href":"https:\/\/serveiseducatius.xtec.cat\/tarragones\/wp-json\/wp\/v2\/posts\/13173\/revisions\/13176"}],"wp:featuredmedia":[{"embeddable":true,"href":"https:\/\/serveiseducatius.xtec.cat\/tarragones\/wp-json\/wp\/v2\/media\/13174"}],"wp:attachment":[{"href":"https:\/\/serveiseducatius.xtec.cat\/tarragones\/wp-json\/wp\/v2\/media?parent=13173"}],"wp:term":[{"taxonomy":"category","embeddable":true,"href":"https:\/\/serveiseducatius.xtec.cat\/tarragones\/wp-json\/wp\/v2\/categories?post=13173"},{"taxonomy":"post_tag","embeddable":true,"href":"https:\/\/serveiseducatius.xtec.cat\/tarragones\/wp-json\/wp\/v2\/tags?post=13173"}],"curies":[{"name":"wp","href":"https:\/\/api.w.org\/{rel}","templated":true}]}}