{"id":13117,"date":"2019-03-19T10:48:31","date_gmt":"2019-03-19T09:48:31","guid":{"rendered":"http:\/\/serveiseducatius.xtec.cat\/tarragones\/?p=13117"},"modified":"2019-04-27T08:57:43","modified_gmt":"2019-04-27T06:57:43","slug":"trics13_nrodriguez","status":"publish","type":"post","link":"https:\/\/serveiseducatius.xtec.cat\/tarragones\/dinamitzacio\/trics\/trics13_nrodriguez\/","title":{"rendered":"Els coloms: control o plaga?"},"content":{"rendered":"<p><img loading=\"lazy\" decoding=\"async\" class=\"alignright wp-image-5353\" title=\"Natalia Rodr\u00edguez Villegas\" src=\"https:\/\/serveiseducatius.xtec.cat\/tarragones\/wp-content\/uploads\/usu549\/2019\/03\/trics13_nrodriguez.jpg\" alt=\"Natalia Rodr\u00edguez Villegas\" width=\"150\" height=\"200\" \/><strong><span style=\"color: #808080;\"><em>T\u00edtol:\u00a0\u00a0\u00a0\u00a0\u00a0\u00a0\u00a0\u00a0\u00a0\u00a0<\/em><\/span><\/strong><strong>Els coloms: control o plaga?<\/strong><br \/>\n<strong><em><span style=\"color: #808080;\">Autor\/a:\u00a0\u00a0\u00a0\u00a0<\/span><\/em><\/strong><strong> Natalia Rodr\u00edguez Villegas<\/strong><br \/>\n<strong><em><span style=\"color: #808080;\">Tutor\/a:\u00a0\u00a0\u00a0\u00a0\u00a0\u00a0<\/span><\/em><\/strong>Jaume de las Heras i Seuma<br \/>\n<strong><em><span style=\"color: #808080;\">Modalitat:\u00a0\u00a0<\/span><\/em><\/strong>Ci\u00e8ncies i tecnologia: Ci\u00e8ncies de la Salut<br \/>\n<strong><em><span style=\"color: #808080;\">\u00c0rea:\u00a0\u00a0\u00a0\u00a0\u00a0\u00a0\u00a0\u00a0\u00a0\u00a0<\/span><\/em><\/strong>Biologia ambiental<br \/>\n<strong><em><span style=\"color: #808080;\">Centre:\u00a0\u00a0\u00a0\u00a0\u00a0\u00a0\u00a0<\/span><\/em><\/strong>Ins Gabriel Ferrater i Soler<br \/>\n<strong><em><span style=\"color: #808080;\">Localitat:\u00a0\u00a0\u00a0<\/span><\/em><\/strong>Reus<\/p>\n<h6><strong>Objectius:<\/strong><\/h6>\n<ol>\n<li>L\u2019objectiu principal d\u2019aquest projecte \u00e9s el d\u2019aconseguir la regulaci\u00f3 de la sobre poblaci\u00f3n de coloms de la ciutat de Reus, evitant al m\u00e0xim el seu patiment o dolor, amb el prop\u00f2sit de recuperar l\u2019harmonia de la ciutat i dels mateixos coloms que hi viuen en ella.<\/li>\n<li>Estudiar l&#8217;efectivitat del mussol e\u00f2lic.<\/li>\n<li>Estudiar l&#8217;efici\u00e8ncia dels sons m\u00e9s caracter\u00edstics dels depredadors naturals dels coloms.<\/li>\n<li>Elaborar un sistema de falconeria viable per a la ciutat de Reus, adaptat a totes les seves caracter\u00edstiques.<\/li>\n<li>Utilitzar el m\u00e8tode cient\u00edfic per a resoldre una problem\u00e0tica real.<\/li>\n<\/ol>\n<h6><strong>Hip\u00f2tesi:<\/strong><\/h6>\n<p style=\"text-align: justify;\">Existeix un m\u00e8tode definitiu per acabar amb la plaga de coloms que actualment pateix la ciutat de Reus?<\/p>\n<h6><strong>El proc\u00e9s:<\/strong><\/h6>\n<p style=\"text-align: justify;\">Primerament vaig comen\u00e7ar amb una extensa recerca d&#8217;informaci\u00f3 sobre l&#8217;esp\u00e8cie Columba livia, amb l&#8217;objectiu d&#8217;aconseguir m\u00e9s dades i caracter\u00edstiques sobre la seva anatomia, fisiologia i etologia. A continuaci\u00f3 vaig estudiar el concepte de plaga urbana, per tal de con\u00e8ixer m\u00e9s a fons la problem\u00e0tica que actualment moltes ciutats estan patint a causa d&#8217;aquestes sobre poblacions. Gr\u00e0cies a una entrevista realitzada a en Daniel Rubio, Regidor de Medi Ambient de la ciutat de Reus, vaig poder accedir al programa de mesures que aquest estava comen\u00e7ant a aplicar a Reus amb l&#8217;objectiu de disminuir el nombre de coloms de la nostra ciutat. La seva campanya consistia en una prova pilot amb un dispensador de pinso anticonceptiu que esterilitzava els coloms, evitant que aquests ponguessin ous, la qual encara no havia obtingut resultats concloents.<br \/>\nDurant la realitzaci\u00f3 d&#8217;aquesta primera part m\u00e9s te\u00f2rica vaig topar amb el problema de que hi havien molts pocs articles publicats sobre coloms i per tant va ser complicat trobar fonts fiables on buscar informaci\u00f3.<br \/>\nPer la meva part, vaig decidir estudiar l&#8217;efic\u00e0cia del mussol e\u00f2lic, un producte relativament nou en el mercat, la qual fins al moment no havia estat estudiada ni publicada. La meva part experimental consistia en dividir l&#8217;\u00e0rea d&#8217;influ\u00e8ncia del mussol e\u00f2lic en tres zones i , situant al mussol al punt central, observar si els coloms s&#8217;espantaven amb la seva pres\u00e8ncia. Vaig realitzar diverses proves i r\u00e8pliques canviant l&#8217;al\u00e7ada del mussol respecte del terra.<br \/>\nA m\u00e9s, vaig estudiar l&#8217;efici\u00e8ncia de l&#8217;emissi\u00f3 de sons dels depredadors naturals m\u00e9s caracter\u00edsitics dels coloms; seguint la mateixa experimentaci\u00f3 que la del mussol e\u00f2lic.<br \/>\nEn aquesta segona part pr\u00e0ctica, les dificultats de realitzaci\u00f3 de l&#8217;experiment principalment van ser causades per factors meteorol\u00f2gics no adecuats.<br \/>\nFinalment, al no trobar un m\u00e8tode definitiu per acabar amb la sobre poblaci\u00f3, vaig decidir elaborar un sistema de falconeria viable per a la ciutat de Reus amb l&#8217;ajuda d&#8217;en Jonathan (un falconer de l&#8217;empresa de Fauna i Falconers que treballa per a l&#8217;aeroport de Reus); tenint en tot moment les seves caracter\u00edstiques, dimensions, llocs disponibles per a la realitzaci\u00f3 de vols, nombre de falcons necessaris per extensi\u00f3, freq\u00fc\u00e8ncia d&#8217;aplicaci\u00f3, localitzaci\u00f3 de dormidors de coloms&#8230;<br \/>\nRealment l&#8217;\u00fanica dificultat d&#8217;aplicaci\u00f3 d&#8217;aquest m\u00e8tode alternatiu, ja utilitzat en altres ciutats, \u00e9s el cost del servei dels falconers; el qual cada localitat podria pactar amb l&#8217;empresa respectiva de falconeria contractada.<\/p>\n<h6><strong>Conclusions:<\/strong><\/h6>\n<p style=\"text-align: justify;\">\u00b7Actualment hi ha un gran nombre de poblacions afectades per la problem\u00e0tica dels coloms de la mateixa manera que la ciutat de Reus. Tots han intentat trobar una soluci\u00f3 definitiva a la plaga amb l\u2019ajuda de diversos m\u00e8todes; com ara la falconeria, captura, esterilitat&#8230; Per\u00f2 cap ha publicat resultats concloents ni totalment efectius. Aix\u00f2 \u00e9s degut al fet que l\u2019estudi professional de les plagues urbanes tenint en compte els processos de quantificaci\u00f3 i regulaci\u00f3 de les sobre poblacions en zones tan extenses i complexes, com s\u00f3n les ciutats, s\u00f3n dif\u00edcils de realitzar.<br \/>\n\u00b7La plaga de coloms ha sigut causada b\u00e0sicament per 3 factors: la falta de depredadors en una zona determinada, l\u2019abund\u00e0ncia d\u2019aliments i d\u2019aigua i, sobretot, per reaccionar tan tard a la problem\u00e0tica evident.<br \/>\n\u00b7S\u2019estan esperant resultats v\u00e0lids de l\u2019efic\u00e0cia del pin\u00e7o anticonceptiu, que s\u2019obtindran durant els mesos vinents. Est\u00e0 cient\u00edficament demostrat que aquest producte no malmet la salut de les aus ni la d\u2019altres \u00e9ssers sempre que no s\u2019ingereixin quantitats excessives (750 kg\/dia). L\u2019efectivitat d\u2019aquest producte sobretot recau en el tipus d\u2019alimentaci\u00f3 que els coloms segueixin; \u00e9s a dir, aquestes aus poden consumir la dosi necess\u00e0ria marcada per\u00f2 si s\u2019alimenten de moltes altres restes d\u2019aliments, aquesta deixar\u00e0 de ser efica\u00e7.<br \/>\n\u00b7 El funcionament del mussol e\u00f2lic \u00e9s nul. Es tracta d\u2019un frau perqu\u00e8 no compleix la gran majoria de caracter\u00edstiques que, en teoria, en s\u00f3n pr\u00f2pies. A m\u00e9s a m\u00e9s, aquest producte t\u00e9 moltes debilitats. Una de les m\u00e9s importants \u00e9s l\u2019alta adaptabilitat que posseeixen els coloms sobre aquest. Per aquesta ra\u00f3, la influ\u00e8ncia del mussol vers aquests \u00e9s 0 i al cap de pocs minuts deixa de ser efica\u00e7. En aquest treball he proposat possibles millores per a aquest artefacte, com ara la incorporaci\u00f3 d\u2019un cap realment giratori o de sons propis; per\u00f2 opino que no \u00e9s un m\u00e8tode aconsellable per a la disminuci\u00f3 de poblaci\u00f3 de coloms.<br \/>\n\u00b7Els sistemes sonors per espantar aus no s\u00f3n efica\u00e7os tot i introduir els sorolls caracter\u00edstics dels seus depredadors. Els coloms s\u00f3n \u00e9ssers molt intel\u00b7ligents que s\u2019han acostumat a nosaltres i saben detectar l\u2019artificialitat dels sons.<br \/>\n\u00b7La falconeria \u00e9s un possible m\u00e8tode efectiu per al control d\u2019aus a les ciutats. Algunes localitats ja han adoptat aquest sistema i han obtingut resultats beneficiosos, tot i que no publicats encara. Actualment \u00e9s una pr\u00e0ctica molt utilitzada als aeroports per tal d\u2019evitar accidents aeris provocats per intervencions inesperades d\u2019aus a les pistes. Entre aquests aeroports destaca l\u2019Aeroport de Reus, que afirma que aquesta disciplina \u00e9s efectiva, natural i totalment fiable. \u00c9s cert que treballar la falconeria en un medi tan complex, com s\u00f3n les ciutats, \u00e9s dif\u00edcil; per\u00f2 realment aquestes aus estan capacitades per a realitzar aquesta tasca. Pot semblar que l\u2019inconvenient principal d\u2019aplicar aquesta disciplina \u00e9s el pressupost destinat a aquest servei, tanmateix, el cost no \u00e9s tan elevat realment. En realitat, sumar aquest servei a la despesa del pressupost anual destinat a la Regidoria de Medi Ambient i d\u2019Ocupaci\u00f3 sol significaria un augment d\u2019un 0\u2019286%; una xifra molt insignificant en comparaci\u00f3 a les despeses causades en anteriors anys amb augments de 2\u201936%.Una altra alternativa seria la d\u2019incloure falcons silvestres a la localitat, amb la finalitat d\u2019obtenir una autoregulaci\u00f3 de les aus de la ciutat; d\u2019una forma molt m\u00e9s natural. Si fos el m\u00e8tode escollit per disminuir la plaga de coloms de Reus, pr\u00e8viament l\u2019Ajuntament hauria de realitzar un estudi de totes les aus aut\u00f2ctones del municipi i fauna pr\u00f2pia; per tal que no afect\u00e9s de forma negativa sobre aquestes.<br \/>\n\u00b7Personalment, considero que la soluci\u00f3 definitiva a la disminuci\u00f3 de la plaga de coloms \u00e9s la suma de diversos dels m\u00e8todes proposats en aquest treball. La meva proposta es basa en la uni\u00f3 de la falconeria i del pin\u00e7o anticonceptiu, tot evitant els altres petits sistemes utilitzats majorit\u00e0riament a les ciutats com xarxes, captures o punxes, ja que tenen un car\u00e0cter m\u00e9s violent enfront d\u2019aquests.<\/p>\n<h6><strong>Bibliografia:<\/strong><\/h6>\n<ul>\n<li>H.Mackrott. <span style=\"color: #808080;\"><strong>Palomas de raza, cr\u00eda, comportamiento y deporte de vuelo<\/strong><\/span>. Ediciones Omega, S.A<\/li>\n<li>Killian Mullarney, Lars Svensson, Dan Zetterstr\u00f6m, Peter J.Grant.. <span style=\"color: #808080;\"><strong>Gu\u00eda de aves<\/strong><\/span>. Ediciones Omega,S.A.<\/li>\n<\/ul>\n<h6><strong>Llocs Web:<\/strong><\/h6>\n<ul>\n<li><a href=\"http:\/\/zooethics.com\/\" target=\"_blank\" rel=\"noopener noreferrer\">Ovistop<\/a><\/li>\n<li><a href=\"https:\/\/www.seo.org\/\" target=\"_blank\" rel=\"noopener noreferrer\">SEO BirdLife<\/a><\/li>\n<li><a href=\"http:\/\/www.halconpedia.com\/\" target=\"_blank\" rel=\"noopener noreferrer\">Halconopedia<\/a><\/li>\n<li><a href=\"https:\/\/www.insec.es\/aves\/\" target=\"_blank\" rel=\"noopener noreferrer\">Insec<\/a><\/li>\n<li><a href=\"http:\/\/thepigeonsite.com\/fisiologia\/nutricion\/572-los-carbohidratos-y-las-palomasmensajera\" target=\"_blank\" rel=\"noopener noreferrer\">ThePigeonSite<\/a><\/li>\n<li><a href=\"http:\/\/www.reus.cat\/noticia\/lajuntament-posa-en-marxa-sistemes-sonors-de-controlde-coloms\" target=\"_blank\" rel=\"noopener noreferrer\">l\u2019Ajuntament de Reus<\/a><\/li>\n<li><a href=\"http:\/\/www.misamigaslaspalomas.com\/2011\/10\/huevos-incubacion-y-la-retencion-de.html\" target=\"_blank\" rel=\"noopener noreferrer\">Mis amigas las palomas<\/a><\/li>\n<\/ul>\n<h6><strong>V\u00eddeo:<\/strong><\/h6>\n<p><iframe loading=\"lazy\" src=\"https:\/\/www.youtube.com\/embed\/F2KiBGm0f_A\" width=\"560\" height=\"315\" frameborder=\"0\" allowfullscreen=\"allowfullscreen\"><\/iframe><\/p>\n<h6><strong>Presentaci\u00f3:<\/strong><\/h6>\n<ul>\n<li><a href=\"https:\/\/drive.google.com\/file\/d\/1PDeLh4vQXBq_zbo_4eJNSE_JTZBYD9_g\/view?usp=sharing\" target=\"_blank\" rel=\"noopener noreferrer\"><strong>Els coloms: control o plaga?<\/strong><\/a><\/li>\n<\/ul>\n<h6><strong>Fotos:<\/strong><\/h6>\n<div id=\"1234\" style=\"width: 600px; height: 400px; display: none;\"><img decoding=\"async\" src=\"https:\/\/serveiseducatius.xtec.cat\/tarragones\/wp-content\/uploads\/usu549\/2019\/03\/trics13_imatge1_nrodriguez.jpg\" data-link=\"https:\/\/serveiseducatius.xtec.cat\/tarragones\/wp-content\/uploads\/usu549\/2019\/03\/trics13_imatge1_nrodriguez.jpg\" \/><br \/>\n<img decoding=\"async\" src=\"https:\/\/serveiseducatius.xtec.cat\/tarragones\/wp-content\/uploads\/usu549\/2019\/03\/trics13_imatge2_nrodriguez.jpg\" data-link=\"https:\/\/serveiseducatius.xtec.cat\/tarragones\/wp-content\/uploads\/usu549\/2019\/03\/trics13_imatge2_nrodriguez.jpg\" \/><br \/>\n<img decoding=\"async\" src=\"https:\/\/serveiseducatius.xtec.cat\/tarragones\/wp-content\/uploads\/usu549\/2019\/03\/trics13_imatge3_nrodriguez.jpg\" data-link=\"https:\/\/serveiseducatius.xtec.cat\/tarragones\/wp-content\/uploads\/usu549\/2019\/03\/trics13_imatge3_nrodriguez.jpg\" \/><br \/>\n<img decoding=\"async\" src=\"https:\/\/serveiseducatius.xtec.cat\/tarragones\/wp-content\/uploads\/usu549\/2019\/03\/trics13_imatge4_nrodriguez.jpg\" data-link=\"https:\/\/serveiseducatius.xtec.cat\/tarragones\/wp-content\/uploads\/usu549\/2019\/03\/trics13_imatge4_nrodriguez.jpg\" \/><br \/>\n<script type=\"text\/javascript\" src=\"https:\/\/cdn.jsdelivr.net\/jquery\/1.12.3\/jquery.min.js\"><\/script><br \/>\n<script>\n (MyGalleries=(typeof MyGalleries === 'undefined' ? [] : MyGalleries)).push({gallId:'#1234',autoplay:true,lightbox:true,debug:false,popupLinks:true});\n if(typeof GalleryLoaded === 'undefined'){\n  GalleryLoaded = jQuery(function(){\n   jQuery.ajax({url:'https:\/\/cdn.jsdelivr.net\/galleria\/1.4.2\/galleria.min.js',dataType:'script',cache:true}).done(function(){\n    Galleria.loadTheme('https:\/\/cdn.jsdelivr.net\/galleria\/1.4.2\/themes\/classic\/galleria.classic.js');\n    for(var n in MyGalleries){\n     Galleria.run(MyGalleries[n].gallId, MyGalleries[n]);\n     jQuery(MyGalleries[n].gallId).css('display','block');\n    }\n   });\n  });\n }\n<\/script><\/div>\n<p>&nbsp;<\/p>\n<div><sup><em>Foto 1.- Estudi de l&#8217;efic\u00e0cia del mussol e\u00f2lic.<\/em><\/sup><br \/>\n<sup><em>Foto 2.- Estudi de l&#8217;efici\u00e8ncia dels sons m\u00e9s caracter\u00edstics dels depredadors naturals dels coloms. <\/em><\/sup><br \/>\n<sup><em>Foto 3.- Situaci\u00f3 actual de Reus amb la plaga de coloms.<\/em><\/sup><br \/>\n<sup><em>Foto 4.- Reconstrucci\u00f3 de l&#8217;esquelet d&#8217;un colom segons Engelmann.<\/em><\/sup><\/div>\n","protected":false},"excerpt":{"rendered":"<p>Natalia Rodr\u00edguez Villegas<\/p>\n","protected":false},"author":1,"featured_media":13120,"comment_status":"open","ping_status":"closed","sticky":false,"template":"","format":"standard","meta":{"_bbp_topic_count":0,"_bbp_reply_count":0,"_bbp_total_topic_count":0,"_bbp_total_reply_count":0,"_bbp_voice_count":0,"_bbp_anonymous_reply_count":0,"_bbp_topic_count_hidden":0,"_bbp_reply_count_hidden":0,"_bbp_forum_subforum_count":0,"site-sidebar-layout":"default","site-content-layout":"","ast-site-content-layout":"","site-content-style":"default","site-sidebar-style":"default","ast-global-header-display":"","ast-banner-title-visibility":"","ast-main-header-display":"","ast-hfb-above-header-display":"","ast-hfb-below-header-display":"","ast-hfb-mobile-header-display":"","site-post-title":"","ast-breadcrumbs-content":"","ast-featured-img":"","footer-sml-layout":"","theme-transparent-header-meta":"","adv-header-id-meta":"","stick-header-meta":"","header-above-stick-meta":"","header-main-stick-meta":"","header-below-stick-meta":"","astra-migrate-meta-layouts":"default","ast-page-background-enabled":"default","ast-page-background-meta":{"desktop":{"background-color":"var(--ast-global-color-4)","background-image":"","background-repeat":"repeat","background-position":"center center","background-size":"auto","background-attachment":"scroll","background-type":"","background-media":"","overlay-type":"","overlay-color":"","overlay-opacity":"","overlay-gradient":""},"tablet":{"background-color":"","background-image":"","background-repeat":"repeat","background-position":"center center","background-size":"auto","background-attachment":"scroll","background-type":"","background-media":"","overlay-type":"","overlay-color":"","overlay-opacity":"","overlay-gradient":""},"mobile":{"background-color":"","background-image":"","background-repeat":"repeat","background-position":"center center","background-size":"auto","background-attachment":"scroll","background-type":"","background-media":"","overlay-type":"","overlay-color":"","overlay-opacity":"","overlay-gradient":""}},"ast-content-background-meta":{"desktop":{"background-color":"var(--ast-global-color-5)","background-image":"","background-repeat":"repeat","background-position":"center center","background-size":"auto","background-attachment":"scroll","background-type":"","background-media":"","overlay-type":"","overlay-color":"","overlay-opacity":"","overlay-gradient":""},"tablet":{"background-color":"var(--ast-global-color-5)","background-image":"","background-repeat":"repeat","background-position":"center center","background-size":"auto","background-attachment":"scroll","background-type":"","background-media":"","overlay-type":"","overlay-color":"","overlay-opacity":"","overlay-gradient":""},"mobile":{"background-color":"var(--ast-global-color-5)","background-image":"","background-repeat":"repeat","background-position":"center center","background-size":"auto","background-attachment":"scroll","background-type":"","background-media":"","overlay-type":"","overlay-color":"","overlay-opacity":"","overlay-gradient":""}},"footnotes":""},"categories":[391,70],"tags":[318,501],"class_list":["post-13117","post","type-post","status-publish","format-standard","has-post-thumbnail","hentry","category-ciencies","category-trics","tag-biologia-ambiental","tag-trics_ins-gabriel-ferrater-i-soler"],"post_mailing_queue_ids":[],"_links":{"self":[{"href":"https:\/\/serveiseducatius.xtec.cat\/tarragones\/wp-json\/wp\/v2\/posts\/13117","targetHints":{"allow":["GET"]}}],"collection":[{"href":"https:\/\/serveiseducatius.xtec.cat\/tarragones\/wp-json\/wp\/v2\/posts"}],"about":[{"href":"https:\/\/serveiseducatius.xtec.cat\/tarragones\/wp-json\/wp\/v2\/types\/post"}],"author":[{"embeddable":true,"href":"https:\/\/serveiseducatius.xtec.cat\/tarragones\/wp-json\/wp\/v2\/users\/1"}],"replies":[{"embeddable":true,"href":"https:\/\/serveiseducatius.xtec.cat\/tarragones\/wp-json\/wp\/v2\/comments?post=13117"}],"version-history":[{"count":2,"href":"https:\/\/serveiseducatius.xtec.cat\/tarragones\/wp-json\/wp\/v2\/posts\/13117\/revisions"}],"predecessor-version":[{"id":13119,"href":"https:\/\/serveiseducatius.xtec.cat\/tarragones\/wp-json\/wp\/v2\/posts\/13117\/revisions\/13119"}],"wp:featuredmedia":[{"embeddable":true,"href":"https:\/\/serveiseducatius.xtec.cat\/tarragones\/wp-json\/wp\/v2\/media\/13120"}],"wp:attachment":[{"href":"https:\/\/serveiseducatius.xtec.cat\/tarragones\/wp-json\/wp\/v2\/media?parent=13117"}],"wp:term":[{"taxonomy":"category","embeddable":true,"href":"https:\/\/serveiseducatius.xtec.cat\/tarragones\/wp-json\/wp\/v2\/categories?post=13117"},{"taxonomy":"post_tag","embeddable":true,"href":"https:\/\/serveiseducatius.xtec.cat\/tarragones\/wp-json\/wp\/v2\/tags?post=13117"}],"curies":[{"name":"wp","href":"https:\/\/api.w.org\/{rel}","templated":true}]}}