{"id":12984,"date":"2019-03-19T07:16:32","date_gmt":"2019-03-19T06:16:32","guid":{"rendered":"http:\/\/serveiseducatius.xtec.cat\/tarragones\/?p=12984"},"modified":"2019-04-27T08:57:27","modified_gmt":"2019-04-27T06:57:27","slug":"trics13_mpitarch","status":"publish","type":"post","link":"https:\/\/serveiseducatius.xtec.cat\/tarragones\/dinamitzacio\/trics\/trics13_mpitarch\/","title":{"rendered":"Afecta la crema solar a Artemia salina?"},"content":{"rendered":"<p><img loading=\"lazy\" decoding=\"async\" class=\"alignright wp-image-5353\" title=\"Marta Pitarch Savall\" src=\"https:\/\/serveiseducatius.xtec.cat\/tarragones\/wp-content\/uploads\/usu549\/2019\/03\/trics13_mpitarch.jpg\" alt=\"Marta Pitarch Savall\" width=\"150\" height=\"200\" \/><strong><span style=\"color: #808080;\"><em>T\u00edtol:\u00a0\u00a0\u00a0\u00a0\u00a0\u00a0\u00a0\u00a0\u00a0\u00a0<\/em><\/span><\/strong><strong>Afecta la crema solar a Artemia salina?<\/strong><br \/>\n<strong><em><span style=\"color: #808080;\">Autor\/a:\u00a0\u00a0\u00a0\u00a0<\/span><\/em><\/strong><strong> Marta Pitarch Savall<\/strong><br \/>\n<strong><em><span style=\"color: #808080;\">Tutor\/a:\u00a0\u00a0\u00a0\u00a0\u00a0\u00a0<\/span><\/em><\/strong>Rosa Pilar Llop Sim\u00f3n<br \/>\n<strong><em><span style=\"color: #808080;\">Modalitat:\u00a0\u00a0<\/span><\/em><\/strong>Ci\u00e8ncies i tecnologia: Ci\u00e8ncies de la Salut<br \/>\n<strong><em><span style=\"color: #808080;\">\u00c0rea:\u00a0\u00a0\u00a0\u00a0\u00a0\u00a0\u00a0\u00a0\u00a0\u00a0<\/span><\/em><\/strong>Biologia ambiental<br \/>\n<strong><em><span style=\"color: #808080;\">Centre:\u00a0\u00a0\u00a0\u00a0\u00a0\u00a0\u00a0<\/span><\/em><\/strong>Ins Gabriel Ferrater i Soler<br \/>\n<strong><em><span style=\"color: #808080;\">Localitat:\u00a0\u00a0\u00a0<\/span><\/em><\/strong>Reus<\/p>\n<h6><strong>Objectius:<\/strong><\/h6>\n<ol>\n<li>Entendre l\u2019efecte de la crema solar en Artemia salina a partir de la seva CL50.<\/li>\n<\/ol>\n<h6><strong>Hip\u00f2tesi:<\/strong><\/h6>\n<p style=\"text-align: justify;\">Potser la crema solar afecta negativament la poblaci\u00f3 d\u2019Artemia salina. Si \u00e9s aix\u00ed, en exposar la poblaci\u00f3 d\u2019Artemia a la crema solar, tindr\u00e0 una CL50 de baixos valors.<\/p>\n<h6><strong>El proc\u00e9s:<\/strong><\/h6>\n<p style=\"text-align: justify;\">Despr\u00e9s de la recerca d&#8217;informaci\u00f3, es va realitzar l&#8217;experiment. Es tractava d&#8217;alliberar uns quants individus d&#8217;Artemia salina a diverses plaques de Petri amb diferents concentracions de crema solar i fer un recompte de la quantitat de morts i de vius. Un cop anotats els resultat, s&#8217;hi va aplicar un estudi estad\u00edstic anomenat funci\u00f3 Probit, que va permetre treure el valor de la CL50.<br \/>\nEls problemes que s&#8217;han hagut de superar van ser simplement que els resultats no van ser significatius o no tenien cap mena de sentit. El que es va fer, doncs, va ser repetir-lo havent canviat les concentracions un total de tres vegades, fins que el resultat podria considerar-se l\u00f2gic.<\/p>\n<h6><strong>Conclusions:<\/strong><\/h6>\n<p style=\"text-align: justify;\">La CL50 de titani present a la crema solar en Artemia salina \u00e9s 1,595 micrograms de titani per mil\u00b7lilitre d\u2019aigua (\u00b5gTi\/ml), que equival a 0,069 gcrema\/L. La hip\u00f2tesi plantejada apuntava que si l\u2019efecte del producte a Artemia era important, la CL50 hauria de prendre un valor baix. Sabent que aquest valor \u00e9s igual a 64,3 vegades la concentraci\u00f3 que hi ha al mar, sembla que la concentraci\u00f3 necess\u00e0ria per matar la meitat d\u2019individus d\u2019Artemia salina hagi de ser alta. Aquest fet indicaria que cal molta concentraci\u00f3 per matar-los i que per tant no \u00e9s un producte gaire perill\u00f3s per l\u2019esp\u00e8cie.<br \/>\nDurant el recompte d&#8217;individus morts, vaig poder comprovar que els individus presentaven dificultats per moure\u2019s i possiblement per respirar, per\u00f2 com que nom\u00e9s es buscava la CL50, que estudia la seva mortalitat, no s\u2019han tingut en compte altres efectes negatius no tan greus com la mort. Aix\u00ed que hem de ser conscients que la CL50 \u00e9s alta, per\u00f2 que igualment els afecta d\u2019una altra manera.<\/p>\n<h6><strong>Bibliografia:<\/strong><\/h6>\n<ul>\n<li>ALONSO, Miguel.. <span style=\"color: #808080;\"><strong>Fauna ib\u00e9rica, Crustacea Branchiopoda.<\/strong><\/span>. CSIC.<\/li>\n<li>BARNES, Robert; RUPPERT, Edward E.. <span style=\"color: #808080;\"><strong>Zoologia de los invertebrados.<\/strong><\/span>. McGraw-Hill Companies.<\/li>\n<li>BERGBAUER, Matthias; HUMBERG, Bernd.. <span style=\"color: #808080;\"><strong>Flora y fauna submarina del mar Mediterr\u00e1neo: Una gu\u00eda de identificaci\u00f3n para naturalistas, aficionados y buceadores.<\/strong><\/span>. Omega.<\/li>\n<li>BRUSCA, Richard.. <span style=\"color: #808080;\"><strong>Invertebrados.<\/strong><\/span>. McGraw-Hill Companies.<\/li>\n<li>CAMPBELL, Andrew.. <span style=\"color: #808080;\"><strong>Gu\u00eda de la flora y fauna de las costas de Espa\u00f1a y de Europa.<\/strong><\/span>. Omega.<\/li>\n<li>CORBERA, Jordi; MU\u00d1OZ-RAMOS, Gregori.. <span style=\"color: #808080;\"><strong>Els invertebrats litorals dels Pa\u00efsos Catalans.<\/strong><\/span>. P\u00f2rtic.<\/li>\n<li>MAYORAL, Ana.. <span style=\"color: #808080;\"><strong>Tierra viva; animales del mundo; invertebrados.<\/strong><\/span>. Aupper.<\/li>\n<li>PAG\u00c8S, Daniel; ROIG, Badia.. <span style=\"color: #808080;\"><strong>Disseny, construcci\u00f3 i manual d\u2019\u00fas d\u2019un m\u00f2dul de manteniment de zebra fish per a experimentaci\u00f3 animal; Reproducci\u00f3, desenvolupament larvari i cultiu de l\u2019eri\u00e7\u00f3 de mar Paracentrotus lividus.<\/strong><\/span>. Accessic.<\/li>\n<li>RIEDL, Rupert.. <span style=\"color: #808080;\"><strong>Fauna y flora del mar Mediterr\u00e1neo.<\/strong><\/span>. Omega.<\/li>\n<\/ul>\n<h6><strong>Llocs Web:<\/strong><\/h6>\n<ul>\n<li><a href=\"https:\/\/www.nature.com\/articles\/s41598-017-08013-x\" target=\"_blank\" rel=\"noopener noreferrer\">Sunscreen products impair the early developmental stages of the sea urchin Paracentrotus lividus<\/a><\/li>\n<li><a href=\"https:\/\/www.huffingtonpost.es\/2013\/07\/11\/tu-crema-solar-ensucia-el_n_3578848.html\" target=\"_blank\" rel=\"noopener noreferrer\">Las cremas solares contaminan el mar, seg\u00fan un estudio<\/a><\/li>\n<li><a href=\"https:\/\/www.europapress.es\/ciencia\/habitat-y-clima\/noticia-cientificos-revelan-dioxido-titanio-cremas-solares-contaminando-playas-20180820180852.html\" target=\"_blank\" rel=\"noopener noreferrer\">Cient\u00edficos revelan que el di\u00f3xido de titanio de las cremas solares est\u00e1 contaminando las playas<\/a><\/li>\n<li><a href=\"https:\/\/doi.org\/10.1016\/j.envint.2015.06.007\" target=\"_blank\" rel=\"noopener noreferrer\">Are sunscreens a new environmental risk associated with coastal tourism?<\/a><\/li>\n<li><a href=\"https:\/\/www.scribd.com\/doc\/64648821\/DL50\" target=\"_blank\" rel=\"noopener noreferrer\">Qu\u00e9 es y c\u00f3mo se calcula la DL50 en insecticidas.<\/a><\/li>\n<li><a href=\"https:\/\/doi.org\/10.1371\/journal.pone.0065451\" target=\"_blank\" rel=\"noopener noreferrer\">Sunscreen Products as Emerging Pollutants to Coastal Waters<\/a><\/li>\n<li><a href=\"https:\/\/pubs.acs.org\/doi\/abs\/10.1021\/acs.est.5b00345\" target=\"_blank\" rel=\"noopener noreferrer\">Copper Oxide and Zinc Oxide Nanomaterials Act as Inhibitors of Multidrug Resistance Transport in Sea Urchin Embryos: Their Role as Chemosensitizers<\/a><\/li>\n<li><a href=\"https:\/\/animaldiversity.org\/accounts\/Artemia_salina\/\" target=\"_blank\" rel=\"noopener noreferrer\">Artemia salina. Animal Diversity Web.<\/a><\/li>\n<\/ul>\n<h6><strong>V\u00eddeo:<\/strong><\/h6>\n<p><iframe loading=\"lazy\" src=\"https:\/\/www.youtube.com\/embed\/TLsNCXBvYpY\" width=\"560\" height=\"315\" frameborder=\"0\" allowfullscreen=\"allowfullscreen\"><\/iframe><\/p>\n<h6><strong>Presentaci\u00f3:<\/strong><\/h6>\n<ul>\n<li><a href=\"https:\/\/prezi.com\/view\/5xpWsLtYZNKqtdfaRGIF\/\" target=\"_blank\" rel=\"noopener noreferrer\"><strong>Afecta la crema solar a Artemia salina?<\/strong><\/a><\/li>\n<\/ul>\n<h6><strong>Fotos:<\/strong><\/h6>\n<div id=\"1234\" style=\"width: 600px; height: 400px; display: none;\"><img decoding=\"async\" src=\"https:\/\/serveiseducatius.xtec.cat\/tarragones\/wp-content\/uploads\/usu549\/2019\/03\/trics13_imatge1_mpitarch.jpg\" data-link=\"https:\/\/serveiseducatius.xtec.cat\/tarragones\/wp-content\/uploads\/usu549\/2019\/03\/trics13_imatge1_mpitarch.jpg\" \/><br \/>\n<img decoding=\"async\" src=\"https:\/\/serveiseducatius.xtec.cat\/tarragones\/wp-content\/uploads\/usu549\/2019\/03\/trics13_imatge2_mpitarch.jpg\" data-link=\"https:\/\/serveiseducatius.xtec.cat\/tarragones\/wp-content\/uploads\/usu549\/2019\/03\/trics13_imatge2_mpitarch.jpg\" \/><br \/>\n<img decoding=\"async\" src=\"https:\/\/serveiseducatius.xtec.cat\/tarragones\/wp-content\/uploads\/usu549\/2019\/03\/trics13_imatge3_mpitarch.jpg\" data-link=\"https:\/\/serveiseducatius.xtec.cat\/tarragones\/wp-content\/uploads\/usu549\/2019\/03\/trics13_imatge3_mpitarch.jpg\" \/><br \/>\n<img decoding=\"async\" src=\"https:\/\/serveiseducatius.xtec.cat\/tarragones\/wp-content\/uploads\/usu549\/2019\/03\/trics13_imatge4_mpitarch.jpg\" data-link=\"https:\/\/serveiseducatius.xtec.cat\/tarragones\/wp-content\/uploads\/usu549\/2019\/03\/trics13_imatge4_mpitarch.jpg\" \/><br \/>\n<script type=\"text\/javascript\" src=\"https:\/\/cdn.jsdelivr.net\/jquery\/1.12.3\/jquery.min.js\"><\/script><br \/>\n<script>\n (MyGalleries=(typeof MyGalleries === 'undefined' ? [] : MyGalleries)).push({gallId:'#1234',autoplay:true,lightbox:true,debug:false,popupLinks:true});\n if(typeof GalleryLoaded === 'undefined'){\n  GalleryLoaded = jQuery(function(){\n   jQuery.ajax({url:'https:\/\/cdn.jsdelivr.net\/galleria\/1.4.2\/galleria.min.js',dataType:'script',cache:true}).done(function(){\n    Galleria.loadTheme('https:\/\/cdn.jsdelivr.net\/galleria\/1.4.2\/themes\/classic\/galleria.classic.js');\n    for(var n in MyGalleries){\n     Galleria.run(MyGalleries[n].gallId, MyGalleries[n]);\n     jQuery(MyGalleries[n].gallId).css('display','block');\n    }\n   });\n  });\n }\n<\/script><\/div>\n<p>&nbsp;<\/p>\n<div><sup><em>Foto 1.- Imatge d&#8217;un individu d&#8217;Artema salina.<\/em><\/sup><br \/>\n<sup><em>Foto 2.- Pipeta amb individus d&#8217;Artemia salina. <\/em><\/sup><br \/>\n<sup><em>Foto 3.- Dues larves mortes fotografiades amb una lupa binocular.<\/em><\/sup><br \/>\n<sup><em>Foto 4.- Desclosa del ous.<\/em><\/sup><\/div>\n","protected":false},"excerpt":{"rendered":"<p>Marta Pitarch Savall<\/p>\n","protected":false},"author":1,"featured_media":12988,"comment_status":"open","ping_status":"closed","sticky":false,"template":"","format":"standard","meta":{"_bbp_topic_count":0,"_bbp_reply_count":0,"_bbp_total_topic_count":0,"_bbp_total_reply_count":0,"_bbp_voice_count":0,"_bbp_anonymous_reply_count":0,"_bbp_topic_count_hidden":0,"_bbp_reply_count_hidden":0,"_bbp_forum_subforum_count":0,"site-sidebar-layout":"default","site-content-layout":"","ast-site-content-layout":"","site-content-style":"default","site-sidebar-style":"default","ast-global-header-display":"","ast-banner-title-visibility":"","ast-main-header-display":"","ast-hfb-above-header-display":"","ast-hfb-below-header-display":"","ast-hfb-mobile-header-display":"","site-post-title":"","ast-breadcrumbs-content":"","ast-featured-img":"","footer-sml-layout":"","theme-transparent-header-meta":"","adv-header-id-meta":"","stick-header-meta":"","header-above-stick-meta":"","header-main-stick-meta":"","header-below-stick-meta":"","astra-migrate-meta-layouts":"default","ast-page-background-enabled":"default","ast-page-background-meta":{"desktop":{"background-color":"var(--ast-global-color-4)","background-image":"","background-repeat":"repeat","background-position":"center center","background-size":"auto","background-attachment":"scroll","background-type":"","background-media":"","overlay-type":"","overlay-color":"","overlay-opacity":"","overlay-gradient":""},"tablet":{"background-color":"","background-image":"","background-repeat":"repeat","background-position":"center center","background-size":"auto","background-attachment":"scroll","background-type":"","background-media":"","overlay-type":"","overlay-color":"","overlay-opacity":"","overlay-gradient":""},"mobile":{"background-color":"","background-image":"","background-repeat":"repeat","background-position":"center center","background-size":"auto","background-attachment":"scroll","background-type":"","background-media":"","overlay-type":"","overlay-color":"","overlay-opacity":"","overlay-gradient":""}},"ast-content-background-meta":{"desktop":{"background-color":"var(--ast-global-color-5)","background-image":"","background-repeat":"repeat","background-position":"center center","background-size":"auto","background-attachment":"scroll","background-type":"","background-media":"","overlay-type":"","overlay-color":"","overlay-opacity":"","overlay-gradient":""},"tablet":{"background-color":"var(--ast-global-color-5)","background-image":"","background-repeat":"repeat","background-position":"center center","background-size":"auto","background-attachment":"scroll","background-type":"","background-media":"","overlay-type":"","overlay-color":"","overlay-opacity":"","overlay-gradient":""},"mobile":{"background-color":"var(--ast-global-color-5)","background-image":"","background-repeat":"repeat","background-position":"center center","background-size":"auto","background-attachment":"scroll","background-type":"","background-media":"","overlay-type":"","overlay-color":"","overlay-opacity":"","overlay-gradient":""}},"footnotes":""},"categories":[391,70],"tags":[318,501],"class_list":["post-12984","post","type-post","status-publish","format-standard","has-post-thumbnail","hentry","category-ciencies","category-trics","tag-biologia-ambiental","tag-trics_ins-gabriel-ferrater-i-soler"],"post_mailing_queue_ids":[],"_links":{"self":[{"href":"https:\/\/serveiseducatius.xtec.cat\/tarragones\/wp-json\/wp\/v2\/posts\/12984","targetHints":{"allow":["GET"]}}],"collection":[{"href":"https:\/\/serveiseducatius.xtec.cat\/tarragones\/wp-json\/wp\/v2\/posts"}],"about":[{"href":"https:\/\/serveiseducatius.xtec.cat\/tarragones\/wp-json\/wp\/v2\/types\/post"}],"author":[{"embeddable":true,"href":"https:\/\/serveiseducatius.xtec.cat\/tarragones\/wp-json\/wp\/v2\/users\/1"}],"replies":[{"embeddable":true,"href":"https:\/\/serveiseducatius.xtec.cat\/tarragones\/wp-json\/wp\/v2\/comments?post=12984"}],"version-history":[{"count":2,"href":"https:\/\/serveiseducatius.xtec.cat\/tarragones\/wp-json\/wp\/v2\/posts\/12984\/revisions"}],"predecessor-version":[{"id":12987,"href":"https:\/\/serveiseducatius.xtec.cat\/tarragones\/wp-json\/wp\/v2\/posts\/12984\/revisions\/12987"}],"wp:featuredmedia":[{"embeddable":true,"href":"https:\/\/serveiseducatius.xtec.cat\/tarragones\/wp-json\/wp\/v2\/media\/12988"}],"wp:attachment":[{"href":"https:\/\/serveiseducatius.xtec.cat\/tarragones\/wp-json\/wp\/v2\/media?parent=12984"}],"wp:term":[{"taxonomy":"category","embeddable":true,"href":"https:\/\/serveiseducatius.xtec.cat\/tarragones\/wp-json\/wp\/v2\/categories?post=12984"},{"taxonomy":"post_tag","embeddable":true,"href":"https:\/\/serveiseducatius.xtec.cat\/tarragones\/wp-json\/wp\/v2\/tags?post=12984"}],"curies":[{"name":"wp","href":"https:\/\/api.w.org\/{rel}","templated":true}]}}