{"id":12962,"date":"2019-03-18T19:53:15","date_gmt":"2019-03-18T18:53:15","guid":{"rendered":"http:\/\/serveiseducatius.xtec.cat\/tarragones\/?p=12962"},"modified":"2019-04-28T07:33:47","modified_gmt":"2019-04-28T05:33:47","slug":"trics13_pdiego","status":"publish","type":"post","link":"https:\/\/serveiseducatius.xtec.cat\/tarragones\/dinamitzacio\/trics\/trics13_pdiego\/","title":{"rendered":"L\u2019anatomia, una prova de l\u2019evoluci\u00f3"},"content":{"rendered":"<p><img loading=\"lazy\" decoding=\"async\" class=\"alignright wp-image-5353\" title=\"Paula de Diego Bosch\" src=\"https:\/\/serveiseducatius.xtec.cat\/tarragones\/wp-content\/uploads\/usu549\/2019\/03\/trics13_pdiego.jpg\" alt=\"Paula de Diego Bosch\" width=\"150\" height=\"200\" \/><strong><span style=\"color: #808080;\"><em>T\u00edtol:\u00a0\u00a0\u00a0\u00a0\u00a0\u00a0\u00a0\u00a0\u00a0\u00a0<\/em><\/span><\/strong><strong>L\u2019anatomia, una prova de l\u2019evoluci\u00f3<\/strong><br \/>\n<strong><em><span style=\"color: #808080;\">Autor\/a:\u00a0\u00a0\u00a0\u00a0<\/span><\/em><\/strong><strong> Paula de Diego Bosch<\/strong><br \/>\n<strong><em><span style=\"color: #808080;\">Tutor\/a:\u00a0\u00a0\u00a0\u00a0\u00a0\u00a0<\/span><\/em><\/strong>Rosa Maria Andreu Chavarria<br \/>\n<strong><em><span style=\"color: #808080;\">Modalitat:\u00a0\u00a0<\/span><\/em><\/strong>Ci\u00e8ncies i tecnologia: Ci\u00e8ncies de la Salut<br \/>\n<strong><em><span style=\"color: #808080;\">\u00c0rea:\u00a0\u00a0\u00a0\u00a0\u00a0\u00a0\u00a0\u00a0\u00a0\u00a0<\/span><\/em><\/strong>Biologia<br \/>\n<strong><em><span style=\"color: #808080;\">Centre:\u00a0\u00a0\u00a0\u00a0\u00a0\u00a0\u00a0<\/span><\/em><\/strong>Ins Salvador Vilaseca<br \/>\n<strong><em><span style=\"color: #808080;\">Localitat:\u00a0\u00a0\u00a0<\/span><\/em><\/strong>Reus<\/p>\n<h6><strong>Objectius:<\/strong><\/h6>\n<ol>\n<li>Comparar el sistema nervi\u00f3s, circulatori i respiratori de diferents \u00e9ssers vius a nivell te\u00f2ric, mitjan\u00e7ant bibliografia, i a nivell pr\u00e0ctic mitjan\u00e7ant la realitzaci\u00f3 de disseccions.<\/li>\n<li>Entendre com funciona un \u00e9sser viu, i qu\u00e8 el fa funcionar.<\/li>\n<li>Valorar si hi ha m\u00e9s aprenentatge observant una disecci\u00f3, en un cas realitzada per un igual, o atenent una explicaci\u00f3 te\u00f3rica.<\/li>\n<\/ol>\n<h6><strong>Hip\u00f2tesi:<\/strong><\/h6>\n<p style=\"text-align: justify;\">La hip\u00f2tesis principal de l\u2019\u00e0mbit educatiu ha estat comprovar a partir de quina estrat\u00e8gia d\u2019ensenyament de l\u2019anatomia, s\u2019obt\u00e9 un major aprenentatge de l\u2019alumnat.<br \/>\nLa hip\u00f2tesis principal de l\u2019\u00e0mbit cient\u00edfic ha estat analitzar les diferents adaptacions que es troben en els sistemes dels diferents \u00e9ssers vius, i demostrar-ne la seva utilitat i els seus beneficis per l\u2019esp\u00e8cie.<\/p>\n<h6><strong>El proc\u00e9s:<\/strong><\/h6>\n<p style=\"text-align: justify;\">Primer es va realizar tota la part te\u00f2rica a partir la b\u00fasqueda de bibliograf\u00eda tant en p\u00e0gines webs com en diferents llibres. Un cop realitzada la part te\u00f2rica, es va iniciar la preparaci\u00f3 de la part pr\u00e0ctica comen\u00e7ant per l\u2019\u00e0mbit educatiu. Es van plantejar les diferents activitats per a fer posible una correcta realitzaci\u00f3 de l\u2019experiment, \u00e9s a dir, per a aconseguir els objectius plantejats.<br \/>\nPer \u00faltim es van dur a terme les disseccions dels sistemes nervi\u00f3s, circulatori i respiratori dels diferents \u00e9ssers vius i posteriorment es van comparar i es van obtenir les conclusions juntament amb la confirmaci\u00f3 o rebutjament de les hip\u00f2tesis pr\u00e8viament plantejades.<\/p>\n<h6><strong>Conclusions:<\/strong><\/h6>\n<p style=\"text-align: justify;\">En l\u2019\u00e0mbit educatiu es van obtenir les seg\u00fcents conclusions:<br \/>\nEls present estudi conclou que els alumnes assoleixen millor els conceptes amb l\u2019explicaci\u00f3 dels conceptes de manera totalment te\u00f2rica i amb seguit d\u2019activitats per realitzar en grups redu\u00efts ja que s\u2019obt\u00e9 major nombre d\u2019aprovats en la classe te\u00f2rica que no pas en la pr\u00e0ctica. Tot i que \u00e9s necessari esmentar la manca de temps en alguns grups, caldria planificar l\u2019experiment amb m\u00e9s temps ja que la dissecci\u00f3 requereix m\u00e9s temps que no pas una explicaci\u00f3 te\u00f2rica. Pot si es fes l\u2019examen dies m\u00e9s tard i es dediqu\u00e9s l\u2019hora exclusivament a la explicaci\u00f3 dels conceptes i a la realitzaci\u00f3 de la dissecci\u00f3, no s\u2019obtindrien els mateixos resultats. Es podrien plantejar noves hip\u00f2tesis que no va donar temps a confirmar o rebutjar.<br \/>\nNo es pot afirmar que els alumnes tinguin m\u00e9s facilitat per assimilar els conceptes quan aquests els hi s\u00f3n explicats de manera pr\u00e0ctica per un igual, \u00e9s a dir, per un altre alumne que pr\u00e8viament els havia assolit de manera correcta; tot i que s\u2019obt\u00e9 un major nombre d\u2019aprovats quan els hi van ser explicats a trav\u00e9s meu amb la realitzaci\u00f3 de la dissecci\u00f3.<br \/>\nNo es pot afirmar amb seguretat que una estrat\u00e8gia sigui millor que l\u2019altra ja que els percentatges s\u00f3n molt semblants. Cal dir que la tipologia d\u2019alumnat de primer d\u2019ESO ho dificulta ja que s\u00f3n alumnes que es distreuen amb molta facilitat i desconecten f\u00e0cilment.<br \/>\nAlguns d\u2019ells tenen dificultats d\u2019aprenentatge i necessiten poca informaci\u00f3 i molt estructurada.<br \/>\nPot ser a partir de la realitzaci\u00f3 de la dissecci\u00f3 i les activitats te\u00f2riques en un mateix grup, s\u2019obtindrien resultats m\u00e9s bons, un nombre m\u00e9s elevat d\u2019aprovats. La recerca convida a fer-se noves preguntes i a replantejar l\u2019experiment.<br \/>\nEn l\u2019\u00e0mbit cient\u00edfic es van obtenir les seg\u00fcents conclusions:<br \/>\nA partir la dissecci\u00f3 d\u2019un pollastre: observant i treballant el seu sistema nervi\u00f3s es va poder confirmar de primera m\u00e0 que el seu cerebel, respecte a la mida del cervell, era m\u00e9s gran que en els altres dos \u00e9ssers vius i aix\u00f2, probablement es degut a la seva funcionalitat. El cerebel \u00e9s l\u2019encarregat del control, coordinaci\u00f3 de totes les accions relacionades amb el vol.<br \/>\nObservant el seu sistema respiratori ens adonem de la pres\u00e8ncia dels sacs aeris, unes estructures que no estan presents en cap dels altres dos \u00e9ssers vius, s\u00f3n una adaptaci\u00f3 d\u2019aquest animal com a resposta a la necessitat d\u2019una gran quantitat d\u2019oxigen per mantenir els m\u00fasculs en funcionament durant el vol.<br \/>\nA partir la dissecci\u00f3 del peix espasa: s\u2019observa la pres\u00e8ncia d\u2019un sistema respiratori \u00fanic i propi dels \u00e9ssers vius aqu\u00e0tics i molt diferent si se\u2019l compara amb el dels altres dos \u00e9ssers estudiats. Aquest sistema respiratori \u00e9s una evident adaptaci\u00f3 al medi on habita ja que el proc\u00e9s d\u2019intercanvi gas\u00f3s per a l\u2019obtenci\u00f3 d\u2019oxigen ha de ser obligat\u00f2riament diferent com a conseq\u00fc\u00e8ncia del medi aqu\u00e0tic.<br \/>\nObservant el seu sistema nervi\u00f3s es confirma la hip\u00f2tesis sobre la mida del seu enc\u00e8fal, comparat amb el dels altres dos \u00e9ssers vius estudiats, t\u00e9 una mida realment redu\u00efda. Si estudiem el sistema ens adonem de que aix\u00f2 \u00e9s degut al seu poc \u00fas. S\u00f3n \u00e9ssers vius que es guien i viuen per impulsos a trav\u00e9s dels seus \u00f2rgans sensorials.<br \/>\nA partir la dissecci\u00f3 del xai: s\u2019observa per segon cop en mam\u00edfers, vist anteriorment en les aus, la circulaci\u00f3 doble i tancada. Aquests mecanisme, b\u00e0sicament, evita la barreja de sang venosa amb arterial. Que aquests mecanisme estigui present en diferents \u00e9ssers vius confirma la hip\u00f2tesis plantejada referent al benefici d\u2019aquest tipus de circulaci\u00f3. Si diferents \u00e9ssers la mantenen significa que proporciona un benefici a l\u2019esp\u00e8cie.<br \/>\nGr\u00e0cies a la realitzaci\u00f3 d\u2019aquesta part pr\u00e0ctica, s\u2019han pogut confirmar i observar les diverses adaptacions dels \u00e9ssers vius estudiats depenent de les condicions i els estils de vida de cada un d\u2019ells, cada una d\u2019aquestes adaptacions tenen l\u00f2gica i una funcionalitat imprescindible per a aquells \u00e9ssers. L\u2019estudi i la pres\u00e8ncia d\u2019aquestes adaptacions recolza la teoria de l\u2019evoluci\u00f3 de Darwin i el seu concepte de selecci\u00f3 natural.<\/p>\n<h6><strong>Bibliografia:<\/strong><\/h6>\n<ul>\n<li>Darwin, C. <span style=\"color: #808080;\"><strong>El origen de las especies<\/strong><\/span>.<\/li>\n<li>Nadal, J. ; Vidal, A. ; Vericad, J.R. ; Martinez-Rica, J.P. i Dr. Balcells R, E.. <span style=\"color: #808080;\"><strong>Nadal etal Zoologia<\/strong><\/span>.<\/li>\n<li>Kardong, K. <span style=\"color: #808080;\"><strong>Vertebrados &#8211; anatom\u00eda comparada, funci\u00f3n y evoluci\u00f3n<\/strong><\/span>.<\/li>\n<li>Nadal, J. <span style=\"color: #808080;\"><strong>Vertebrados<\/strong><\/span>. Ediciones Omega i Edicions Universitat de Barcelona<\/li>\n<li>Romo Gonz\u00e1lez, T. <span style=\"color: #808080;\"><strong>Darwin, el darwinismo y el neodarwinismo. La met\u00e9fora de la supervivencia de los m\u00e1s aptos o la lucha por la vida<\/strong><\/span>. Ciencias<\/li>\n<li>VV.AA. <span style=\"color: #808080;\"><strong>Principios Integrales De Zoologia<\/strong><\/span>.<\/li>\n<\/ul>\n<h6><strong>Llocs Web:<\/strong><\/h6>\n<ul>\n<li><a href=\"https:\/\/misanimales.com\/5-tipos-de-aletas-en-peces\/\" target=\"_blank\" rel=\"noopener noreferrer\">Morfolog\u00eda peixos<\/a><\/li>\n<li><a href=\"http:\/\/enciclopedia.us.es\/index.php\/Filogenia\" target=\"_blank\" rel=\"noopener noreferrer\">Filogenia<\/a><\/li>\n<li><a href=\"https:\/\/curiosoando.com\/que-diferencia-el-sistema-nervioso-central-y-el-periferico\" target=\"_blank\" rel=\"noopener noreferrer\">Sistema nervi\u00f3s<\/a><\/li>\n<li><a href=\"https:\/\/es.slideshare.net\/oski61\/anatomia-comparada-del-sistema-circulatorio\" target=\"_blank\" rel=\"noopener noreferrer\">Sistema circulatori<\/a><\/li>\n<\/ul>\n<h6><strong>Presentaci\u00f3:<\/strong><\/h6>\n<p><iframe loading=\"lazy\" style=\"border: 1px solid #CCC; border-width: 1px; margin-bottom: 5px; max-width: 100%;\" src=\"\/\/www.slideshare.net\/slideshow\/embed_code\/key\/9RW2J5Re5J0SIV\" width=\"595\" height=\"485\" frameborder=\"0\" marginwidth=\"0\" marginheight=\"0\" scrolling=\"no\" allowfullscreen=\"allowfullscreen\"> <\/iframe><\/p>\n<h6><strong>Fotos:<\/strong><\/h6>\n<div id=\"1234\" style=\"width: 600px; height: 400px; display: none;\"><img decoding=\"async\" src=\"https:\/\/serveiseducatius.xtec.cat\/tarragones\/wp-content\/uploads\/usu549\/2019\/03\/trics13_imatge1_pdiego.jpg\" data-link=\"https:\/\/serveiseducatius.xtec.cat\/tarragones\/wp-content\/uploads\/usu549\/2019\/03\/trics13_imatge1_pdiego.jpg\" \/><br \/>\n<img decoding=\"async\" src=\"https:\/\/serveiseducatius.xtec.cat\/tarragones\/wp-content\/uploads\/usu549\/2019\/03\/trics13_imatge2_pdiego.jpg\" data-link=\"https:\/\/serveiseducatius.xtec.cat\/tarragones\/wp-content\/uploads\/usu549\/2019\/03\/trics13_imatge2_pdiego.jpg\" \/><br \/>\n<img decoding=\"async\" src=\"https:\/\/serveiseducatius.xtec.cat\/tarragones\/wp-content\/uploads\/usu549\/2019\/03\/trics13_imatge3_pdiego.jpg\" data-link=\"https:\/\/serveiseducatius.xtec.cat\/tarragones\/wp-content\/uploads\/usu549\/2019\/03\/trics13_imatge3_pdiego.jpg\" \/><br \/>\n<img decoding=\"async\" src=\"https:\/\/serveiseducatius.xtec.cat\/tarragones\/wp-content\/uploads\/usu549\/2019\/03\/trics13_imatge4_pdiego.jpg\" data-link=\"https:\/\/serveiseducatius.xtec.cat\/tarragones\/wp-content\/uploads\/usu549\/2019\/03\/trics13_imatge4_pdiego.jpg\" \/><br \/>\n<script type=\"text\/javascript\" src=\"https:\/\/cdn.jsdelivr.net\/jquery\/1.12.3\/jquery.min.js\"><\/script><br \/>\n<script>\n (MyGalleries=(typeof MyGalleries === 'undefined' ? [] : MyGalleries)).push({gallId:'#1234',autoplay:true,lightbox:true,debug:false,popupLinks:true});\n if(typeof GalleryLoaded === 'undefined'){\n  GalleryLoaded = jQuery(function(){\n   jQuery.ajax({url:'https:\/\/cdn.jsdelivr.net\/galleria\/1.4.2\/galleria.min.js',dataType:'script',cache:true}).done(function(){\n    Galleria.loadTheme('https:\/\/cdn.jsdelivr.net\/galleria\/1.4.2\/themes\/classic\/galleria.classic.js');\n    for(var n in MyGalleries){\n     Galleria.run(MyGalleries[n].gallId, MyGalleries[n]);\n     jQuery(MyGalleries[n].gallId).css('display','block');\n    }\n   });\n  });\n }\n<\/script><\/div>\n<p>&nbsp;<\/p>\n<div><sup><em>Foto 1.- V\u00e0lvula Tric\u00faspide<\/em><\/sup><br \/>\n<sup><em>Foto 2.- Crani d&#8217;un pollastre <\/em><\/sup><br \/>\n<sup><em>Foto 3.- Sistema respiratori d&#8217;un peix emperador<\/em><\/sup><br \/>\n<sup><em>Foto 4.- Cervell d&#8217;un xai<\/em><\/sup><\/div>\n","protected":false},"excerpt":{"rendered":"<p>Paula de Diego Bosch<\/p>\n","protected":false},"author":1,"featured_media":12963,"comment_status":"open","ping_status":"closed","sticky":false,"template":"","format":"standard","meta":{"_bbp_topic_count":0,"_bbp_reply_count":0,"_bbp_total_topic_count":0,"_bbp_total_reply_count":0,"_bbp_voice_count":0,"_bbp_anonymous_reply_count":0,"_bbp_topic_count_hidden":0,"_bbp_reply_count_hidden":0,"_bbp_forum_subforum_count":0,"site-sidebar-layout":"default","site-content-layout":"","ast-site-content-layout":"","site-content-style":"default","site-sidebar-style":"default","ast-global-header-display":"","ast-banner-title-visibility":"","ast-main-header-display":"","ast-hfb-above-header-display":"","ast-hfb-below-header-display":"","ast-hfb-mobile-header-display":"","site-post-title":"","ast-breadcrumbs-content":"","ast-featured-img":"","footer-sml-layout":"","theme-transparent-header-meta":"","adv-header-id-meta":"","stick-header-meta":"","header-above-stick-meta":"","header-main-stick-meta":"","header-below-stick-meta":"","astra-migrate-meta-layouts":"default","ast-page-background-enabled":"default","ast-page-background-meta":{"desktop":{"background-color":"var(--ast-global-color-4)","background-image":"","background-repeat":"repeat","background-position":"center center","background-size":"auto","background-attachment":"scroll","background-type":"","background-media":"","overlay-type":"","overlay-color":"","overlay-opacity":"","overlay-gradient":""},"tablet":{"background-color":"","background-image":"","background-repeat":"repeat","background-position":"center center","background-size":"auto","background-attachment":"scroll","background-type":"","background-media":"","overlay-type":"","overlay-color":"","overlay-opacity":"","overlay-gradient":""},"mobile":{"background-color":"","background-image":"","background-repeat":"repeat","background-position":"center center","background-size":"auto","background-attachment":"scroll","background-type":"","background-media":"","overlay-type":"","overlay-color":"","overlay-opacity":"","overlay-gradient":""}},"ast-content-background-meta":{"desktop":{"background-color":"var(--ast-global-color-5)","background-image":"","background-repeat":"repeat","background-position":"center center","background-size":"auto","background-attachment":"scroll","background-type":"","background-media":"","overlay-type":"","overlay-color":"","overlay-opacity":"","overlay-gradient":""},"tablet":{"background-color":"var(--ast-global-color-5)","background-image":"","background-repeat":"repeat","background-position":"center center","background-size":"auto","background-attachment":"scroll","background-type":"","background-media":"","overlay-type":"","overlay-color":"","overlay-opacity":"","overlay-gradient":""},"mobile":{"background-color":"var(--ast-global-color-5)","background-image":"","background-repeat":"repeat","background-position":"center center","background-size":"auto","background-attachment":"scroll","background-type":"","background-media":"","overlay-type":"","overlay-color":"","overlay-opacity":"","overlay-gradient":""}},"footnotes":""},"categories":[391,70],"tags":[317,519],"class_list":["post-12962","post","type-post","status-publish","format-standard","has-post-thumbnail","hentry","category-ciencies","category-trics","tag-biologia","tag-trics_ins-salvador-vilaseca"],"post_mailing_queue_ids":[],"_links":{"self":[{"href":"https:\/\/serveiseducatius.xtec.cat\/tarragones\/wp-json\/wp\/v2\/posts\/12962","targetHints":{"allow":["GET"]}}],"collection":[{"href":"https:\/\/serveiseducatius.xtec.cat\/tarragones\/wp-json\/wp\/v2\/posts"}],"about":[{"href":"https:\/\/serveiseducatius.xtec.cat\/tarragones\/wp-json\/wp\/v2\/types\/post"}],"author":[{"embeddable":true,"href":"https:\/\/serveiseducatius.xtec.cat\/tarragones\/wp-json\/wp\/v2\/users\/1"}],"replies":[{"embeddable":true,"href":"https:\/\/serveiseducatius.xtec.cat\/tarragones\/wp-json\/wp\/v2\/comments?post=12962"}],"version-history":[{"count":1,"href":"https:\/\/serveiseducatius.xtec.cat\/tarragones\/wp-json\/wp\/v2\/posts\/12962\/revisions"}],"predecessor-version":[{"id":12964,"href":"https:\/\/serveiseducatius.xtec.cat\/tarragones\/wp-json\/wp\/v2\/posts\/12962\/revisions\/12964"}],"wp:featuredmedia":[{"embeddable":true,"href":"https:\/\/serveiseducatius.xtec.cat\/tarragones\/wp-json\/wp\/v2\/media\/12963"}],"wp:attachment":[{"href":"https:\/\/serveiseducatius.xtec.cat\/tarragones\/wp-json\/wp\/v2\/media?parent=12962"}],"wp:term":[{"taxonomy":"category","embeddable":true,"href":"https:\/\/serveiseducatius.xtec.cat\/tarragones\/wp-json\/wp\/v2\/categories?post=12962"},{"taxonomy":"post_tag","embeddable":true,"href":"https:\/\/serveiseducatius.xtec.cat\/tarragones\/wp-json\/wp\/v2\/tags?post=12962"}],"curies":[{"name":"wp","href":"https:\/\/api.w.org\/{rel}","templated":true}]}}