{"id":12599,"date":"2019-03-13T10:20:29","date_gmt":"2019-03-13T09:20:29","guid":{"rendered":"http:\/\/serveiseducatius.xtec.cat\/tarragones\/?p=12599"},"modified":"2019-04-27T09:13:17","modified_gmt":"2019-04-27T07:13:17","slug":"trics13_grequena","status":"publish","type":"post","link":"https:\/\/serveiseducatius.xtec.cat\/tarragones\/dinamitzacio\/trics\/trics13_grequena\/","title":{"rendered":"El repte de cercar consci\u00e8ncies"},"content":{"rendered":"<p><img loading=\"lazy\" decoding=\"async\" class=\"alignright wp-image-5353\" title=\"Geda Requena Gatell\" src=\"https:\/\/serveiseducatius.xtec.cat\/tarragones\/wp-content\/uploads\/usu549\/2019\/03\/trics13_grequena.jpg\" alt=\"Geda Requena Gatell\" width=\"150\" height=\"200\" \/><strong><span style=\"color: #808080;\"><em>T\u00edtol:\u00a0\u00a0\u00a0\u00a0\u00a0\u00a0\u00a0\u00a0\u00a0\u00a0<\/em><\/span><\/strong><strong>lataulad<span class=\"\">@ensnecessita.urgen<\/span>t &#8211; El repte de cercar consci\u00e8ncies<\/strong><br \/>\n<strong><em><span style=\"color: #808080;\">Autor\/a:\u00a0\u00a0\u00a0\u00a0<\/span><\/em><\/strong><strong> Geda Requena Gatell<\/strong><br \/>\n<strong><em><span style=\"color: #808080;\">Tutor\/a:\u00a0\u00a0\u00a0\u00a0\u00a0\u00a0<\/span><\/em><\/strong>Jordi Pijoan Parellada<br \/>\n<strong><em><span style=\"color: #808080;\">Modalitat:\u00a0\u00a0<\/span><\/em><\/strong>Humanitats i Ci\u00e8ncies Socials<br \/>\n<strong><em><span style=\"color: #808080;\">\u00c0rea:\u00a0\u00a0\u00a0\u00a0\u00a0\u00a0\u00a0\u00a0\u00a0\u00a0<\/span><\/em><\/strong>Economia<br \/>\n<strong><em><span style=\"color: #808080;\">Centre:\u00a0\u00a0\u00a0\u00a0\u00a0\u00a0\u00a0<\/span><\/em><\/strong>Ins Narc\u00eds Oller<br \/>\n<strong><em><span style=\"color: #808080;\">Localitat:\u00a0\u00a0\u00a0<\/span><\/em><\/strong>Valls<\/p>\n<h6><strong>Objectius:<\/strong><\/h6>\n<ol>\n<li>Identificar la necessitat de l\u2019associaci\u00f3 vallenca \u201cLa Taulada\u201d i dissenyar i executar una estrat\u00e8gia que doni resposta a aquesta (projecte de micromecenatge).<\/li>\n<li>Per aconseguir el m\u00e0xim de donacions possibles, fer difusi\u00f3 del projecte a trav\u00e9s dels mitjans de comunicaci\u00f3 locals i de xarxes socials.<\/li>\n<li>Participar com a volunt\u00e0ria al menjador social &#8220;La Taulada&#8221; de Valls per poder con\u00e8ixer millor l&#8217;associaci\u00f3, involucrar-me encara m\u00e9s en el projecte i crear aix\u00ed una bona estrat\u00e8gia.<\/li>\n<\/ol>\n<h6><strong>El proc\u00e9s:<\/strong><\/h6>\n<p style=\"text-align: justify;\">El meu treball ha consistit a con\u00e8ixer a fons les associacions com \u201cLa Taulada\u201d que responen gen\u00e8ricament al nom de menjador social. Ho he fet a trav\u00e9s de recollir informaci\u00f3 de les diferents fonts que he pogut trobar i tamb\u00e9 de l\u2019experi\u00e8ncia personal que he assolit d\u2019una de les parts pr\u00e0ctiques del treball consistent en la meva participaci\u00f3 com a volunt\u00e0ria al mateix menjador social de Valls. Ambdues coses m\u2019han perm\u00e8s con\u00e8ixer les necessitats d\u2019aquesta entitat i dissenyar l\u2019estrat\u00e8gia per poder donar-hi resposta.<br \/>\nTenint en compte que la principal necessitat que vaig detectar a l\u2019associaci\u00f3 va ser econ\u00f2mica, era necess\u00e0ria la difusi\u00f3 d\u2019aquesta i obtenir un mitj\u00e0 que permet\u00e9s la recaptaci\u00f3 posterior dels fons. Aquesta eina finalment ha consistit en la creaci\u00f3 d\u2019un projecte de micromecenatge.<br \/>\nVolia que la difusi\u00f3 tingu\u00e9s, per una banda, un ress\u00f2 m\u00e9s pr\u00f2xim, centrada en la sensibilitzaci\u00f3 i conscienciaci\u00f3 dels estudiants de l\u2019institut Narc\u00eds Oller a trav\u00e9s de xerrades. Per\u00f2 per assolir el m\u00e0xim de recaptaci\u00f3 necessitava fer una difusi\u00f3 amb un ress\u00f2 m\u00e9s general. Per poder fer propaganda del projecte de micromecenatge vaig fer servir diferents mitjans: primer de tot a trav\u00e9s d\u2019internet i xarxes socials i seguidament a trav\u00e9s d\u2019un mitj\u00e0 de comunicaci\u00f3 local (per aquest \u00faltim vaig dissenyar un r\u00e8tol publicitari).<br \/>\nLes dificultats principals en qu\u00e8 em vaig trobar van ser, en primer moment, idear la manera de poder recaptar diners d\u2019una manera senzilla i que permet\u00e9s una gran difusi\u00f3. Seguidament, el fet de treballar amb diners reals va afegir una responsabilitat a les pr\u00f2pies de tot treball de recerca i finalment, escollir quina web utilitzaria pel projecte i el proc\u00e9s d\u2019inscripci\u00f3 en aquesta per la gran quantitat de documents necessaris, molts del qual no disposava pr\u00e8viament.<\/p>\n<h6><strong>Conclusions:<\/strong><\/h6>\n<p style=\"text-align: justify;\">L\u2019objectiu del meu treball de recerca ha estat el d\u2019aconseguir ajut econ\u00f2mic pel menjador social \u201cLa Taulada\u201d responent aix\u00ed a la condici\u00f3 que em vaig imposar a l\u2019inici, que fos \u00fatil per algun dels col\u00b7lectius desfavorits de Valls.<br \/>\nEl treball m\u2019ha perm\u00e8s con\u00e8ixer aspectes generals dels menjadors socials per\u00f2 sobretot els espec\u00edfics de \u201cLa Taulada\u201d, i esbrinar quines s\u00f3n les seves necessitats principals.<br \/>\nExisteixen diferents maneres de col\u00b7laborar amb aquestes entitats. Amb la implicaci\u00f3 personal dels voluntaris que hi aporten el seu temps i els seus coneixements, per\u00f2 tamb\u00e9 la d\u2019empreses que regularment fan donaci\u00f3 de productes alimentaris i la de persones que com a socis o de forma puntual, aporten quantitats diverses de diners per fer front a les despeses corrents i a les inesperades.<br \/>\nLa part te\u00f2rica del treball, m\u2019ha canviat la visi\u00f3 err\u00f2nia que tenia sobre la veritable funci\u00f3 d\u2019un menjador social. Malgrat el nom que reben aquest tipus d\u2019establiments, el seu paper no es limita a proveir un \u00e0pat a les persones que ho puguin necessitar i els facilita tamb\u00e9 altres serveis com dutxes o bugaderia, ajuda en la cerca d\u2019habitatge i de feina, dinamitzaci\u00f3 social, formaci\u00f3, supervisi\u00f3 m\u00e8dica\u2026<br \/>\nAra s\u00e9 que \u00e9s imprescindible una bona coordinaci\u00f3 entre el menjador social i els serveis socials per tal de poder fer un bon seguiment dels seus usuaris.<br \/>\nEl treball de camp, les entrevistes i el voluntariat, m\u2019ha donat una perspectiva dels menjadors socials que va molt m\u00e9s enll\u00e0 de la voluntat desinteressada d\u2019oferir un servei a qui el necessita. Un menjador social, o almenys \u201cLa Taulada\u201d, crea un ambient familiar perqu\u00e8 tothom, no nom\u00e9s els usuaris, s\u2019hi senti acollit. Les entrevistes m\u2019han fet entendre que \u201cLa Taulada\u201d tamb\u00e9 juga un paper molt important en la vida dels voluntaris, ja que all\u00e0, tinguin l\u2019edat que tinguin, tots tenen una feina que fa que siguin i se sentin part d\u2019aquesta fam\u00edlia.<br \/>\nEl treball de recerca ha ajudat a que fes el primer pas per convertir-me en volunt\u00e0ria, que era una cosa que sempre havia volgut fer. Ajudar i participar en el projecte del Pare Joan m\u2019ha obert els ulls i m\u2019ha fet veure, no nom\u00e9s la gran quantitat de persones en situacions prec\u00e0ries a la nostra ciutat, sin\u00f3 l\u2019immens nombre de persones que cada dia vetllen pel funcionament del menjador desinteressadament.<br \/>\nLa religi\u00f3, encara que sembli que tingui un paper secundari dins el menjador, est\u00e0 present en la forma de fer i de sentir de molts dels voluntaris. El lema de \u201cLa Taulada\u201d \u00e9s el seg\u00fcent: &lt;&gt; (Mt 25, 31-40). Ser creient no \u00e9s l\u2019\u00fanic que et porta a ser voluntari i tampoc condiciona exclusivament la bondat d\u2019aquest. No obstant, aquesta cita de l\u2019evangeli de Mateu, que per molts pot semblar una cosa molt simple, ha marcat la vida d\u2019alguns dels voluntaris que com el Jose Luis senten que han de ser-hi i fer tot el que puguin per ajudar.<br \/>\nLa principal necessitat que vaig detectar de l\u2019associaci\u00f3 va ser econ\u00f2mica.<br \/>\nDecidir com obtindria l\u2019ajut econ\u00f2mic que la Taulada requeria, va ser la primera dificultat seriosa. El fet que es tract\u00e9s de diners va afegir una preocupaci\u00f3 extra a les pr\u00f2pies del treball. Quan per fi vaig decidir-me pel micromecenatge, els entrebancs van anar sorgint un darrere l\u2019altre fins a la posada en marxa del repte a la web. Curiosament, ara que ja l\u2019he acabat, estic contenta per totes aquestes dificultats, ja que m\u2019han ensenyat a gestionar problemes i responsabilitats desconegudes fins ara per a mi.<br \/>\nDespr\u00e9s vindria fer-ne la m\u00e0xima difusi\u00f3. Vaig plantejar la difusi\u00f3 pel p\u00fablic en general utilitzant les xarxes socials i mitjans de comunicaci\u00f3 locals. Malgrat l\u2019important nombre de p\u00fablic al qual presumiblement va arribar la petici\u00f3 at\u00e8s a la diversitat d\u2019entitats i persones involucrades en la seva divulgaci\u00f3, la participaci\u00f3 ha estat inferior a l\u2019esperada.<br \/>\nQue la donaci\u00f3 de diners s\u2019hagi fet a trav\u00e9s d\u2019internet ha condicionat molt la resposta que he obtingut per part de la poblaci\u00f3. Tot i ser una via molt r\u00e0pida i senzilla de recaptar diners, \u00e9s una via que molta gent desconeix i de la qual desconfia, sobre tot la gent gran. Potser per aquesta ra\u00f3 la quantitat de donants ha estat inferior a la que m\u2019imaginava, ja que sobretot les persones grans, que s\u00f3n les que estan m\u00e9s sensibilitzades pel tema, desconeixen el m\u00f3n de les noves tecnologies.<br \/>\nHagu\u00e9s estat interessant contrastar els resultats obtinguts per la simple difusi\u00f3 del repte amb els d\u2019una xerrada de sensibilitzaci\u00f3 i informaci\u00f3 del mateix que tenia prevista de realitzar entre els alumnes de l\u2019Institut Narc\u00eds Oller i que, malauradament, no s\u2019ha pogut dur a terme.<br \/>\nEl repte en forma de valor monetari que sortia a la p\u00e0gina web era arribar a recaptar 5000\u20ac i, tot i no arribar ni al 15%, estic satisfeta, ja que el meu objectiu no era assolir una quantitat exacta de diners sin\u00f3 ajudar econ\u00f2micament a \u201cLa Taulada\u201d.<br \/>\nHe de dir tamb\u00e9, pel que fa al nombre de persones que han fet les donacions que la quantitat assolida ha estat superior a l\u2019esperada. Imaginava donacions de poca quantitat per\u00f2 una major participaci\u00f3.<br \/>\nPer concloure, no nom\u00e9s he assolit totes les expectatives que em vaig plantejar a l\u2019inici del treball, sin\u00f3 que durant aquesta experi\u00e8ncia he conegut persones i he viscut situacions que recordar\u00e9 tota la meva vida, i que m\u2019han convertit tamb\u00e9 a mi en benefici\u00e0ria.<\/p>\n<h6><strong>Llocs Web:<\/strong><\/h6>\n<ul>\n<li><a href=\"http:\/\/www.ccma.cat\/324\/Que-es-i-com-es-fa-un-projecte-de-micromecenatge\/noticia\/2179654\/\" target=\"_blank\" rel=\"noopener noreferrer\">Qu\u00e8 \u00e9s i com es fa un projecte de micromecenatge?<\/a><\/li>\n<li><a href=\"https:\/\/www.migranodearena.org\/sobre-nosotros\" target=\"_blank\" rel=\"noopener noreferrer\">Sobre migranodearena.org<\/a><\/li>\n<li><a href=\"https:\/\/www.migranodearena.org\/\" target=\"_blank\" rel=\"noopener noreferrer\">T\u00e9rminos y Condiciones<\/a><\/li>\n<li><a href=\"https:\/\/nuevofinanciero.com\/crowdfunding-crowdlending-tipos\" target=\"_blank\" rel=\"noopener noreferrer\">Crowdfunding, Crowdlending y los distintos tipos de micromecenazgo<\/a><\/li>\n<li><a href=\"https:\/\/www1.diba.cat\/uliep\/pdf\/55134.pdf\" target=\"_blank\" rel=\"noopener noreferrer\">Manual de gesti\u00f3 de menjadors socials<\/a><\/li>\n<\/ul>\n<h6><strong>Presentaci\u00f3:<\/strong><\/h6>\n<p><iframe loading=\"lazy\" style=\"border: 1px solid #CCC; border-width: 1px; margin-bottom: 5px; max-width: 100%;\" src=\"\/\/www.slideshare.net\/slideshow\/embed_code\/key\/lGQyNLoi9x91BE\" width=\"595\" height=\"485\" frameborder=\"0\" marginwidth=\"0\" marginheight=\"0\" scrolling=\"no\" allowfullscreen=\"allowfullscreen\"> <\/iframe><\/p>\n<h6><strong>Fotos:<\/strong><\/h6>\n<div id=\"1234\" style=\"width: 600px; height: 400px; display: none;\"><img decoding=\"async\" src=\"https:\/\/serveiseducatius.xtec.cat\/tarragones\/wp-content\/uploads\/usu549\/2019\/03\/trics13_imatge1_grequena.jpg\" data-link=\"https:\/\/serveiseducatius.xtec.cat\/tarragones\/wp-content\/uploads\/usu549\/2019\/03\/trics13_imatge1_grequena.jpg\" \/><br \/>\n<img decoding=\"async\" src=\"https:\/\/serveiseducatius.xtec.cat\/tarragones\/wp-content\/uploads\/usu549\/2019\/03\/trics13_imatge2_grequena.jpg\" data-link=\"https:\/\/serveiseducatius.xtec.cat\/tarragones\/wp-content\/uploads\/usu549\/2019\/03\/trics13_imatge2_grequena.jpg\" \/><br \/>\n<script type=\"text\/javascript\" src=\"https:\/\/cdn.jsdelivr.net\/jquery\/1.12.3\/jquery.min.js\"><\/script><br \/>\n<script>\n (MyGalleries=(typeof MyGalleries === 'undefined' ? [] : MyGalleries)).push({gallId:'#1234',autoplay:true,lightbox:true,debug:false,popupLinks:true});\n if(typeof GalleryLoaded === 'undefined'){\n  GalleryLoaded = jQuery(function(){\n   jQuery.ajax({url:'https:\/\/cdn.jsdelivr.net\/galleria\/1.4.2\/galleria.min.js',dataType:'script',cache:true}).done(function(){\n    Galleria.loadTheme('https:\/\/cdn.jsdelivr.net\/galleria\/1.4.2\/themes\/classic\/galleria.classic.js');\n    for(var n in MyGalleries){\n     Galleria.run(MyGalleries[n].gallId, MyGalleries[n]);\n     jQuery(MyGalleries[n].gallId).css('display','block');\n    }\n   });\n  });\n }\n<\/script><\/div>\n<p>&nbsp;<\/p>\n<div><sup><em>Foto 1.- Fotografia que pot servir de portada pel treball<\/em><\/sup><br \/>\n<sup><em>Foto 2.- Cartell publicitari que vaig dissenyar per fer publicitat del projecte <\/em><\/sup><\/div>\n","protected":false},"excerpt":{"rendered":"<p>Geda Requena Gatell<\/p>\n","protected":false},"author":1,"featured_media":12603,"comment_status":"open","ping_status":"closed","sticky":false,"template":"","format":"standard","meta":{"_bbp_topic_count":0,"_bbp_reply_count":0,"_bbp_total_topic_count":0,"_bbp_total_reply_count":0,"_bbp_voice_count":0,"_bbp_anonymous_reply_count":0,"_bbp_topic_count_hidden":0,"_bbp_reply_count_hidden":0,"_bbp_forum_subforum_count":0,"site-sidebar-layout":"default","site-content-layout":"","ast-site-content-layout":"","site-content-style":"default","site-sidebar-style":"default","ast-global-header-display":"","ast-banner-title-visibility":"","ast-main-header-display":"","ast-hfb-above-header-display":"","ast-hfb-below-header-display":"","ast-hfb-mobile-header-display":"","site-post-title":"","ast-breadcrumbs-content":"","ast-featured-img":"","footer-sml-layout":"","theme-transparent-header-meta":"","adv-header-id-meta":"","stick-header-meta":"","header-above-stick-meta":"","header-main-stick-meta":"","header-below-stick-meta":"","astra-migrate-meta-layouts":"default","ast-page-background-enabled":"default","ast-page-background-meta":{"desktop":{"background-color":"var(--ast-global-color-4)","background-image":"","background-repeat":"repeat","background-position":"center center","background-size":"auto","background-attachment":"scroll","background-type":"","background-media":"","overlay-type":"","overlay-color":"","overlay-opacity":"","overlay-gradient":""},"tablet":{"background-color":"","background-image":"","background-repeat":"repeat","background-position":"center center","background-size":"auto","background-attachment":"scroll","background-type":"","background-media":"","overlay-type":"","overlay-color":"","overlay-opacity":"","overlay-gradient":""},"mobile":{"background-color":"","background-image":"","background-repeat":"repeat","background-position":"center center","background-size":"auto","background-attachment":"scroll","background-type":"","background-media":"","overlay-type":"","overlay-color":"","overlay-opacity":"","overlay-gradient":""}},"ast-content-background-meta":{"desktop":{"background-color":"var(--ast-global-color-5)","background-image":"","background-repeat":"repeat","background-position":"center center","background-size":"auto","background-attachment":"scroll","background-type":"","background-media":"","overlay-type":"","overlay-color":"","overlay-opacity":"","overlay-gradient":""},"tablet":{"background-color":"var(--ast-global-color-5)","background-image":"","background-repeat":"repeat","background-position":"center center","background-size":"auto","background-attachment":"scroll","background-type":"","background-media":"","overlay-type":"","overlay-color":"","overlay-opacity":"","overlay-gradient":""},"mobile":{"background-color":"var(--ast-global-color-5)","background-image":"","background-repeat":"repeat","background-position":"center center","background-size":"auto","background-attachment":"scroll","background-type":"","background-media":"","overlay-type":"","overlay-color":"","overlay-opacity":"","overlay-gradient":""}},"footnotes":""},"categories":[70,392],"tags":[328,513],"class_list":["post-12599","post","type-post","status-publish","format-standard","has-post-thumbnail","hentry","category-trics","category-humanitats","tag-economia","tag-trics_ins-narcis-oller"],"post_mailing_queue_ids":[],"_links":{"self":[{"href":"https:\/\/serveiseducatius.xtec.cat\/tarragones\/wp-json\/wp\/v2\/posts\/12599","targetHints":{"allow":["GET"]}}],"collection":[{"href":"https:\/\/serveiseducatius.xtec.cat\/tarragones\/wp-json\/wp\/v2\/posts"}],"about":[{"href":"https:\/\/serveiseducatius.xtec.cat\/tarragones\/wp-json\/wp\/v2\/types\/post"}],"author":[{"embeddable":true,"href":"https:\/\/serveiseducatius.xtec.cat\/tarragones\/wp-json\/wp\/v2\/users\/1"}],"replies":[{"embeddable":true,"href":"https:\/\/serveiseducatius.xtec.cat\/tarragones\/wp-json\/wp\/v2\/comments?post=12599"}],"version-history":[{"count":3,"href":"https:\/\/serveiseducatius.xtec.cat\/tarragones\/wp-json\/wp\/v2\/posts\/12599\/revisions"}],"predecessor-version":[{"id":12604,"href":"https:\/\/serveiseducatius.xtec.cat\/tarragones\/wp-json\/wp\/v2\/posts\/12599\/revisions\/12604"}],"wp:featuredmedia":[{"embeddable":true,"href":"https:\/\/serveiseducatius.xtec.cat\/tarragones\/wp-json\/wp\/v2\/media\/12603"}],"wp:attachment":[{"href":"https:\/\/serveiseducatius.xtec.cat\/tarragones\/wp-json\/wp\/v2\/media?parent=12599"}],"wp:term":[{"taxonomy":"category","embeddable":true,"href":"https:\/\/serveiseducatius.xtec.cat\/tarragones\/wp-json\/wp\/v2\/categories?post=12599"},{"taxonomy":"post_tag","embeddable":true,"href":"https:\/\/serveiseducatius.xtec.cat\/tarragones\/wp-json\/wp\/v2\/tags?post=12599"}],"curies":[{"name":"wp","href":"https:\/\/api.w.org\/{rel}","templated":true}]}}