{"id":12555,"date":"2019-03-12T19:20:50","date_gmt":"2019-03-12T18:20:50","guid":{"rendered":"http:\/\/serveiseducatius.xtec.cat\/tarragones\/?p=12555"},"modified":"2019-04-28T07:36:47","modified_gmt":"2019-04-28T05:36:47","slug":"trics13_vandreu","status":"publish","type":"post","link":"https:\/\/serveiseducatius.xtec.cat\/tarragones\/dinamitzacio\/trics\/trics13_vandreu\/","title":{"rendered":"Per qu\u00e8 s\u00f3c miop?"},"content":{"rendered":"<p><img loading=\"lazy\" decoding=\"async\" class=\"alignright wp-image-5353\" title=\"Violant Andreu i Salla\" src=\"https:\/\/serveiseducatius.xtec.cat\/tarragones\/wp-content\/uploads\/usu549\/2019\/03\/trics13_vandreu.jpg\" alt=\"Violant Andreu i Salla\" width=\"150\" height=\"200\" \/><strong><span style=\"color: #808080;\"><em>T\u00edtol:\u00a0\u00a0\u00a0\u00a0\u00a0\u00a0\u00a0\u00a0\u00a0\u00a0<\/em><\/span><\/strong><strong>Per qu\u00e8 s\u00f3c miop? Estudi sobre la incid\u00e8ncia de la miopia en l&#8217;alumnat de l&#8217;Institut Tarragona<\/strong><br \/>\n<strong><em><span style=\"color: #808080;\">Autor\/a:\u00a0\u00a0\u00a0\u00a0<\/span><\/em><\/strong><strong> Violant Andreu i Salla<\/strong><br \/>\n<strong><em><span style=\"color: #808080;\">Tutor\/a:\u00a0\u00a0\u00a0\u00a0\u00a0\u00a0<\/span><\/em><\/strong>Empar de Bofarull Bertran<br \/>\n<strong><em><span style=\"color: #808080;\">Modalitat:\u00a0\u00a0<\/span><\/em><\/strong>Ci\u00e8ncies i tecnologia: Ci\u00e8ncies de la Salut<br \/>\n<strong><em><span style=\"color: #808080;\">\u00c0rea:\u00a0\u00a0\u00a0\u00a0\u00a0\u00a0\u00a0\u00a0\u00a0\u00a0<\/span><\/em><\/strong>\u00d2ptica i optometria<br \/>\n<strong><em><span style=\"color: #808080;\">Centre:\u00a0\u00a0\u00a0\u00a0\u00a0\u00a0\u00a0<\/span><\/em><\/strong>Ins Tarragona<br \/>\n<strong><em><span style=\"color: #808080;\">Localitat:\u00a0\u00a0\u00a0<\/span><\/em><\/strong>Tarragona<\/p>\n<h6><strong>Objectius:<\/strong><\/h6>\n<ol>\n<li>Fer un estudi d\u2019entre la poblaci\u00f3 miop del meu institut referent a quins s\u00f3n els factors principals que causen la miopia.<\/li>\n<li>Comprovar si aquest estudi s\u2019ajusta als estudis realitzats en altres poblacions.<\/li>\n<\/ol>\n<h6><strong>Hip\u00f2tesi:<\/strong><\/h6>\n<p style=\"text-align: justify;\">Per tal de realitzar el meu Treball de Recerca, anomenat Per qu\u00e8 soc miop? Estudi sobre la incid\u00e8ncia de la miopia en l\u2019alumnat de l\u2019Institut Tarragona, he partit de la hip\u00f2tesi que hi ha una s\u00e8rie de factors que influeixen m\u00e9s que altres en el desenvolupament de la miopia. Volia con\u00e8ixer quins eren aquests factors, si la gen\u00e8tica era tan determinant com es diu i si la utilitzaci\u00f3 massiva d\u2019aparells electr\u00f2nics influ\u00efda en l\u2019augment de la miopia.<\/p>\n<h6><strong>El proc\u00e9s:<\/strong><\/h6>\n<p style=\"text-align: justify;\">Per dur a terme aquest treball he comen\u00e7at fent una recerca bibliogr\u00e0fica de tot all\u00f2 que crec que pot influir en l&#8217;aparici\u00f3 de la miopia: la gen\u00e8tica, les condicions ambientals, els aparells electr\u00f2nics, entre d&#8217;altres; les parts de l&#8217;ull, ja que s\u00f3n determinants a l&#8217;hora d&#8217;explicar qu\u00e8 \u00e9s la miopia; les principals disfuncions visuals; classificaci\u00f3 de la miopia i diagnosi. Despr\u00e9s he volgut fer un estudi pr\u00e0ctic d&#8217;entre la poblaci\u00f3 miop del meu institut, mitjan\u00e7ant la realitzaci\u00f3 d&#8217;una enquesta, per recollir dades, i la realitzaci\u00f3 d&#8217;unes proves m\u00e8triques per extreure\u2019n possibles conclusions gr\u00e0cies al seu tractament estad\u00edstic.<br \/>\nPer acabar, amb l\u2019objectiu de refermar les opinions sobre les quals baso la hip\u00f2tesi, he fet dues entrevistes: una a l&#8217;oftalm\u00f2loga Pilar de Rivas, cap de servei d&#8217;Oftalmologia de l&#8217;hospital Santa Tecla; i una altra a la contact\u00f2loga Rosa Maria Andreu, cap d&#8217;optometria i contactologia d&#8217;\u00d2ptica Salas<\/p>\n<h6><strong>Conclusions:<\/strong><\/h6>\n<p style=\"text-align: justify;\">Segons la hip\u00f2tesi del Treball de Recerca i els factors que estudiats i analitzats, es poden extreure les seg\u00fcents conclusions: l\u2019aparici\u00f3 de la miopia dep\u00e8n de gaireb\u00e9 200 gens diferents i, per tant, les probabilitats que els descendents tinguin miopia si un dels progenitors \u00e9s miop, \u00e9s molt alta. Per\u00f2 tal com hem dit, per molt que tinguem moltes possibilitats, els car\u00e0cters hereditaris depenen de l\u2019atzar, aix\u00ed que no \u00e9s una font fiable. D\u2019altra banda, un dels factors m\u00e9s determinants s\u00f3n les hores que invertim en l\u2019\u00fas d\u2019aparells electr\u00f2nics i a llegir de prop. Quan estem moltes hores observant un objecte que no est\u00e0 allunyat, no exercitem tant els m\u00fasculs oculars perqu\u00e8 s\u2019acostumin a observar els objectes situats a una certa dist\u00e0ncia, i aix\u00f2 afavoreix l\u2019aparici\u00f3 de la miopia. Si ens fixem en l\u2019alimentaci\u00f3, podem dir que no \u00e9s tan determinant com les hores que utilitzem els aparells electr\u00f2nics, per\u00f2 s\u00ed que \u00e9s recomanable ingerir aliments que continguin sobretot les vitamines A, B i C. Per acabar, despr\u00e9s de fixar-nos en les condicions ambientals d\u2019estudi, es pot afirmar que treballar amb llum natural \u00e9s molt m\u00e9s benefici\u00f3s que amb llum artificial, ja que no es creen tantes ombres que poden provocar que forcem m\u00e9s la vista i treballem d\u2019una manera m\u00e9s inc\u00f2moda.<br \/>\nPel que fa a l\u2019alumnat de l\u2019institut, \u00e9s dif\u00edcil de determinar si augmentar\u00e0 el grau de miopia en els pr\u00f2xims anys per\u00f2 \u00e9s cert que segueixen pautes conductuals que marquen tend\u00e8ncia cap aqu\u00ed. Per tant, seria bo que les autoritats sanit\u00e0ries apliquessin programes preventius a les escoles per tal de poder aturar el desenvolupament de la miopia.<\/p>\n<h6><strong>Bibliografia:<\/strong><\/h6>\n<ul>\n<li>GROSVENOR, Theodore. <span style=\"color: #808080;\"><strong>Optometria de Atenci\u00f3n Primaria<\/strong><\/span>. Masson SA<\/li>\n<li>PAR\u00cdS, Carmela. <span style=\"color: #808080;\"><strong>tus ojos: M\u00e9todos naturales para ver bien sin gafas<\/strong><\/span>. RBA Libros<\/li>\n<li>BROFMAN, Martin. <span style=\"color: #808080;\"><strong>Mejora tu visi\u00f3n: Una gu\u00eda interior para verlo todo m\u00e1s claro<\/strong><\/span>. Editorial Sirio<\/li>\n<li>GUERRERO VARGAS, Jos\u00e9 Joaqu\u00edn. <span style=\"color: #808080;\"><strong>Optometr\u00eda Cl\u00ednica &amp; Cuidado primario de la visi\u00f3 humana. Segunda parte: Fundamentos de optometr\u00eda y cuidado primario<\/strong><\/span>. Ediciones Clinikbox<\/li>\n<li>SANTA CREU MAS, Jos\u00e9. <span style=\"color: #808080;\"><strong>La prevenci\u00f3n de la miopia: la intervenci\u00f3n en la comunidad escolar<\/strong><\/span>. Pir\u00e1mide<\/li>\n<\/ul>\n<h6><strong>Llocs Web:<\/strong><\/h6>\n<ul>\n<li><a href=\"https:\/\/kidshealth.org\/es\/teens\/eyes-esp.html\" target=\"_blank\" rel=\"noopener noreferrer\">Nemours<\/a><\/li>\n<li><a href=\"https:\/\/nei.nih.gov\/healthyeyes\/spanish\/problems_sp\" target=\"_blank\" rel=\"noopener noreferrer\">National Eye Institute<\/a><\/li>\n<li><a href=\"https:\/\/www.aao.org\/salud-ocular\/enfermedades\/astigmatismo\" target=\"_blank\" rel=\"noopener noreferrer\">American Academy of Ophtalmology<\/a><\/li>\n<li><a href=\"a. \u201cAnamnesis y agudhttps:\/\/www.youtube.com\/watch?v=gphT0pPMzWs\" target=\"_blank\" rel=\"noopener noreferrer\">IMO Barcelona<\/a><\/li>\n<li><a href=\"https:\/\/www.tuoptometrista.com\/alimentacion-y-vision\/\" target=\"_blank\" rel=\"noopener noreferrer\">Colegio oficial de \u00f3pticos-optometristas de Andaluc\u00eda<\/a><\/li>\n<li><a href=\"https:\/\/coopervision.es\/search\/vitaminas%20para%20mejorar%20la%20vista\" target=\"_blank\" rel=\"noopener noreferrer\">Cooper Vision<\/a><\/li>\n<\/ul>\n<h6><strong>Presentaci\u00f3:<\/strong><\/h6>\n<ul>\n<li><a href=\" https:\/\/prezi.com\/f7fqnmwxkxtr\/tdr\/\" target=\"_blank\" rel=\"noopener noreferrer\"><strong>Per qu\u00e8 soc miop? Estudi sobre la incid\u00e8ncia de la miopia en l&#8217;alumnat de l&#8217;Institut Tarragona<\/strong><\/a><\/li>\n<\/ul>\n","protected":false},"excerpt":{"rendered":"<p>Violant Andreu i Salla<\/p>\n","protected":false},"author":1,"featured_media":12557,"comment_status":"open","ping_status":"closed","sticky":false,"template":"","format":"standard","meta":{"_bbp_topic_count":0,"_bbp_reply_count":0,"_bbp_total_topic_count":0,"_bbp_total_reply_count":0,"_bbp_voice_count":0,"_bbp_anonymous_reply_count":0,"_bbp_topic_count_hidden":0,"_bbp_reply_count_hidden":0,"_bbp_forum_subforum_count":0,"site-sidebar-layout":"default","site-content-layout":"","ast-site-content-layout":"","site-content-style":"default","site-sidebar-style":"default","ast-global-header-display":"","ast-banner-title-visibility":"","ast-main-header-display":"","ast-hfb-above-header-display":"","ast-hfb-below-header-display":"","ast-hfb-mobile-header-display":"","site-post-title":"","ast-breadcrumbs-content":"","ast-featured-img":"","footer-sml-layout":"","theme-transparent-header-meta":"","adv-header-id-meta":"","stick-header-meta":"","header-above-stick-meta":"","header-main-stick-meta":"","header-below-stick-meta":"","astra-migrate-meta-layouts":"default","ast-page-background-enabled":"default","ast-page-background-meta":{"desktop":{"background-color":"var(--ast-global-color-4)","background-image":"","background-repeat":"repeat","background-position":"center center","background-size":"auto","background-attachment":"scroll","background-type":"","background-media":"","overlay-type":"","overlay-color":"","overlay-opacity":"","overlay-gradient":""},"tablet":{"background-color":"","background-image":"","background-repeat":"repeat","background-position":"center center","background-size":"auto","background-attachment":"scroll","background-type":"","background-media":"","overlay-type":"","overlay-color":"","overlay-opacity":"","overlay-gradient":""},"mobile":{"background-color":"","background-image":"","background-repeat":"repeat","background-position":"center center","background-size":"auto","background-attachment":"scroll","background-type":"","background-media":"","overlay-type":"","overlay-color":"","overlay-opacity":"","overlay-gradient":""}},"ast-content-background-meta":{"desktop":{"background-color":"var(--ast-global-color-5)","background-image":"","background-repeat":"repeat","background-position":"center center","background-size":"auto","background-attachment":"scroll","background-type":"","background-media":"","overlay-type":"","overlay-color":"","overlay-opacity":"","overlay-gradient":""},"tablet":{"background-color":"var(--ast-global-color-5)","background-image":"","background-repeat":"repeat","background-position":"center center","background-size":"auto","background-attachment":"scroll","background-type":"","background-media":"","overlay-type":"","overlay-color":"","overlay-opacity":"","overlay-gradient":""},"mobile":{"background-color":"var(--ast-global-color-5)","background-image":"","background-repeat":"repeat","background-position":"center center","background-size":"auto","background-attachment":"scroll","background-type":"","background-media":"","overlay-type":"","overlay-color":"","overlay-opacity":"","overlay-gradient":""}},"footnotes":""},"categories":[391,70],"tags":[342,522],"class_list":["post-12555","post","type-post","status-publish","format-standard","has-post-thumbnail","hentry","category-ciencies","category-trics","tag-optica-i-optometria","tag-trics_ins-tarragona"],"post_mailing_queue_ids":[],"_links":{"self":[{"href":"https:\/\/serveiseducatius.xtec.cat\/tarragones\/wp-json\/wp\/v2\/posts\/12555","targetHints":{"allow":["GET"]}}],"collection":[{"href":"https:\/\/serveiseducatius.xtec.cat\/tarragones\/wp-json\/wp\/v2\/posts"}],"about":[{"href":"https:\/\/serveiseducatius.xtec.cat\/tarragones\/wp-json\/wp\/v2\/types\/post"}],"author":[{"embeddable":true,"href":"https:\/\/serveiseducatius.xtec.cat\/tarragones\/wp-json\/wp\/v2\/users\/1"}],"replies":[{"embeddable":true,"href":"https:\/\/serveiseducatius.xtec.cat\/tarragones\/wp-json\/wp\/v2\/comments?post=12555"}],"version-history":[{"count":2,"href":"https:\/\/serveiseducatius.xtec.cat\/tarragones\/wp-json\/wp\/v2\/posts\/12555\/revisions"}],"predecessor-version":[{"id":12558,"href":"https:\/\/serveiseducatius.xtec.cat\/tarragones\/wp-json\/wp\/v2\/posts\/12555\/revisions\/12558"}],"wp:featuredmedia":[{"embeddable":true,"href":"https:\/\/serveiseducatius.xtec.cat\/tarragones\/wp-json\/wp\/v2\/media\/12557"}],"wp:attachment":[{"href":"https:\/\/serveiseducatius.xtec.cat\/tarragones\/wp-json\/wp\/v2\/media?parent=12555"}],"wp:term":[{"taxonomy":"category","embeddable":true,"href":"https:\/\/serveiseducatius.xtec.cat\/tarragones\/wp-json\/wp\/v2\/categories?post=12555"},{"taxonomy":"post_tag","embeddable":true,"href":"https:\/\/serveiseducatius.xtec.cat\/tarragones\/wp-json\/wp\/v2\/tags?post=12555"}],"curies":[{"name":"wp","href":"https:\/\/api.w.org\/{rel}","templated":true}]}}