{"id":9841,"date":"2018-04-13T16:18:02","date_gmt":"2018-04-13T14:18:02","guid":{"rendered":"http:\/\/serveiseducatius.xtec.cat\/solsones\/?p=9841"},"modified":"2018-04-13T16:19:19","modified_gmt":"2018-04-13T14:19:19","slug":"maleta-didactica-del-consell-dels-savis","status":"publish","type":"post","link":"https:\/\/serveiseducatius.xtec.cat\/solsones\/portada\/maleta-didactica-del-consell-dels-savis\/","title":{"rendered":"Maleta did\u00e0ctica del Consell dels Savis"},"content":{"rendered":"<p><a href=\"http:\/\/www.mhcat.cat\/activitats\/educatives_esplais\/activitats_educatives_2017_2018\/concertacio_didactics\/recursos_i_materials_didactics\/el_museu_a_l_aula\/la_maleta_didactica_del_consell_dels_savis\" target=\"_blank\" rel=\"noopener noreferrer\"><img loading=\"lazy\" decoding=\"async\" class=\"alignleft \" src=\"http:\/\/d1sic1i5ajbkus.cloudfront.net\/var\/mhc\/storage\/images\/media\/2016_nou_web\/activitats\/educatives\/maleta_oberta\/176229-1-cat-ES\/maleta_oberta.jpg\" width=\"501\" height=\"334\" \/><\/a><\/p>\n<p>Des del <strong>Museu d&#8217;Hist\u00f2ria de Catalunya<\/strong> ens ofereixen la maleta did\u00e0ctica del <strong>Consell dels Savis. La Hist\u00f2ria en primera persona. <\/strong>Al CRP disposarem de la maleta fins al mes de juny i la podeu agafar en pr\u00e9stec.<\/p>\n<p>La maleta consisteix en un conjunt de cinc DVD que recullen les viv\u00e8ncies de Pere Bast\u00e9, Elena Egea, Roser Font, Josefina Piquet, Roser Ros\u00e9s, Isidre Torres i Antoni Verd\u00fa. Tots ells van viure la Guerra Civil Espanyola i les seves conseq\u00fc\u00e8ncies.<\/p>\n<p>Com a testimonis d\u2019una \u00e8poca concreta, a trav\u00e9s d\u2019ells podem apropar-nos a la nostra hist\u00f2ria d\u2019una manera m\u00e9s propera tot coneixent el nostre passat a a partir dels seus protagonistes.<\/p>\n<p>A m\u00e9s a m\u00e9s, el material incorpora una s\u00e8rie de propostes did\u00e0ctiques que poden acostar el passat i el present i aix\u00ed anar teixint fils en la nostra hist\u00f2ria.<\/p>\n<p><a href=\"http:\/\/www.mhcat.cat\/activitats\/educatives_esplais\/activitats_educatives_2017_2018\/concertacio_didactics\/recursos_i_materials_didactics\/el_museu_a_l_aula\/la_maleta_didactica_del_consell_dels_savis\" target=\"_blank\" rel=\"noopener noreferrer\">M\u00e9s informaci\u00f3<\/a><\/p>\n","protected":false},"excerpt":{"rendered":"<p>Des del Museu d&#8217;Hist\u00f2ria de Catalunya ens ofereixen la maleta did\u00e0ctica del Consell dels Savis. La Hist\u00f2ria en primera persona. Al CRP disposarem de la maleta fins al mes de juny i la podeu agafar en pr\u00e9stec. La maleta consisteix en un conjunt de cinc DVD que recullen les viv\u00e8ncies de Pere Bast\u00e9, Elena Egea, [&hellip;]<\/p>\n","protected":false},"author":1,"featured_media":9843,"comment_status":"closed","ping_status":"closed","sticky":false,"template":"","format":"standard","meta":{"_bbp_topic_count":0,"_bbp_reply_count":0,"_bbp_total_topic_count":0,"_bbp_total_reply_count":0,"_bbp_voice_count":0,"_bbp_anonymous_reply_count":0,"_bbp_topic_count_hidden":0,"_bbp_reply_count_hidden":0,"_bbp_forum_subforum_count":0,"site-sidebar-layout":"default","site-content-layout":"","ast-site-content-layout":"","site-content-style":"default","site-sidebar-style":"default","ast-global-header-display":"","ast-banner-title-visibility":"","ast-main-header-display":"","ast-hfb-above-header-display":"","ast-hfb-below-header-display":"","ast-hfb-mobile-header-display":"","site-post-title":"","ast-breadcrumbs-content":"","ast-featured-img":"","footer-sml-layout":"","theme-transparent-header-meta":"","adv-header-id-meta":"","stick-header-meta":"","header-above-stick-meta":"","header-main-stick-meta":"","header-below-stick-meta":"","astra-migrate-meta-layouts":"default","ast-page-background-enabled":"default","ast-page-background-meta":{"desktop":{"background-color":"var(--ast-global-color-4)","background-image":"","background-repeat":"repeat","background-position":"center center","background-size":"auto","background-attachment":"scroll","background-type":"","background-media":"","overlay-type":"","overlay-color":"","overlay-opacity":"","overlay-gradient":""},"tablet":{"background-color":"","background-image":"","background-repeat":"repeat","background-position":"center center","background-size":"auto","background-attachment":"scroll","background-type":"","background-media":"","overlay-type":"","overlay-color":"","overlay-opacity":"","overlay-gradient":""},"mobile":{"background-color":"","background-image":"","background-repeat":"repeat","background-position":"center center","background-size":"auto","background-attachment":"scroll","background-type":"","background-media":"","overlay-type":"","overlay-color":"","overlay-opacity":"","overlay-gradient":""}},"ast-content-background-meta":{"desktop":{"background-color":"var(--ast-global-color-5)","background-image":"","background-repeat":"repeat","background-position":"center center","background-size":"auto","background-attachment":"scroll","background-type":"","background-media":"","overlay-type":"","overlay-color":"","overlay-opacity":"","overlay-gradient":""},"tablet":{"background-color":"var(--ast-global-color-5)","background-image":"","background-repeat":"repeat","background-position":"center center","background-size":"auto","background-attachment":"scroll","background-type":"","background-media":"","overlay-type":"","overlay-color":"","overlay-opacity":"","overlay-gradient":""},"mobile":{"background-color":"var(--ast-global-color-5)","background-image":"","background-repeat":"repeat","background-position":"center center","background-size":"auto","background-attachment":"scroll","background-type":"","background-media":"","overlay-type":"","overlay-color":"","overlay-opacity":"","overlay-gradient":""}},"footnotes":""},"categories":[268,29],"tags":[522,523],"class_list":["post-9841","post","type-post","status-publish","format-standard","has-post-thumbnail","hentry","category-noticies-generals","category-portada","tag-maleta-consell-dels-savis","tag-museu-historia-de-catalunya"],"post_mailing_queue_ids":[],"_links":{"self":[{"href":"https:\/\/serveiseducatius.xtec.cat\/solsones\/wp-json\/wp\/v2\/posts\/9841","targetHints":{"allow":["GET"]}}],"collection":[{"href":"https:\/\/serveiseducatius.xtec.cat\/solsones\/wp-json\/wp\/v2\/posts"}],"about":[{"href":"https:\/\/serveiseducatius.xtec.cat\/solsones\/wp-json\/wp\/v2\/types\/post"}],"author":[{"embeddable":true,"href":"https:\/\/serveiseducatius.xtec.cat\/solsones\/wp-json\/wp\/v2\/users\/1"}],"replies":[{"embeddable":true,"href":"https:\/\/serveiseducatius.xtec.cat\/solsones\/wp-json\/wp\/v2\/comments?post=9841"}],"version-history":[{"count":2,"href":"https:\/\/serveiseducatius.xtec.cat\/solsones\/wp-json\/wp\/v2\/posts\/9841\/revisions"}],"predecessor-version":[{"id":9844,"href":"https:\/\/serveiseducatius.xtec.cat\/solsones\/wp-json\/wp\/v2\/posts\/9841\/revisions\/9844"}],"wp:featuredmedia":[{"embeddable":true,"href":"https:\/\/serveiseducatius.xtec.cat\/solsones\/wp-json\/wp\/v2\/media\/9843"}],"wp:attachment":[{"href":"https:\/\/serveiseducatius.xtec.cat\/solsones\/wp-json\/wp\/v2\/media?parent=9841"}],"wp:term":[{"taxonomy":"category","embeddable":true,"href":"https:\/\/serveiseducatius.xtec.cat\/solsones\/wp-json\/wp\/v2\/categories?post=9841"},{"taxonomy":"post_tag","embeddable":true,"href":"https:\/\/serveiseducatius.xtec.cat\/solsones\/wp-json\/wp\/v2\/tags?post=9841"}],"curies":[{"name":"wp","href":"https:\/\/api.w.org\/{rel}","templated":true}]}}