{"id":9741,"date":"2018-01-31T17:43:07","date_gmt":"2018-01-31T16:43:07","guid":{"rendered":"http:\/\/serveiseducatius.xtec.cat\/solsones\/?p=9741"},"modified":"2018-02-18T21:19:05","modified_gmt":"2018-02-18T20:19:05","slug":"presentacio-maleta-pedagogica-nanokit-2-0","status":"publish","type":"post","link":"https:\/\/serveiseducatius.xtec.cat\/solsones\/portada\/presentacio-maleta-pedagogica-nanokit-2-0\/","title":{"rendered":"Presentaci\u00f3 maleta pedag\u00f2gica: Nanokit 2.0"},"content":{"rendered":"<p><a href=\"http:\/\/serveiseducatius.xtec.cat\/solsones\/wp-content\/uploads\/usu1176\/2017\/05\/NanoKit21.jpg\"><img loading=\"lazy\" decoding=\"async\" class=\"wp-image-9126 aligncenter\" src=\"http:\/\/serveiseducatius.xtec.cat\/solsones\/wp-content\/uploads\/usu1176\/2017\/05\/NanoKit21.jpg\" alt=\"\" width=\"371\" height=\"209\" srcset=\"https:\/\/serveiseducatius.xtec.cat\/solsones\/wp-content\/uploads\/usu1176\/2017\/05\/NanoKit21.jpg 960w, https:\/\/serveiseducatius.xtec.cat\/solsones\/wp-content\/uploads\/usu1176\/2017\/05\/NanoKit21-300x169.jpg 300w, https:\/\/serveiseducatius.xtec.cat\/solsones\/wp-content\/uploads\/usu1176\/2017\/05\/NanoKit21-768x432.jpg 768w\" sizes=\"auto, (max-width: 371px) 100vw, 371px\" \/><\/a><\/p>\n<p>El CRP del Bages organitza la presentaci\u00f3 de la\u00a0\u00a0<a href=\"http:\/\/serveiseducatius.xtec.cat\/solsones\/portada\/nanokit-2-0\/\">Maleta pedag\u00f2gica: Nanokit 2.0<\/a>\u00a0per al dilluns 19 de febrer de 2018, a la Sala d\u2019actes dels Serveis Territorials a la Catalunya Central.<\/p>\n<p>La sessi\u00f3 anir\u00e0 a c\u00e0rrec de professionals del\u00a0<a href=\"http:\/\/agora.xtec.cat\/cesire\/\" target=\"_blank\" rel=\"noopener noreferrer\">CESIRE<\/a>\u00a0i \u00a0constar\u00e0 de dues parts:<\/p>\n<ol>\n<li>Introducci\u00f3 a la nanoci\u00e8ncia i la nanotecnologia<\/li>\n<li>Presentaci\u00f3 dels recursos de la Maleta pedag\u00f2gica: Nanokit 2.0<\/li>\n<\/ol>\n<p>Comen\u00e7ar\u00e0 a les 4 de la tarda i tindr\u00e0 una durada de dues hores.<\/p>\n<p>Si hi voleu assistir ompliu el\u00a0<a href=\"https:\/\/docs.google.com\/forms\/d\/e\/1FAIpQLSdnjR3WOcFVU6ai7Sr5_441nh7SxH8HglObV27ZGCgumeCoqA\/viewform?usp=sf_link\" target=\"_blank\" rel=\"noopener noreferrer\">formulari seg\u00fcent<\/a><\/p>\n","protected":false},"excerpt":{"rendered":"<p>El CRP del Bages organitza la presentaci\u00f3 de la\u00a0\u00a0Maleta pedag\u00f2gica: Nanokit 2.0\u00a0per al dilluns 19 de febrer de 2018, a la Sala d\u2019actes dels Serveis Territorials a la Catalunya Central. La sessi\u00f3 anir\u00e0 a c\u00e0rrec de professionals del\u00a0CESIRE\u00a0i \u00a0constar\u00e0 de dues parts: Introducci\u00f3 a la nanoci\u00e8ncia i la nanotecnologia Presentaci\u00f3 dels recursos de la Maleta [&hellip;]<\/p>\n","protected":false},"author":1,"featured_media":9126,"comment_status":"closed","ping_status":"closed","sticky":false,"template":"","format":"standard","meta":{"_bbp_topic_count":0,"_bbp_reply_count":0,"_bbp_total_topic_count":0,"_bbp_total_reply_count":0,"_bbp_voice_count":0,"_bbp_anonymous_reply_count":0,"_bbp_topic_count_hidden":0,"_bbp_reply_count_hidden":0,"_bbp_forum_subforum_count":0,"site-sidebar-layout":"default","site-content-layout":"","ast-site-content-layout":"","site-content-style":"default","site-sidebar-style":"default","ast-global-header-display":"","ast-banner-title-visibility":"","ast-main-header-display":"","ast-hfb-above-header-display":"","ast-hfb-below-header-display":"","ast-hfb-mobile-header-display":"","site-post-title":"","ast-breadcrumbs-content":"","ast-featured-img":"","footer-sml-layout":"","theme-transparent-header-meta":"","adv-header-id-meta":"","stick-header-meta":"","header-above-stick-meta":"","header-main-stick-meta":"","header-below-stick-meta":"","astra-migrate-meta-layouts":"default","ast-page-background-enabled":"default","ast-page-background-meta":{"desktop":{"background-color":"var(--ast-global-color-4)","background-image":"","background-repeat":"repeat","background-position":"center center","background-size":"auto","background-attachment":"scroll","background-type":"","background-media":"","overlay-type":"","overlay-color":"","overlay-opacity":"","overlay-gradient":""},"tablet":{"background-color":"","background-image":"","background-repeat":"repeat","background-position":"center center","background-size":"auto","background-attachment":"scroll","background-type":"","background-media":"","overlay-type":"","overlay-color":"","overlay-opacity":"","overlay-gradient":""},"mobile":{"background-color":"","background-image":"","background-repeat":"repeat","background-position":"center center","background-size":"auto","background-attachment":"scroll","background-type":"","background-media":"","overlay-type":"","overlay-color":"","overlay-opacity":"","overlay-gradient":""}},"ast-content-background-meta":{"desktop":{"background-color":"var(--ast-global-color-5)","background-image":"","background-repeat":"repeat","background-position":"center center","background-size":"auto","background-attachment":"scroll","background-type":"","background-media":"","overlay-type":"","overlay-color":"","overlay-opacity":"","overlay-gradient":""},"tablet":{"background-color":"var(--ast-global-color-5)","background-image":"","background-repeat":"repeat","background-position":"center center","background-size":"auto","background-attachment":"scroll","background-type":"","background-media":"","overlay-type":"","overlay-color":"","overlay-opacity":"","overlay-gradient":""},"mobile":{"background-color":"var(--ast-global-color-5)","background-image":"","background-repeat":"repeat","background-position":"center center","background-size":"auto","background-attachment":"scroll","background-type":"","background-media":"","overlay-type":"","overlay-color":"","overlay-opacity":"","overlay-gradient":""}},"footnotes":""},"categories":[269,29],"tags":[454,456],"class_list":["post-9741","post","type-post","status-publish","format-standard","has-post-thumbnail","hentry","category-noticies-se","category-portada","tag-nanociencia","tag-nanokit"],"post_mailing_queue_ids":[],"_links":{"self":[{"href":"https:\/\/serveiseducatius.xtec.cat\/solsones\/wp-json\/wp\/v2\/posts\/9741","targetHints":{"allow":["GET"]}}],"collection":[{"href":"https:\/\/serveiseducatius.xtec.cat\/solsones\/wp-json\/wp\/v2\/posts"}],"about":[{"href":"https:\/\/serveiseducatius.xtec.cat\/solsones\/wp-json\/wp\/v2\/types\/post"}],"author":[{"embeddable":true,"href":"https:\/\/serveiseducatius.xtec.cat\/solsones\/wp-json\/wp\/v2\/users\/1"}],"replies":[{"embeddable":true,"href":"https:\/\/serveiseducatius.xtec.cat\/solsones\/wp-json\/wp\/v2\/comments?post=9741"}],"version-history":[{"count":3,"href":"https:\/\/serveiseducatius.xtec.cat\/solsones\/wp-json\/wp\/v2\/posts\/9741\/revisions"}],"predecessor-version":[{"id":9745,"href":"https:\/\/serveiseducatius.xtec.cat\/solsones\/wp-json\/wp\/v2\/posts\/9741\/revisions\/9745"}],"wp:featuredmedia":[{"embeddable":true,"href":"https:\/\/serveiseducatius.xtec.cat\/solsones\/wp-json\/wp\/v2\/media\/9126"}],"wp:attachment":[{"href":"https:\/\/serveiseducatius.xtec.cat\/solsones\/wp-json\/wp\/v2\/media?parent=9741"}],"wp:term":[{"taxonomy":"category","embeddable":true,"href":"https:\/\/serveiseducatius.xtec.cat\/solsones\/wp-json\/wp\/v2\/categories?post=9741"},{"taxonomy":"post_tag","embeddable":true,"href":"https:\/\/serveiseducatius.xtec.cat\/solsones\/wp-json\/wp\/v2\/tags?post=9741"}],"curies":[{"name":"wp","href":"https:\/\/api.w.org\/{rel}","templated":true}]}}