{"id":9407,"date":"2017-10-17T17:22:16","date_gmt":"2017-10-17T15:22:16","guid":{"rendered":"http:\/\/serveiseducatius.xtec.cat\/solsones\/?p=9407"},"modified":"2018-02-18T21:19:53","modified_gmt":"2018-02-18T20:19:53","slug":"segona-jornada-dintercanvi-dexperiencies-a-lescola-bressol","status":"publish","type":"post","link":"https:\/\/serveiseducatius.xtec.cat\/solsones\/portada\/segona-jornada-dintercanvi-dexperiencies-a-lescola-bressol\/","title":{"rendered":"Segona Jornada d\u2019intercanvi d\u2019experi\u00e8ncies a l\u2019escola bressol"},"content":{"rendered":"<p><img loading=\"lazy\" decoding=\"async\" class=\"alignleft \" src=\"http:\/\/serveiseducatius.xtec.cat\/bages\/wp-content\/uploads\/usu776\/2017\/10\/Cartell_jornada_llars_2017-001-724x1024.jpg\" width=\"335\" height=\"473\" \/>El dissabte 18 de novembre tindr\u00e0 lloc la <strong>Segona\u00a0Jornada d\u2019intercanvi d\u2019experi\u00e8ncies a l\u2019escola bressol<\/strong><em>.\u00a0<\/em>De 9.00 a 14.00 a la FUB-UManresa (Av Universit\u00e0ria 4-6 de Manresa) es duran a terme una confer\u00e8ncia, diverses presentacions simult\u00e0nies d\u2019experi\u00e8ncies i un acte de cloenda. Per poder-hi participar cal\u00a0<a href=\"https:\/\/aplicacions.gestioeducativa.gencat.cat\/pls\/soloas\/pk_for_mod_ins.p_for_detall_activitat?p_header=Llista%20d%27activitats^pk_for_mod_ins.p_for_cons_activitats?p_crp=B02%26p_any=2017-2018%26p_totes=S%26p_inici=1%26p_excloure_crp_rec=T&amp;p_codi=B024021B02&amp;p_curs=2017-2018&amp;p_excloure_crp_rec=T\" target=\"_blank\" rel=\"noopener noreferrer\">inscripci\u00f3<\/a>\u00a0pr\u00e8via que estar\u00e0 oberta fins el 3\u00a0de novembre.<\/p>\n<p>Podeu veure el <a href=\"http:\/\/serveiseducatius.xtec.cat\/bages\/wp-content\/uploads\/usu776\/2017\/10\/tri\u0301ptic_jornada_llars_2017.pdf\" target=\"_blank\" rel=\"noopener noreferrer\">tr\u00edptic<\/a> amb el programa de la jornada.<\/p>\n<p>Organitza:<\/p>\n<p>FUB-UManresa i Centre de Recursos Pedag\u00f2gics del Bages<\/p>\n","protected":false},"excerpt":{"rendered":"<p>El dissabte 18 de novembre tindr\u00e0 lloc la Segona\u00a0Jornada d\u2019intercanvi d\u2019experi\u00e8ncies a l\u2019escola bressol.\u00a0De 9.00 a 14.00 a la FUB-UManresa (Av Universit\u00e0ria 4-6 de Manresa) es duran a terme una confer\u00e8ncia, diverses presentacions simult\u00e0nies d\u2019experi\u00e8ncies i un acte de cloenda. Per poder-hi participar cal\u00a0inscripci\u00f3\u00a0pr\u00e8via que estar\u00e0 oberta fins el 3\u00a0de novembre. Podeu veure el tr\u00edptic [&hellip;]<\/p>\n","protected":false},"author":1,"featured_media":9408,"comment_status":"closed","ping_status":"closed","sticky":false,"template":"","format":"standard","meta":{"_bbp_topic_count":0,"_bbp_reply_count":0,"_bbp_total_topic_count":0,"_bbp_total_reply_count":0,"_bbp_voice_count":0,"_bbp_anonymous_reply_count":0,"_bbp_topic_count_hidden":0,"_bbp_reply_count_hidden":0,"_bbp_forum_subforum_count":0,"site-sidebar-layout":"default","site-content-layout":"","ast-site-content-layout":"","site-content-style":"default","site-sidebar-style":"default","ast-global-header-display":"","ast-banner-title-visibility":"","ast-main-header-display":"","ast-hfb-above-header-display":"","ast-hfb-below-header-display":"","ast-hfb-mobile-header-display":"","site-post-title":"","ast-breadcrumbs-content":"","ast-featured-img":"","footer-sml-layout":"","theme-transparent-header-meta":"","adv-header-id-meta":"","stick-header-meta":"","header-above-stick-meta":"","header-main-stick-meta":"","header-below-stick-meta":"","astra-migrate-meta-layouts":"default","ast-page-background-enabled":"default","ast-page-background-meta":{"desktop":{"background-color":"var(--ast-global-color-4)","background-image":"","background-repeat":"repeat","background-position":"center center","background-size":"auto","background-attachment":"scroll","background-type":"","background-media":"","overlay-type":"","overlay-color":"","overlay-opacity":"","overlay-gradient":""},"tablet":{"background-color":"","background-image":"","background-repeat":"repeat","background-position":"center center","background-size":"auto","background-attachment":"scroll","background-type":"","background-media":"","overlay-type":"","overlay-color":"","overlay-opacity":"","overlay-gradient":""},"mobile":{"background-color":"","background-image":"","background-repeat":"repeat","background-position":"center center","background-size":"auto","background-attachment":"scroll","background-type":"","background-media":"","overlay-type":"","overlay-color":"","overlay-opacity":"","overlay-gradient":""}},"ast-content-background-meta":{"desktop":{"background-color":"var(--ast-global-color-5)","background-image":"","background-repeat":"repeat","background-position":"center center","background-size":"auto","background-attachment":"scroll","background-type":"","background-media":"","overlay-type":"","overlay-color":"","overlay-opacity":"","overlay-gradient":""},"tablet":{"background-color":"var(--ast-global-color-5)","background-image":"","background-repeat":"repeat","background-position":"center center","background-size":"auto","background-attachment":"scroll","background-type":"","background-media":"","overlay-type":"","overlay-color":"","overlay-opacity":"","overlay-gradient":""},"mobile":{"background-color":"var(--ast-global-color-5)","background-image":"","background-repeat":"repeat","background-position":"center center","background-size":"auto","background-attachment":"scroll","background-type":"","background-media":"","overlay-type":"","overlay-color":"","overlay-opacity":"","overlay-gradient":""}},"footnotes":""},"categories":[268,29],"tags":[495],"class_list":["post-9407","post","type-post","status-publish","format-standard","has-post-thumbnail","hentry","category-noticies-generals","category-portada","tag-escola-bressol"],"post_mailing_queue_ids":[],"_links":{"self":[{"href":"https:\/\/serveiseducatius.xtec.cat\/solsones\/wp-json\/wp\/v2\/posts\/9407","targetHints":{"allow":["GET"]}}],"collection":[{"href":"https:\/\/serveiseducatius.xtec.cat\/solsones\/wp-json\/wp\/v2\/posts"}],"about":[{"href":"https:\/\/serveiseducatius.xtec.cat\/solsones\/wp-json\/wp\/v2\/types\/post"}],"author":[{"embeddable":true,"href":"https:\/\/serveiseducatius.xtec.cat\/solsones\/wp-json\/wp\/v2\/users\/1"}],"replies":[{"embeddable":true,"href":"https:\/\/serveiseducatius.xtec.cat\/solsones\/wp-json\/wp\/v2\/comments?post=9407"}],"version-history":[{"count":1,"href":"https:\/\/serveiseducatius.xtec.cat\/solsones\/wp-json\/wp\/v2\/posts\/9407\/revisions"}],"predecessor-version":[{"id":9409,"href":"https:\/\/serveiseducatius.xtec.cat\/solsones\/wp-json\/wp\/v2\/posts\/9407\/revisions\/9409"}],"wp:featuredmedia":[{"embeddable":true,"href":"https:\/\/serveiseducatius.xtec.cat\/solsones\/wp-json\/wp\/v2\/media\/9408"}],"wp:attachment":[{"href":"https:\/\/serveiseducatius.xtec.cat\/solsones\/wp-json\/wp\/v2\/media?parent=9407"}],"wp:term":[{"taxonomy":"category","embeddable":true,"href":"https:\/\/serveiseducatius.xtec.cat\/solsones\/wp-json\/wp\/v2\/categories?post=9407"},{"taxonomy":"post_tag","embeddable":true,"href":"https:\/\/serveiseducatius.xtec.cat\/solsones\/wp-json\/wp\/v2\/tags?post=9407"}],"curies":[{"name":"wp","href":"https:\/\/api.w.org\/{rel}","templated":true}]}}