{"id":9299,"date":"2017-09-15T15:15:42","date_gmt":"2017-09-15T13:15:42","guid":{"rendered":"http:\/\/serveiseducatius.xtec.cat\/solsones\/?p=9299"},"modified":"2018-02-18T21:19:55","modified_gmt":"2018-02-18T20:19:55","slug":"setmana-bio-a-lescola","status":"publish","type":"post","link":"https:\/\/serveiseducatius.xtec.cat\/solsones\/portada\/noticies-generals\/setmana-bio-a-lescola\/","title":{"rendered":"Setmana Bio a l\u2019Escola"},"content":{"rendered":"<p><img loading=\"lazy\" decoding=\"async\" class=\"aligncenter size-large\" src=\"http:\/\/serveiseducatius.xtec.cat\/bages\/wp-content\/uploads\/usu776\/2017\/09\/semana-bio1.jpg\" width=\"1004\" height=\"156\" \/>La\u00a0<a href=\"http:\/\/pae.gencat.cat\/es\/setmana\/setmana-bio-escola\/\" target=\"_blank\" rel=\"noopener noreferrer\"><em><strong>Setmana Bio a l\u2019Escola<\/strong><\/em><\/a>\u00a0\u00e9s una iniciativa del\u00a0Departament d\u2019Agricultura, Ramaderia, Pesca i Alimentaci\u00f3, conjuntament amb el\u00a0Departament d\u2019Ensenyament\u00a0i el\u00a0Departament de Territori i Sostenibilitat\u00a0que permetr\u00e0 programar al llarg de la setmana lectiva escolar, tot un seguit d\u2019activitats destinades a donar a con\u00e8ixer i treballar la producci\u00f3 aliment\u00e0ria ecol\u00f2gica entre la comunitat educativa.<\/p>\n<p>La Setmana Bio a l\u2019escola tindr\u00e0 lloc del <strong>23 al 27 d\u2019octubre<\/strong> de 2017. Al llarg d\u2019aquesta setmana tamb\u00e9 es lliuraran els premis Escola, Agricultura i Alimentaci\u00f3 Ecol\u00f2gica.<\/p>\n<p><strong>Activitats a les que es poden inscriure els centres educatius:<\/strong><\/p>\n<ul>\n<li>Activitats lectives i xerrades divulgatives sobre producci\u00f3 agroaliment\u00e0ria ecol\u00f2gica.<\/li>\n<li>Confer\u00e8ncies de pagesos o artesans ecol\u00f2gics al centre, per explicar la seva feina als alumnes.<\/li>\n<li>Jornada de portes obertes a l\u2019hort del centre, per a les fam\u00edlies i els alumnes.<\/li>\n<li>Jocs, tallers i racons relacionats amb la producci\u00f3 d\u2019aliments i l\u2019hort escolar.<\/li>\n<li>Visites a finques i granges de pagesos o obradors d\u2019artesans alimentaris ecol\u00f2gics.<\/li>\n<li>Jornada de mercat agroecol\u00f2gic al centre, amb participaci\u00f3 de tota la comunitat educativa i amb aliments de productors locals i\/o elaborats en la cuina del centre.<\/li>\n<li>Esmorzars o dinars amb productes ecol\u00f2gics.<\/li>\n<li>Passi d\u2019algun documental sobre producci\u00f3 ecol\u00f2gica i f\u00f2rum posterior.<\/li>\n<li>Construcci\u00f3 comunitari d\u2019un compostador o qualsevol altre element relacionat amb l\u2019hort ecol\u00f2gic del centre.<\/li>\n<li>Sortida de reconeixement de fauna \u00fatil en els horts del municipi.<\/li>\n<\/ul>\n<p><strong>Productors ecol\u00f2gics que hi participaran<\/strong><\/p>\n<p>Podeu consultar\u00a0<a href=\"http:\/\/serveiseducatius.xtec.cat\/bages\/wp-content\/uploads\/usu776\/2017\/09\/Operadors-ecol%C3%B2gics-de-Setmana-Bio-a-lEscola.pdf\" target=\"_blank\" rel=\"noopener noreferrer\">la llista de productors<\/a>\u00a0on hi\u00a0 trobareu les dades de contacte i de quina manera s&#8217;ofereixen a participar.<\/p>\n<p><strong>Inscripci\u00f3 a la Setmana Bio a l\u2019escola<\/strong><\/p>\n<p>Tots aquells centres educatius interessats cal que ompliu el seg\u00fcent\u00a0<a href=\"https:\/\/docs.google.com\/forms\/d\/e\/1FAIpQLSc6FX24P31jURTg7-pt_pI2obFIgksVTo45GKsLPByY6FqwTQ\/viewform\" target=\"_blank\" rel=\"noopener noreferrer\">formulari<\/a>\u00a0especificant les dades de contacte i una breu descripci\u00f3 de l&#8217;activitat que es vol realitzar.<\/p>\n<p>M\u00e9s informaci\u00f3. Si teniu qualsevol dubte, podeu posar-vos en contacte amb la Unitat de Producci\u00f3 Ecol\u00f2gica trucant al 93.409.20.90 o a trav\u00e9s del correu electr\u00f2nic\u00a0<a href=\"mailto:eco.daaam@gencat.cat\">eco.daaam<wbr \/>@gencat.cat<\/a><\/p>\n","protected":false},"excerpt":{"rendered":"<p>La\u00a0Setmana Bio a l\u2019Escola\u00a0\u00e9s una iniciativa del\u00a0Departament d\u2019Agricultura, Ramaderia, Pesca i Alimentaci\u00f3, conjuntament amb el\u00a0Departament d\u2019Ensenyament\u00a0i el\u00a0Departament de Territori i Sostenibilitat\u00a0que permetr\u00e0 programar al llarg de la setmana lectiva escolar, tot un seguit d\u2019activitats destinades a donar a con\u00e8ixer i treballar la producci\u00f3 aliment\u00e0ria ecol\u00f2gica entre la comunitat educativa. La Setmana Bio a l\u2019escola tindr\u00e0 [&hellip;]<\/p>\n","protected":false},"author":1,"featured_media":9300,"comment_status":"closed","ping_status":"closed","sticky":false,"template":"","format":"standard","meta":{"_bbp_topic_count":0,"_bbp_reply_count":0,"_bbp_total_topic_count":0,"_bbp_total_reply_count":0,"_bbp_voice_count":0,"_bbp_anonymous_reply_count":0,"_bbp_topic_count_hidden":0,"_bbp_reply_count_hidden":0,"_bbp_forum_subforum_count":0,"site-sidebar-layout":"default","site-content-layout":"","ast-site-content-layout":"","site-content-style":"default","site-sidebar-style":"default","ast-global-header-display":"","ast-banner-title-visibility":"","ast-main-header-display":"","ast-hfb-above-header-display":"","ast-hfb-below-header-display":"","ast-hfb-mobile-header-display":"","site-post-title":"","ast-breadcrumbs-content":"","ast-featured-img":"","footer-sml-layout":"","theme-transparent-header-meta":"","adv-header-id-meta":"","stick-header-meta":"","header-above-stick-meta":"","header-main-stick-meta":"","header-below-stick-meta":"","astra-migrate-meta-layouts":"default","ast-page-background-enabled":"default","ast-page-background-meta":{"desktop":{"background-color":"var(--ast-global-color-4)","background-image":"","background-repeat":"repeat","background-position":"center center","background-size":"auto","background-attachment":"scroll","background-type":"","background-media":"","overlay-type":"","overlay-color":"","overlay-opacity":"","overlay-gradient":""},"tablet":{"background-color":"","background-image":"","background-repeat":"repeat","background-position":"center center","background-size":"auto","background-attachment":"scroll","background-type":"","background-media":"","overlay-type":"","overlay-color":"","overlay-opacity":"","overlay-gradient":""},"mobile":{"background-color":"","background-image":"","background-repeat":"repeat","background-position":"center center","background-size":"auto","background-attachment":"scroll","background-type":"","background-media":"","overlay-type":"","overlay-color":"","overlay-opacity":"","overlay-gradient":""}},"ast-content-background-meta":{"desktop":{"background-color":"var(--ast-global-color-5)","background-image":"","background-repeat":"repeat","background-position":"center center","background-size":"auto","background-attachment":"scroll","background-type":"","background-media":"","overlay-type":"","overlay-color":"","overlay-opacity":"","overlay-gradient":""},"tablet":{"background-color":"var(--ast-global-color-5)","background-image":"","background-repeat":"repeat","background-position":"center center","background-size":"auto","background-attachment":"scroll","background-type":"","background-media":"","overlay-type":"","overlay-color":"","overlay-opacity":"","overlay-gradient":""},"mobile":{"background-color":"var(--ast-global-color-5)","background-image":"","background-repeat":"repeat","background-position":"center center","background-size":"auto","background-attachment":"scroll","background-type":"","background-media":"","overlay-type":"","overlay-color":"","overlay-opacity":"","overlay-gradient":""}},"footnotes":""},"categories":[268],"tags":[488,352],"class_list":["post-9299","post","type-post","status-publish","format-standard","has-post-thumbnail","hentry","category-noticies-generals","tag-bio","tag-medi-ambient"],"post_mailing_queue_ids":[],"_links":{"self":[{"href":"https:\/\/serveiseducatius.xtec.cat\/solsones\/wp-json\/wp\/v2\/posts\/9299","targetHints":{"allow":["GET"]}}],"collection":[{"href":"https:\/\/serveiseducatius.xtec.cat\/solsones\/wp-json\/wp\/v2\/posts"}],"about":[{"href":"https:\/\/serveiseducatius.xtec.cat\/solsones\/wp-json\/wp\/v2\/types\/post"}],"author":[{"embeddable":true,"href":"https:\/\/serveiseducatius.xtec.cat\/solsones\/wp-json\/wp\/v2\/users\/1"}],"replies":[{"embeddable":true,"href":"https:\/\/serveiseducatius.xtec.cat\/solsones\/wp-json\/wp\/v2\/comments?post=9299"}],"version-history":[{"count":2,"href":"https:\/\/serveiseducatius.xtec.cat\/solsones\/wp-json\/wp\/v2\/posts\/9299\/revisions"}],"predecessor-version":[{"id":9310,"href":"https:\/\/serveiseducatius.xtec.cat\/solsones\/wp-json\/wp\/v2\/posts\/9299\/revisions\/9310"}],"wp:featuredmedia":[{"embeddable":true,"href":"https:\/\/serveiseducatius.xtec.cat\/solsones\/wp-json\/wp\/v2\/media\/9300"}],"wp:attachment":[{"href":"https:\/\/serveiseducatius.xtec.cat\/solsones\/wp-json\/wp\/v2\/media?parent=9299"}],"wp:term":[{"taxonomy":"category","embeddable":true,"href":"https:\/\/serveiseducatius.xtec.cat\/solsones\/wp-json\/wp\/v2\/categories?post=9299"},{"taxonomy":"post_tag","embeddable":true,"href":"https:\/\/serveiseducatius.xtec.cat\/solsones\/wp-json\/wp\/v2\/tags?post=9299"}],"curies":[{"name":"wp","href":"https:\/\/api.w.org\/{rel}","templated":true}]}}