{"id":8984,"date":"2017-01-20T16:32:29","date_gmt":"2017-01-20T15:32:29","guid":{"rendered":"http:\/\/serveiseducatius.xtec.cat\/solsones\/?p=8984"},"modified":"2018-02-18T21:21:31","modified_gmt":"2018-02-18T20:21:31","slug":"club-de-lectura-dalbums-il%c2%b7lustrats-a-solsona","status":"publish","type":"post","link":"https:\/\/serveiseducatius.xtec.cat\/solsones\/portada\/noticies-generals\/club-de-lectura-dalbums-il%c2%b7lustrats-a-solsona\/","title":{"rendered":"Club de lectura d&#8217;\u00e0lbums il\u00b7lustrats a Solsona"},"content":{"rendered":"<p><a href=\"http:\/\/serveiseducatius.xtec.cat\/solsones\/wp-content\/uploads\/usu1176\/2017\/01\/Logo-biblioteca-Carles-Morat\u00f31.jpg\"><img loading=\"lazy\" decoding=\"async\" class=\"alignnone size-full wp-image-8985\" src=\"http:\/\/serveiseducatius.xtec.cat\/solsones\/wp-content\/uploads\/usu1176\/2017\/01\/Logo-biblioteca-Carles-Morat\u00f31.jpg\" alt=\"logo-biblioteca-carles-morato1\" width=\"807\" height=\"367\" srcset=\"https:\/\/serveiseducatius.xtec.cat\/solsones\/wp-content\/uploads\/usu1176\/2017\/01\/Logo-biblioteca-Carles-Morat\u00f31.jpg 807w, https:\/\/serveiseducatius.xtec.cat\/solsones\/wp-content\/uploads\/usu1176\/2017\/01\/Logo-biblioteca-Carles-Morat\u00f31-300x136.jpg 300w, https:\/\/serveiseducatius.xtec.cat\/solsones\/wp-content\/uploads\/usu1176\/2017\/01\/Logo-biblioteca-Carles-Morat\u00f31-768x349.jpg 768w\" sizes=\"auto, (max-width: 807px) 100vw, 807px\" \/><\/a>La <strong>Biblioteca Carles Morat\u00f3<\/strong> crea el <strong>Grup de Lectura d&#8217;\u00e0lbums il\u00b7lustrats<\/strong>. \u00c9s una activitat gestionada per la pr\u00f2pia Biblioteca per donar a con\u00e8ixer aquesta tipologia d\u2019obres i aprendre a analitzar-les tenint en compte totes les seves caracter\u00edstiques; fomentar la lectura atenta i detinguda en els detalls; i compartir experi\u00e8ncies, interpretacions i opinions. En cap cas es planteja com unes sessions de formaci\u00f3 o de grups d&#8217;experts, es tracta de construir coneixement entre tots.<\/p>\n<p>Les trobades seran mensuals. El primer dijous de cada mes de 7 a 8 de la tarda. Comencem el 2 de febrer.<\/p>\n<p>M\u00e9s informaci\u00f3 i inscripcions a <a href=\"http:\/\/bibliotecasolsona.cat\/\" target=\"_blank\">http:\/\/bibliotecasolsona.cat\/<\/a>, <a href=\"mailto:biblioteca.solsona@gencat.cat\" target=\"_blank\">biblioteca.solsona@gencat.cat<\/a>, 973482226 o a la mateixa Biblioteca.<\/p>\n","protected":false},"excerpt":{"rendered":"<p>La Biblioteca Carles Morat\u00f3 crea el Grup de Lectura d&#8217;\u00e0lbums il\u00b7lustrats. \u00c9s una activitat gestionada per la pr\u00f2pia Biblioteca per donar a con\u00e8ixer aquesta tipologia d\u2019obres i aprendre a analitzar-les tenint en compte totes les seves caracter\u00edstiques; fomentar la lectura atenta i detinguda en els detalls; i compartir experi\u00e8ncies, interpretacions i opinions. En cap cas [&hellip;]<\/p>\n","protected":false},"author":1,"featured_media":8985,"comment_status":"closed","ping_status":"open","sticky":false,"template":"","format":"standard","meta":{"_bbp_topic_count":0,"_bbp_reply_count":0,"_bbp_total_topic_count":0,"_bbp_total_reply_count":0,"_bbp_voice_count":0,"_bbp_anonymous_reply_count":0,"_bbp_topic_count_hidden":0,"_bbp_reply_count_hidden":0,"_bbp_forum_subforum_count":0,"site-sidebar-layout":"default","site-content-layout":"","ast-site-content-layout":"","site-content-style":"default","site-sidebar-style":"default","ast-global-header-display":"","ast-banner-title-visibility":"","ast-main-header-display":"","ast-hfb-above-header-display":"","ast-hfb-below-header-display":"","ast-hfb-mobile-header-display":"","site-post-title":"","ast-breadcrumbs-content":"","ast-featured-img":"","footer-sml-layout":"","theme-transparent-header-meta":"","adv-header-id-meta":"","stick-header-meta":"","header-above-stick-meta":"","header-main-stick-meta":"","header-below-stick-meta":"","astra-migrate-meta-layouts":"default","ast-page-background-enabled":"default","ast-page-background-meta":{"desktop":{"background-color":"var(--ast-global-color-4)","background-image":"","background-repeat":"repeat","background-position":"center center","background-size":"auto","background-attachment":"scroll","background-type":"","background-media":"","overlay-type":"","overlay-color":"","overlay-opacity":"","overlay-gradient":""},"tablet":{"background-color":"","background-image":"","background-repeat":"repeat","background-position":"center center","background-size":"auto","background-attachment":"scroll","background-type":"","background-media":"","overlay-type":"","overlay-color":"","overlay-opacity":"","overlay-gradient":""},"mobile":{"background-color":"","background-image":"","background-repeat":"repeat","background-position":"center center","background-size":"auto","background-attachment":"scroll","background-type":"","background-media":"","overlay-type":"","overlay-color":"","overlay-opacity":"","overlay-gradient":""}},"ast-content-background-meta":{"desktop":{"background-color":"var(--ast-global-color-5)","background-image":"","background-repeat":"repeat","background-position":"center center","background-size":"auto","background-attachment":"scroll","background-type":"","background-media":"","overlay-type":"","overlay-color":"","overlay-opacity":"","overlay-gradient":""},"tablet":{"background-color":"var(--ast-global-color-5)","background-image":"","background-repeat":"repeat","background-position":"center center","background-size":"auto","background-attachment":"scroll","background-type":"","background-media":"","overlay-type":"","overlay-color":"","overlay-opacity":"","overlay-gradient":""},"mobile":{"background-color":"var(--ast-global-color-5)","background-image":"","background-repeat":"repeat","background-position":"center center","background-size":"auto","background-attachment":"scroll","background-type":"","background-media":"","overlay-type":"","overlay-color":"","overlay-opacity":"","overlay-gradient":""}},"footnotes":""},"categories":[268],"tags":[295,401,438],"class_list":["post-8984","post","type-post","status-publish","format-standard","has-post-thumbnail","hentry","category-noticies-generals","tag-albums-illustrats","tag-biblioteca-carles-morato","tag-club-de-lectura"],"post_mailing_queue_ids":[],"_links":{"self":[{"href":"https:\/\/serveiseducatius.xtec.cat\/solsones\/wp-json\/wp\/v2\/posts\/8984","targetHints":{"allow":["GET"]}}],"collection":[{"href":"https:\/\/serveiseducatius.xtec.cat\/solsones\/wp-json\/wp\/v2\/posts"}],"about":[{"href":"https:\/\/serveiseducatius.xtec.cat\/solsones\/wp-json\/wp\/v2\/types\/post"}],"author":[{"embeddable":true,"href":"https:\/\/serveiseducatius.xtec.cat\/solsones\/wp-json\/wp\/v2\/users\/1"}],"replies":[{"embeddable":true,"href":"https:\/\/serveiseducatius.xtec.cat\/solsones\/wp-json\/wp\/v2\/comments?post=8984"}],"version-history":[{"count":1,"href":"https:\/\/serveiseducatius.xtec.cat\/solsones\/wp-json\/wp\/v2\/posts\/8984\/revisions"}],"predecessor-version":[{"id":8986,"href":"https:\/\/serveiseducatius.xtec.cat\/solsones\/wp-json\/wp\/v2\/posts\/8984\/revisions\/8986"}],"wp:featuredmedia":[{"embeddable":true,"href":"https:\/\/serveiseducatius.xtec.cat\/solsones\/wp-json\/wp\/v2\/media\/8985"}],"wp:attachment":[{"href":"https:\/\/serveiseducatius.xtec.cat\/solsones\/wp-json\/wp\/v2\/media?parent=8984"}],"wp:term":[{"taxonomy":"category","embeddable":true,"href":"https:\/\/serveiseducatius.xtec.cat\/solsones\/wp-json\/wp\/v2\/categories?post=8984"},{"taxonomy":"post_tag","embeddable":true,"href":"https:\/\/serveiseducatius.xtec.cat\/solsones\/wp-json\/wp\/v2\/tags?post=8984"}],"curies":[{"name":"wp","href":"https:\/\/api.w.org\/{rel}","templated":true}]}}