{"id":8914,"date":"2016-12-07T09:48:59","date_gmt":"2016-12-07T08:48:59","guid":{"rendered":"http:\/\/serveiseducatius.xtec.cat\/solsones\/?p=8914"},"modified":"2018-02-18T21:21:51","modified_gmt":"2018-02-18T20:21:51","slug":"viii-jornada-de-dialegs-educatius-la-cultura-matematica-de-les-persones","status":"publish","type":"post","link":"https:\/\/serveiseducatius.xtec.cat\/solsones\/formacio\/formacio_ins\/viii-jornada-de-dialegs-educatius-la-cultura-matematica-de-les-persones\/","title":{"rendered":"VIII Jornada de Di\u00e0legs Educatius \u201cLa cultura matem\u00e0tica de les persones\u201d"},"content":{"rendered":"<p><a href=\"http:\/\/serveiseducatius.xtec.cat\/solsones\/wp-content\/uploads\/usu1176\/2016\/12\/fub1.png\"><img loading=\"lazy\" decoding=\"async\" class=\"size-full wp-image-8916 alignleft\" src=\"http:\/\/serveiseducatius.xtec.cat\/solsones\/wp-content\/uploads\/usu1176\/2016\/12\/fub1.png\" alt=\"fub1\" width=\"177\" height=\"250\" \/><\/a>El proper <strong>28<\/strong><strong>\u00a0de gener<\/strong>\u00a0els Estudis d\u2019Educaci\u00f3 Infantil del Campus UManresa celebraran la 8a edici\u00f3 de les Jornades de Di\u00e0legs Educatius, que enguany porten com a t\u00edtol <strong>\u201cLa cultura matem\u00e0tica de les persones\u201d<\/strong>. Aquestes jornades estan adre\u00e7ades a mestres, educadors\/es i qualsevol persona amb inter\u00e8s per l\u2019educaci\u00f3.<\/p>\n<p><strong>Dates d\u2019inscripci\u00f3:<\/strong><br \/>\nDel 30-11-2016 al 26-01-2017.<\/p>\n<p><strong>Lloc:<\/strong><br \/>\nUManresa \u2013 Fundaci\u00f3 Universit\u00e0ria del Bages (Universitat de Vic \u2013 Universitat Central de Catalunya)<br \/>\nAv. Universit\u00e0ria, 4-6<br \/>\n08242 Manresa (Barcelona)<\/p>\n<p><a href=\"http:\/\/blocs.umanresa.cat\/educaciofub\/2016\/11\/30\/viii-jornada-de-dialegs-educatius-la-cultura-matematica-de-les-persones\/\" target=\"_blank\">M\u00e9s informaci\u00f3<\/a><\/p>\n","protected":false},"excerpt":{"rendered":"<p>El proper 28\u00a0de gener\u00a0els Estudis d\u2019Educaci\u00f3 Infantil del Campus UManresa celebraran la 8a edici\u00f3 de les Jornades de Di\u00e0legs Educatius, que enguany porten com a t\u00edtol \u201cLa cultura matem\u00e0tica de les persones\u201d. Aquestes jornades estan adre\u00e7ades a mestres, educadors\/es i qualsevol persona amb inter\u00e8s per l\u2019educaci\u00f3. Dates d\u2019inscripci\u00f3: Del 30-11-2016 al 26-01-2017. Lloc: UManresa \u2013 [&hellip;]<\/p>\n","protected":false},"author":1,"featured_media":8916,"comment_status":"closed","ping_status":"open","sticky":false,"template":"","format":"standard","meta":{"_bbp_topic_count":0,"_bbp_reply_count":0,"_bbp_total_topic_count":0,"_bbp_total_reply_count":0,"_bbp_voice_count":0,"_bbp_anonymous_reply_count":0,"_bbp_topic_count_hidden":0,"_bbp_reply_count_hidden":0,"_bbp_forum_subforum_count":0,"site-sidebar-layout":"default","site-content-layout":"","ast-site-content-layout":"","site-content-style":"default","site-sidebar-style":"default","ast-global-header-display":"","ast-banner-title-visibility":"","ast-main-header-display":"","ast-hfb-above-header-display":"","ast-hfb-below-header-display":"","ast-hfb-mobile-header-display":"","site-post-title":"","ast-breadcrumbs-content":"","ast-featured-img":"","footer-sml-layout":"","theme-transparent-header-meta":"","adv-header-id-meta":"","stick-header-meta":"","header-above-stick-meta":"","header-main-stick-meta":"","header-below-stick-meta":"","astra-migrate-meta-layouts":"default","ast-page-background-enabled":"default","ast-page-background-meta":{"desktop":{"background-color":"var(--ast-global-color-4)","background-image":"","background-repeat":"repeat","background-position":"center center","background-size":"auto","background-attachment":"scroll","background-type":"","background-media":"","overlay-type":"","overlay-color":"","overlay-opacity":"","overlay-gradient":""},"tablet":{"background-color":"","background-image":"","background-repeat":"repeat","background-position":"center center","background-size":"auto","background-attachment":"scroll","background-type":"","background-media":"","overlay-type":"","overlay-color":"","overlay-opacity":"","overlay-gradient":""},"mobile":{"background-color":"","background-image":"","background-repeat":"repeat","background-position":"center center","background-size":"auto","background-attachment":"scroll","background-type":"","background-media":"","overlay-type":"","overlay-color":"","overlay-opacity":"","overlay-gradient":""}},"ast-content-background-meta":{"desktop":{"background-color":"var(--ast-global-color-5)","background-image":"","background-repeat":"repeat","background-position":"center center","background-size":"auto","background-attachment":"scroll","background-type":"","background-media":"","overlay-type":"","overlay-color":"","overlay-opacity":"","overlay-gradient":""},"tablet":{"background-color":"var(--ast-global-color-5)","background-image":"","background-repeat":"repeat","background-position":"center center","background-size":"auto","background-attachment":"scroll","background-type":"","background-media":"","overlay-type":"","overlay-color":"","overlay-opacity":"","overlay-gradient":""},"mobile":{"background-color":"var(--ast-global-color-5)","background-image":"","background-repeat":"repeat","background-position":"center center","background-size":"auto","background-attachment":"scroll","background-type":"","background-media":"","overlay-type":"","overlay-color":"","overlay-opacity":"","overlay-gradient":""}},"footnotes":""},"categories":[268,235],"tags":[226,215,424,41],"class_list":["post-8914","post","type-post","status-publish","format-standard","has-post-thumbnail","hentry","category-noticies-generals","category-formacio_ins","tag-formacio","tag-formacio-permanent-del-professorat","tag-fub","tag-matematiques"],"post_mailing_queue_ids":[],"_links":{"self":[{"href":"https:\/\/serveiseducatius.xtec.cat\/solsones\/wp-json\/wp\/v2\/posts\/8914","targetHints":{"allow":["GET"]}}],"collection":[{"href":"https:\/\/serveiseducatius.xtec.cat\/solsones\/wp-json\/wp\/v2\/posts"}],"about":[{"href":"https:\/\/serveiseducatius.xtec.cat\/solsones\/wp-json\/wp\/v2\/types\/post"}],"author":[{"embeddable":true,"href":"https:\/\/serveiseducatius.xtec.cat\/solsones\/wp-json\/wp\/v2\/users\/1"}],"replies":[{"embeddable":true,"href":"https:\/\/serveiseducatius.xtec.cat\/solsones\/wp-json\/wp\/v2\/comments?post=8914"}],"version-history":[{"count":2,"href":"https:\/\/serveiseducatius.xtec.cat\/solsones\/wp-json\/wp\/v2\/posts\/8914\/revisions"}],"predecessor-version":[{"id":8917,"href":"https:\/\/serveiseducatius.xtec.cat\/solsones\/wp-json\/wp\/v2\/posts\/8914\/revisions\/8917"}],"wp:featuredmedia":[{"embeddable":true,"href":"https:\/\/serveiseducatius.xtec.cat\/solsones\/wp-json\/wp\/v2\/media\/8916"}],"wp:attachment":[{"href":"https:\/\/serveiseducatius.xtec.cat\/solsones\/wp-json\/wp\/v2\/media?parent=8914"}],"wp:term":[{"taxonomy":"category","embeddable":true,"href":"https:\/\/serveiseducatius.xtec.cat\/solsones\/wp-json\/wp\/v2\/categories?post=8914"},{"taxonomy":"post_tag","embeddable":true,"href":"https:\/\/serveiseducatius.xtec.cat\/solsones\/wp-json\/wp\/v2\/tags?post=8914"}],"curies":[{"name":"wp","href":"https:\/\/api.w.org\/{rel}","templated":true}]}}