{"id":8666,"date":"2016-09-27T22:15:47","date_gmt":"2016-09-27T21:15:47","guid":{"rendered":"http:\/\/serveiseducatius.xtec.cat\/solsones\/?p=8666"},"modified":"2018-02-18T21:22:15","modified_gmt":"2018-02-18T20:22:15","slug":"aula-parlament","status":"publish","type":"post","link":"https:\/\/serveiseducatius.xtec.cat\/solsones\/portada\/aula-parlament\/","title":{"rendered":"Aula Parlament"},"content":{"rendered":"<p><a href=\"http:\/\/serveiseducatius.xtec.cat\/solsones\/wp-content\/uploads\/usu1176\/2016\/09\/1501261.jpg\"><img loading=\"lazy\" decoding=\"async\" class=\"size-full wp-image-8672 alignleft\" src=\"http:\/\/serveiseducatius.xtec.cat\/solsones\/wp-content\/uploads\/usu1176\/2016\/09\/1501261.jpg\" alt=\"1501261\" width=\"400\" height=\"220\" srcset=\"https:\/\/serveiseducatius.xtec.cat\/solsones\/wp-content\/uploads\/usu1176\/2016\/09\/1501261.jpg 400w, https:\/\/serveiseducatius.xtec.cat\/solsones\/wp-content\/uploads\/usu1176\/2016\/09\/1501261-300x165.jpg 300w\" sizes=\"auto, (max-width: 400px) 100vw, 400px\" \/><\/a><strong>Aula Parlament<\/strong> \u00e9s la plataforma de participaci\u00f3 ciutadana amb totes les activitats educatives i de difusi\u00f3 que el Parlament de Catalunya posa a la disposici\u00f3 dels ciutadans. Us convidem a participar en els nostres tallers, cursos i altres activitats que organitzem per a tothom.<\/p>\n<p>Hi trobareu activitats que requereixen un nombre m\u00ednim de participants i altres en qu\u00e8 us podeu matricular individualment. Totes les activitats s\u00f3n gratu\u00eftes, es fan al Palau del Parlament i se n&#8217;ha de fer reserva pr\u00e8via per mitj\u00e0 del web.<\/p>\n<p>Les diputacions, d&#8217;acord amb el conveni que han signat amb el Parlament, finan\u00e7aran el cost del servei d&#8217;autocar amb conductor dels centres educatius de fora de l&#8217;\u00c0rea Metropolitana de Barcelona.\u00a0<a href=\"http:\/\/www.parlament.cat\/web\/serveis-educatius\/index.html\" target=\"_blank\">www.parlament.cat\/<b>aulaparlament<\/b><\/a><\/p>\n","protected":false},"excerpt":{"rendered":"<p>Aula Parlament \u00e9s la plataforma de participaci\u00f3 ciutadana amb totes les activitats educatives i de difusi\u00f3 que el Parlament de Catalunya posa a la disposici\u00f3 dels ciutadans. Us convidem a participar en els nostres tallers, cursos i altres activitats que organitzem per a tothom. Hi trobareu activitats que requereixen un nombre m\u00ednim de participants i [&hellip;]<\/p>\n","protected":false},"author":1,"featured_media":8672,"comment_status":"closed","ping_status":"open","sticky":false,"template":"","format":"standard","meta":{"_bbp_topic_count":0,"_bbp_reply_count":0,"_bbp_total_topic_count":0,"_bbp_total_reply_count":0,"_bbp_voice_count":0,"_bbp_anonymous_reply_count":0,"_bbp_topic_count_hidden":0,"_bbp_reply_count_hidden":0,"_bbp_forum_subforum_count":0,"site-sidebar-layout":"default","site-content-layout":"","ast-site-content-layout":"","site-content-style":"default","site-sidebar-style":"default","ast-global-header-display":"","ast-banner-title-visibility":"","ast-main-header-display":"","ast-hfb-above-header-display":"","ast-hfb-below-header-display":"","ast-hfb-mobile-header-display":"","site-post-title":"","ast-breadcrumbs-content":"","ast-featured-img":"","footer-sml-layout":"","theme-transparent-header-meta":"","adv-header-id-meta":"","stick-header-meta":"","header-above-stick-meta":"","header-main-stick-meta":"","header-below-stick-meta":"","astra-migrate-meta-layouts":"default","ast-page-background-enabled":"default","ast-page-background-meta":{"desktop":{"background-color":"var(--ast-global-color-4)","background-image":"","background-repeat":"repeat","background-position":"center center","background-size":"auto","background-attachment":"scroll","background-type":"","background-media":"","overlay-type":"","overlay-color":"","overlay-opacity":"","overlay-gradient":""},"tablet":{"background-color":"","background-image":"","background-repeat":"repeat","background-position":"center center","background-size":"auto","background-attachment":"scroll","background-type":"","background-media":"","overlay-type":"","overlay-color":"","overlay-opacity":"","overlay-gradient":""},"mobile":{"background-color":"","background-image":"","background-repeat":"repeat","background-position":"center center","background-size":"auto","background-attachment":"scroll","background-type":"","background-media":"","overlay-type":"","overlay-color":"","overlay-opacity":"","overlay-gradient":""}},"ast-content-background-meta":{"desktop":{"background-color":"var(--ast-global-color-5)","background-image":"","background-repeat":"repeat","background-position":"center center","background-size":"auto","background-attachment":"scroll","background-type":"","background-media":"","overlay-type":"","overlay-color":"","overlay-opacity":"","overlay-gradient":""},"tablet":{"background-color":"var(--ast-global-color-5)","background-image":"","background-repeat":"repeat","background-position":"center center","background-size":"auto","background-attachment":"scroll","background-type":"","background-media":"","overlay-type":"","overlay-color":"","overlay-opacity":"","overlay-gradient":""},"mobile":{"background-color":"var(--ast-global-color-5)","background-image":"","background-repeat":"repeat","background-position":"center center","background-size":"auto","background-attachment":"scroll","background-type":"","background-media":"","overlay-type":"","overlay-color":"","overlay-opacity":"","overlay-gradient":""}},"footnotes":""},"categories":[268,29],"tags":[388],"class_list":["post-8666","post","type-post","status-publish","format-standard","has-post-thumbnail","hentry","category-noticies-generals","category-portada","tag-parlament-de-catalunya"],"post_mailing_queue_ids":[],"_links":{"self":[{"href":"https:\/\/serveiseducatius.xtec.cat\/solsones\/wp-json\/wp\/v2\/posts\/8666","targetHints":{"allow":["GET"]}}],"collection":[{"href":"https:\/\/serveiseducatius.xtec.cat\/solsones\/wp-json\/wp\/v2\/posts"}],"about":[{"href":"https:\/\/serveiseducatius.xtec.cat\/solsones\/wp-json\/wp\/v2\/types\/post"}],"author":[{"embeddable":true,"href":"https:\/\/serveiseducatius.xtec.cat\/solsones\/wp-json\/wp\/v2\/users\/1"}],"replies":[{"embeddable":true,"href":"https:\/\/serveiseducatius.xtec.cat\/solsones\/wp-json\/wp\/v2\/comments?post=8666"}],"version-history":[{"count":3,"href":"https:\/\/serveiseducatius.xtec.cat\/solsones\/wp-json\/wp\/v2\/posts\/8666\/revisions"}],"predecessor-version":[{"id":8674,"href":"https:\/\/serveiseducatius.xtec.cat\/solsones\/wp-json\/wp\/v2\/posts\/8666\/revisions\/8674"}],"wp:featuredmedia":[{"embeddable":true,"href":"https:\/\/serveiseducatius.xtec.cat\/solsones\/wp-json\/wp\/v2\/media\/8672"}],"wp:attachment":[{"href":"https:\/\/serveiseducatius.xtec.cat\/solsones\/wp-json\/wp\/v2\/media?parent=8666"}],"wp:term":[{"taxonomy":"category","embeddable":true,"href":"https:\/\/serveiseducatius.xtec.cat\/solsones\/wp-json\/wp\/v2\/categories?post=8666"},{"taxonomy":"post_tag","embeddable":true,"href":"https:\/\/serveiseducatius.xtec.cat\/solsones\/wp-json\/wp\/v2\/tags?post=8666"}],"curies":[{"name":"wp","href":"https:\/\/api.w.org\/{rel}","templated":true}]}}