{"id":8517,"date":"2011-11-20T14:14:33","date_gmt":"2011-11-20T13:14:33","guid":{"rendered":"http:\/\/serveiseducatius.xtec.cat\/solsones\/?p=8517"},"modified":"2018-02-18T21:23:21","modified_gmt":"2018-02-18T20:23:21","slug":"que-poden-aportar-les-arts-i-la-cultura-visual-a-la-necessitat-de-repensar-lescola","status":"publish","type":"post","link":"https:\/\/serveiseducatius.xtec.cat\/solsones\/portada\/que-poden-aportar-les-arts-i-la-cultura-visual-a-la-necessitat-de-repensar-lescola\/","title":{"rendered":"Qu\u00e8 poden aportar les arts i la cultura visual a la necessitat de repensar l\u2019escola?"},"content":{"rendered":"<p>Xerrada realitzada el dia 21 d&#8217;octubre de 2011, a Solsona, a c\u00e0rrec de<strong> Fernando Hern\u00e1ndez<\/strong>, professor de la secci\u00f3 de Pedagogies culturals a la Facultat de Belles Arts de la UB. Promou i acompanya experi\u00e8ncies escolars que tracten d&#8217;afavorir una escola en la que tots i totes trobin el seu lloc per aprendre. I ho fa especialment, des de la perspectiva educativa dels projectes de treball i l&#8217;educaci\u00f3 de les arts i la cultura visual. L&#8217;activitat ha estat organitzada per l<strong>&#8216;Associaci\u00f3 ACN\u00c9 de dinamitzaci\u00f3 art\u00edstica rural<\/strong> amb la col\u00b7laboraci\u00f3 del <strong>SE del Solson\u00e8s<\/strong> i el <strong>PEE de Solsona<\/strong>.<\/p>\n<div data-configid=\"0\" style=\"width: 500px; height: 188px;\" class=\"issuuembed\"><\/div>\n<p><script type=\"text\/javascript\" src=\"\/\/e.issuu.com\/embed.js\" async=\"true\"><\/script><\/p>\n<p>&nbsp;<\/p>\n<p><iframe loading=\"lazy\" id=\"ei2627635\" src=\"http:\/\/sesolsones.podomatic.com\/embed\/frame\/posting\/2011-11-13T01_55_38-08_00?json_url=http%3A%2F%2Fsesolsones.podomatic.com%2Fentry%2Fembed_params%2F2011-11-13T01_55_38-08_00%3FautoPlay%3Dfalse%26facebook%3Dtrue%26height%3D85%26minicast%3Dfalse%26objembed%3D0%26width%3D440&amp;notb=1\" width=\"440\" height=\"85\" frameborder=\"0\" marginwidth=\"0\" marginheight=\"0\" scrolling=\"no\" allowfullscreen=\"allowfullscreen\"><\/iframe><\/p>\n","protected":false},"excerpt":{"rendered":"<p>Xerrada realitzada el dia 21 d&#8217;octubre de 2011, a Solsona, a c\u00e0rrec de Fernando Hern\u00e1ndez, professor de la secci\u00f3 de Pedagogies culturals a la Facultat de Belles Arts de la UB. Promou i acompanya experi\u00e8ncies escolars que tracten d&#8217;afavorir una escola en la que tots i totes trobin el seu lloc per aprendre. I ho [&hellip;]<\/p>\n","protected":false},"author":1,"featured_media":0,"comment_status":"closed","ping_status":"open","sticky":false,"template":"","format":"standard","meta":{"_bbp_topic_count":0,"_bbp_reply_count":0,"_bbp_total_topic_count":0,"_bbp_total_reply_count":0,"_bbp_voice_count":0,"_bbp_anonymous_reply_count":0,"_bbp_topic_count_hidden":0,"_bbp_reply_count_hidden":0,"_bbp_forum_subforum_count":0,"site-sidebar-layout":"default","site-content-layout":"","ast-site-content-layout":"","site-content-style":"default","site-sidebar-style":"default","ast-global-header-display":"","ast-banner-title-visibility":"","ast-main-header-display":"","ast-hfb-above-header-display":"","ast-hfb-below-header-display":"","ast-hfb-mobile-header-display":"","site-post-title":"","ast-breadcrumbs-content":"","ast-featured-img":"","footer-sml-layout":"","theme-transparent-header-meta":"","adv-header-id-meta":"","stick-header-meta":"","header-above-stick-meta":"","header-main-stick-meta":"","header-below-stick-meta":"","astra-migrate-meta-layouts":"default","ast-page-background-enabled":"default","ast-page-background-meta":{"desktop":{"background-color":"var(--ast-global-color-4)","background-image":"","background-repeat":"repeat","background-position":"center center","background-size":"auto","background-attachment":"scroll","background-type":"","background-media":"","overlay-type":"","overlay-color":"","overlay-opacity":"","overlay-gradient":""},"tablet":{"background-color":"","background-image":"","background-repeat":"repeat","background-position":"center center","background-size":"auto","background-attachment":"scroll","background-type":"","background-media":"","overlay-type":"","overlay-color":"","overlay-opacity":"","overlay-gradient":""},"mobile":{"background-color":"","background-image":"","background-repeat":"repeat","background-position":"center center","background-size":"auto","background-attachment":"scroll","background-type":"","background-media":"","overlay-type":"","overlay-color":"","overlay-opacity":"","overlay-gradient":""}},"ast-content-background-meta":{"desktop":{"background-color":"var(--ast-global-color-5)","background-image":"","background-repeat":"repeat","background-position":"center center","background-size":"auto","background-attachment":"scroll","background-type":"","background-media":"","overlay-type":"","overlay-color":"","overlay-opacity":"","overlay-gradient":""},"tablet":{"background-color":"var(--ast-global-color-5)","background-image":"","background-repeat":"repeat","background-position":"center center","background-size":"auto","background-attachment":"scroll","background-type":"","background-media":"","overlay-type":"","overlay-color":"","overlay-opacity":"","overlay-gradient":""},"mobile":{"background-color":"var(--ast-global-color-5)","background-image":"","background-repeat":"repeat","background-position":"center center","background-size":"auto","background-attachment":"scroll","background-type":"","background-media":"","overlay-type":"","overlay-color":"","overlay-opacity":"","overlay-gradient":""}},"footnotes":""},"categories":[269,29],"tags":[347,348,349,331],"class_list":["post-8517","post","type-post","status-publish","format-standard","hentry","category-noticies-se","category-portada","tag-fernando-hernandez","tag-innovacio-educativa","tag-metodologia","tag-pla-educatiu-entorn-solsona"],"post_mailing_queue_ids":[],"_links":{"self":[{"href":"https:\/\/serveiseducatius.xtec.cat\/solsones\/wp-json\/wp\/v2\/posts\/8517","targetHints":{"allow":["GET"]}}],"collection":[{"href":"https:\/\/serveiseducatius.xtec.cat\/solsones\/wp-json\/wp\/v2\/posts"}],"about":[{"href":"https:\/\/serveiseducatius.xtec.cat\/solsones\/wp-json\/wp\/v2\/types\/post"}],"author":[{"embeddable":true,"href":"https:\/\/serveiseducatius.xtec.cat\/solsones\/wp-json\/wp\/v2\/users\/1"}],"replies":[{"embeddable":true,"href":"https:\/\/serveiseducatius.xtec.cat\/solsones\/wp-json\/wp\/v2\/comments?post=8517"}],"version-history":[{"count":3,"href":"https:\/\/serveiseducatius.xtec.cat\/solsones\/wp-json\/wp\/v2\/posts\/8517\/revisions"}],"predecessor-version":[{"id":8521,"href":"https:\/\/serveiseducatius.xtec.cat\/solsones\/wp-json\/wp\/v2\/posts\/8517\/revisions\/8521"}],"wp:attachment":[{"href":"https:\/\/serveiseducatius.xtec.cat\/solsones\/wp-json\/wp\/v2\/media?parent=8517"}],"wp:term":[{"taxonomy":"category","embeddable":true,"href":"https:\/\/serveiseducatius.xtec.cat\/solsones\/wp-json\/wp\/v2\/categories?post=8517"},{"taxonomy":"post_tag","embeddable":true,"href":"https:\/\/serveiseducatius.xtec.cat\/solsones\/wp-json\/wp\/v2\/tags?post=8517"}],"curies":[{"name":"wp","href":"https:\/\/api.w.org\/{rel}","templated":true}]}}