{"id":16498,"date":"2026-04-28T09:06:02","date_gmt":"2026-04-28T07:06:02","guid":{"rendered":"https:\/\/serveiseducatius.xtec.cat\/solsones\/?p=16498"},"modified":"2026-04-28T09:06:02","modified_gmt":"2026-04-28T07:06:02","slug":"exposicio-dones-de-terra-del-27-dabril-al-7-de-maig","status":"publish","type":"post","link":"https:\/\/serveiseducatius.xtec.cat\/solsones\/general\/exposicio-dones-de-terra-del-27-dabril-al-7-de-maig\/","title":{"rendered":"Exposici\u00f3 Dones de Terra, del 27 d&#8217;abril al 7 de maig"},"content":{"rendered":"<p style=\"text-align: justify;\"><img loading=\"lazy\" decoding=\"async\" class=\" wp-image-16504 alignleft\" src=\"https:\/\/serveiseducatius.xtec.cat\/solsones\/wp-content\/uploads\/usu1176\/2026\/04\/WhatsApp-Image-2026-04-27-at-17.41.37.jpeg\" alt=\"\" width=\"300\" height=\"400\" srcset=\"https:\/\/serveiseducatius.xtec.cat\/solsones\/wp-content\/uploads\/usu1176\/2026\/04\/WhatsApp-Image-2026-04-27-at-17.41.37.jpeg 1200w, https:\/\/serveiseducatius.xtec.cat\/solsones\/wp-content\/uploads\/usu1176\/2026\/04\/WhatsApp-Image-2026-04-27-at-17.41.37-225x300.jpeg 225w, https:\/\/serveiseducatius.xtec.cat\/solsones\/wp-content\/uploads\/usu1176\/2026\/04\/WhatsApp-Image-2026-04-27-at-17.41.37-768x1024.jpeg 768w, https:\/\/serveiseducatius.xtec.cat\/solsones\/wp-content\/uploads\/usu1176\/2026\/04\/WhatsApp-Image-2026-04-27-at-17.41.37-1152x1536.jpeg 1152w\" sizes=\"auto, (max-width: 300px) 100vw, 300px\" \/> <img loading=\"lazy\" decoding=\"async\" class=\"wp-image-16505 alignleft\" src=\"https:\/\/serveiseducatius.xtec.cat\/solsones\/wp-content\/uploads\/usu1176\/2026\/04\/WhatsApp-Image-2026-04-27-at-17.41.38.jpeg\" alt=\"\" width=\"294\" height=\"392\" srcset=\"https:\/\/serveiseducatius.xtec.cat\/solsones\/wp-content\/uploads\/usu1176\/2026\/04\/WhatsApp-Image-2026-04-27-at-17.41.38.jpeg 1200w, https:\/\/serveiseducatius.xtec.cat\/solsones\/wp-content\/uploads\/usu1176\/2026\/04\/WhatsApp-Image-2026-04-27-at-17.41.38-225x300.jpeg 225w, https:\/\/serveiseducatius.xtec.cat\/solsones\/wp-content\/uploads\/usu1176\/2026\/04\/WhatsApp-Image-2026-04-27-at-17.41.38-768x1024.jpeg 768w, https:\/\/serveiseducatius.xtec.cat\/solsones\/wp-content\/uploads\/usu1176\/2026\/04\/WhatsApp-Image-2026-04-27-at-17.41.38-1152x1536.jpeg 1152w\" sizes=\"auto, (max-width: 294px) 100vw, 294px\" \/>El <strong>grup de treball El Solson\u00e8s Coeduca<\/strong> impulsa aquesta exposici\u00f3, ubicada a la Biblioteca Carles Morat\u00f3 de Solsona, on es recull a cada plaf\u00f3 la proposta conjunta que aquest curs han estat treballant des dels diferents <strong>centres de la comarca.<\/strong><\/p>\n<p style=\"text-align: justify;\">L&#8217;objectiu \u00e9s reivindicar l&#8217;origen i la import\u00e0ncia del <strong>8 de mar\u00e7<\/strong> i a la vegada les dones del m\u00f3n rural: pageses, \u00e0vies, treballadores&#8230;dones del nostres entorn que sovint <strong>han estat invisibilitzades per\u00f2 que s\u00f3n imprescindibles.<\/strong><\/p>\n<p style=\"text-align: justify;\">El grup de treball El Solson\u00e8s coeduca est\u00e0 format per docents de tots els centres educatius de la comarca: Escola Setelsis, Escola El Vinyet, Escola Sant Gil, ZER el Solson\u00e8s, IE Vall de Lord, Escola Arrels prim\u00e0ria i secund\u00e0ria, Institut Francesc Ribalta i Centre d&#8217;Educaci\u00f3 d&#8217;Adults del Solson\u00e8s. Des del 2019 es troben peri\u00f2dicament per compartir experi\u00e8ncies, recursos i coneixements amb una mirada coeducativa i feminista.<\/p>\n<p style=\"text-align: justify;\">Cada curs impulsen una proposta conjunta, la d&#8217;aquest any se suma a la campanya del 8 de mar\u00e7 del Consell Comarcal <a href=\"https:\/\/www.ajsolsona.cat\/la-ciutat\/noticies\/solsona-i-el-solsones-reivindiquen-la-saviesa-ancestral-femenina-amb-una-desena-d2019actes-pel-8m\">&#8220;Dones de fum i aigua&#8221;<\/a>.<\/p>\n","protected":false},"excerpt":{"rendered":"<p>El grup de treball El Solson\u00e8s Coeduca impulsa aquesta exposici\u00f3, ubicada a la Biblioteca Carles Morat\u00f3 de Solsona, on es recull a cada plaf\u00f3 la proposta conjunta que aquest curs han estat treballant des dels diferents centres de la comarca. L&#8217;objectiu \u00e9s reivindicar l&#8217;origen i la import\u00e0ncia del 8 de mar\u00e7 i a la vegada [&hellip;]<\/p>\n","protected":false},"author":1,"featured_media":16499,"comment_status":"closed","ping_status":"open","sticky":false,"template":"","format":"standard","meta":{"_bbp_topic_count":0,"_bbp_reply_count":0,"_bbp_total_topic_count":0,"_bbp_total_reply_count":0,"_bbp_voice_count":0,"_bbp_anonymous_reply_count":0,"_bbp_topic_count_hidden":0,"_bbp_reply_count_hidden":0,"_bbp_forum_subforum_count":0,"site-sidebar-layout":"default","site-content-layout":"","ast-site-content-layout":"default","site-content-style":"default","site-sidebar-style":"default","ast-global-header-display":"","ast-banner-title-visibility":"","ast-main-header-display":"","ast-hfb-above-header-display":"","ast-hfb-below-header-display":"","ast-hfb-mobile-header-display":"","site-post-title":"","ast-breadcrumbs-content":"","ast-featured-img":"","footer-sml-layout":"","theme-transparent-header-meta":"default","adv-header-id-meta":"","stick-header-meta":"","header-above-stick-meta":"","header-main-stick-meta":"","header-below-stick-meta":"","astra-migrate-meta-layouts":"set","ast-page-background-enabled":"default","ast-page-background-meta":{"desktop":{"background-color":"var(--ast-global-color-4)","background-image":"","background-repeat":"repeat","background-position":"center center","background-size":"auto","background-attachment":"scroll","background-type":"","background-media":"","overlay-type":"","overlay-color":"","overlay-opacity":"","overlay-gradient":""},"tablet":{"background-color":"","background-image":"","background-repeat":"repeat","background-position":"center center","background-size":"auto","background-attachment":"scroll","background-type":"","background-media":"","overlay-type":"","overlay-color":"","overlay-opacity":"","overlay-gradient":""},"mobile":{"background-color":"","background-image":"","background-repeat":"repeat","background-position":"center center","background-size":"auto","background-attachment":"scroll","background-type":"","background-media":"","overlay-type":"","overlay-color":"","overlay-opacity":"","overlay-gradient":""}},"ast-content-background-meta":{"desktop":{"background-color":"var(--ast-global-color-5)","background-image":"","background-repeat":"repeat","background-position":"center center","background-size":"auto","background-attachment":"scroll","background-type":"","background-media":"","overlay-type":"","overlay-color":"","overlay-opacity":"","overlay-gradient":""},"tablet":{"background-color":"var(--ast-global-color-5)","background-image":"","background-repeat":"repeat","background-position":"center center","background-size":"auto","background-attachment":"scroll","background-type":"","background-media":"","overlay-type":"","overlay-color":"","overlay-opacity":"","overlay-gradient":""},"mobile":{"background-color":"var(--ast-global-color-5)","background-image":"","background-repeat":"repeat","background-position":"center center","background-size":"auto","background-attachment":"scroll","background-type":"","background-media":"","overlay-type":"","overlay-color":"","overlay-opacity":"","overlay-gradient":""}},"footnotes":""},"categories":[699,64,980,1006,1,268,29,76],"tags":[595,584,1124,960,959],"class_list":["post-16498","post","type-post","status-publish","format-standard","has-post-thumbnail","hentry","category-coeducacio","category-comunitat","category-els-centres-fan","category-exposicions","category-general","category-noticies-generals","category-portada","category-recursos","tag-8-de-marc","tag-coeducacio","tag-dones","tag-el-solsones-coeduca","tag-feminisme"],"post_mailing_queue_ids":[],"_links":{"self":[{"href":"https:\/\/serveiseducatius.xtec.cat\/solsones\/wp-json\/wp\/v2\/posts\/16498","targetHints":{"allow":["GET"]}}],"collection":[{"href":"https:\/\/serveiseducatius.xtec.cat\/solsones\/wp-json\/wp\/v2\/posts"}],"about":[{"href":"https:\/\/serveiseducatius.xtec.cat\/solsones\/wp-json\/wp\/v2\/types\/post"}],"author":[{"embeddable":true,"href":"https:\/\/serveiseducatius.xtec.cat\/solsones\/wp-json\/wp\/v2\/users\/1"}],"replies":[{"embeddable":true,"href":"https:\/\/serveiseducatius.xtec.cat\/solsones\/wp-json\/wp\/v2\/comments?post=16498"}],"version-history":[{"count":6,"href":"https:\/\/serveiseducatius.xtec.cat\/solsones\/wp-json\/wp\/v2\/posts\/16498\/revisions"}],"predecessor-version":[{"id":16510,"href":"https:\/\/serveiseducatius.xtec.cat\/solsones\/wp-json\/wp\/v2\/posts\/16498\/revisions\/16510"}],"wp:featuredmedia":[{"embeddable":true,"href":"https:\/\/serveiseducatius.xtec.cat\/solsones\/wp-json\/wp\/v2\/media\/16499"}],"wp:attachment":[{"href":"https:\/\/serveiseducatius.xtec.cat\/solsones\/wp-json\/wp\/v2\/media?parent=16498"}],"wp:term":[{"taxonomy":"category","embeddable":true,"href":"https:\/\/serveiseducatius.xtec.cat\/solsones\/wp-json\/wp\/v2\/categories?post=16498"},{"taxonomy":"post_tag","embeddable":true,"href":"https:\/\/serveiseducatius.xtec.cat\/solsones\/wp-json\/wp\/v2\/tags?post=16498"}],"curies":[{"name":"wp","href":"https:\/\/api.w.org\/{rel}","templated":true}]}}